{"id":85786,"date":"2023-03-20T10:45:04","date_gmt":"2023-03-20T10:45:04","guid":{"rendered":"https:\/\/www.noticiasradioreflejos.com.ar\/2021\/?p=85786"},"modified":"2023-03-20T10:45:04","modified_gmt":"2023-03-20T10:45:04","slug":"bahia-blanca-buscan-a-dos-jovenes-que-se-ausentaron-de-sus-domicilios","status":"publish","type":"post","link":"https:\/\/www.noticiasradioreflejos.com.ar\/2021\/bahia-blanca-buscan-a-dos-jovenes-que-se-ausentaron-de-sus-domicilios\/","title":{"rendered":"Bah\u00eda Blanca: Buscan a dos j\u00f3venes que se ausentaron de sus domicilios"},"content":{"rendered":"<header id=\"mvp-post-head\" class=\"left relative\">Se trata de Ezequiel Nicol\u00e1s Laime, de 24 a\u00f1os y Luis Jerem\u00edas Obreque, de 17.<\/p>\n<\/header>\n<p><!--more--><\/p>\n<div class=\"mvp-post-main-out left relative\">\n<div class=\"mvp-post-main-in\">\n<div id=\"mvp-post-content\" class=\"left relative\">\n<div id=\"mvp-content-wrap\" class=\"left relative\">\n<div class=\"mvp-post-soc-out right relative\">\n<div class=\"mvp-post-soc-in\">\n<div id=\"mvp-content-body\" class=\"left relative\">\n<div id=\"mvp-content-body-top\" class=\"left relative\">\n<div id=\"mvp-content-main\" class=\"left relative\">\n<div id=\"textbody\">\n<p>La Polic\u00eda se encuentra abocada a la b\u00fasqueda de dos j\u00f3venes que se ausentaron de sus domicilios en distintos d\u00edas y no se supo nada m\u00e1s de ellos.<\/p>\n<p>Por un lado, personal de la Comisar\u00eda Quinta inform\u00f3 la desaparici\u00f3n de<strong>\u00a0Ezequiel Nicol\u00e1s Laime, de 24 a\u00f1os,<\/strong>\u00a0quien se retir\u00f3 de su domicilio en Chaco al 3800 el pasado martes cerca de las 22.<\/p>\n<div class=\"code-block code-block-11\"><\/div>\n<figure class=\"wp-block-image size-full\"><picture><source srcset=\"https:\/\/www.labrujula24.com\/wp-content\/webp-express\/webp-images\/uploads\/2023\/03\/335971111_582014897280049_3324891904049405538_n.jpg.webp 960w, https:\/\/www.labrujula24.com\/wp-content\/webp-express\/webp-images\/uploads\/2023\/03\/335971111_582014897280049_3324891904049405538_n-768x1024.jpg.webp 768w\" type=\"image\/webp\" sizes=\"(max-width: 960px) 100vw, 960px\" \/><img loading=\"lazy\" decoding=\"async\" class=\"wp-image-280910 webpexpress-processed\" src=\"https:\/\/www.labrujula24.com\/wp-content\/uploads\/2023\/03\/335971111_582014897280049_3324891904049405538_n.jpg\" sizes=\"auto, (max-width: 960px) 100vw, 960px\" srcset=\"https:\/\/www.labrujula24.com\/wp-content\/uploads\/2023\/03\/335971111_582014897280049_3324891904049405538_n.jpg 960w, https:\/\/www.labrujula24.com\/wp-content\/uploads\/2023\/03\/335971111_582014897280049_3324891904049405538_n-768x1024.jpg 768w\" alt=\"\" width=\"960\" height=\"1280\" \/><\/picture><\/figure>\n<p>El joven mide 1,70 y al momento de irse vest\u00eda un short de color celeste, una remera oscura y zapatillas Nike blancas con el logo azul.<\/p>\n<p>En paralelo, desde la seccional cuarta piden dar con el paradero de\u00a0<strong>Luis Jerem\u00edas Obreque, de 17 a\u00f1os.<\/strong>\u00a0El mismo se fue de su vivienda en Fragata Sarmiento al 1900, sobre las 21 del d\u00eda viernes.<\/p>\n<figure class=\"wp-block-image size-full\"><picture><source srcset=\"https:\/\/www.labrujula24.com\/wp-content\/webp-express\/webp-images\/uploads\/2023\/03\/335839642_905162314101126_2005861689487918746_n.jpg.webp\" type=\"image\/webp\" \/><img loading=\"lazy\" decoding=\"async\" class=\"wp-image-280911 webpexpress-processed\" src=\"https:\/\/www.labrujula24.com\/wp-content\/uploads\/2023\/03\/335839642_905162314101126_2005861689487918746_n.jpg\" alt=\"\" width=\"464\" height=\"1089\" \/><\/picture><\/figure>\n<p>El menor es de tez trigue\u00f1a, delgado, mide 1,75, tiene cabello corto color casta\u00f1o, ojos marrones y un piercing en su nariz del lado derecho. Al momento de ausentarse vest\u00eda una remera, con un rompeviento de color blanco y negro marca Nike, un pantal\u00f3n deportivo negro con franja blanca en el lateral, zapatillas blancas Nike y una visera tambi\u00e9n blanca.<\/p>\n<p>Cualquier informaci\u00f3n sobre el paradero de ambos puede ser notificada al 911, a la Comisar\u00eda Quinta 455-2984 y Cuarta 482-0826, o a la dependencia m\u00e1s cercana.<\/p>\n<\/div>\n<\/div>\n<\/div>\n<\/div>\n<\/div>\n<\/div>\n<\/div>\n<\/div>\n<\/div>\n<\/div>\n<p>&nbsp;<\/p>\n<p><strong>Fuente La Br\u00fajula<\/strong><\/p>\n","protected":false},"excerpt":{"rendered":"<p>Se trata de Ezequiel Nicol\u00e1s Laime, de 24 a\u00f1os y Luis Jerem\u00edas Obreque, de 17.<\/p>\n","protected":false},"author":3,"featured_media":0,"comment_status":"closed","ping_status":"closed","sticky":false,"template":"","format":"standard","meta":{"footnotes":""},"categories":[1],"tags":[],"class_list":["post-85786","post","type-post","status-publish","format-standard","hentry","category-sin-categoria"],"yoast_head":"<!-- This site is optimized with the Yoast SEO plugin v25.9 - https:\/\/yoast.com\/wordpress\/plugins\/seo\/ -->\n<title>Bah\u00eda Blanca: Buscan a dos j\u00f3venes que se ausentaron de sus domicilios - Noticias Radio Reflejos<\/title>\n<meta name=\"robots\" content=\"index, follow, max-snippet:-1, max-image-preview:large, max-video-preview:-1\" \/>\n<link rel=\"canonical\" href=\"https:\/\/www.noticiasradioreflejos.com.ar\/2021\/bahia-blanca-buscan-a-dos-jovenes-que-se-ausentaron-de-sus-domicilios\/\" \/>\n<meta property=\"og:locale\" content=\"es_ES\" \/>\n<meta property=\"og:type\" content=\"article\" \/>\n<meta property=\"og:title\" content=\"Bah\u00eda Blanca: Buscan a dos j\u00f3venes que se ausentaron de sus domicilios - Noticias Radio Reflejos\" \/>\n<meta property=\"og:description\" content=\"Se trata de Ezequiel Nicol\u00e1s Laime, de 24 a\u00f1os y Luis Jerem\u00edas Obreque, de 17.\" \/>\n<meta property=\"og:url\" content=\"https:\/\/www.noticiasradioreflejos.com.ar\/2021\/bahia-blanca-buscan-a-dos-jovenes-que-se-ausentaron-de-sus-domicilios\/\" \/>\n<meta property=\"og:site_name\" content=\"Noticias Radio Reflejos\" \/>\n<meta property=\"article:published_time\" content=\"2023-03-20T10:45:04+00:00\" \/>\n<meta property=\"og:image\" content=\"https:\/\/www.labrujula24.com\/wp-content\/uploads\/2023\/03\/335971111_582014897280049_3324891904049405538_n.jpg\" \/>\n<meta name=\"author\" content=\"Arnaldo Botto\" \/>\n<meta name=\"twitter:card\" content=\"summary_large_image\" \/>\n<script type=\"application\/ld+json\" class=\"yoast-schema-graph\">{\"@context\":\"https:\/\/schema.org\",\"@graph\":[{\"@type\":\"WebPage\",\"@id\":\"https:\/\/www.noticiasradioreflejos.com.ar\/2021\/bahia-blanca-buscan-a-dos-jovenes-que-se-ausentaron-de-sus-domicilios\/\",\"url\":\"https:\/\/www.noticiasradioreflejos.com.ar\/2021\/bahia-blanca-buscan-a-dos-jovenes-que-se-ausentaron-de-sus-domicilios\/\",\"name\":\"Bah\u00eda Blanca: Buscan a dos j\u00f3venes que se ausentaron de sus domicilios - Noticias Radio Reflejos\",\"isPartOf\":{\"@id\":\"https:\/\/www.noticiasradioreflejos.com.ar\/2021\/#website\"},\"primaryImageOfPage\":{\"@id\":\"https:\/\/www.noticiasradioreflejos.com.ar\/2021\/bahia-blanca-buscan-a-dos-jovenes-que-se-ausentaron-de-sus-domicilios\/#primaryimage\"},\"image\":{\"@id\":\"https:\/\/www.noticiasradioreflejos.com.ar\/2021\/bahia-blanca-buscan-a-dos-jovenes-que-se-ausentaron-de-sus-domicilios\/#primaryimage\"},\"thumbnailUrl\":\"https:\/\/www.labrujula24.com\/wp-content\/uploads\/2023\/03\/335971111_582014897280049_3324891904049405538_n.jpg\",\"datePublished\":\"2023-03-20T10:45:04+00:00\",\"author\":{\"@id\":\"https:\/\/www.noticiasradioreflejos.com.ar\/2021\/#\/schema\/person\/ad82545263dcc5ec0996818884fd5fb1\"},\"breadcrumb\":{\"@id\":\"https:\/\/www.noticiasradioreflejos.com.ar\/2021\/bahia-blanca-buscan-a-dos-jovenes-que-se-ausentaron-de-sus-domicilios\/#breadcrumb\"},\"inLanguage\":\"es\",\"potentialAction\":[{\"@type\":\"ReadAction\",\"target\":[\"https:\/\/www.noticiasradioreflejos.com.ar\/2021\/bahia-blanca-buscan-a-dos-jovenes-que-se-ausentaron-de-sus-domicilios\/\"]}]},{\"@type\":\"ImageObject\",\"inLanguage\":\"es\",\"@id\":\"https:\/\/www.noticiasradioreflejos.com.ar\/2021\/bahia-blanca-buscan-a-dos-jovenes-que-se-ausentaron-de-sus-domicilios\/#primaryimage\",\"url\":\"https:\/\/www.labrujula24.com\/wp-content\/uploads\/2023\/03\/335971111_582014897280049_3324891904049405538_n.jpg\",\"contentUrl\":\"https:\/\/www.labrujula24.com\/wp-content\/uploads\/2023\/03\/335971111_582014897280049_3324891904049405538_n.jpg\"},{\"@type\":\"BreadcrumbList\",\"@id\":\"https:\/\/www.noticiasradioreflejos.com.ar\/2021\/bahia-blanca-buscan-a-dos-jovenes-que-se-ausentaron-de-sus-domicilios\/#breadcrumb\",\"itemListElement\":[{\"@type\":\"ListItem\",\"position\":1,\"name\":\"Portada\",\"item\":\"https:\/\/www.noticiasradioreflejos.com.ar\/2021\/\"},{\"@type\":\"ListItem\",\"position\":2,\"name\":\"Bah\u00eda Blanca: Buscan a dos j\u00f3venes que se ausentaron de sus domicilios\"}]},{\"@type\":\"WebSite\",\"@id\":\"https:\/\/www.noticiasradioreflejos.com.ar\/2021\/#website\",\"url\":\"https:\/\/www.noticiasradioreflejos.com.ar\/2021\/\",\"name\":\"Noticias Radio Reflejos\",\"description\":\"Las noticias de mi comarca\",\"potentialAction\":[{\"@type\":\"SearchAction\",\"target\":{\"@type\":\"EntryPoint\",\"urlTemplate\":\"https:\/\/www.noticiasradioreflejos.com.ar\/2021\/?s={search_term_string}\"},\"query-input\":{\"@type\":\"PropertyValueSpecification\",\"valueRequired\":true,\"valueName\":\"search_term_string\"}}],\"inLanguage\":\"es\"},{\"@type\":\"Person\",\"@id\":\"https:\/\/www.noticiasradioreflejos.com.ar\/2021\/#\/schema\/person\/ad82545263dcc5ec0996818884fd5fb1\",\"name\":\"Arnaldo Botto\",\"image\":{\"@type\":\"ImageObject\",\"inLanguage\":\"es\",\"@id\":\"https:\/\/www.noticiasradioreflejos.com.ar\/2021\/#\/schema\/person\/image\/\",\"url\":\"https:\/\/secure.gravatar.com\/avatar\/55cb5e37c1efa326397366e6974cb338056df65cb50e7d64d1cf314e87504837?s=96&d=mm&r=g\",\"contentUrl\":\"https:\/\/secure.gravatar.com\/avatar\/55cb5e37c1efa326397366e6974cb338056df65cb50e7d64d1cf314e87504837?s=96&d=mm&r=g\",\"caption\":\"Arnaldo Botto\"},\"url\":\"https:\/\/www.noticiasradioreflejos.com.ar\/2021\/author\/arnaldo\/\"}]}<\/script>\n<!-- \/ Yoast SEO plugin. -->","yoast_head_json":{"title":"Bah\u00eda Blanca: Buscan a dos j\u00f3venes que se ausentaron de sus domicilios - Noticias Radio Reflejos","robots":{"index":"index","follow":"follow","max-snippet":"max-snippet:-1","max-image-preview":"max-image-preview:large","max-video-preview":"max-video-preview:-1"},"canonical":"https:\/\/www.noticiasradioreflejos.com.ar\/2021\/bahia-blanca-buscan-a-dos-jovenes-que-se-ausentaron-de-sus-domicilios\/","og_locale":"es_ES","og_type":"article","og_title":"Bah\u00eda Blanca: Buscan a dos j\u00f3venes que se ausentaron de sus domicilios - Noticias Radio Reflejos","og_description":"Se trata de Ezequiel Nicol\u00e1s Laime, de 24 a\u00f1os y Luis Jerem\u00edas Obreque, de 17.","og_url":"https:\/\/www.noticiasradioreflejos.com.ar\/2021\/bahia-blanca-buscan-a-dos-jovenes-que-se-ausentaron-de-sus-domicilios\/","og_site_name":"Noticias Radio Reflejos","article_published_time":"2023-03-20T10:45:04+00:00","og_image":[{"url":"https:\/\/www.labrujula24.com\/wp-content\/uploads\/2023\/03\/335971111_582014897280049_3324891904049405538_n.jpg","type":"","width":"","height":""}],"author":"Arnaldo Botto","twitter_card":"summary_large_image","schema":{"@context":"https:\/\/schema.org","@graph":[{"@type":"WebPage","@id":"https:\/\/www.noticiasradioreflejos.com.ar\/2021\/bahia-blanca-buscan-a-dos-jovenes-que-se-ausentaron-de-sus-domicilios\/","url":"https:\/\/www.noticiasradioreflejos.com.ar\/2021\/bahia-blanca-buscan-a-dos-jovenes-que-se-ausentaron-de-sus-domicilios\/","name":"Bah\u00eda Blanca: Buscan a dos j\u00f3venes que se ausentaron de sus domicilios - Noticias Radio Reflejos","isPartOf":{"@id":"https:\/\/www.noticiasradioreflejos.com.ar\/2021\/#website"},"primaryImageOfPage":{"@id":"https:\/\/www.noticiasradioreflejos.com.ar\/2021\/bahia-blanca-buscan-a-dos-jovenes-que-se-ausentaron-de-sus-domicilios\/#primaryimage"},"image":{"@id":"https:\/\/www.noticiasradioreflejos.com.ar\/2021\/bahia-blanca-buscan-a-dos-jovenes-que-se-ausentaron-de-sus-domicilios\/#primaryimage"},"thumbnailUrl":"https:\/\/www.labrujula24.com\/wp-content\/uploads\/2023\/03\/335971111_582014897280049_3324891904049405538_n.jpg","datePublished":"2023-03-20T10:45:04+00:00","author":{"@id":"https:\/\/www.noticiasradioreflejos.com.ar\/2021\/#\/schema\/person\/ad82545263dcc5ec0996818884fd5fb1"},"breadcrumb":{"@id":"https:\/\/www.noticiasradioreflejos.com.ar\/2021\/bahia-blanca-buscan-a-dos-jovenes-que-se-ausentaron-de-sus-domicilios\/#breadcrumb"},"inLanguage":"es","potentialAction":[{"@type":"ReadAction","target":["https:\/\/www.noticiasradioreflejos.com.ar\/2021\/bahia-blanca-buscan-a-dos-jovenes-que-se-ausentaron-de-sus-domicilios\/"]}]},{"@type":"ImageObject","inLanguage":"es","@id":"https:\/\/www.noticiasradioreflejos.com.ar\/2021\/bahia-blanca-buscan-a-dos-jovenes-que-se-ausentaron-de-sus-domicilios\/#primaryimage","url":"https:\/\/www.labrujula24.com\/wp-content\/uploads\/2023\/03\/335971111_582014897280049_3324891904049405538_n.jpg","contentUrl":"https:\/\/www.labrujula24.com\/wp-content\/uploads\/2023\/03\/335971111_582014897280049_3324891904049405538_n.jpg"},{"@type":"BreadcrumbList","@id":"https:\/\/www.noticiasradioreflejos.com.ar\/2021\/bahia-blanca-buscan-a-dos-jovenes-que-se-ausentaron-de-sus-domicilios\/#breadcrumb","itemListElement":[{"@type":"ListItem","position":1,"name":"Portada","item":"https:\/\/www.noticiasradioreflejos.com.ar\/2021\/"},{"@type":"ListItem","position":2,"name":"Bah\u00eda Blanca: Buscan a dos j\u00f3venes que se ausentaron de sus domicilios"}]},{"@type":"WebSite","@id":"https:\/\/www.noticiasradioreflejos.com.ar\/2021\/#website","url":"https:\/\/www.noticiasradioreflejos.com.ar\/2021\/","name":"Noticias Radio Reflejos","description":"Las noticias de mi comarca","potentialAction":[{"@type":"SearchAction","target":{"@type":"EntryPoint","urlTemplate":"https:\/\/www.noticiasradioreflejos.com.ar\/2021\/?s={search_term_string}"},"query-input":{"@type":"PropertyValueSpecification","valueRequired":true,"valueName":"search_term_string"}}],"inLanguage":"es"},{"@type":"Person","@id":"https:\/\/www.noticiasradioreflejos.com.ar\/2021\/#\/schema\/person\/ad82545263dcc5ec0996818884fd5fb1","name":"Arnaldo Botto","image":{"@type":"ImageObject","inLanguage":"es","@id":"https:\/\/www.noticiasradioreflejos.com.ar\/2021\/#\/schema\/person\/image\/","url":"https:\/\/secure.gravatar.com\/avatar\/55cb5e37c1efa326397366e6974cb338056df65cb50e7d64d1cf314e87504837?s=96&d=mm&r=g","contentUrl":"https:\/\/secure.gravatar.com\/avatar\/55cb5e37c1efa326397366e6974cb338056df65cb50e7d64d1cf314e87504837?s=96&d=mm&r=g","caption":"Arnaldo Botto"},"url":"https:\/\/www.noticiasradioreflejos.com.ar\/2021\/author\/arnaldo\/"}]}},"_links":{"self":[{"href":"https:\/\/www.noticiasradioreflejos.com.ar\/2021\/wp-json\/wp\/v2\/posts\/85786","targetHints":{"allow":["GET"]}}],"collection":[{"href":"https:\/\/www.noticiasradioreflejos.com.ar\/2021\/wp-json\/wp\/v2\/posts"}],"about":[{"href":"https:\/\/www.noticiasradioreflejos.com.ar\/2021\/wp-json\/wp\/v2\/types\/post"}],"author":[{"embeddable":true,"href":"https:\/\/www.noticiasradioreflejos.com.ar\/2021\/wp-json\/wp\/v2\/users\/3"}],"replies":[{"embeddable":true,"href":"https:\/\/www.noticiasradioreflejos.com.ar\/2021\/wp-json\/wp\/v2\/comments?post=85786"}],"version-history":[{"count":1,"href":"https:\/\/www.noticiasradioreflejos.com.ar\/2021\/wp-json\/wp\/v2\/posts\/85786\/revisions"}],"predecessor-version":[{"id":85788,"href":"https:\/\/www.noticiasradioreflejos.com.ar\/2021\/wp-json\/wp\/v2\/posts\/85786\/revisions\/85788"}],"wp:attachment":[{"href":"https:\/\/www.noticiasradioreflejos.com.ar\/2021\/wp-json\/wp\/v2\/media?parent=85786"}],"wp:term":[{"taxonomy":"category","embeddable":true,"href":"https:\/\/www.noticiasradioreflejos.com.ar\/2021\/wp-json\/wp\/v2\/categories?post=85786"},{"taxonomy":"post_tag","embeddable":true,"href":"https:\/\/www.noticiasradioreflejos.com.ar\/2021\/wp-json\/wp\/v2\/tags?post=85786"}],"curies":[{"name":"wp","href":"https:\/\/api.w.org\/{rel}","templated":true}]}}