{"id":85783,"date":"2023-03-20T10:38:47","date_gmt":"2023-03-20T10:38:47","guid":{"rendered":"https:\/\/www.noticiasradioreflejos.com.ar\/2021\/?p=85783"},"modified":"2023-03-20T10:38:47","modified_gmt":"2023-03-20T10:38:47","slug":"la-industria-pyme-crecio-48-anual-en-febrero","status":"publish","type":"post","link":"https:\/\/www.noticiasradioreflejos.com.ar\/2021\/la-industria-pyme-crecio-48-anual-en-febrero\/","title":{"rendered":"La industria pyme creci\u00f3 4,8% anual en febrero"},"content":{"rendered":"<p>La producci\u00f3n de la industria manufacturera pyme aument\u00f3 4,8% en febrero frente al mismo mes del a\u00f1o pasado, a precios constantes. Comparada con enero, tambi\u00e9n tuvo una variaci\u00f3n positiva, que alcanz\u00f3 a 1,2%.<br \/>\n<span lang=\"ES\">El uso de la capacidad instalada de las empresas de la muestra se redujo levemente, a 71,7%, es decir 0,9 puntos porcentuales por debajo de enero. Es el segundo mes donde se combinan progresi\u00f3n en la producci\u00f3n con menos uso de instalaciones, un fen\u00f3meno que se explica por mayores niveles de inversiones en diferentes sectores industriales, especialmente en Alimentos y Bebidas.<\/span><!--more--><\/p>\n<p><span lang=\"ES\">Este febrero estuvo muy afectado por las subas de costos. Las demoras en las entregas de insumos por parte de los proveedores y dudas de algunas empresas al momento de aceptar nuevos pedidos de producci\u00f3n, por temor a incumplir con los tiempos de entrega, se ubican entre los patrones observados. Tambi\u00e9n algunas firmas adelantan el stock de fabricaci\u00f3n. Para las empresas exportadoras, las exigencias de los clientes sobre plazos y costos generan incertidumbre.<\/span><\/p>\n<p align=\"center\"><img loading=\"lazy\" decoding=\"async\" class=\"CToWUd a6T\" tabindex=\"0\" src=\"https:\/\/ci5.googleusercontent.com\/proxy\/UrLIGYr_H3a9cjYY1NywuYdxv8BxPDgFhZI0so8DW3HO186uF8bW8xK0EehdaCI4-Y_GHBCpSs80X1vGtMumjstyEzp3pK5LkLciPIIhkkQGa6kDxUSNSlwCmBBEOKQ_P8l6iN6miu-goGtaQQ9vIEYo2zO7wmu-T76lf56LH-6RopMrQCX1zastLCvnPclHQ3EHpsk=s0-d-e1-ft#https:\/\/mailprensa.came.org.ar\/data\/1899c60d3e88c767f20949a98d5003460b14bf85\/media_files\/196\/original\/image-20230319102348-2.jpeg\" width=\"615\" height=\"289\" data-bit=\"iit\" \/><\/p>\n<p align=\"justify\"><span lang=\"ES\">Estos resultados surgen del \u00cdndice de Producci\u00f3n Industrial Pyme (IPIP) que elabora CAME, con una muestra que alcanz\u00f3 unas 372 industrias pyme a nivel federal.<\/span><\/p>\n<p align=\"center\"><b><span lang=\"ES\">An\u00e1lisis sectorial<\/span><\/b><\/p>\n<p align=\"justify\"><span lang=\"ES\">La mejor performance en la comparaci\u00f3n anual, en febrero, estuvo en Maderas y Muebles (+9,2%) y la peor, ocurri\u00f3 en papel e impresiones (-7%). De los seis sectores medidos, 4 finalizaron con crecimiento y 2 con bajas en la producci\u00f3n.<\/span><\/p>\n<p align=\"center\"><img loading=\"lazy\" decoding=\"async\" class=\"CToWUd a6T\" tabindex=\"0\" src=\"https:\/\/ci5.googleusercontent.com\/proxy\/DAsucTBWFFYJbU67CF25NkyXKO4eAXtD0HWyGL8bKblKeYGXPNex2BSGoDxG5_K2edaHERcF-uwD5UqoVCwekcrNWVUICcRuxYWzgx72qEfgvVcrhVQ-5KtqOfHCpACyPQ_jL9PbbeJycYrrhhMQgijYv4vuKB-q6a8XKYS8mSdQCSr95H30WpVy7COQJONY9JUV404=s0-d-e1-ft#https:\/\/mailprensa.came.org.ar\/data\/1899c60d3e88c767f20949a98d5003460b14bf85\/media_files\/197\/original\/image-20230319102348-3.jpeg\" width=\"616\" height=\"278\" data-bit=\"iit\" \/><\/p>\n<p align=\"center\"><img loading=\"lazy\" decoding=\"async\" class=\"CToWUd a6T\" tabindex=\"0\" src=\"https:\/\/ci4.googleusercontent.com\/proxy\/3AYESjMwyMyEWFVTldwjDlNLL8cdG1f4fTAIZvIFHsyHkUKsm1IZ4SwgWxcAvOAB_cKELQXES4OIx0zqu6d6V4mO3qesEqxis5mvLStS8AXMtKsGkvzBIQH0cYzK_EKbfC8VLRlS7FOOrHAvqcKhZqqfT6T_ATxD9cugFIH_3WZH3cxonOerKSNDb98zfjoXvNDRFXQ=s0-d-e1-ft#https:\/\/mailprensa.came.org.ar\/data\/1899c60d3e88c767f20949a98d5003460b14bf85\/media_files\/198\/original\/image-20230319102348-4.jpeg\" width=\"615\" height=\"275\" data-bit=\"iit\" \/><\/p>\n<p align=\"center\"><b><span lang=\"ES\">Alimentos y bebidas<\/span><\/b><\/p>\n<p align=\"center\"><img loading=\"lazy\" decoding=\"async\" class=\"CToWUd\" src=\"https:\/\/ci6.googleusercontent.com\/proxy\/-gLOSzOsvluCnrsj0_8x-gCzVxk4R7f2f3SaqWSTdzM8prfTzLqG7XcY_1DC0wzgmWrzk2ikSRbTUkOymByyMMNnC32vsarR2gzAk3VqqLenCo4TtooUx9Q43NNzZbLFpNRlsnxH-LxzfJSrbMQ-QukbLKG0HaJtYNub843fjiAgDEPX-t2xTH1mDl26H-GdJxEYhpg=s0-d-e1-ft#https:\/\/mailprensa.came.org.ar\/data\/1899c60d3e88c767f20949a98d5003460b14bf85\/media_files\/199\/original\/image-20230319102348-5.jpeg\" width=\"616\" height=\"97\" data-bit=\"iit\" \/><\/p>\n<p align=\"center\"><span lang=\"ES\">Fuente: Elaboraci\u00f3n propia en base a datos de CAME.<\/span><\/p>\n<p align=\"justify\"><span lang=\"ES\">La producci\u00f3n tuvo un aumento de 8,1% anual en febrero y de 2,8% mensual a precios constantes. De esa forma, acumula un desarrollo de 6,6% en los primeros dos meses del a\u00f1o. El uso de la capacidad instalada baj\u00f3 de 80,1% en enero a 73,5% en febrero, siendo uno de los sectores con m\u00e1s inversiones. Hubo buena demanda\u00a0<\/span><span lang=\"ES\">y las empresas manifestaron\u00a0no poder tomar todos los pedidos por falta de capacidad de producci\u00f3n y recursos humanos para ampliar la oferta.<\/span><br \/>\n<span lang=\"ES\">\u201cEstamos produciendo en un nivel \u00f3ptimo, esperamos que en los pr\u00f3ximos meses continuemos as\u00ed\u201d, dijo el due\u00f1o de una empresa de la ciudad de Malague\u00f1os, en C\u00f3rdoba, dedicada a la elaboraci\u00f3n de alfalfa en fardos, megafardos y pellets.<\/span><br \/>\n<span lang=\"ES\">\u201cTenemos m\u00e1s demanda de la que estamos pudiendo cubrir, necesitamos ampliar nuestra capacidad de producci\u00f3n\u201d, fue la respuesta de una empresaria dedicada a la fabricaci\u00f3n de panificados industriales de la ciudad de Santiago del Estero.<\/span><\/p>\n<h4 align=\"center\"><b><span lang=\"ES\">Indumentaria y textil<\/span><\/b><\/h4>\n<p align=\"center\"><img loading=\"lazy\" decoding=\"async\" class=\"CToWUd\" src=\"https:\/\/ci5.googleusercontent.com\/proxy\/A0Nj-ljN6CwUkdUEf3Wj8130jjYzdFZ_fQvGzV_omSJYHY6RpkqXG1phkUSqnxeeQGxgY0p5pr0kMCikYB4U7gjC2VVcMR1NbogNwW2F0LNnDBO-BtMxfJksInwrKI_ZGi6adVvujkLiBnpumdderUShn0IPP_6upSPn3HvifChv4Fgsm9Zfn_Xu4D-_irC48S4HfD0=s0-d-e1-ft#https:\/\/mailprensa.came.org.ar\/data\/1899c60d3e88c767f20949a98d5003460b14bf85\/media_files\/200\/original\/image-20230319102348-6.jpeg\" width=\"616\" height=\"97\" data-bit=\"iit\" \/><\/p>\n<p align=\"center\"><span lang=\"ES\">Fuente: Elaboraci\u00f3n propia en base a datos de CAME.<\/span><\/p>\n<p align=\"justify\"><span lang=\"ES\">La actividad no logra repuntar. En febrero la producci\u00f3n cay\u00f3 otro 5,1% anual y suma una baja de 4,4% en los primeros dos meses del a\u00f1o frente al mismo periodo de 2022. El uso de la capacidad instalada subi\u00f3 1,4 puntos, a 73%. Dentro de esta rama industrial, les fue muy bien a las empresas dedicadas a la confecci\u00f3n de uniformes escolares, que tuvieron mejor demanda que a esta altura del a\u00f1o pasado, cuando el ciclo escolar todav\u00eda no estaba del todo normalizado.<\/span><br \/>\n<span lang=\"ES\">\u201cFebrero fue muy malo, continuaron las dificultades para acceder a materia prima importada y se sumaron conflictos sindicales en las empresas que nos proveen de insumos\u201d, manifestaron desde un taller de Mor\u00f3n en el Gran Buenos Aires.<\/span><br \/>\n<span lang=\"ES\">\u201cLa producci\u00f3n est\u00e1 estable, similar al a\u00f1o pasado que no fue muy bueno. Igual estamos incorporando nuevas maquinarias para mejorar la productividad de la empresa\u201d, comentaron desde una f\u00e1brica de Las Bre\u00f1as, en la provincia de Chaco.<\/span><\/p>\n<h4 align=\"center\"><b><span lang=\"ES\">Maderas y Muebles<\/span><\/b><\/h4>\n<p align=\"center\"><img loading=\"lazy\" decoding=\"async\" class=\"CToWUd\" src=\"https:\/\/ci3.googleusercontent.com\/proxy\/Dp14olsLWjziLAQJ8ehcymVLefaGTXjNENKgu_fL7yxnp0_aq4uvfuapTByYbdpK06tCsKurIq3b4t8a69j2V8m4LgOi0Q-MSx2D8JEgW3kqJ9nvLTNvZv60qiMvKlUMASKRkEzFkHoMm5qNyqsNmmDW4JExYtEFfl0Yi-71tKCWGuz2uRzth4eB7an92x-KJtAYkYE=s0-d-e1-ft#https:\/\/mailprensa.came.org.ar\/data\/1899c60d3e88c767f20949a98d5003460b14bf85\/media_files\/201\/original\/image-20230319102348-7.jpeg\" width=\"616\" height=\"100\" data-bit=\"iit\" \/><\/p>\n<p align=\"center\"><span lang=\"ES\">Fuente: Elaboraci\u00f3n propia en base a datos de CAME.<\/span><\/p>\n<p align=\"justify\"><span lang=\"ES\">La producci\u00f3n subi\u00f3 9,2% anual en febrero y 3,5% mensual, a precios constantes. En los primeros dos meses del a\u00f1o lleva un crecimiento de 7,4% anual. El uso de la capacidad instalada aument\u00f3 2,6 puntos, a 75%, esperable porque el sector viene realizando inversiones desde meses anteriores y viene de un\u00a0<\/span><span lang=\"ES\">2022 muy complejo. Desde las firmas manifiestan que tienen pedidos realizados para los pr\u00f3ximos seis meses que, al menos en materia de producci\u00f3n, les aseguran un buen 2023.<\/span><br \/>\n<span lang=\"ES\">\u201cEnero fue malo y en febrero se comenz\u00f3 a mover.\u00a0 Logramos tomar trabajos que duraran varios meses\u201d, relataron desde una f\u00e1brica de muebles de San Roque, en Mendoza.<\/span><br \/>\n<span lang=\"ES\">\u201cPor suerte febrero fue un buen mes, hubo m\u00e1s pedidos de los habituales, realmente no lo esper\u00e1bamos y en marzo se est\u00e1 repitiendo\u201d, dijeron desde una f\u00e1brica de la ciudad de La Rioja.<\/span><\/p>\n<h4 align=\"center\"><b><span lang=\"ES\">Met\u00e1licos, maquinarias, equipos y material de transporte<\/span><\/b><\/h4>\n<p align=\"center\"><img loading=\"lazy\" decoding=\"async\" class=\"CToWUd\" src=\"https:\/\/ci6.googleusercontent.com\/proxy\/Cnci3Rtme2g7EXBdN1A3BQd7BeQjTtAszXqERNL1v7DXgzwh6lLCc5ArXXrmqqyNOwYZWhUXtSePStYSJdRgyoqtEADDU84qDAUE31XoyFH514daAV8urUOz2xq4EH9nlzbD3-EXdsJkKe02tMfsdUFQdy2vawTS71Z6nU8PWICEwoylnAdJYqSTaFc3aeC-TvpARzE=s0-d-e1-ft#https:\/\/mailprensa.came.org.ar\/data\/1899c60d3e88c767f20949a98d5003460b14bf85\/media_files\/204\/original\/image-20230319102348-8.jpeg\" width=\"616\" height=\"101\" data-bit=\"iit\" \/><\/p>\n<p align=\"center\"><span lang=\"ES\">Fuente: Elaboraci\u00f3n propia en base a datos de CAME.<\/span><\/p>\n<p align=\"justify\"><span lang=\"ES\">El rubro progres\u00f3 6,9% anual en febrero a precios constantes y 1,2% mensual. En el primer bimestre del a\u00f1o creci\u00f3 6,3% frente a igual periodo de 2022. El sector us\u00f3 2,4 puntos m\u00e1s de su capacidad instalada que en enero, alcanzando el 69,9%. Las empresas est\u00e1n trabajando bien, con la demanda activa, aunque con muchas dificultades por el encarecimiento de costos de los primeros dos meses del a\u00f1o. Se suman demoras en las entregas de insumos, que algunas empresas adjudican a proveedores que especulan con los precios. El buen desemp<\/span><span lang=\"ES\">e\u00f1o exportador de la industria automotriz de los \u00faltimos meses tracciona a algunos proveedores locales.<\/span><br \/>\n<span lang=\"ES\">\u201cEn esta \u00e9poca del a\u00f1o todav\u00eda es baja la venta, en marzo todo vuelve a normalizarse, pero igual fue mejor que en 2022\u201d, transmitieron desde una pyme de la Ciudad de Buenos Aires.<\/span><br \/>\n<span lang=\"ES\">\u201cEste a\u00f1o estamos muy activos, participando en rondas de negocios y misiones comerciales para encontrar nuevos clientes\u201d, destacaron desde una f\u00e1brica de maquinarias de la ciudad de Santa Fe que tuvo un buen inicio de a\u00f1o.<\/span><\/p>\n<h4 align=\"center\"><b><span lang=\"ES\">Productos qu\u00edmicos y pl\u00e1sticos<\/span><\/b><\/h4>\n<p align=\"center\"><img loading=\"lazy\" decoding=\"async\" class=\"CToWUd\" src=\"https:\/\/ci3.googleusercontent.com\/proxy\/qI3HxsSVlRtl9PAIn5ZuDF36v14ff7fFTxLeOJnbqpn8bNbrYcCuiQ5_IIZMaxGrMGap5SCFViJTy8x09Qfj8P1KNVTD6yciLKanh-SzWjVyfLlIR2oiWnNykgeNze0nJ5TxamPjAK5932syJm1ltDKSDlW4-thbMKrXT4wRRjtObbMQNLAQm-yeSiSbv0V9jCNwozY=s0-d-e1-ft#https:\/\/mailprensa.came.org.ar\/data\/1899c60d3e88c767f20949a98d5003460b14bf85\/media_files\/202\/original\/image-20230319102348-9.jpeg\" width=\"616\" height=\"106\" data-bit=\"iit\" \/><\/p>\n<p align=\"center\"><span lang=\"ES\">Fuente: Elaboraci\u00f3n propia en base a datos de CAME.<\/span><\/p>\n<p align=\"justify\"><span lang=\"ES\">La producci\u00f3n creci\u00f3 5,3% anual en febrero, a precios constantes y se retrajo 0,2% en la comparaci\u00f3n mensual. En el primer bimestre del a\u00f1o se increment\u00f3 5,4% frente a igual periodo de 2022. El uso de la capacidad instalada se mantuvo pr\u00e1cticamente sin cambios en 68,9%, un nivel relativamente bajo todav\u00eda, aunque hay empresas que manifiestan estar trabajando al 100% de sus posibilidades. Al resto le fue entre regular y mal. El ramo sigue muy afectado por las subas de las materias primas y la falta de financiamiento accesible para recambio de maquinaria.<\/span><br \/>\n<span lang=\"ES\">\u201cEl faltante de materia prima hace que muchas industrias se encuentren paralizadas y despidiendo gente. No entendemos c\u00f3mo vienen productos importados a las g\u00f3ndolas cuando a muchas empresas no nos aprueban la SIRA, que son fundamentales para mantener la producci\u00f3n\u201d, se quejaron desde una industria de La Tablada,\u00a0<\/span><span lang=\"ES\">en la Provincia\u00a0de Buenos Aires.<\/span><br \/>\n<span lang=\"ES\">\u201cSe est\u00e1n notando dificultades para finalizar ventas, creemos que esto ocurre por la incertidumbre y la inflaci\u00f3n\u201d, contaron desde una f\u00e1brica de productos pl\u00e1sticos de la ciudad de Formosa.<\/span><\/p>\n<h4 align=\"center\"><b><span lang=\"ES\">Papel, cart\u00f3n, edici\u00f3n e impresi\u00f3n<\/span><\/b><\/h4>\n<p align=\"center\"><img loading=\"lazy\" decoding=\"async\" class=\"CToWUd\" src=\"https:\/\/ci6.googleusercontent.com\/proxy\/XHRhKKYTkzGF7gi33wBQYzGvb_495_oXsMi8mWiVKoRe0LJVcKkvS-NgqJWr_4mB0mWG5xx0rmz0hFpPOBGNqRhTydNHzhTze7670xFBkSJfrhK9yNFP12zzFbG6RDLxYEm7eJx9V-sci6lGeB5MBHd5t0mw9ht00GuRhmT7W9GgnsIzJgQhBIvBMs9uFb4cGzXHPiTy=s0-d-e1-ft#https:\/\/mailprensa.came.org.ar\/data\/1899c60d3e88c767f20949a98d5003460b14bf85\/media_files\/203\/original\/image-20230319102348-10.jpeg\" width=\"616\" height=\"99\" data-bit=\"iit\" \/><\/p>\n<p align=\"center\"><span lang=\"ES\">Fuente: Elaboraci\u00f3n propia en base a datos de CAME.<\/span><\/p>\n<p align=\"justify\"><span lang=\"ES\">La actividad se redujo 7% anual en el segundo mes del a\u00f1o (a precios constantes) y baj\u00f3 0,7% en la comparaci\u00f3n mensual. En el primer bimestre del a\u00f1o acumula una ca\u00edda de 6,7% frente a igual periodo de 2022. El uso de la capacidad instalada descendi\u00f3 3,8 puntos porcentuales, a 73,7%. Las empresas esperaban que febrero\u00a0<\/span><span lang=\"ES\">fuese\u00a0un buen mes, de la mano del inicio del ciclo lectivo especialmente, pero no ocurri\u00f3. Ahora las expectativas est\u00e1n puestas en el impacto del ciclo electoral.<\/span><br \/>\n<span lang=\"ES\">\u201cYa no sabemos con certeza\u00a0<\/span><span lang=\"ES\">c\u00f3mo\u00a0van a evolucionar las ventas, solo esperamos que por lo menos no sigan disminuyendo\u201d, se\u00f1alaron desde una empresa de la ciudad de Comodoro Rivadavia.<\/span><br \/>\n<span lang=\"ES\">\u201cLa actividad viene muy mal, pero creemos que este a\u00f1o ser\u00e1 bueno porque es electoral. Desde abril esperamos mejorar\u201d, adelantaron desde una pyme de la ciudad de Posadas, en Misiones.<\/span><\/p>\n","protected":false},"excerpt":{"rendered":"<p>La producci\u00f3n de la industria manufacturera pyme aument\u00f3 4,8% en febrero frente al mismo mes del a\u00f1o pasado, a precios constantes. Comparada con enero, tambi\u00e9n tuvo una variaci\u00f3n positiva, que alcanz\u00f3 a 1,2%. El uso de la capacidad instalada de las empresas de la muestra se redujo levemente, a 71,7%, es decir 0,9 puntos porcentuales [&hellip;]<\/p>\n","protected":false},"author":3,"featured_media":0,"comment_status":"closed","ping_status":"closed","sticky":false,"template":"","format":"standard","meta":{"footnotes":""},"categories":[36],"tags":[],"class_list":["post-85783","post","type-post","status-publish","format-standard","hentry","category-economia"],"yoast_head":"<!-- This site is optimized with the Yoast SEO plugin v25.9 - https:\/\/yoast.com\/wordpress\/plugins\/seo\/ -->\n<title>La industria pyme creci\u00f3 4,8% anual en febrero - Noticias Radio Reflejos<\/title>\n<meta name=\"robots\" content=\"index, follow, max-snippet:-1, max-image-preview:large, max-video-preview:-1\" \/>\n<link rel=\"canonical\" href=\"https:\/\/www.noticiasradioreflejos.com.ar\/2021\/la-industria-pyme-crecio-48-anual-en-febrero\/\" \/>\n<meta property=\"og:locale\" content=\"es_ES\" \/>\n<meta property=\"og:type\" content=\"article\" \/>\n<meta property=\"og:title\" content=\"La industria pyme creci\u00f3 4,8% anual en febrero - Noticias Radio Reflejos\" \/>\n<meta property=\"og:description\" content=\"La producci\u00f3n de la industria manufacturera pyme aument\u00f3 4,8% en febrero frente al mismo mes del a\u00f1o pasado, a precios constantes. Comparada con enero, tambi\u00e9n tuvo una variaci\u00f3n positiva, que alcanz\u00f3 a 1,2%. El uso de la capacidad instalada de las empresas de la muestra se redujo levemente, a 71,7%, es decir 0,9 puntos porcentuales [&hellip;]\" \/>\n<meta property=\"og:url\" content=\"https:\/\/www.noticiasradioreflejos.com.ar\/2021\/la-industria-pyme-crecio-48-anual-en-febrero\/\" \/>\n<meta property=\"og:site_name\" content=\"Noticias Radio Reflejos\" \/>\n<meta property=\"article:published_time\" content=\"2023-03-20T10:38:47+00:00\" \/>\n<meta property=\"og:image\" content=\"https:\/\/ci5.googleusercontent.com\/proxy\/UrLIGYr_H3a9cjYY1NywuYdxv8BxPDgFhZI0so8DW3HO186uF8bW8xK0EehdaCI4-Y_GHBCpSs80X1vGtMumjstyEzp3pK5LkLciPIIhkkQGa6kDxUSNSlwCmBBEOKQ_P8l6iN6miu-goGtaQQ9vIEYo2zO7wmu-T76lf56LH-6RopMrQCX1zastLCvnPclHQ3EHpsk=s0-d-e1-ft#https:\/\/mailprensa.came.org.ar\/data\/1899c60d3e88c767f20949a98d5003460b14bf85\/media_files\/196\/original\/image-20230319102348-2.jpeg\" \/>\n<meta name=\"author\" content=\"Arnaldo Botto\" \/>\n<meta name=\"twitter:card\" content=\"summary_large_image\" \/>\n<script type=\"application\/ld+json\" class=\"yoast-schema-graph\">{\"@context\":\"https:\/\/schema.org\",\"@graph\":[{\"@type\":\"WebPage\",\"@id\":\"https:\/\/www.noticiasradioreflejos.com.ar\/2021\/la-industria-pyme-crecio-48-anual-en-febrero\/\",\"url\":\"https:\/\/www.noticiasradioreflejos.com.ar\/2021\/la-industria-pyme-crecio-48-anual-en-febrero\/\",\"name\":\"La industria pyme creci\u00f3 4,8% anual en febrero - Noticias Radio Reflejos\",\"isPartOf\":{\"@id\":\"https:\/\/www.noticiasradioreflejos.com.ar\/2021\/#website\"},\"primaryImageOfPage\":{\"@id\":\"https:\/\/www.noticiasradioreflejos.com.ar\/2021\/la-industria-pyme-crecio-48-anual-en-febrero\/#primaryimage\"},\"image\":{\"@id\":\"https:\/\/www.noticiasradioreflejos.com.ar\/2021\/la-industria-pyme-crecio-48-anual-en-febrero\/#primaryimage\"},\"thumbnailUrl\":\"https:\/\/ci5.googleusercontent.com\/proxy\/UrLIGYr_H3a9cjYY1NywuYdxv8BxPDgFhZI0so8DW3HO186uF8bW8xK0EehdaCI4-Y_GHBCpSs80X1vGtMumjstyEzp3pK5LkLciPIIhkkQGa6kDxUSNSlwCmBBEOKQ_P8l6iN6miu-goGtaQQ9vIEYo2zO7wmu-T76lf56LH-6RopMrQCX1zastLCvnPclHQ3EHpsk=s0-d-e1-ft#https:\/\/mailprensa.came.org.ar\/data\/1899c60d3e88c767f20949a98d5003460b14bf85\/media_files\/196\/original\/image-20230319102348-2.jpeg\",\"datePublished\":\"2023-03-20T10:38:47+00:00\",\"author\":{\"@id\":\"https:\/\/www.noticiasradioreflejos.com.ar\/2021\/#\/schema\/person\/ad82545263dcc5ec0996818884fd5fb1\"},\"breadcrumb\":{\"@id\":\"https:\/\/www.noticiasradioreflejos.com.ar\/2021\/la-industria-pyme-crecio-48-anual-en-febrero\/#breadcrumb\"},\"inLanguage\":\"es\",\"potentialAction\":[{\"@type\":\"ReadAction\",\"target\":[\"https:\/\/www.noticiasradioreflejos.com.ar\/2021\/la-industria-pyme-crecio-48-anual-en-febrero\/\"]}]},{\"@type\":\"ImageObject\",\"inLanguage\":\"es\",\"@id\":\"https:\/\/www.noticiasradioreflejos.com.ar\/2021\/la-industria-pyme-crecio-48-anual-en-febrero\/#primaryimage\",\"url\":\"https:\/\/ci5.googleusercontent.com\/proxy\/UrLIGYr_H3a9cjYY1NywuYdxv8BxPDgFhZI0so8DW3HO186uF8bW8xK0EehdaCI4-Y_GHBCpSs80X1vGtMumjstyEzp3pK5LkLciPIIhkkQGa6kDxUSNSlwCmBBEOKQ_P8l6iN6miu-goGtaQQ9vIEYo2zO7wmu-T76lf56LH-6RopMrQCX1zastLCvnPclHQ3EHpsk=s0-d-e1-ft#https:\/\/mailprensa.came.org.ar\/data\/1899c60d3e88c767f20949a98d5003460b14bf85\/media_files\/196\/original\/image-20230319102348-2.jpeg\",\"contentUrl\":\"https:\/\/ci5.googleusercontent.com\/proxy\/UrLIGYr_H3a9cjYY1NywuYdxv8BxPDgFhZI0so8DW3HO186uF8bW8xK0EehdaCI4-Y_GHBCpSs80X1vGtMumjstyEzp3pK5LkLciPIIhkkQGa6kDxUSNSlwCmBBEOKQ_P8l6iN6miu-goGtaQQ9vIEYo2zO7wmu-T76lf56LH-6RopMrQCX1zastLCvnPclHQ3EHpsk=s0-d-e1-ft#https:\/\/mailprensa.came.org.ar\/data\/1899c60d3e88c767f20949a98d5003460b14bf85\/media_files\/196\/original\/image-20230319102348-2.jpeg\"},{\"@type\":\"BreadcrumbList\",\"@id\":\"https:\/\/www.noticiasradioreflejos.com.ar\/2021\/la-industria-pyme-crecio-48-anual-en-febrero\/#breadcrumb\",\"itemListElement\":[{\"@type\":\"ListItem\",\"position\":1,\"name\":\"Portada\",\"item\":\"https:\/\/www.noticiasradioreflejos.com.ar\/2021\/\"},{\"@type\":\"ListItem\",\"position\":2,\"name\":\"La industria pyme creci\u00f3 4,8% anual en febrero\"}]},{\"@type\":\"WebSite\",\"@id\":\"https:\/\/www.noticiasradioreflejos.com.ar\/2021\/#website\",\"url\":\"https:\/\/www.noticiasradioreflejos.com.ar\/2021\/\",\"name\":\"Noticias Radio Reflejos\",\"description\":\"Las noticias de mi comarca\",\"potentialAction\":[{\"@type\":\"SearchAction\",\"target\":{\"@type\":\"EntryPoint\",\"urlTemplate\":\"https:\/\/www.noticiasradioreflejos.com.ar\/2021\/?s={search_term_string}\"},\"query-input\":{\"@type\":\"PropertyValueSpecification\",\"valueRequired\":true,\"valueName\":\"search_term_string\"}}],\"inLanguage\":\"es\"},{\"@type\":\"Person\",\"@id\":\"https:\/\/www.noticiasradioreflejos.com.ar\/2021\/#\/schema\/person\/ad82545263dcc5ec0996818884fd5fb1\",\"name\":\"Arnaldo Botto\",\"image\":{\"@type\":\"ImageObject\",\"inLanguage\":\"es\",\"@id\":\"https:\/\/www.noticiasradioreflejos.com.ar\/2021\/#\/schema\/person\/image\/\",\"url\":\"https:\/\/secure.gravatar.com\/avatar\/55cb5e37c1efa326397366e6974cb338056df65cb50e7d64d1cf314e87504837?s=96&d=mm&r=g\",\"contentUrl\":\"https:\/\/secure.gravatar.com\/avatar\/55cb5e37c1efa326397366e6974cb338056df65cb50e7d64d1cf314e87504837?s=96&d=mm&r=g\",\"caption\":\"Arnaldo Botto\"},\"url\":\"https:\/\/www.noticiasradioreflejos.com.ar\/2021\/author\/arnaldo\/\"}]}<\/script>\n<!-- \/ Yoast SEO plugin. -->","yoast_head_json":{"title":"La industria pyme creci\u00f3 4,8% anual en febrero - Noticias Radio Reflejos","robots":{"index":"index","follow":"follow","max-snippet":"max-snippet:-1","max-image-preview":"max-image-preview:large","max-video-preview":"max-video-preview:-1"},"canonical":"https:\/\/www.noticiasradioreflejos.com.ar\/2021\/la-industria-pyme-crecio-48-anual-en-febrero\/","og_locale":"es_ES","og_type":"article","og_title":"La industria pyme creci\u00f3 4,8% anual en febrero - Noticias Radio Reflejos","og_description":"La producci\u00f3n de la industria manufacturera pyme aument\u00f3 4,8% en febrero frente al mismo mes del a\u00f1o pasado, a precios constantes. Comparada con enero, tambi\u00e9n tuvo una variaci\u00f3n positiva, que alcanz\u00f3 a 1,2%. El uso de la capacidad instalada de las empresas de la muestra se redujo levemente, a 71,7%, es decir 0,9 puntos porcentuales [&hellip;]","og_url":"https:\/\/www.noticiasradioreflejos.com.ar\/2021\/la-industria-pyme-crecio-48-anual-en-febrero\/","og_site_name":"Noticias Radio Reflejos","article_published_time":"2023-03-20T10:38:47+00:00","og_image":[{"url":"https:\/\/ci5.googleusercontent.com\/proxy\/UrLIGYr_H3a9cjYY1NywuYdxv8BxPDgFhZI0so8DW3HO186uF8bW8xK0EehdaCI4-Y_GHBCpSs80X1vGtMumjstyEzp3pK5LkLciPIIhkkQGa6kDxUSNSlwCmBBEOKQ_P8l6iN6miu-goGtaQQ9vIEYo2zO7wmu-T76lf56LH-6RopMrQCX1zastLCvnPclHQ3EHpsk=s0-d-e1-ft#https:\/\/mailprensa.came.org.ar\/data\/1899c60d3e88c767f20949a98d5003460b14bf85\/media_files\/196\/original\/image-20230319102348-2.jpeg","type":"","width":"","height":""}],"author":"Arnaldo Botto","twitter_card":"summary_large_image","schema":{"@context":"https:\/\/schema.org","@graph":[{"@type":"WebPage","@id":"https:\/\/www.noticiasradioreflejos.com.ar\/2021\/la-industria-pyme-crecio-48-anual-en-febrero\/","url":"https:\/\/www.noticiasradioreflejos.com.ar\/2021\/la-industria-pyme-crecio-48-anual-en-febrero\/","name":"La industria pyme creci\u00f3 4,8% anual en febrero - Noticias Radio Reflejos","isPartOf":{"@id":"https:\/\/www.noticiasradioreflejos.com.ar\/2021\/#website"},"primaryImageOfPage":{"@id":"https:\/\/www.noticiasradioreflejos.com.ar\/2021\/la-industria-pyme-crecio-48-anual-en-febrero\/#primaryimage"},"image":{"@id":"https:\/\/www.noticiasradioreflejos.com.ar\/2021\/la-industria-pyme-crecio-48-anual-en-febrero\/#primaryimage"},"thumbnailUrl":"https:\/\/ci5.googleusercontent.com\/proxy\/UrLIGYr_H3a9cjYY1NywuYdxv8BxPDgFhZI0so8DW3HO186uF8bW8xK0EehdaCI4-Y_GHBCpSs80X1vGtMumjstyEzp3pK5LkLciPIIhkkQGa6kDxUSNSlwCmBBEOKQ_P8l6iN6miu-goGtaQQ9vIEYo2zO7wmu-T76lf56LH-6RopMrQCX1zastLCvnPclHQ3EHpsk=s0-d-e1-ft#https:\/\/mailprensa.came.org.ar\/data\/1899c60d3e88c767f20949a98d5003460b14bf85\/media_files\/196\/original\/image-20230319102348-2.jpeg","datePublished":"2023-03-20T10:38:47+00:00","author":{"@id":"https:\/\/www.noticiasradioreflejos.com.ar\/2021\/#\/schema\/person\/ad82545263dcc5ec0996818884fd5fb1"},"breadcrumb":{"@id":"https:\/\/www.noticiasradioreflejos.com.ar\/2021\/la-industria-pyme-crecio-48-anual-en-febrero\/#breadcrumb"},"inLanguage":"es","potentialAction":[{"@type":"ReadAction","target":["https:\/\/www.noticiasradioreflejos.com.ar\/2021\/la-industria-pyme-crecio-48-anual-en-febrero\/"]}]},{"@type":"ImageObject","inLanguage":"es","@id":"https:\/\/www.noticiasradioreflejos.com.ar\/2021\/la-industria-pyme-crecio-48-anual-en-febrero\/#primaryimage","url":"https:\/\/ci5.googleusercontent.com\/proxy\/UrLIGYr_H3a9cjYY1NywuYdxv8BxPDgFhZI0so8DW3HO186uF8bW8xK0EehdaCI4-Y_GHBCpSs80X1vGtMumjstyEzp3pK5LkLciPIIhkkQGa6kDxUSNSlwCmBBEOKQ_P8l6iN6miu-goGtaQQ9vIEYo2zO7wmu-T76lf56LH-6RopMrQCX1zastLCvnPclHQ3EHpsk=s0-d-e1-ft#https:\/\/mailprensa.came.org.ar\/data\/1899c60d3e88c767f20949a98d5003460b14bf85\/media_files\/196\/original\/image-20230319102348-2.jpeg","contentUrl":"https:\/\/ci5.googleusercontent.com\/proxy\/UrLIGYr_H3a9cjYY1NywuYdxv8BxPDgFhZI0so8DW3HO186uF8bW8xK0EehdaCI4-Y_GHBCpSs80X1vGtMumjstyEzp3pK5LkLciPIIhkkQGa6kDxUSNSlwCmBBEOKQ_P8l6iN6miu-goGtaQQ9vIEYo2zO7wmu-T76lf56LH-6RopMrQCX1zastLCvnPclHQ3EHpsk=s0-d-e1-ft#https:\/\/mailprensa.came.org.ar\/data\/1899c60d3e88c767f20949a98d5003460b14bf85\/media_files\/196\/original\/image-20230319102348-2.jpeg"},{"@type":"BreadcrumbList","@id":"https:\/\/www.noticiasradioreflejos.com.ar\/2021\/la-industria-pyme-crecio-48-anual-en-febrero\/#breadcrumb","itemListElement":[{"@type":"ListItem","position":1,"name":"Portada","item":"https:\/\/www.noticiasradioreflejos.com.ar\/2021\/"},{"@type":"ListItem","position":2,"name":"La industria pyme creci\u00f3 4,8% anual en febrero"}]},{"@type":"WebSite","@id":"https:\/\/www.noticiasradioreflejos.com.ar\/2021\/#website","url":"https:\/\/www.noticiasradioreflejos.com.ar\/2021\/","name":"Noticias Radio Reflejos","description":"Las noticias de mi comarca","potentialAction":[{"@type":"SearchAction","target":{"@type":"EntryPoint","urlTemplate":"https:\/\/www.noticiasradioreflejos.com.ar\/2021\/?s={search_term_string}"},"query-input":{"@type":"PropertyValueSpecification","valueRequired":true,"valueName":"search_term_string"}}],"inLanguage":"es"},{"@type":"Person","@id":"https:\/\/www.noticiasradioreflejos.com.ar\/2021\/#\/schema\/person\/ad82545263dcc5ec0996818884fd5fb1","name":"Arnaldo Botto","image":{"@type":"ImageObject","inLanguage":"es","@id":"https:\/\/www.noticiasradioreflejos.com.ar\/2021\/#\/schema\/person\/image\/","url":"https:\/\/secure.gravatar.com\/avatar\/55cb5e37c1efa326397366e6974cb338056df65cb50e7d64d1cf314e87504837?s=96&d=mm&r=g","contentUrl":"https:\/\/secure.gravatar.com\/avatar\/55cb5e37c1efa326397366e6974cb338056df65cb50e7d64d1cf314e87504837?s=96&d=mm&r=g","caption":"Arnaldo Botto"},"url":"https:\/\/www.noticiasradioreflejos.com.ar\/2021\/author\/arnaldo\/"}]}},"_links":{"self":[{"href":"https:\/\/www.noticiasradioreflejos.com.ar\/2021\/wp-json\/wp\/v2\/posts\/85783","targetHints":{"allow":["GET"]}}],"collection":[{"href":"https:\/\/www.noticiasradioreflejos.com.ar\/2021\/wp-json\/wp\/v2\/posts"}],"about":[{"href":"https:\/\/www.noticiasradioreflejos.com.ar\/2021\/wp-json\/wp\/v2\/types\/post"}],"author":[{"embeddable":true,"href":"https:\/\/www.noticiasradioreflejos.com.ar\/2021\/wp-json\/wp\/v2\/users\/3"}],"replies":[{"embeddable":true,"href":"https:\/\/www.noticiasradioreflejos.com.ar\/2021\/wp-json\/wp\/v2\/comments?post=85783"}],"version-history":[{"count":1,"href":"https:\/\/www.noticiasradioreflejos.com.ar\/2021\/wp-json\/wp\/v2\/posts\/85783\/revisions"}],"predecessor-version":[{"id":85785,"href":"https:\/\/www.noticiasradioreflejos.com.ar\/2021\/wp-json\/wp\/v2\/posts\/85783\/revisions\/85785"}],"wp:attachment":[{"href":"https:\/\/www.noticiasradioreflejos.com.ar\/2021\/wp-json\/wp\/v2\/media?parent=85783"}],"wp:term":[{"taxonomy":"category","embeddable":true,"href":"https:\/\/www.noticiasradioreflejos.com.ar\/2021\/wp-json\/wp\/v2\/categories?post=85783"},{"taxonomy":"post_tag","embeddable":true,"href":"https:\/\/www.noticiasradioreflejos.com.ar\/2021\/wp-json\/wp\/v2\/tags?post=85783"}],"curies":[{"name":"wp","href":"https:\/\/api.w.org\/{rel}","templated":true}]}}