{"id":85756,"date":"2023-03-18T23:31:43","date_gmt":"2023-03-18T23:31:43","guid":{"rendered":"https:\/\/www.noticiasradioreflejos.com.ar\/2021\/?p=85756"},"modified":"2023-03-18T23:31:43","modified_gmt":"2023-03-18T23:31:43","slug":"el-mar-lo-sabe-delfin-franciscana-juvenil-caido-en-la-red-de-pesca-en-pehuen-co","status":"publish","type":"post","link":"https:\/\/www.noticiasradioreflejos.com.ar\/2021\/el-mar-lo-sabe-delfin-franciscana-juvenil-caido-en-la-red-de-pesca-en-pehuen-co\/","title":{"rendered":"EL MAR LO SABE:  Delf\u00edn franciscana juvenil ca\u00eddo en la red de pesca en Pehuen Co."},"content":{"rendered":"<p>Era el destino que ese 14 de marzo del 2023 decidiera pasar mi franco semanal en las playas de Pehuen Co. Era el destino que eligiera bajar por las escaleras de la \u00faltima bajada antes de Punta Mingo.<!--more--><\/p>\n<p><strong>Era el destino que un pescador decidiera instalar su red de pesca ah\u00ed.<\/strong><\/p>\n<p>Ni bien la v\u00ed sab\u00eda que ese d\u00eda no iba a descansar. Dos hombres conversando, uno con su ca\u00f1a y acompa\u00f1ado de su mujer. El otro ingresa al mar para verificar la red. Como estaban juntos asum\u00ed que se conoc\u00edan, as\u00ed que me acerqu\u00e9 y le pregunt\u00e9, al de la ca\u00f1a, \u00a0si eran de Pehuen. Me dijo que no. Entonces le advert\u00ed \u201clas redes est\u00e1n prohibidas cerca de la costa, decile a tu amigo que voy a hacer la denuncia. Que la saque.\u201d Me responde que no lo conoc\u00eda que solo estaban conversando. No me import\u00f3.<\/p>\n<p>Hice la primer llamada a Prefectura Naval. Me tomaron los datos y la respuesta fue: \u201csi esa llega a ser una infracci\u00f3n la llamamos\u201d. A lo que no s\u00e9 si respond\u00ed o qued\u00f3 en mi mente: \u201ces una infracci\u00f3n. Espero su llamada\u201d.<\/p>\n<p>No vinieron. El tiempo pasaba y hac\u00eda calor, me met\u00ed al agua. En eso veo que llegan dos pescadores m\u00e1s y deciden sacar la red. No s\u00e9 si porque me vieron hablando por tel\u00e9fono o por simple casualidad. A la distancia y con mi ojo entrenado creo divisar un delf\u00edn franciscana. Tal es la desesperaci\u00f3n por verlo que no me import\u00f3 la presencia de pescadores, que me miraban enojados.\u00a0 Descubro a un juvenil de apenas unos meses, ahogado en esa red. Mi desesperaci\u00f3n fue tal, que solo atino a decir una serie de frases que salieron cual certezas, como si supiera que se iba a cumplir mi profec\u00eda: \u00a1mataron un delf\u00edn franciscana, son responsables! \u00a1Van a pagarlo! Y lo repito cual mantra. Y pagaron. A pesar de las frases machirulas: \u201cvas a tener que probar que esa es mi red\u201d o \u201cdale hac\u00e9 la denuncia\u201d (como si nadie me fuera a escuchar).<\/p>\n<p>El pescador inmediatamente toma el delf\u00edn beb\u00e9, que parec\u00eda \u00a0ahogado en la red y lo lleva mar adentro, para evitar que verifique si estaba con vida o lo pueda fotografiar. Veo su esfuerzo por empujarlo hacia abajo, con una fuerza m\u00e1s que innecesaria, algo le est\u00e1 haciendo, profanando su cuerpo. Y si ten\u00eda alguna posibilidad de salvaci\u00f3n ese pescador se la quit\u00f3. Imagino a la madre nadando cerca e intentando desesperadamente ecolocalizarlo.<\/p>\n<p>Vuelvo a llamar a prefectura pero ya con otro tono: \u201cllamo nuevamente por la red de pesca\u201d. Pero esta vez explico, casi a los gritos: \u201csoy Presidente de la ong S\u00edlice, acabo de ver en la red un delf\u00edn franciscana ahogado, \u00a0si no hacen algo ya, vamos a actuar contra todos los estamentos del estado con nuestro estudio jur\u00eddico\u201d. Y esto es cierto, tenemos un abogado que nos acompa\u00f1a. Uno al que le importa la naturaleza. No lo nombramos, en esta nota, respetando su deseo.<\/p>\n<p>A los cinco minutos bajan de Punta Mingo tres prefectos. Se acercan piden a los pescadores que dejen la red. Luego llega un segundo cuatriciclo con dos prefectos m\u00e1s. Mientras uno de los tres pescadores, ni bien vio acercarse a la autoridad de playa, huye disimuladamente \u00a0junto a su mujer, reci\u00e9n llegada. Es el mismo que me dijo: \u201clo vas a tener que probar\u201d. Por lo visto estaba probado, sino cual era el sentido de esa cobarde huida.<\/p>\n<p>Y all\u00ed empieza la profec\u00eda. Un operativo impresionante. Tuve la posibilidad de conocer al Prefecto Sandoval. Su tono lo hac\u00eda muy del interior. Llev\u00f3 adelante todas las actuaciones como corresponde. Hizo el acta de constataci\u00f3n, incaut\u00f3 la red y el producto de la pesca. Y adem\u00e1s me agradeci\u00f3 la denuncia. De testigo, tuvo que constar, adem\u00e1s de mi firma, la del pescador de ca\u00f1a. Quien lo hubiera imaginado cuando le ped\u00ed que le diga a su supuesto amigo que saque la red de pesca.<\/p>\n<p>La gente se acerc\u00f3 a preguntarme qu\u00e9 pas\u00f3. Algunos dec\u00edan sorprendidos: \u201cno sab\u00eda que se pod\u00eda denunciar\u201d. Otros m\u00e1s esc\u00e9pticos: \u201cno sirve para nada, \u00a0hay como ochenta redes\u201d. A lo que respond\u00ed: ahora hay setenta y nueve.<\/p>\n<p>No se pudo agregar en la actuaci\u00f3n la muerte del delf\u00edn franciscana beb\u00e9. Porque su cuerpo, profanado por el pescador, estaba mar adentro. Sin embargo ellos lo saben. Los tres que \u00a0manejaban la red, la esposa acompa\u00f1ante y el matrimonio con su ca\u00f1a de pescar.<\/p>\n<p>Pero tambi\u00e9n lo sabe el mar,\u00a0 que cual testigo de esta matanza nos lo va a devolver a la costa, luego de acunarlo un tiempo entre sus olas,\u00a0 para dejarnos el testimonio de un delf\u00edn m\u00e1s, muerto por otra red ilegal de pescadores.<\/p>\n<p>&nbsp;<\/p>\n<p>&nbsp;<\/p>\n<h4>Prof. Patricia Gonz\u00e1lez Garza<\/h4>\n<h4>Presidente de S\u00edlice.ong conservacionista<\/h4>\n<h4>\u00a0S\u00edlice.ong<\/h4>\n<p>&nbsp;<\/p>\n","protected":false},"excerpt":{"rendered":"<p>Era el destino que ese 14 de marzo del 2023 decidiera pasar mi franco semanal en las playas de Pehuen Co. Era el destino que eligiera bajar por las escaleras de la \u00faltima bajada antes de Punta Mingo.<\/p>\n","protected":false},"author":3,"featured_media":0,"comment_status":"closed","ping_status":"closed","sticky":false,"template":"","format":"standard","meta":{"footnotes":""},"categories":[46,29,26],"tags":[],"class_list":["post-85756","post","type-post","status-publish","format-standard","hentry","category-ciencia-y-tecnologia","category-policiales","category-sociedad"],"yoast_head":"<!-- This site is optimized with the Yoast SEO plugin v25.9 - https:\/\/yoast.com\/wordpress\/plugins\/seo\/ -->\n<title>EL MAR LO SABE: Delf\u00edn franciscana juvenil ca\u00eddo en la red de pesca en Pehuen Co. - Noticias Radio Reflejos<\/title>\n<meta name=\"robots\" content=\"index, follow, max-snippet:-1, max-image-preview:large, max-video-preview:-1\" \/>\n<link rel=\"canonical\" href=\"https:\/\/www.noticiasradioreflejos.com.ar\/2021\/el-mar-lo-sabe-delfin-franciscana-juvenil-caido-en-la-red-de-pesca-en-pehuen-co\/\" \/>\n<meta property=\"og:locale\" content=\"es_ES\" \/>\n<meta property=\"og:type\" content=\"article\" \/>\n<meta property=\"og:title\" content=\"EL MAR LO SABE: Delf\u00edn franciscana juvenil ca\u00eddo en la red de pesca en Pehuen Co. - Noticias Radio Reflejos\" \/>\n<meta property=\"og:description\" content=\"Era el destino que ese 14 de marzo del 2023 decidiera pasar mi franco semanal en las playas de Pehuen Co. Era el destino que eligiera bajar por las escaleras de la \u00faltima bajada antes de Punta Mingo.\" \/>\n<meta property=\"og:url\" content=\"https:\/\/www.noticiasradioreflejos.com.ar\/2021\/el-mar-lo-sabe-delfin-franciscana-juvenil-caido-en-la-red-de-pesca-en-pehuen-co\/\" \/>\n<meta property=\"og:site_name\" content=\"Noticias Radio Reflejos\" \/>\n<meta property=\"article:published_time\" content=\"2023-03-18T23:31:43+00:00\" \/>\n<meta property=\"og:image\" content=\"https:\/\/www.noticiasradioreflejos.com.ar\/2021\/wp-content\/uploads\/2021\/07\/logosol300x200.png\" \/>\n\t<meta property=\"og:image:width\" content=\"300\" \/>\n\t<meta property=\"og:image:height\" content=\"200\" \/>\n\t<meta property=\"og:image:type\" content=\"image\/png\" \/>\n<meta name=\"author\" content=\"Arnaldo Botto\" \/>\n<meta name=\"twitter:card\" content=\"summary_large_image\" \/>\n<script type=\"application\/ld+json\" class=\"yoast-schema-graph\">{\"@context\":\"https:\/\/schema.org\",\"@graph\":[{\"@type\":\"WebPage\",\"@id\":\"https:\/\/www.noticiasradioreflejos.com.ar\/2021\/el-mar-lo-sabe-delfin-franciscana-juvenil-caido-en-la-red-de-pesca-en-pehuen-co\/\",\"url\":\"https:\/\/www.noticiasradioreflejos.com.ar\/2021\/el-mar-lo-sabe-delfin-franciscana-juvenil-caido-en-la-red-de-pesca-en-pehuen-co\/\",\"name\":\"EL MAR LO SABE: Delf\u00edn franciscana juvenil ca\u00eddo en la red de pesca en Pehuen Co. - Noticias Radio Reflejos\",\"isPartOf\":{\"@id\":\"https:\/\/www.noticiasradioreflejos.com.ar\/2021\/#website\"},\"datePublished\":\"2023-03-18T23:31:43+00:00\",\"author\":{\"@id\":\"https:\/\/www.noticiasradioreflejos.com.ar\/2021\/#\/schema\/person\/ad82545263dcc5ec0996818884fd5fb1\"},\"breadcrumb\":{\"@id\":\"https:\/\/www.noticiasradioreflejos.com.ar\/2021\/el-mar-lo-sabe-delfin-franciscana-juvenil-caido-en-la-red-de-pesca-en-pehuen-co\/#breadcrumb\"},\"inLanguage\":\"es\",\"potentialAction\":[{\"@type\":\"ReadAction\",\"target\":[\"https:\/\/www.noticiasradioreflejos.com.ar\/2021\/el-mar-lo-sabe-delfin-franciscana-juvenil-caido-en-la-red-de-pesca-en-pehuen-co\/\"]}]},{\"@type\":\"BreadcrumbList\",\"@id\":\"https:\/\/www.noticiasradioreflejos.com.ar\/2021\/el-mar-lo-sabe-delfin-franciscana-juvenil-caido-en-la-red-de-pesca-en-pehuen-co\/#breadcrumb\",\"itemListElement\":[{\"@type\":\"ListItem\",\"position\":1,\"name\":\"Portada\",\"item\":\"https:\/\/www.noticiasradioreflejos.com.ar\/2021\/\"},{\"@type\":\"ListItem\",\"position\":2,\"name\":\"EL MAR LO SABE: Delf\u00edn franciscana juvenil ca\u00eddo en la red de pesca en Pehuen Co.\"}]},{\"@type\":\"WebSite\",\"@id\":\"https:\/\/www.noticiasradioreflejos.com.ar\/2021\/#website\",\"url\":\"https:\/\/www.noticiasradioreflejos.com.ar\/2021\/\",\"name\":\"Noticias Radio Reflejos\",\"description\":\"Las noticias de mi comarca\",\"potentialAction\":[{\"@type\":\"SearchAction\",\"target\":{\"@type\":\"EntryPoint\",\"urlTemplate\":\"https:\/\/www.noticiasradioreflejos.com.ar\/2021\/?s={search_term_string}\"},\"query-input\":{\"@type\":\"PropertyValueSpecification\",\"valueRequired\":true,\"valueName\":\"search_term_string\"}}],\"inLanguage\":\"es\"},{\"@type\":\"Person\",\"@id\":\"https:\/\/www.noticiasradioreflejos.com.ar\/2021\/#\/schema\/person\/ad82545263dcc5ec0996818884fd5fb1\",\"name\":\"Arnaldo Botto\",\"image\":{\"@type\":\"ImageObject\",\"inLanguage\":\"es\",\"@id\":\"https:\/\/www.noticiasradioreflejos.com.ar\/2021\/#\/schema\/person\/image\/\",\"url\":\"https:\/\/secure.gravatar.com\/avatar\/55cb5e37c1efa326397366e6974cb338056df65cb50e7d64d1cf314e87504837?s=96&d=mm&r=g\",\"contentUrl\":\"https:\/\/secure.gravatar.com\/avatar\/55cb5e37c1efa326397366e6974cb338056df65cb50e7d64d1cf314e87504837?s=96&d=mm&r=g\",\"caption\":\"Arnaldo Botto\"},\"url\":\"https:\/\/www.noticiasradioreflejos.com.ar\/2021\/author\/arnaldo\/\"}]}<\/script>\n<!-- \/ Yoast SEO plugin. -->","yoast_head_json":{"title":"EL MAR LO SABE: Delf\u00edn franciscana juvenil ca\u00eddo en la red de pesca en Pehuen Co. - Noticias Radio Reflejos","robots":{"index":"index","follow":"follow","max-snippet":"max-snippet:-1","max-image-preview":"max-image-preview:large","max-video-preview":"max-video-preview:-1"},"canonical":"https:\/\/www.noticiasradioreflejos.com.ar\/2021\/el-mar-lo-sabe-delfin-franciscana-juvenil-caido-en-la-red-de-pesca-en-pehuen-co\/","og_locale":"es_ES","og_type":"article","og_title":"EL MAR LO SABE: Delf\u00edn franciscana juvenil ca\u00eddo en la red de pesca en Pehuen Co. - Noticias Radio Reflejos","og_description":"Era el destino que ese 14 de marzo del 2023 decidiera pasar mi franco semanal en las playas de Pehuen Co. Era el destino que eligiera bajar por las escaleras de la \u00faltima bajada antes de Punta Mingo.","og_url":"https:\/\/www.noticiasradioreflejos.com.ar\/2021\/el-mar-lo-sabe-delfin-franciscana-juvenil-caido-en-la-red-de-pesca-en-pehuen-co\/","og_site_name":"Noticias Radio Reflejos","article_published_time":"2023-03-18T23:31:43+00:00","og_image":[{"width":300,"height":200,"url":"https:\/\/www.noticiasradioreflejos.com.ar\/2021\/wp-content\/uploads\/2021\/07\/logosol300x200.png","type":"image\/png"}],"author":"Arnaldo Botto","twitter_card":"summary_large_image","schema":{"@context":"https:\/\/schema.org","@graph":[{"@type":"WebPage","@id":"https:\/\/www.noticiasradioreflejos.com.ar\/2021\/el-mar-lo-sabe-delfin-franciscana-juvenil-caido-en-la-red-de-pesca-en-pehuen-co\/","url":"https:\/\/www.noticiasradioreflejos.com.ar\/2021\/el-mar-lo-sabe-delfin-franciscana-juvenil-caido-en-la-red-de-pesca-en-pehuen-co\/","name":"EL MAR LO SABE: Delf\u00edn franciscana juvenil ca\u00eddo en la red de pesca en Pehuen Co. - Noticias Radio Reflejos","isPartOf":{"@id":"https:\/\/www.noticiasradioreflejos.com.ar\/2021\/#website"},"datePublished":"2023-03-18T23:31:43+00:00","author":{"@id":"https:\/\/www.noticiasradioreflejos.com.ar\/2021\/#\/schema\/person\/ad82545263dcc5ec0996818884fd5fb1"},"breadcrumb":{"@id":"https:\/\/www.noticiasradioreflejos.com.ar\/2021\/el-mar-lo-sabe-delfin-franciscana-juvenil-caido-en-la-red-de-pesca-en-pehuen-co\/#breadcrumb"},"inLanguage":"es","potentialAction":[{"@type":"ReadAction","target":["https:\/\/www.noticiasradioreflejos.com.ar\/2021\/el-mar-lo-sabe-delfin-franciscana-juvenil-caido-en-la-red-de-pesca-en-pehuen-co\/"]}]},{"@type":"BreadcrumbList","@id":"https:\/\/www.noticiasradioreflejos.com.ar\/2021\/el-mar-lo-sabe-delfin-franciscana-juvenil-caido-en-la-red-de-pesca-en-pehuen-co\/#breadcrumb","itemListElement":[{"@type":"ListItem","position":1,"name":"Portada","item":"https:\/\/www.noticiasradioreflejos.com.ar\/2021\/"},{"@type":"ListItem","position":2,"name":"EL MAR LO SABE: Delf\u00edn franciscana juvenil ca\u00eddo en la red de pesca en Pehuen Co."}]},{"@type":"WebSite","@id":"https:\/\/www.noticiasradioreflejos.com.ar\/2021\/#website","url":"https:\/\/www.noticiasradioreflejos.com.ar\/2021\/","name":"Noticias Radio Reflejos","description":"Las noticias de mi comarca","potentialAction":[{"@type":"SearchAction","target":{"@type":"EntryPoint","urlTemplate":"https:\/\/www.noticiasradioreflejos.com.ar\/2021\/?s={search_term_string}"},"query-input":{"@type":"PropertyValueSpecification","valueRequired":true,"valueName":"search_term_string"}}],"inLanguage":"es"},{"@type":"Person","@id":"https:\/\/www.noticiasradioreflejos.com.ar\/2021\/#\/schema\/person\/ad82545263dcc5ec0996818884fd5fb1","name":"Arnaldo Botto","image":{"@type":"ImageObject","inLanguage":"es","@id":"https:\/\/www.noticiasradioreflejos.com.ar\/2021\/#\/schema\/person\/image\/","url":"https:\/\/secure.gravatar.com\/avatar\/55cb5e37c1efa326397366e6974cb338056df65cb50e7d64d1cf314e87504837?s=96&d=mm&r=g","contentUrl":"https:\/\/secure.gravatar.com\/avatar\/55cb5e37c1efa326397366e6974cb338056df65cb50e7d64d1cf314e87504837?s=96&d=mm&r=g","caption":"Arnaldo Botto"},"url":"https:\/\/www.noticiasradioreflejos.com.ar\/2021\/author\/arnaldo\/"}]}},"_links":{"self":[{"href":"https:\/\/www.noticiasradioreflejos.com.ar\/2021\/wp-json\/wp\/v2\/posts\/85756","targetHints":{"allow":["GET"]}}],"collection":[{"href":"https:\/\/www.noticiasradioreflejos.com.ar\/2021\/wp-json\/wp\/v2\/posts"}],"about":[{"href":"https:\/\/www.noticiasradioreflejos.com.ar\/2021\/wp-json\/wp\/v2\/types\/post"}],"author":[{"embeddable":true,"href":"https:\/\/www.noticiasradioreflejos.com.ar\/2021\/wp-json\/wp\/v2\/users\/3"}],"replies":[{"embeddable":true,"href":"https:\/\/www.noticiasradioreflejos.com.ar\/2021\/wp-json\/wp\/v2\/comments?post=85756"}],"version-history":[{"count":1,"href":"https:\/\/www.noticiasradioreflejos.com.ar\/2021\/wp-json\/wp\/v2\/posts\/85756\/revisions"}],"predecessor-version":[{"id":85758,"href":"https:\/\/www.noticiasradioreflejos.com.ar\/2021\/wp-json\/wp\/v2\/posts\/85756\/revisions\/85758"}],"wp:attachment":[{"href":"https:\/\/www.noticiasradioreflejos.com.ar\/2021\/wp-json\/wp\/v2\/media?parent=85756"}],"wp:term":[{"taxonomy":"category","embeddable":true,"href":"https:\/\/www.noticiasradioreflejos.com.ar\/2021\/wp-json\/wp\/v2\/categories?post=85756"},{"taxonomy":"post_tag","embeddable":true,"href":"https:\/\/www.noticiasradioreflejos.com.ar\/2021\/wp-json\/wp\/v2\/tags?post=85756"}],"curies":[{"name":"wp","href":"https:\/\/api.w.org\/{rel}","templated":true}]}}