{"id":85751,"date":"2023-03-18T23:11:59","date_gmt":"2023-03-18T23:11:59","guid":{"rendered":"https:\/\/www.noticiasradioreflejos.com.ar\/2021\/?p=85751"},"modified":"2023-03-18T23:21:34","modified_gmt":"2023-03-18T23:21:34","slug":"maxima-precaucion-advierten-que-la-ruta-72-esta-muy-anegada-en-algunos-sectores","status":"publish","type":"post","link":"https:\/\/www.noticiasradioreflejos.com.ar\/2021\/maxima-precaucion-advierten-que-la-ruta-72-esta-muy-anegada-en-algunos-sectores\/","title":{"rendered":"M\u00e1xima precauci\u00f3n: Advierten que la ruta 72 esta muy anegada en algunos sectores."},"content":{"rendered":"<p>Bomberos Voluntarios de Saldungaray informa que sectores de la ruta 72 entre la localidad y Frapal hay mucha agua sobre la cinta asf\u00e1ltica.<!--more--><\/p>\n<p>Las intensas lluvias que se registran en toda la zona serrana comienzan a generar inconvenientes. Los bomberos de Saldungaray informan que en la curva de acceso este a la localidad y\u00a0 especialmente\u00a0 en el puente sobre el arroyo del Toro hay mucha acumulaci\u00f3n de agua, por lo que pide m\u00e1xima precauci\u00f3n a quienes tengan que circular por esos sectores.<\/p>\n<p>Tanto Sierra de la Ventana como Saldungaray ya registran mas de 70 mm de lluvias en los que va del d\u00eda, rige alerta por tormentas y continuar\u00e1 lloviendo hasta el mediod\u00eda de ma\u00f1ana domingo.<\/p>\n<p>&nbsp;<\/p>\n","protected":false},"excerpt":{"rendered":"<p>Bomberos Voluntarios de Saldungaray informa que sectores de la ruta 72 entre la localidad y Frapal hay mucha agua sobre la cinta asf\u00e1ltica.<\/p>\n","protected":false},"author":3,"featured_media":69614,"comment_status":"closed","ping_status":"closed","sticky":false,"template":"","format":"standard","meta":{"footnotes":""},"categories":[29,26],"tags":[48],"class_list":["post-85751","post","type-post","status-publish","format-standard","has-post-thumbnail","hentry","category-policiales","category-sociedad","tag-destacada"],"yoast_head":"<!-- This site is optimized with the Yoast SEO plugin v25.9 - https:\/\/yoast.com\/wordpress\/plugins\/seo\/ -->\n<title>M\u00e1xima precauci\u00f3n: Advierten que la ruta 72 esta muy anegada en algunos sectores. - Noticias Radio Reflejos<\/title>\n<meta name=\"robots\" content=\"index, follow, max-snippet:-1, max-image-preview:large, max-video-preview:-1\" \/>\n<link rel=\"canonical\" href=\"https:\/\/www.noticiasradioreflejos.com.ar\/2021\/maxima-precaucion-advierten-que-la-ruta-72-esta-muy-anegada-en-algunos-sectores\/\" \/>\n<meta property=\"og:locale\" content=\"es_ES\" \/>\n<meta property=\"og:type\" content=\"article\" \/>\n<meta property=\"og:title\" content=\"M\u00e1xima precauci\u00f3n: Advierten que la ruta 72 esta muy anegada en algunos sectores. - Noticias Radio Reflejos\" \/>\n<meta property=\"og:description\" content=\"Bomberos Voluntarios de Saldungaray informa que sectores de la ruta 72 entre la localidad y Frapal hay mucha agua sobre la cinta asf\u00e1ltica.\" \/>\n<meta property=\"og:url\" content=\"https:\/\/www.noticiasradioreflejos.com.ar\/2021\/maxima-precaucion-advierten-que-la-ruta-72-esta-muy-anegada-en-algunos-sectores\/\" \/>\n<meta property=\"og:site_name\" content=\"Noticias Radio Reflejos\" \/>\n<meta property=\"article:published_time\" content=\"2023-03-18T23:11:59+00:00\" \/>\n<meta property=\"article:modified_time\" content=\"2023-03-18T23:21:34+00:00\" \/>\n<meta property=\"og:image\" content=\"https:\/\/www.noticiasradioreflejos.com.ar\/2021\/wp-content\/uploads\/2022\/03\/Atencion.jpg\" \/>\n\t<meta property=\"og:image:width\" content=\"600\" \/>\n\t<meta property=\"og:image:height\" content=\"503\" \/>\n\t<meta property=\"og:image:type\" content=\"image\/jpeg\" \/>\n<meta name=\"author\" content=\"Arnaldo Botto\" \/>\n<meta name=\"twitter:card\" content=\"summary_large_image\" \/>\n<script type=\"application\/ld+json\" class=\"yoast-schema-graph\">{\"@context\":\"https:\/\/schema.org\",\"@graph\":[{\"@type\":\"WebPage\",\"@id\":\"https:\/\/www.noticiasradioreflejos.com.ar\/2021\/maxima-precaucion-advierten-que-la-ruta-72-esta-muy-anegada-en-algunos-sectores\/\",\"url\":\"https:\/\/www.noticiasradioreflejos.com.ar\/2021\/maxima-precaucion-advierten-que-la-ruta-72-esta-muy-anegada-en-algunos-sectores\/\",\"name\":\"M\u00e1xima precauci\u00f3n: Advierten que la ruta 72 esta muy anegada en algunos sectores. - Noticias Radio Reflejos\",\"isPartOf\":{\"@id\":\"https:\/\/www.noticiasradioreflejos.com.ar\/2021\/#website\"},\"primaryImageOfPage\":{\"@id\":\"https:\/\/www.noticiasradioreflejos.com.ar\/2021\/maxima-precaucion-advierten-que-la-ruta-72-esta-muy-anegada-en-algunos-sectores\/#primaryimage\"},\"image\":{\"@id\":\"https:\/\/www.noticiasradioreflejos.com.ar\/2021\/maxima-precaucion-advierten-que-la-ruta-72-esta-muy-anegada-en-algunos-sectores\/#primaryimage\"},\"thumbnailUrl\":\"https:\/\/www.noticiasradioreflejos.com.ar\/2021\/wp-content\/uploads\/2022\/03\/Atencion.jpg\",\"datePublished\":\"2023-03-18T23:11:59+00:00\",\"dateModified\":\"2023-03-18T23:21:34+00:00\",\"author\":{\"@id\":\"https:\/\/www.noticiasradioreflejos.com.ar\/2021\/#\/schema\/person\/ad82545263dcc5ec0996818884fd5fb1\"},\"breadcrumb\":{\"@id\":\"https:\/\/www.noticiasradioreflejos.com.ar\/2021\/maxima-precaucion-advierten-que-la-ruta-72-esta-muy-anegada-en-algunos-sectores\/#breadcrumb\"},\"inLanguage\":\"es\",\"potentialAction\":[{\"@type\":\"ReadAction\",\"target\":[\"https:\/\/www.noticiasradioreflejos.com.ar\/2021\/maxima-precaucion-advierten-que-la-ruta-72-esta-muy-anegada-en-algunos-sectores\/\"]}]},{\"@type\":\"ImageObject\",\"inLanguage\":\"es\",\"@id\":\"https:\/\/www.noticiasradioreflejos.com.ar\/2021\/maxima-precaucion-advierten-que-la-ruta-72-esta-muy-anegada-en-algunos-sectores\/#primaryimage\",\"url\":\"https:\/\/www.noticiasradioreflejos.com.ar\/2021\/wp-content\/uploads\/2022\/03\/Atencion.jpg\",\"contentUrl\":\"https:\/\/www.noticiasradioreflejos.com.ar\/2021\/wp-content\/uploads\/2022\/03\/Atencion.jpg\",\"width\":600,\"height\":503},{\"@type\":\"BreadcrumbList\",\"@id\":\"https:\/\/www.noticiasradioreflejos.com.ar\/2021\/maxima-precaucion-advierten-que-la-ruta-72-esta-muy-anegada-en-algunos-sectores\/#breadcrumb\",\"itemListElement\":[{\"@type\":\"ListItem\",\"position\":1,\"name\":\"Portada\",\"item\":\"https:\/\/www.noticiasradioreflejos.com.ar\/2021\/\"},{\"@type\":\"ListItem\",\"position\":2,\"name\":\"M\u00e1xima precauci\u00f3n: Advierten que la ruta 72 esta muy anegada en algunos sectores.\"}]},{\"@type\":\"WebSite\",\"@id\":\"https:\/\/www.noticiasradioreflejos.com.ar\/2021\/#website\",\"url\":\"https:\/\/www.noticiasradioreflejos.com.ar\/2021\/\",\"name\":\"Noticias Radio Reflejos\",\"description\":\"Las noticias de mi comarca\",\"potentialAction\":[{\"@type\":\"SearchAction\",\"target\":{\"@type\":\"EntryPoint\",\"urlTemplate\":\"https:\/\/www.noticiasradioreflejos.com.ar\/2021\/?s={search_term_string}\"},\"query-input\":{\"@type\":\"PropertyValueSpecification\",\"valueRequired\":true,\"valueName\":\"search_term_string\"}}],\"inLanguage\":\"es\"},{\"@type\":\"Person\",\"@id\":\"https:\/\/www.noticiasradioreflejos.com.ar\/2021\/#\/schema\/person\/ad82545263dcc5ec0996818884fd5fb1\",\"name\":\"Arnaldo Botto\",\"image\":{\"@type\":\"ImageObject\",\"inLanguage\":\"es\",\"@id\":\"https:\/\/www.noticiasradioreflejos.com.ar\/2021\/#\/schema\/person\/image\/\",\"url\":\"https:\/\/secure.gravatar.com\/avatar\/55cb5e37c1efa326397366e6974cb338056df65cb50e7d64d1cf314e87504837?s=96&d=mm&r=g\",\"contentUrl\":\"https:\/\/secure.gravatar.com\/avatar\/55cb5e37c1efa326397366e6974cb338056df65cb50e7d64d1cf314e87504837?s=96&d=mm&r=g\",\"caption\":\"Arnaldo Botto\"},\"url\":\"https:\/\/www.noticiasradioreflejos.com.ar\/2021\/author\/arnaldo\/\"}]}<\/script>\n<!-- \/ Yoast SEO plugin. -->","yoast_head_json":{"title":"M\u00e1xima precauci\u00f3n: Advierten que la ruta 72 esta muy anegada en algunos sectores. - Noticias Radio Reflejos","robots":{"index":"index","follow":"follow","max-snippet":"max-snippet:-1","max-image-preview":"max-image-preview:large","max-video-preview":"max-video-preview:-1"},"canonical":"https:\/\/www.noticiasradioreflejos.com.ar\/2021\/maxima-precaucion-advierten-que-la-ruta-72-esta-muy-anegada-en-algunos-sectores\/","og_locale":"es_ES","og_type":"article","og_title":"M\u00e1xima precauci\u00f3n: Advierten que la ruta 72 esta muy anegada en algunos sectores. - Noticias Radio Reflejos","og_description":"Bomberos Voluntarios de Saldungaray informa que sectores de la ruta 72 entre la localidad y Frapal hay mucha agua sobre la cinta asf\u00e1ltica.","og_url":"https:\/\/www.noticiasradioreflejos.com.ar\/2021\/maxima-precaucion-advierten-que-la-ruta-72-esta-muy-anegada-en-algunos-sectores\/","og_site_name":"Noticias Radio Reflejos","article_published_time":"2023-03-18T23:11:59+00:00","article_modified_time":"2023-03-18T23:21:34+00:00","og_image":[{"width":600,"height":503,"url":"https:\/\/www.noticiasradioreflejos.com.ar\/2021\/wp-content\/uploads\/2022\/03\/Atencion.jpg","type":"image\/jpeg"}],"author":"Arnaldo Botto","twitter_card":"summary_large_image","schema":{"@context":"https:\/\/schema.org","@graph":[{"@type":"WebPage","@id":"https:\/\/www.noticiasradioreflejos.com.ar\/2021\/maxima-precaucion-advierten-que-la-ruta-72-esta-muy-anegada-en-algunos-sectores\/","url":"https:\/\/www.noticiasradioreflejos.com.ar\/2021\/maxima-precaucion-advierten-que-la-ruta-72-esta-muy-anegada-en-algunos-sectores\/","name":"M\u00e1xima precauci\u00f3n: Advierten que la ruta 72 esta muy anegada en algunos sectores. - Noticias Radio Reflejos","isPartOf":{"@id":"https:\/\/www.noticiasradioreflejos.com.ar\/2021\/#website"},"primaryImageOfPage":{"@id":"https:\/\/www.noticiasradioreflejos.com.ar\/2021\/maxima-precaucion-advierten-que-la-ruta-72-esta-muy-anegada-en-algunos-sectores\/#primaryimage"},"image":{"@id":"https:\/\/www.noticiasradioreflejos.com.ar\/2021\/maxima-precaucion-advierten-que-la-ruta-72-esta-muy-anegada-en-algunos-sectores\/#primaryimage"},"thumbnailUrl":"https:\/\/www.noticiasradioreflejos.com.ar\/2021\/wp-content\/uploads\/2022\/03\/Atencion.jpg","datePublished":"2023-03-18T23:11:59+00:00","dateModified":"2023-03-18T23:21:34+00:00","author":{"@id":"https:\/\/www.noticiasradioreflejos.com.ar\/2021\/#\/schema\/person\/ad82545263dcc5ec0996818884fd5fb1"},"breadcrumb":{"@id":"https:\/\/www.noticiasradioreflejos.com.ar\/2021\/maxima-precaucion-advierten-que-la-ruta-72-esta-muy-anegada-en-algunos-sectores\/#breadcrumb"},"inLanguage":"es","potentialAction":[{"@type":"ReadAction","target":["https:\/\/www.noticiasradioreflejos.com.ar\/2021\/maxima-precaucion-advierten-que-la-ruta-72-esta-muy-anegada-en-algunos-sectores\/"]}]},{"@type":"ImageObject","inLanguage":"es","@id":"https:\/\/www.noticiasradioreflejos.com.ar\/2021\/maxima-precaucion-advierten-que-la-ruta-72-esta-muy-anegada-en-algunos-sectores\/#primaryimage","url":"https:\/\/www.noticiasradioreflejos.com.ar\/2021\/wp-content\/uploads\/2022\/03\/Atencion.jpg","contentUrl":"https:\/\/www.noticiasradioreflejos.com.ar\/2021\/wp-content\/uploads\/2022\/03\/Atencion.jpg","width":600,"height":503},{"@type":"BreadcrumbList","@id":"https:\/\/www.noticiasradioreflejos.com.ar\/2021\/maxima-precaucion-advierten-que-la-ruta-72-esta-muy-anegada-en-algunos-sectores\/#breadcrumb","itemListElement":[{"@type":"ListItem","position":1,"name":"Portada","item":"https:\/\/www.noticiasradioreflejos.com.ar\/2021\/"},{"@type":"ListItem","position":2,"name":"M\u00e1xima precauci\u00f3n: Advierten que la ruta 72 esta muy anegada en algunos sectores."}]},{"@type":"WebSite","@id":"https:\/\/www.noticiasradioreflejos.com.ar\/2021\/#website","url":"https:\/\/www.noticiasradioreflejos.com.ar\/2021\/","name":"Noticias Radio Reflejos","description":"Las noticias de mi comarca","potentialAction":[{"@type":"SearchAction","target":{"@type":"EntryPoint","urlTemplate":"https:\/\/www.noticiasradioreflejos.com.ar\/2021\/?s={search_term_string}"},"query-input":{"@type":"PropertyValueSpecification","valueRequired":true,"valueName":"search_term_string"}}],"inLanguage":"es"},{"@type":"Person","@id":"https:\/\/www.noticiasradioreflejos.com.ar\/2021\/#\/schema\/person\/ad82545263dcc5ec0996818884fd5fb1","name":"Arnaldo Botto","image":{"@type":"ImageObject","inLanguage":"es","@id":"https:\/\/www.noticiasradioreflejos.com.ar\/2021\/#\/schema\/person\/image\/","url":"https:\/\/secure.gravatar.com\/avatar\/55cb5e37c1efa326397366e6974cb338056df65cb50e7d64d1cf314e87504837?s=96&d=mm&r=g","contentUrl":"https:\/\/secure.gravatar.com\/avatar\/55cb5e37c1efa326397366e6974cb338056df65cb50e7d64d1cf314e87504837?s=96&d=mm&r=g","caption":"Arnaldo Botto"},"url":"https:\/\/www.noticiasradioreflejos.com.ar\/2021\/author\/arnaldo\/"}]}},"_links":{"self":[{"href":"https:\/\/www.noticiasradioreflejos.com.ar\/2021\/wp-json\/wp\/v2\/posts\/85751","targetHints":{"allow":["GET"]}}],"collection":[{"href":"https:\/\/www.noticiasradioreflejos.com.ar\/2021\/wp-json\/wp\/v2\/posts"}],"about":[{"href":"https:\/\/www.noticiasradioreflejos.com.ar\/2021\/wp-json\/wp\/v2\/types\/post"}],"author":[{"embeddable":true,"href":"https:\/\/www.noticiasradioreflejos.com.ar\/2021\/wp-json\/wp\/v2\/users\/3"}],"replies":[{"embeddable":true,"href":"https:\/\/www.noticiasradioreflejos.com.ar\/2021\/wp-json\/wp\/v2\/comments?post=85751"}],"version-history":[{"count":1,"href":"https:\/\/www.noticiasradioreflejos.com.ar\/2021\/wp-json\/wp\/v2\/posts\/85751\/revisions"}],"predecessor-version":[{"id":85752,"href":"https:\/\/www.noticiasradioreflejos.com.ar\/2021\/wp-json\/wp\/v2\/posts\/85751\/revisions\/85752"}],"wp:featuredmedia":[{"embeddable":true,"href":"https:\/\/www.noticiasradioreflejos.com.ar\/2021\/wp-json\/wp\/v2\/media\/69614"}],"wp:attachment":[{"href":"https:\/\/www.noticiasradioreflejos.com.ar\/2021\/wp-json\/wp\/v2\/media?parent=85751"}],"wp:term":[{"taxonomy":"category","embeddable":true,"href":"https:\/\/www.noticiasradioreflejos.com.ar\/2021\/wp-json\/wp\/v2\/categories?post=85751"},{"taxonomy":"post_tag","embeddable":true,"href":"https:\/\/www.noticiasradioreflejos.com.ar\/2021\/wp-json\/wp\/v2\/tags?post=85751"}],"curies":[{"name":"wp","href":"https:\/\/api.w.org\/{rel}","templated":true}]}}