{"id":85678,"date":"2023-03-17T15:47:12","date_gmt":"2023-03-17T15:47:12","guid":{"rendered":"https:\/\/www.noticiasradioreflejos.com.ar\/2021\/?p=85678"},"modified":"2023-03-17T15:47:12","modified_gmt":"2023-03-17T15:47:12","slug":"un-automovil-se-incendio-por-completo-en-la-ruta-72-a-10-kms-de-saldungaray","status":"publish","type":"post","link":"https:\/\/www.noticiasradioreflejos.com.ar\/2021\/un-automovil-se-incendio-por-completo-en-la-ruta-72-a-10-kms-de-saldungaray\/","title":{"rendered":"Un autom\u00f3vil se incendi\u00f3 por completo en la ruta 72 a 10 kms de Saldungaray"},"content":{"rendered":"<p>El hecho ocurri\u00f3 a la hora 19.30 de este jueves 16 de marzo. No hubo heridos.<!--more--><\/p>\n<p><a title=\"bora incendiado (4)\" href=\"https:\/\/www.flickr.com\/photos\/182279889@N02\/52752770552\/in\/dateposted-public\/\" data-flickr-embed=\"true\"><img loading=\"lazy\" decoding=\"async\" src=\"https:\/\/live.staticflickr.com\/65535\/52752770552_1be5cddd6f_c.jpg\" alt=\"bora incendiado (4)\" width=\"800\" height=\"370\" \/><\/a><script async src=\"\/\/embedr.flickr.com\/assets\/client-code.js\" charset=\"utf-8\"><\/script><\/p>\n<p>Bomberos voluntarios de Saldungaray recibieron cerca de la hora 20 de ayer, un llamado de emergencia por un incendio vehicular en la ruta 72 a unos 10 kms de la localidad.<\/p>\n<p>Concurrieron dos dotaciones pero cuando llegaron los bomberos el veh\u00edculo estaba totalmente quemado.<\/p>\n<p>Se trata de un Volkswagen Bora, que se dirig\u00eda a Bah\u00eda Blanca procedente de Sierra de la Ventana, con tres ocupantes, un matrimonio joven con una ni\u00f1a muy peque\u00f1a.<\/p>\n<p><a title=\"bora incendiado (2)\" href=\"https:\/\/www.flickr.com\/photos\/182279889@N02\/52753714300\/in\/dateposted-public\/\" data-flickr-embed=\"true\"><img loading=\"lazy\" decoding=\"async\" src=\"https:\/\/live.staticflickr.com\/65535\/52753714300_4005182131_c.jpg\" alt=\"bora incendiado (2)\" width=\"800\" height=\"370\" \/><\/a><script async src=\"\/\/embedr.flickr.com\/assets\/client-code.js\" charset=\"utf-8\"><\/script><\/p>\n<p>Seg\u00fan el testimonio de los damnificados, el fuego se inici\u00f3 en el motor, tomando en forma inmediata toda la carrocer\u00eda sin poder atinar a hacer nada.<\/p>\n<p>De acuerdo a las fotograf\u00edas que\u00a0 nos entrega la polic\u00eda de Saldungaray, la perdida es total.<\/p>\n<p>La familia fue trasladada a por bomberos Saldungaray para recibir asistencia, aunque no presentaban ninguna lesi\u00f3n f\u00edsica.<\/p>\n<p>&nbsp;<br \/>\n<a data-flickr-embed=\"true\" href=\"https:\/\/www.flickr.com\/photos\/182279889@N02\/52753714160\/in\/dateposted-public\/\" title=\"bora incendiado (5)\"><img loading=\"lazy\" decoding=\"async\" src=\"https:\/\/live.staticflickr.com\/65535\/52753714160_a8de45a22c_c.jpg\" width=\"800\" height=\"370\" alt=\"bora incendiado (5)\"\/><\/a><script async src=\"\/\/embedr.flickr.com\/assets\/client-code.js\" charset=\"utf-8\"><\/script><br \/>\n&nbsp;<\/p>\n<p><a data-flickr-embed=\"true\" href=\"https:\/\/www.flickr.com\/photos\/182279889@N02\/52753714080\/in\/dateposted-public\/\" title=\"bora incendiado (1)\"><img loading=\"lazy\" decoding=\"async\" src=\"https:\/\/live.staticflickr.com\/65535\/52753714080_611291008f_c.jpg\" width=\"800\" height=\"370\" alt=\"bora incendiado (1)\"\/><\/a><script async src=\"\/\/embedr.flickr.com\/assets\/client-code.js\" charset=\"utf-8\"><\/script><\/p>\n","protected":false},"excerpt":{"rendered":"<p>El hecho ocurri\u00f3 a la hora 19.30 de este jueves 16 de marzo. No hubo heridos.<\/p>\n","protected":false},"author":3,"featured_media":0,"comment_status":"closed","ping_status":"closed","sticky":false,"template":"","format":"standard","meta":{"footnotes":""},"categories":[29],"tags":[48],"class_list":["post-85678","post","type-post","status-publish","format-standard","hentry","category-policiales","tag-destacada"],"yoast_head":"<!-- This site is optimized with the Yoast SEO plugin v25.9 - https:\/\/yoast.com\/wordpress\/plugins\/seo\/ -->\n<title>Un autom\u00f3vil se incendi\u00f3 por completo en la ruta 72 a 10 kms de Saldungaray - Noticias Radio Reflejos<\/title>\n<meta name=\"robots\" content=\"index, follow, max-snippet:-1, max-image-preview:large, max-video-preview:-1\" \/>\n<link rel=\"canonical\" href=\"https:\/\/www.noticiasradioreflejos.com.ar\/2021\/un-automovil-se-incendio-por-completo-en-la-ruta-72-a-10-kms-de-saldungaray\/\" \/>\n<meta property=\"og:locale\" content=\"es_ES\" \/>\n<meta property=\"og:type\" content=\"article\" \/>\n<meta property=\"og:title\" content=\"Un autom\u00f3vil se incendi\u00f3 por completo en la ruta 72 a 10 kms de Saldungaray - Noticias Radio Reflejos\" \/>\n<meta property=\"og:description\" content=\"El hecho ocurri\u00f3 a la hora 19.30 de este jueves 16 de marzo. No hubo heridos.\" \/>\n<meta property=\"og:url\" content=\"https:\/\/www.noticiasradioreflejos.com.ar\/2021\/un-automovil-se-incendio-por-completo-en-la-ruta-72-a-10-kms-de-saldungaray\/\" \/>\n<meta property=\"og:site_name\" content=\"Noticias Radio Reflejos\" \/>\n<meta property=\"article:published_time\" content=\"2023-03-17T15:47:12+00:00\" \/>\n<meta property=\"og:image\" content=\"https:\/\/live.staticflickr.com\/65535\/52752770552_1be5cddd6f_c.jpg\" \/>\n<meta name=\"author\" content=\"Arnaldo Botto\" \/>\n<meta name=\"twitter:card\" content=\"summary_large_image\" \/>\n<script type=\"application\/ld+json\" class=\"yoast-schema-graph\">{\"@context\":\"https:\/\/schema.org\",\"@graph\":[{\"@type\":\"WebPage\",\"@id\":\"https:\/\/www.noticiasradioreflejos.com.ar\/2021\/un-automovil-se-incendio-por-completo-en-la-ruta-72-a-10-kms-de-saldungaray\/\",\"url\":\"https:\/\/www.noticiasradioreflejos.com.ar\/2021\/un-automovil-se-incendio-por-completo-en-la-ruta-72-a-10-kms-de-saldungaray\/\",\"name\":\"Un autom\u00f3vil se incendi\u00f3 por completo en la ruta 72 a 10 kms de Saldungaray - Noticias Radio Reflejos\",\"isPartOf\":{\"@id\":\"https:\/\/www.noticiasradioreflejos.com.ar\/2021\/#website\"},\"primaryImageOfPage\":{\"@id\":\"https:\/\/www.noticiasradioreflejos.com.ar\/2021\/un-automovil-se-incendio-por-completo-en-la-ruta-72-a-10-kms-de-saldungaray\/#primaryimage\"},\"image\":{\"@id\":\"https:\/\/www.noticiasradioreflejos.com.ar\/2021\/un-automovil-se-incendio-por-completo-en-la-ruta-72-a-10-kms-de-saldungaray\/#primaryimage\"},\"thumbnailUrl\":\"https:\/\/live.staticflickr.com\/65535\/52752770552_1be5cddd6f_c.jpg\",\"datePublished\":\"2023-03-17T15:47:12+00:00\",\"author\":{\"@id\":\"https:\/\/www.noticiasradioreflejos.com.ar\/2021\/#\/schema\/person\/ad82545263dcc5ec0996818884fd5fb1\"},\"breadcrumb\":{\"@id\":\"https:\/\/www.noticiasradioreflejos.com.ar\/2021\/un-automovil-se-incendio-por-completo-en-la-ruta-72-a-10-kms-de-saldungaray\/#breadcrumb\"},\"inLanguage\":\"es\",\"potentialAction\":[{\"@type\":\"ReadAction\",\"target\":[\"https:\/\/www.noticiasradioreflejos.com.ar\/2021\/un-automovil-se-incendio-por-completo-en-la-ruta-72-a-10-kms-de-saldungaray\/\"]}]},{\"@type\":\"ImageObject\",\"inLanguage\":\"es\",\"@id\":\"https:\/\/www.noticiasradioreflejos.com.ar\/2021\/un-automovil-se-incendio-por-completo-en-la-ruta-72-a-10-kms-de-saldungaray\/#primaryimage\",\"url\":\"https:\/\/live.staticflickr.com\/65535\/52752770552_1be5cddd6f_c.jpg\",\"contentUrl\":\"https:\/\/live.staticflickr.com\/65535\/52752770552_1be5cddd6f_c.jpg\"},{\"@type\":\"BreadcrumbList\",\"@id\":\"https:\/\/www.noticiasradioreflejos.com.ar\/2021\/un-automovil-se-incendio-por-completo-en-la-ruta-72-a-10-kms-de-saldungaray\/#breadcrumb\",\"itemListElement\":[{\"@type\":\"ListItem\",\"position\":1,\"name\":\"Portada\",\"item\":\"https:\/\/www.noticiasradioreflejos.com.ar\/2021\/\"},{\"@type\":\"ListItem\",\"position\":2,\"name\":\"Un autom\u00f3vil se incendi\u00f3 por completo en la ruta 72 a 10 kms de Saldungaray\"}]},{\"@type\":\"WebSite\",\"@id\":\"https:\/\/www.noticiasradioreflejos.com.ar\/2021\/#website\",\"url\":\"https:\/\/www.noticiasradioreflejos.com.ar\/2021\/\",\"name\":\"Noticias Radio Reflejos\",\"description\":\"Las noticias de mi comarca\",\"potentialAction\":[{\"@type\":\"SearchAction\",\"target\":{\"@type\":\"EntryPoint\",\"urlTemplate\":\"https:\/\/www.noticiasradioreflejos.com.ar\/2021\/?s={search_term_string}\"},\"query-input\":{\"@type\":\"PropertyValueSpecification\",\"valueRequired\":true,\"valueName\":\"search_term_string\"}}],\"inLanguage\":\"es\"},{\"@type\":\"Person\",\"@id\":\"https:\/\/www.noticiasradioreflejos.com.ar\/2021\/#\/schema\/person\/ad82545263dcc5ec0996818884fd5fb1\",\"name\":\"Arnaldo Botto\",\"image\":{\"@type\":\"ImageObject\",\"inLanguage\":\"es\",\"@id\":\"https:\/\/www.noticiasradioreflejos.com.ar\/2021\/#\/schema\/person\/image\/\",\"url\":\"https:\/\/secure.gravatar.com\/avatar\/55cb5e37c1efa326397366e6974cb338056df65cb50e7d64d1cf314e87504837?s=96&d=mm&r=g\",\"contentUrl\":\"https:\/\/secure.gravatar.com\/avatar\/55cb5e37c1efa326397366e6974cb338056df65cb50e7d64d1cf314e87504837?s=96&d=mm&r=g\",\"caption\":\"Arnaldo Botto\"},\"url\":\"https:\/\/www.noticiasradioreflejos.com.ar\/2021\/author\/arnaldo\/\"}]}<\/script>\n<!-- \/ Yoast SEO plugin. -->","yoast_head_json":{"title":"Un autom\u00f3vil se incendi\u00f3 por completo en la ruta 72 a 10 kms de Saldungaray - Noticias Radio Reflejos","robots":{"index":"index","follow":"follow","max-snippet":"max-snippet:-1","max-image-preview":"max-image-preview:large","max-video-preview":"max-video-preview:-1"},"canonical":"https:\/\/www.noticiasradioreflejos.com.ar\/2021\/un-automovil-se-incendio-por-completo-en-la-ruta-72-a-10-kms-de-saldungaray\/","og_locale":"es_ES","og_type":"article","og_title":"Un autom\u00f3vil se incendi\u00f3 por completo en la ruta 72 a 10 kms de Saldungaray - Noticias Radio Reflejos","og_description":"El hecho ocurri\u00f3 a la hora 19.30 de este jueves 16 de marzo. No hubo heridos.","og_url":"https:\/\/www.noticiasradioreflejos.com.ar\/2021\/un-automovil-se-incendio-por-completo-en-la-ruta-72-a-10-kms-de-saldungaray\/","og_site_name":"Noticias Radio Reflejos","article_published_time":"2023-03-17T15:47:12+00:00","og_image":[{"url":"https:\/\/live.staticflickr.com\/65535\/52752770552_1be5cddd6f_c.jpg","type":"","width":"","height":""}],"author":"Arnaldo Botto","twitter_card":"summary_large_image","schema":{"@context":"https:\/\/schema.org","@graph":[{"@type":"WebPage","@id":"https:\/\/www.noticiasradioreflejos.com.ar\/2021\/un-automovil-se-incendio-por-completo-en-la-ruta-72-a-10-kms-de-saldungaray\/","url":"https:\/\/www.noticiasradioreflejos.com.ar\/2021\/un-automovil-se-incendio-por-completo-en-la-ruta-72-a-10-kms-de-saldungaray\/","name":"Un autom\u00f3vil se incendi\u00f3 por completo en la ruta 72 a 10 kms de Saldungaray - Noticias Radio Reflejos","isPartOf":{"@id":"https:\/\/www.noticiasradioreflejos.com.ar\/2021\/#website"},"primaryImageOfPage":{"@id":"https:\/\/www.noticiasradioreflejos.com.ar\/2021\/un-automovil-se-incendio-por-completo-en-la-ruta-72-a-10-kms-de-saldungaray\/#primaryimage"},"image":{"@id":"https:\/\/www.noticiasradioreflejos.com.ar\/2021\/un-automovil-se-incendio-por-completo-en-la-ruta-72-a-10-kms-de-saldungaray\/#primaryimage"},"thumbnailUrl":"https:\/\/live.staticflickr.com\/65535\/52752770552_1be5cddd6f_c.jpg","datePublished":"2023-03-17T15:47:12+00:00","author":{"@id":"https:\/\/www.noticiasradioreflejos.com.ar\/2021\/#\/schema\/person\/ad82545263dcc5ec0996818884fd5fb1"},"breadcrumb":{"@id":"https:\/\/www.noticiasradioreflejos.com.ar\/2021\/un-automovil-se-incendio-por-completo-en-la-ruta-72-a-10-kms-de-saldungaray\/#breadcrumb"},"inLanguage":"es","potentialAction":[{"@type":"ReadAction","target":["https:\/\/www.noticiasradioreflejos.com.ar\/2021\/un-automovil-se-incendio-por-completo-en-la-ruta-72-a-10-kms-de-saldungaray\/"]}]},{"@type":"ImageObject","inLanguage":"es","@id":"https:\/\/www.noticiasradioreflejos.com.ar\/2021\/un-automovil-se-incendio-por-completo-en-la-ruta-72-a-10-kms-de-saldungaray\/#primaryimage","url":"https:\/\/live.staticflickr.com\/65535\/52752770552_1be5cddd6f_c.jpg","contentUrl":"https:\/\/live.staticflickr.com\/65535\/52752770552_1be5cddd6f_c.jpg"},{"@type":"BreadcrumbList","@id":"https:\/\/www.noticiasradioreflejos.com.ar\/2021\/un-automovil-se-incendio-por-completo-en-la-ruta-72-a-10-kms-de-saldungaray\/#breadcrumb","itemListElement":[{"@type":"ListItem","position":1,"name":"Portada","item":"https:\/\/www.noticiasradioreflejos.com.ar\/2021\/"},{"@type":"ListItem","position":2,"name":"Un autom\u00f3vil se incendi\u00f3 por completo en la ruta 72 a 10 kms de Saldungaray"}]},{"@type":"WebSite","@id":"https:\/\/www.noticiasradioreflejos.com.ar\/2021\/#website","url":"https:\/\/www.noticiasradioreflejos.com.ar\/2021\/","name":"Noticias Radio Reflejos","description":"Las noticias de mi comarca","potentialAction":[{"@type":"SearchAction","target":{"@type":"EntryPoint","urlTemplate":"https:\/\/www.noticiasradioreflejos.com.ar\/2021\/?s={search_term_string}"},"query-input":{"@type":"PropertyValueSpecification","valueRequired":true,"valueName":"search_term_string"}}],"inLanguage":"es"},{"@type":"Person","@id":"https:\/\/www.noticiasradioreflejos.com.ar\/2021\/#\/schema\/person\/ad82545263dcc5ec0996818884fd5fb1","name":"Arnaldo Botto","image":{"@type":"ImageObject","inLanguage":"es","@id":"https:\/\/www.noticiasradioreflejos.com.ar\/2021\/#\/schema\/person\/image\/","url":"https:\/\/secure.gravatar.com\/avatar\/55cb5e37c1efa326397366e6974cb338056df65cb50e7d64d1cf314e87504837?s=96&d=mm&r=g","contentUrl":"https:\/\/secure.gravatar.com\/avatar\/55cb5e37c1efa326397366e6974cb338056df65cb50e7d64d1cf314e87504837?s=96&d=mm&r=g","caption":"Arnaldo Botto"},"url":"https:\/\/www.noticiasradioreflejos.com.ar\/2021\/author\/arnaldo\/"}]}},"_links":{"self":[{"href":"https:\/\/www.noticiasradioreflejos.com.ar\/2021\/wp-json\/wp\/v2\/posts\/85678","targetHints":{"allow":["GET"]}}],"collection":[{"href":"https:\/\/www.noticiasradioreflejos.com.ar\/2021\/wp-json\/wp\/v2\/posts"}],"about":[{"href":"https:\/\/www.noticiasradioreflejos.com.ar\/2021\/wp-json\/wp\/v2\/types\/post"}],"author":[{"embeddable":true,"href":"https:\/\/www.noticiasradioreflejos.com.ar\/2021\/wp-json\/wp\/v2\/users\/3"}],"replies":[{"embeddable":true,"href":"https:\/\/www.noticiasradioreflejos.com.ar\/2021\/wp-json\/wp\/v2\/comments?post=85678"}],"version-history":[{"count":1,"href":"https:\/\/www.noticiasradioreflejos.com.ar\/2021\/wp-json\/wp\/v2\/posts\/85678\/revisions"}],"predecessor-version":[{"id":85680,"href":"https:\/\/www.noticiasradioreflejos.com.ar\/2021\/wp-json\/wp\/v2\/posts\/85678\/revisions\/85680"}],"wp:attachment":[{"href":"https:\/\/www.noticiasradioreflejos.com.ar\/2021\/wp-json\/wp\/v2\/media?parent=85678"}],"wp:term":[{"taxonomy":"category","embeddable":true,"href":"https:\/\/www.noticiasradioreflejos.com.ar\/2021\/wp-json\/wp\/v2\/categories?post=85678"},{"taxonomy":"post_tag","embeddable":true,"href":"https:\/\/www.noticiasradioreflejos.com.ar\/2021\/wp-json\/wp\/v2\/tags?post=85678"}],"curies":[{"name":"wp","href":"https:\/\/api.w.org\/{rel}","templated":true}]}}