{"id":85669,"date":"2023-03-17T11:50:46","date_gmt":"2023-03-17T11:50:46","guid":{"rendered":"https:\/\/www.noticiasradioreflejos.com.ar\/2021\/?p=85669"},"modified":"2023-03-17T11:50:46","modified_gmt":"2023-03-17T11:50:46","slug":"comienza-hoy-la-campana-antigripal-en-territorio-bonaerense","status":"publish","type":"post","link":"https:\/\/www.noticiasradioreflejos.com.ar\/2021\/comienza-hoy-la-campana-antigripal-en-territorio-bonaerense\/","title":{"rendered":"Comienza hoy la Campa\u00f1a Antigripal en territorio bonaerense"},"content":{"rendered":"<p>La Campa\u00f1a Nacional de Vacunaci\u00f3n Antigripal 2023, que se extender\u00e1 de forma gratuita y escalonada, comienza hoy con el personal de salud en la provincia de Buenos Aires, precis\u00f3 el ministerio de Salud bonaerense.<!--more--><\/p>\n<p>En un comunicado, se indic\u00f3 que la vacuna antigripal tiene por objetivo \u201creducir complicaciones, secuelas, hospitalizaciones y muertes ocasionadas por la infecci\u00f3n del virus influenza en la poblaci\u00f3n de riesgo\u201d.<\/p>\n<p>Se precis\u00f3 que, en territorio bonaerense, la estrategia de vacunaci\u00f3n ser\u00e1 de manera escalonada, de acuerdo a la poblaci\u00f3n m\u00e1s expuesta, por lo que est\u00e1 previsto que la primera etapa, que comienza ma\u00f1ana, est\u00e1 dirigida al personal de salud.<\/p>\n<p>Las dosis estar\u00e1n disponibles en forma gratuita en todos los vacunatorios bonaerenses y no requiere orden m\u00e9dica.<\/p>\n<p>En tanto, desde la cartera sanitaria recordaron que es importante que todas las personas a partir de los 6 meses cuenten con su esquema primario de vacunaci\u00f3n Covid-19 completo, y las dosis de refuerzo correspondiente.<\/p>\n<p>Adem\u00e1s, aclararon que para quienes no est\u00e9n al d\u00eda, ambas vacunas pueden administrarse en forma simult\u00e1nea y junto con otras inmunizaciones del Calendario Nacional.<\/p>\n<p>Recomendaron que toda persona que concurra al vacunatorio lleve su carnet y libreta de vacunaci\u00f3n, junto con la de sus hijos e hijas para su chequeo por parte del equipo de salud.<\/p>\n<p>\u201cLa gripe o influenza es una enfermedad viral respiratoria muy transmisible ya que se contagia de una persona a otra, por el contacto de gotitas provenientes de la v\u00eda respiratoria de personas infectadas que se propagan al toser, estornudar o tambi\u00e9n a trav\u00e9s de superficies u objetos contaminados con estas secreciones\u201d, indicaron desde la cartera que conduce Nicol\u00e1s Kreplak y agregaron que, aunque \u201cla mayor\u00eda de los afectados se recupera en una o dos semanas, en grupos poblaciones de riesgo puede ocasionar graves complicaciones\u201d.<\/p>\n<p>Por \u00faltimo se inform\u00f3 que adem\u00e1s del personal de salud, la vacuna contra la gripe est\u00e1 dirigida ni\u00f1os de 6 a 24 meses, personas gestantes en cualquier trimestre de gestaci\u00f3n, pu\u00e9rperas (preferentemente antes del egreso de la maternidad), personas de 2 a 64 a\u00f1os con factores de riesgo, mayores de 65 y personal estrat\u00e9gico.<\/p>\n","protected":false},"excerpt":{"rendered":"<p>La Campa\u00f1a Nacional de Vacunaci\u00f3n Antigripal 2023, que se extender\u00e1 de forma gratuita y escalonada, comienza hoy con el personal de salud en la provincia de Buenos Aires, precis\u00f3 el ministerio de Salud bonaerense.<\/p>\n","protected":false},"author":3,"featured_media":0,"comment_status":"closed","ping_status":"closed","sticky":false,"template":"","format":"standard","meta":{"footnotes":""},"categories":[30],"tags":[],"class_list":["post-85669","post","type-post","status-publish","format-standard","hentry","category-salud"],"yoast_head":"<!-- This site is optimized with the Yoast SEO plugin v25.9 - https:\/\/yoast.com\/wordpress\/plugins\/seo\/ -->\n<title>Comienza hoy la Campa\u00f1a Antigripal en territorio bonaerense - Noticias Radio Reflejos<\/title>\n<meta name=\"robots\" content=\"index, follow, max-snippet:-1, max-image-preview:large, max-video-preview:-1\" \/>\n<link rel=\"canonical\" href=\"https:\/\/www.noticiasradioreflejos.com.ar\/2021\/comienza-hoy-la-campana-antigripal-en-territorio-bonaerense\/\" \/>\n<meta property=\"og:locale\" content=\"es_ES\" \/>\n<meta property=\"og:type\" content=\"article\" \/>\n<meta property=\"og:title\" content=\"Comienza hoy la Campa\u00f1a Antigripal en territorio bonaerense - Noticias Radio Reflejos\" \/>\n<meta property=\"og:description\" content=\"La Campa\u00f1a Nacional de Vacunaci\u00f3n Antigripal 2023, que se extender\u00e1 de forma gratuita y escalonada, comienza hoy con el personal de salud en la provincia de Buenos Aires, precis\u00f3 el ministerio de Salud bonaerense.\" \/>\n<meta property=\"og:url\" content=\"https:\/\/www.noticiasradioreflejos.com.ar\/2021\/comienza-hoy-la-campana-antigripal-en-territorio-bonaerense\/\" \/>\n<meta property=\"og:site_name\" content=\"Noticias Radio Reflejos\" \/>\n<meta property=\"article:published_time\" content=\"2023-03-17T11:50:46+00:00\" \/>\n<meta property=\"og:image\" content=\"https:\/\/www.noticiasradioreflejos.com.ar\/2021\/wp-content\/uploads\/2021\/07\/logosol300x200.png\" \/>\n\t<meta property=\"og:image:width\" content=\"300\" \/>\n\t<meta property=\"og:image:height\" content=\"200\" \/>\n\t<meta property=\"og:image:type\" content=\"image\/png\" \/>\n<meta name=\"author\" content=\"Arnaldo Botto\" \/>\n<meta name=\"twitter:card\" content=\"summary_large_image\" \/>\n<script type=\"application\/ld+json\" class=\"yoast-schema-graph\">{\"@context\":\"https:\/\/schema.org\",\"@graph\":[{\"@type\":\"WebPage\",\"@id\":\"https:\/\/www.noticiasradioreflejos.com.ar\/2021\/comienza-hoy-la-campana-antigripal-en-territorio-bonaerense\/\",\"url\":\"https:\/\/www.noticiasradioreflejos.com.ar\/2021\/comienza-hoy-la-campana-antigripal-en-territorio-bonaerense\/\",\"name\":\"Comienza hoy la Campa\u00f1a Antigripal en territorio bonaerense - Noticias Radio Reflejos\",\"isPartOf\":{\"@id\":\"https:\/\/www.noticiasradioreflejos.com.ar\/2021\/#website\"},\"datePublished\":\"2023-03-17T11:50:46+00:00\",\"author\":{\"@id\":\"https:\/\/www.noticiasradioreflejos.com.ar\/2021\/#\/schema\/person\/ad82545263dcc5ec0996818884fd5fb1\"},\"breadcrumb\":{\"@id\":\"https:\/\/www.noticiasradioreflejos.com.ar\/2021\/comienza-hoy-la-campana-antigripal-en-territorio-bonaerense\/#breadcrumb\"},\"inLanguage\":\"es\",\"potentialAction\":[{\"@type\":\"ReadAction\",\"target\":[\"https:\/\/www.noticiasradioreflejos.com.ar\/2021\/comienza-hoy-la-campana-antigripal-en-territorio-bonaerense\/\"]}]},{\"@type\":\"BreadcrumbList\",\"@id\":\"https:\/\/www.noticiasradioreflejos.com.ar\/2021\/comienza-hoy-la-campana-antigripal-en-territorio-bonaerense\/#breadcrumb\",\"itemListElement\":[{\"@type\":\"ListItem\",\"position\":1,\"name\":\"Portada\",\"item\":\"https:\/\/www.noticiasradioreflejos.com.ar\/2021\/\"},{\"@type\":\"ListItem\",\"position\":2,\"name\":\"Comienza hoy la Campa\u00f1a Antigripal en territorio bonaerense\"}]},{\"@type\":\"WebSite\",\"@id\":\"https:\/\/www.noticiasradioreflejos.com.ar\/2021\/#website\",\"url\":\"https:\/\/www.noticiasradioreflejos.com.ar\/2021\/\",\"name\":\"Noticias Radio Reflejos\",\"description\":\"Las noticias de mi comarca\",\"potentialAction\":[{\"@type\":\"SearchAction\",\"target\":{\"@type\":\"EntryPoint\",\"urlTemplate\":\"https:\/\/www.noticiasradioreflejos.com.ar\/2021\/?s={search_term_string}\"},\"query-input\":{\"@type\":\"PropertyValueSpecification\",\"valueRequired\":true,\"valueName\":\"search_term_string\"}}],\"inLanguage\":\"es\"},{\"@type\":\"Person\",\"@id\":\"https:\/\/www.noticiasradioreflejos.com.ar\/2021\/#\/schema\/person\/ad82545263dcc5ec0996818884fd5fb1\",\"name\":\"Arnaldo Botto\",\"image\":{\"@type\":\"ImageObject\",\"inLanguage\":\"es\",\"@id\":\"https:\/\/www.noticiasradioreflejos.com.ar\/2021\/#\/schema\/person\/image\/\",\"url\":\"https:\/\/secure.gravatar.com\/avatar\/55cb5e37c1efa326397366e6974cb338056df65cb50e7d64d1cf314e87504837?s=96&d=mm&r=g\",\"contentUrl\":\"https:\/\/secure.gravatar.com\/avatar\/55cb5e37c1efa326397366e6974cb338056df65cb50e7d64d1cf314e87504837?s=96&d=mm&r=g\",\"caption\":\"Arnaldo Botto\"},\"url\":\"https:\/\/www.noticiasradioreflejos.com.ar\/2021\/author\/arnaldo\/\"}]}<\/script>\n<!-- \/ Yoast SEO plugin. -->","yoast_head_json":{"title":"Comienza hoy la Campa\u00f1a Antigripal en territorio bonaerense - Noticias Radio Reflejos","robots":{"index":"index","follow":"follow","max-snippet":"max-snippet:-1","max-image-preview":"max-image-preview:large","max-video-preview":"max-video-preview:-1"},"canonical":"https:\/\/www.noticiasradioreflejos.com.ar\/2021\/comienza-hoy-la-campana-antigripal-en-territorio-bonaerense\/","og_locale":"es_ES","og_type":"article","og_title":"Comienza hoy la Campa\u00f1a Antigripal en territorio bonaerense - Noticias Radio Reflejos","og_description":"La Campa\u00f1a Nacional de Vacunaci\u00f3n Antigripal 2023, que se extender\u00e1 de forma gratuita y escalonada, comienza hoy con el personal de salud en la provincia de Buenos Aires, precis\u00f3 el ministerio de Salud bonaerense.","og_url":"https:\/\/www.noticiasradioreflejos.com.ar\/2021\/comienza-hoy-la-campana-antigripal-en-territorio-bonaerense\/","og_site_name":"Noticias Radio Reflejos","article_published_time":"2023-03-17T11:50:46+00:00","og_image":[{"width":300,"height":200,"url":"https:\/\/www.noticiasradioreflejos.com.ar\/2021\/wp-content\/uploads\/2021\/07\/logosol300x200.png","type":"image\/png"}],"author":"Arnaldo Botto","twitter_card":"summary_large_image","schema":{"@context":"https:\/\/schema.org","@graph":[{"@type":"WebPage","@id":"https:\/\/www.noticiasradioreflejos.com.ar\/2021\/comienza-hoy-la-campana-antigripal-en-territorio-bonaerense\/","url":"https:\/\/www.noticiasradioreflejos.com.ar\/2021\/comienza-hoy-la-campana-antigripal-en-territorio-bonaerense\/","name":"Comienza hoy la Campa\u00f1a Antigripal en territorio bonaerense - Noticias Radio Reflejos","isPartOf":{"@id":"https:\/\/www.noticiasradioreflejos.com.ar\/2021\/#website"},"datePublished":"2023-03-17T11:50:46+00:00","author":{"@id":"https:\/\/www.noticiasradioreflejos.com.ar\/2021\/#\/schema\/person\/ad82545263dcc5ec0996818884fd5fb1"},"breadcrumb":{"@id":"https:\/\/www.noticiasradioreflejos.com.ar\/2021\/comienza-hoy-la-campana-antigripal-en-territorio-bonaerense\/#breadcrumb"},"inLanguage":"es","potentialAction":[{"@type":"ReadAction","target":["https:\/\/www.noticiasradioreflejos.com.ar\/2021\/comienza-hoy-la-campana-antigripal-en-territorio-bonaerense\/"]}]},{"@type":"BreadcrumbList","@id":"https:\/\/www.noticiasradioreflejos.com.ar\/2021\/comienza-hoy-la-campana-antigripal-en-territorio-bonaerense\/#breadcrumb","itemListElement":[{"@type":"ListItem","position":1,"name":"Portada","item":"https:\/\/www.noticiasradioreflejos.com.ar\/2021\/"},{"@type":"ListItem","position":2,"name":"Comienza hoy la Campa\u00f1a Antigripal en territorio bonaerense"}]},{"@type":"WebSite","@id":"https:\/\/www.noticiasradioreflejos.com.ar\/2021\/#website","url":"https:\/\/www.noticiasradioreflejos.com.ar\/2021\/","name":"Noticias Radio Reflejos","description":"Las noticias de mi comarca","potentialAction":[{"@type":"SearchAction","target":{"@type":"EntryPoint","urlTemplate":"https:\/\/www.noticiasradioreflejos.com.ar\/2021\/?s={search_term_string}"},"query-input":{"@type":"PropertyValueSpecification","valueRequired":true,"valueName":"search_term_string"}}],"inLanguage":"es"},{"@type":"Person","@id":"https:\/\/www.noticiasradioreflejos.com.ar\/2021\/#\/schema\/person\/ad82545263dcc5ec0996818884fd5fb1","name":"Arnaldo Botto","image":{"@type":"ImageObject","inLanguage":"es","@id":"https:\/\/www.noticiasradioreflejos.com.ar\/2021\/#\/schema\/person\/image\/","url":"https:\/\/secure.gravatar.com\/avatar\/55cb5e37c1efa326397366e6974cb338056df65cb50e7d64d1cf314e87504837?s=96&d=mm&r=g","contentUrl":"https:\/\/secure.gravatar.com\/avatar\/55cb5e37c1efa326397366e6974cb338056df65cb50e7d64d1cf314e87504837?s=96&d=mm&r=g","caption":"Arnaldo Botto"},"url":"https:\/\/www.noticiasradioreflejos.com.ar\/2021\/author\/arnaldo\/"}]}},"_links":{"self":[{"href":"https:\/\/www.noticiasradioreflejos.com.ar\/2021\/wp-json\/wp\/v2\/posts\/85669","targetHints":{"allow":["GET"]}}],"collection":[{"href":"https:\/\/www.noticiasradioreflejos.com.ar\/2021\/wp-json\/wp\/v2\/posts"}],"about":[{"href":"https:\/\/www.noticiasradioreflejos.com.ar\/2021\/wp-json\/wp\/v2\/types\/post"}],"author":[{"embeddable":true,"href":"https:\/\/www.noticiasradioreflejos.com.ar\/2021\/wp-json\/wp\/v2\/users\/3"}],"replies":[{"embeddable":true,"href":"https:\/\/www.noticiasradioreflejos.com.ar\/2021\/wp-json\/wp\/v2\/comments?post=85669"}],"version-history":[{"count":1,"href":"https:\/\/www.noticiasradioreflejos.com.ar\/2021\/wp-json\/wp\/v2\/posts\/85669\/revisions"}],"predecessor-version":[{"id":85670,"href":"https:\/\/www.noticiasradioreflejos.com.ar\/2021\/wp-json\/wp\/v2\/posts\/85669\/revisions\/85670"}],"wp:attachment":[{"href":"https:\/\/www.noticiasradioreflejos.com.ar\/2021\/wp-json\/wp\/v2\/media?parent=85669"}],"wp:term":[{"taxonomy":"category","embeddable":true,"href":"https:\/\/www.noticiasradioreflejos.com.ar\/2021\/wp-json\/wp\/v2\/categories?post=85669"},{"taxonomy":"post_tag","embeddable":true,"href":"https:\/\/www.noticiasradioreflejos.com.ar\/2021\/wp-json\/wp\/v2\/tags?post=85669"}],"curies":[{"name":"wp","href":"https:\/\/api.w.org\/{rel}","templated":true}]}}