{"id":85577,"date":"2023-03-15T17:50:20","date_gmt":"2023-03-15T17:50:20","guid":{"rendered":"https:\/\/www.noticiasradioreflejos.com.ar\/2021\/?p=85577"},"modified":"2023-03-15T17:50:20","modified_gmt":"2023-03-15T17:50:20","slug":"las-ultimas-novedades-desde-la-secretaria-de-salud","status":"publish","type":"post","link":"https:\/\/www.noticiasradioreflejos.com.ar\/2021\/las-ultimas-novedades-desde-la-secretaria-de-salud\/","title":{"rendered":"Las \u00faltimas novedades desde la Secretar\u00eda de Salud"},"content":{"rendered":"<p>Se llevar\u00e1 adelante un taller sobre emociones y culpa. Al mismo tiempo lleg\u00f3 una nueva ambulancia. \u201cLa que lleg\u00f3 es una unidad de alta complejidad\u201d confirm\u00f3 la <strong>secretaria Noelia Baier.<\/strong><!--more--><\/p>\n<p><a title=\"WhatsApp Image 2023-03-13 at 10.21.52\" href=\"https:\/\/www.flickr.com\/photos\/182279889@N02\/52748940407\/in\/dateposted-public\/\" data-flickr-embed=\"true\"><img loading=\"lazy\" decoding=\"async\" class=\"alignleft\" src=\"https:\/\/live.staticflickr.com\/65535\/52748940407_c19ba33738_c.jpg\" alt=\"WhatsApp Image 2023-03-13 at 10.21.52\" width=\"429\" height=\"536\" \/><\/a>Marzo viene siendo un mes sumamente positivo para la siempre ajetreada \u00e1rea de salud del municipio. Al respecto Noelia Baier, m\u00e1xima referente de ese sector, brind\u00f3 detalles de lo que viene ocurriendo en este comienzo de 2023.<\/p>\n<p>&nbsp;<\/p>\n<p>En primera instancia la secretaria se refiri\u00f3 a las actividades por el mes de la mujer. En esa l\u00ednea afirm\u00f3 que se est\u00e1n dando \u201cactividades programadas en torno a esa tem\u00e1tica. Decidimos llamarlo el mes de la mujer, porque son actividades de distintas \u00e1reas del municipio est\u00e1n programadas para todo el mes\u201d.<\/p>\n<p>&nbsp;<\/p>\n<p>Al respecto confirm\u00f3 que \u201cel viernes 17 a las 18:30 en el Centro Cultural de Sierra se va a estar dando este taller emocional denominado De la culpa que tortura a la culpa que repara. Antes de la pandemia estos talleres eran apuntados a la salud biol\u00f3gica, pero despu\u00e9s de esto decidimos darle un giro a lo emocional. Es abierto a toda la comunidad sin distinci\u00f3n de sexo. Es un taller muy relajado. Pueden ir con mate y un cuadernito para tomar nota. Se trabaja, se hacen actividades. Tendremos un break en el medio. Es mejor ir c\u00f3modo\u201d.<\/p>\n<p>&nbsp;<\/p>\n<p><a title=\"Entrega ambulancia 3-3 (13)\" href=\"https:\/\/www.flickr.com\/photos\/182279889@N02\/52723435647\/in\/dateposted-public\/\" data-flickr-embed=\"true\"><img loading=\"lazy\" decoding=\"async\" src=\"https:\/\/live.staticflickr.com\/65535\/52723435647_6b80d86589_c.jpg\" alt=\"Entrega ambulancia 3-3 (13)\" width=\"800\" height=\"533\" \/><\/a><\/p>\n<p>&nbsp;<\/p>\n<p>En tanto que en otro pasaje de la charla expres\u00f3 sus sensaciones tras el arribo de una nueva ambulancia.<\/p>\n<p>Seg\u00fan reconoci\u00f3, \u201cera un pedido que ven\u00edamos haci\u00e9ndole al intendente, dado a nuestro parque automotor. Antes de la terapia los traslados eran muy frecuentes, todos los d\u00edas y a cualquier momento. Ahora con la terapia pudimos mermar un poco eso\u201d.<\/p>\n<p>Baier asegur\u00f3 que \u201cel intendente lo ven\u00eda gestionando. Le hab\u00edan dicho que exist\u00eda la posibilidad de entregar una y tal vez una segunda. Pero muy contentos. En noviembre cuando vino el ministro volvimos a insistir y nos dijo que ya estaba destinada. Y el d\u00eda que vino el gobernador se rompi\u00f3 el motor de una de nuestras ambulancias y nuestro intendente le pudo trasmitir el mensaje a Kicillof y nos dijo que la pr\u00f3xima semana iba a estar. Finalmente el 3 nos entregaron la nueva unidad. Es una ambulancia de alta complejidad\u201d.<\/p>\n<p>&nbsp;<\/p>\n<p>Pensando en el siguiente paso dentro de esas necesidades puntuales, la Secretaria de Salud cont\u00f3 que \u201cuna ambulancia m\u00e1s en Sierra ser\u00eda \u00f3ptimo. De estas charlas y gestiones que tuvo el intendente con el ministro, siempre se solicitaron dos. Una ya lleg\u00f3 y la otra estamos a la espera\u201d.<\/p>\n<p><iframe loading=\"lazy\" src=\"https:\/\/w.soundcloud.com\/player\/?url=https%3A\/\/api.soundcloud.com\/tracks\/1469513200&amp;color=%23ff5500&amp;auto_play=false&amp;hide_related=false&amp;show_comments=true&amp;show_user=true&amp;show_reposts=false&amp;show_teaser=true\" width=\"100%\" height=\"166\" frameborder=\"no\" scrolling=\"no\"><\/iframe><\/p>\n<div style=\"font-size: 10px; color: #cccccc; line-break: anywhere; word-break: normal; overflow: hidden; white-space: nowrap; text-overflow: ellipsis; font-family: Interstate,Lucida Grande,Lucida Sans Unicode,Lucida Sans,Garuda,Verdana,Tahoma,sans-serif; font-weight: 100;\"><a style=\"color: #cccccc; text-decoration: none;\" title=\"fmreflejos 103.7\" href=\"https:\/\/soundcloud.com\/fmreflejos-103-7\" target=\"_blank\" rel=\"noopener\">fmreflejos 103.7<\/a> \u00b7 <a style=\"color: #cccccc; text-decoration: none;\" title=\"Noelia Baier\" href=\"https:\/\/soundcloud.com\/fmreflejos-103-7\/noelia-baier-6\" target=\"_blank\" rel=\"noopener\">Noelia Baier<\/a><\/div>\n<p><a href=\"https:\/\/www.noticiasradioreflejos.com.ar\/2021\/bordoni-recibio-al-ministro-nicolas-kreplak-quien-entrego-una-ambulancia-para-tornquist\/entrega-ambulancia-3-3-11\/\" rel=\"attachment wp-att-84997\"><img loading=\"lazy\" decoding=\"async\" class=\"aligncenter size-full wp-image-84997\" src=\"https:\/\/www.noticiasradioreflejos.com.ar\/2021\/wp-content\/uploads\/2023\/03\/Entrega-ambulancia-3-3-11.jpeg\" alt=\"\" width=\"1599\" height=\"1066\" \/><\/a><\/p>\n<p>&nbsp;<\/p>\n","protected":false},"excerpt":{"rendered":"<p>Se llevar\u00e1 adelante un taller sobre emociones y culpa. Al mismo tiempo lleg\u00f3 una nueva ambulancia. \u201cLa que lleg\u00f3 es una unidad de alta complejidad\u201d confirm\u00f3 la secretaria Noelia Baier.<\/p>\n","protected":false},"author":3,"featured_media":0,"comment_status":"closed","ping_status":"closed","sticky":false,"template":"","format":"standard","meta":{"footnotes":""},"categories":[28,30],"tags":[48],"class_list":["post-85577","post","type-post","status-publish","format-standard","hentry","category-municipales","category-salud","tag-destacada"],"yoast_head":"<!-- This site is optimized with the Yoast SEO plugin v25.9 - https:\/\/yoast.com\/wordpress\/plugins\/seo\/ -->\n<title>Las \u00faltimas novedades desde la Secretar\u00eda de Salud - Noticias Radio Reflejos<\/title>\n<meta name=\"robots\" content=\"index, follow, max-snippet:-1, max-image-preview:large, max-video-preview:-1\" \/>\n<link rel=\"canonical\" href=\"https:\/\/www.noticiasradioreflejos.com.ar\/2021\/las-ultimas-novedades-desde-la-secretaria-de-salud\/\" \/>\n<meta property=\"og:locale\" content=\"es_ES\" \/>\n<meta property=\"og:type\" content=\"article\" \/>\n<meta property=\"og:title\" content=\"Las \u00faltimas novedades desde la Secretar\u00eda de Salud - Noticias Radio Reflejos\" \/>\n<meta property=\"og:description\" content=\"Se llevar\u00e1 adelante un taller sobre emociones y culpa. Al mismo tiempo lleg\u00f3 una nueva ambulancia. \u201cLa que lleg\u00f3 es una unidad de alta complejidad\u201d confirm\u00f3 la secretaria Noelia Baier.\" \/>\n<meta property=\"og:url\" content=\"https:\/\/www.noticiasradioreflejos.com.ar\/2021\/las-ultimas-novedades-desde-la-secretaria-de-salud\/\" \/>\n<meta property=\"og:site_name\" content=\"Noticias Radio Reflejos\" \/>\n<meta property=\"article:published_time\" content=\"2023-03-15T17:50:20+00:00\" \/>\n<meta property=\"og:image\" content=\"https:\/\/live.staticflickr.com\/65535\/52748940407_c19ba33738_c.jpg\" \/>\n<meta name=\"author\" content=\"Arnaldo Botto\" \/>\n<meta name=\"twitter:card\" content=\"summary_large_image\" \/>\n<script type=\"application\/ld+json\" class=\"yoast-schema-graph\">{\"@context\":\"https:\/\/schema.org\",\"@graph\":[{\"@type\":\"WebPage\",\"@id\":\"https:\/\/www.noticiasradioreflejos.com.ar\/2021\/las-ultimas-novedades-desde-la-secretaria-de-salud\/\",\"url\":\"https:\/\/www.noticiasradioreflejos.com.ar\/2021\/las-ultimas-novedades-desde-la-secretaria-de-salud\/\",\"name\":\"Las \u00faltimas novedades desde la Secretar\u00eda de Salud - Noticias Radio Reflejos\",\"isPartOf\":{\"@id\":\"https:\/\/www.noticiasradioreflejos.com.ar\/2021\/#website\"},\"primaryImageOfPage\":{\"@id\":\"https:\/\/www.noticiasradioreflejos.com.ar\/2021\/las-ultimas-novedades-desde-la-secretaria-de-salud\/#primaryimage\"},\"image\":{\"@id\":\"https:\/\/www.noticiasradioreflejos.com.ar\/2021\/las-ultimas-novedades-desde-la-secretaria-de-salud\/#primaryimage\"},\"thumbnailUrl\":\"https:\/\/live.staticflickr.com\/65535\/52748940407_c19ba33738_c.jpg\",\"datePublished\":\"2023-03-15T17:50:20+00:00\",\"author\":{\"@id\":\"https:\/\/www.noticiasradioreflejos.com.ar\/2021\/#\/schema\/person\/ad82545263dcc5ec0996818884fd5fb1\"},\"breadcrumb\":{\"@id\":\"https:\/\/www.noticiasradioreflejos.com.ar\/2021\/las-ultimas-novedades-desde-la-secretaria-de-salud\/#breadcrumb\"},\"inLanguage\":\"es\",\"potentialAction\":[{\"@type\":\"ReadAction\",\"target\":[\"https:\/\/www.noticiasradioreflejos.com.ar\/2021\/las-ultimas-novedades-desde-la-secretaria-de-salud\/\"]}]},{\"@type\":\"ImageObject\",\"inLanguage\":\"es\",\"@id\":\"https:\/\/www.noticiasradioreflejos.com.ar\/2021\/las-ultimas-novedades-desde-la-secretaria-de-salud\/#primaryimage\",\"url\":\"https:\/\/live.staticflickr.com\/65535\/52748940407_c19ba33738_c.jpg\",\"contentUrl\":\"https:\/\/live.staticflickr.com\/65535\/52748940407_c19ba33738_c.jpg\"},{\"@type\":\"BreadcrumbList\",\"@id\":\"https:\/\/www.noticiasradioreflejos.com.ar\/2021\/las-ultimas-novedades-desde-la-secretaria-de-salud\/#breadcrumb\",\"itemListElement\":[{\"@type\":\"ListItem\",\"position\":1,\"name\":\"Portada\",\"item\":\"https:\/\/www.noticiasradioreflejos.com.ar\/2021\/\"},{\"@type\":\"ListItem\",\"position\":2,\"name\":\"Las \u00faltimas novedades desde la Secretar\u00eda de Salud\"}]},{\"@type\":\"WebSite\",\"@id\":\"https:\/\/www.noticiasradioreflejos.com.ar\/2021\/#website\",\"url\":\"https:\/\/www.noticiasradioreflejos.com.ar\/2021\/\",\"name\":\"Noticias Radio Reflejos\",\"description\":\"Las noticias de mi comarca\",\"potentialAction\":[{\"@type\":\"SearchAction\",\"target\":{\"@type\":\"EntryPoint\",\"urlTemplate\":\"https:\/\/www.noticiasradioreflejos.com.ar\/2021\/?s={search_term_string}\"},\"query-input\":{\"@type\":\"PropertyValueSpecification\",\"valueRequired\":true,\"valueName\":\"search_term_string\"}}],\"inLanguage\":\"es\"},{\"@type\":\"Person\",\"@id\":\"https:\/\/www.noticiasradioreflejos.com.ar\/2021\/#\/schema\/person\/ad82545263dcc5ec0996818884fd5fb1\",\"name\":\"Arnaldo Botto\",\"image\":{\"@type\":\"ImageObject\",\"inLanguage\":\"es\",\"@id\":\"https:\/\/www.noticiasradioreflejos.com.ar\/2021\/#\/schema\/person\/image\/\",\"url\":\"https:\/\/secure.gravatar.com\/avatar\/55cb5e37c1efa326397366e6974cb338056df65cb50e7d64d1cf314e87504837?s=96&d=mm&r=g\",\"contentUrl\":\"https:\/\/secure.gravatar.com\/avatar\/55cb5e37c1efa326397366e6974cb338056df65cb50e7d64d1cf314e87504837?s=96&d=mm&r=g\",\"caption\":\"Arnaldo Botto\"},\"url\":\"https:\/\/www.noticiasradioreflejos.com.ar\/2021\/author\/arnaldo\/\"}]}<\/script>\n<!-- \/ Yoast SEO plugin. -->","yoast_head_json":{"title":"Las \u00faltimas novedades desde la Secretar\u00eda de Salud - Noticias Radio Reflejos","robots":{"index":"index","follow":"follow","max-snippet":"max-snippet:-1","max-image-preview":"max-image-preview:large","max-video-preview":"max-video-preview:-1"},"canonical":"https:\/\/www.noticiasradioreflejos.com.ar\/2021\/las-ultimas-novedades-desde-la-secretaria-de-salud\/","og_locale":"es_ES","og_type":"article","og_title":"Las \u00faltimas novedades desde la Secretar\u00eda de Salud - Noticias Radio Reflejos","og_description":"Se llevar\u00e1 adelante un taller sobre emociones y culpa. Al mismo tiempo lleg\u00f3 una nueva ambulancia. \u201cLa que lleg\u00f3 es una unidad de alta complejidad\u201d confirm\u00f3 la secretaria Noelia Baier.","og_url":"https:\/\/www.noticiasradioreflejos.com.ar\/2021\/las-ultimas-novedades-desde-la-secretaria-de-salud\/","og_site_name":"Noticias Radio Reflejos","article_published_time":"2023-03-15T17:50:20+00:00","og_image":[{"url":"https:\/\/live.staticflickr.com\/65535\/52748940407_c19ba33738_c.jpg","type":"","width":"","height":""}],"author":"Arnaldo Botto","twitter_card":"summary_large_image","schema":{"@context":"https:\/\/schema.org","@graph":[{"@type":"WebPage","@id":"https:\/\/www.noticiasradioreflejos.com.ar\/2021\/las-ultimas-novedades-desde-la-secretaria-de-salud\/","url":"https:\/\/www.noticiasradioreflejos.com.ar\/2021\/las-ultimas-novedades-desde-la-secretaria-de-salud\/","name":"Las \u00faltimas novedades desde la Secretar\u00eda de Salud - Noticias Radio Reflejos","isPartOf":{"@id":"https:\/\/www.noticiasradioreflejos.com.ar\/2021\/#website"},"primaryImageOfPage":{"@id":"https:\/\/www.noticiasradioreflejos.com.ar\/2021\/las-ultimas-novedades-desde-la-secretaria-de-salud\/#primaryimage"},"image":{"@id":"https:\/\/www.noticiasradioreflejos.com.ar\/2021\/las-ultimas-novedades-desde-la-secretaria-de-salud\/#primaryimage"},"thumbnailUrl":"https:\/\/live.staticflickr.com\/65535\/52748940407_c19ba33738_c.jpg","datePublished":"2023-03-15T17:50:20+00:00","author":{"@id":"https:\/\/www.noticiasradioreflejos.com.ar\/2021\/#\/schema\/person\/ad82545263dcc5ec0996818884fd5fb1"},"breadcrumb":{"@id":"https:\/\/www.noticiasradioreflejos.com.ar\/2021\/las-ultimas-novedades-desde-la-secretaria-de-salud\/#breadcrumb"},"inLanguage":"es","potentialAction":[{"@type":"ReadAction","target":["https:\/\/www.noticiasradioreflejos.com.ar\/2021\/las-ultimas-novedades-desde-la-secretaria-de-salud\/"]}]},{"@type":"ImageObject","inLanguage":"es","@id":"https:\/\/www.noticiasradioreflejos.com.ar\/2021\/las-ultimas-novedades-desde-la-secretaria-de-salud\/#primaryimage","url":"https:\/\/live.staticflickr.com\/65535\/52748940407_c19ba33738_c.jpg","contentUrl":"https:\/\/live.staticflickr.com\/65535\/52748940407_c19ba33738_c.jpg"},{"@type":"BreadcrumbList","@id":"https:\/\/www.noticiasradioreflejos.com.ar\/2021\/las-ultimas-novedades-desde-la-secretaria-de-salud\/#breadcrumb","itemListElement":[{"@type":"ListItem","position":1,"name":"Portada","item":"https:\/\/www.noticiasradioreflejos.com.ar\/2021\/"},{"@type":"ListItem","position":2,"name":"Las \u00faltimas novedades desde la Secretar\u00eda de Salud"}]},{"@type":"WebSite","@id":"https:\/\/www.noticiasradioreflejos.com.ar\/2021\/#website","url":"https:\/\/www.noticiasradioreflejos.com.ar\/2021\/","name":"Noticias Radio Reflejos","description":"Las noticias de mi comarca","potentialAction":[{"@type":"SearchAction","target":{"@type":"EntryPoint","urlTemplate":"https:\/\/www.noticiasradioreflejos.com.ar\/2021\/?s={search_term_string}"},"query-input":{"@type":"PropertyValueSpecification","valueRequired":true,"valueName":"search_term_string"}}],"inLanguage":"es"},{"@type":"Person","@id":"https:\/\/www.noticiasradioreflejos.com.ar\/2021\/#\/schema\/person\/ad82545263dcc5ec0996818884fd5fb1","name":"Arnaldo Botto","image":{"@type":"ImageObject","inLanguage":"es","@id":"https:\/\/www.noticiasradioreflejos.com.ar\/2021\/#\/schema\/person\/image\/","url":"https:\/\/secure.gravatar.com\/avatar\/55cb5e37c1efa326397366e6974cb338056df65cb50e7d64d1cf314e87504837?s=96&d=mm&r=g","contentUrl":"https:\/\/secure.gravatar.com\/avatar\/55cb5e37c1efa326397366e6974cb338056df65cb50e7d64d1cf314e87504837?s=96&d=mm&r=g","caption":"Arnaldo Botto"},"url":"https:\/\/www.noticiasradioreflejos.com.ar\/2021\/author\/arnaldo\/"}]}},"_links":{"self":[{"href":"https:\/\/www.noticiasradioreflejos.com.ar\/2021\/wp-json\/wp\/v2\/posts\/85577","targetHints":{"allow":["GET"]}}],"collection":[{"href":"https:\/\/www.noticiasradioreflejos.com.ar\/2021\/wp-json\/wp\/v2\/posts"}],"about":[{"href":"https:\/\/www.noticiasradioreflejos.com.ar\/2021\/wp-json\/wp\/v2\/types\/post"}],"author":[{"embeddable":true,"href":"https:\/\/www.noticiasradioreflejos.com.ar\/2021\/wp-json\/wp\/v2\/users\/3"}],"replies":[{"embeddable":true,"href":"https:\/\/www.noticiasradioreflejos.com.ar\/2021\/wp-json\/wp\/v2\/comments?post=85577"}],"version-history":[{"count":2,"href":"https:\/\/www.noticiasradioreflejos.com.ar\/2021\/wp-json\/wp\/v2\/posts\/85577\/revisions"}],"predecessor-version":[{"id":85593,"href":"https:\/\/www.noticiasradioreflejos.com.ar\/2021\/wp-json\/wp\/v2\/posts\/85577\/revisions\/85593"}],"wp:attachment":[{"href":"https:\/\/www.noticiasradioreflejos.com.ar\/2021\/wp-json\/wp\/v2\/media?parent=85577"}],"wp:term":[{"taxonomy":"category","embeddable":true,"href":"https:\/\/www.noticiasradioreflejos.com.ar\/2021\/wp-json\/wp\/v2\/categories?post=85577"},{"taxonomy":"post_tag","embeddable":true,"href":"https:\/\/www.noticiasradioreflejos.com.ar\/2021\/wp-json\/wp\/v2\/tags?post=85577"}],"curies":[{"name":"wp","href":"https:\/\/api.w.org\/{rel}","templated":true}]}}