{"id":85568,"date":"2023-03-15T17:20:17","date_gmt":"2023-03-15T17:20:17","guid":{"rendered":"https:\/\/www.noticiasradioreflejos.com.ar\/2021\/?p=85568"},"modified":"2023-03-15T17:20:17","modified_gmt":"2023-03-15T17:20:17","slug":"el-dr-leandro-picardi-respondio-a-dudas-sobre-tres-hechos-concretos","status":"publish","type":"post","link":"https:\/\/www.noticiasradioreflejos.com.ar\/2021\/el-dr-leandro-picardi-respondio-a-dudas-sobre-tres-hechos-concretos\/","title":{"rendered":"El Dr. Leandro Picardi respondi\u00f3 a dudas sobre tres hechos concretos"},"content":{"rendered":"<p>El letrado se expidi\u00f3 respecto a lo ocurrido anoche en el hecho de sangre. Al mismo tiempo, qu\u00e9 responsabilidad les caben a los estacionamientos y por \u00faltimo, sobre lo ocurrido en la Fiesta de la Vendimia.<!--more--><\/p>\n<p>Una semana carga de preguntas le toc\u00f3 al Dr. Leandro Picardi, quien con maestr\u00eda y un lenguaje simple de entender despej\u00f3 tres grandes dudas.<\/p>\n<p>La primera gir\u00f3 en torno al hecho de sangre ocurrido anoche en Sierra de la Ventana. Al respecto el abogado aclar\u00f3 que \u201csi uno trae a alguna persona a trabajar en su propiedad, uno es responsable por esas personas. Lo importante ac\u00e1 es que est\u00e9n todos registrados y en blanco a nivel laboral\u201d.<\/p>\n<p>Del mismo modo sostuvo que \u201cel hecho de tener o no antecedentes, o si son conflictivas, eso es completamente distinto. No hay ninguna legislaci\u00f3n. Uno puede contratar a quien quiere. Hay libertad de contrataci\u00f3n. Lo que s\u00ed, las personas que contraten son responsables por esas personas, pero siempre en el \u00e1mbito del trabajo. No en lo ajeno a lo laboral\u201d.<\/p>\n<p>Por otra parte se refiri\u00f3 a la responsabilidad de las empresas cuando se cometen il\u00edcitos en sus propios estacionamientos.<\/p>\n<p>Seg\u00fan refiri\u00f3, \u201ces un tema que cada vez es m\u00e1s com\u00fan. Uno baje a hacer las compras o consumir alg\u00fan producto y cuando sale se encuentran con que le robaron algo. Muchas veces las empresas no colaboran porque estar\u00edan facilitando a la indemnizaci\u00f3n. Por lo general hay que probar por otros medios distintos\u201d.<\/p>\n<p>Ante este marco remarc\u00f3 que \u201csi uno no se presenta con abogado a denunciar el hecho policial, lo m\u00e1s probable mientras que suceda todo, esas c\u00e1maras hayan sido desgravadas, porque en el mejor de los casos las im\u00e1genes se guardan un mes\u201d.<\/p>\n<p>Trayendo a colaci\u00f3n un caso que le toc\u00f3 de cerca, Picardi cont\u00f3 que \u201ca nosotros nos pas\u00f3 de ir con un pendrive a un shopping, y tras una hora el jefe de c\u00e1maras nos dio el video que necesitamos. Hay que caerles por sorpresa porque si no dicen, por ejemplo, que en ese momento no se film\u00f3\u201d.<\/p>\n<p>Enumerando pasos, afirm\u00f3 que \u201cel damnificado lo primero que tiene que constatar es la relaci\u00f3n de consumo. Acreditar mediante un ticket que consumiste algo en ese lugar. Cuando vos probas una relaci\u00f3n de consumo la ley lo que hace es facilitar la prueba, y en caso de duda, se est\u00e1 a favor del consumidor. Eso es fundamental\u201d.<\/p>\n<p>Al mismo tiempo \u201clo segundo es que se puede probar mediante testigo. Incluso si no fue presencial. Si le contaste de manera inmediata el robo. Tercero, la denuncia policial hay que hacerla de manera inmediata y al otro d\u00eda se debe enviar una carta documento a la empresa donde te robaron para hacerle saber que si no hay respuesta positiva se iniciar\u00e1n acciones legales\u201d.<\/p>\n<p>Por \u00faltimo subray\u00f3 que \u201cel propietario del predio debe responder. Tu seguro no va a responder, salvo que sea el robo del veh\u00edculo, porque no hay forma de demostrar que en ese momento llevabas determinadas pertenencias\u201d.<\/p>\n<p>Por \u00faltimo, y sobre el robo a mano armada ocurrido en las inmediaciones de la Fiesta de la Vendimia, Picardi reconoci\u00f3 que \u201csi pasa dentro del predio son todos solidariamente responsables; el due\u00f1o del predio, el que contrat\u00f3, el organizador de la fiesta\u2026 porque se entiende que tiene un sentido al lucro. Debe garantizar la seguridad. M\u00e1s all\u00e1 de que la entrada es gratuita, hay cantinas, hay consumos\u2026 no fue solo un show y termina ah\u00ed. Si pasa fuera del predio es distinto. Por m\u00e1s que la empezaran a seguir desde dentro del predio\u201d.<\/p>\n<p>&nbsp;<\/p>\n<p><iframe loading=\"lazy\" src=\"https:\/\/w.soundcloud.com\/player\/?url=https%3A\/\/api.soundcloud.com\/tracks\/1469462629&amp;color=%23ff5500&amp;auto_play=false&amp;hide_related=false&amp;show_comments=true&amp;show_user=true&amp;show_reposts=false&amp;show_teaser=true\" width=\"100%\" height=\"166\" frameborder=\"no\" scrolling=\"no\"><\/iframe><\/p>\n<div style=\"font-size: 10px; color: #cccccc; line-break: anywhere; word-break: normal; overflow: hidden; white-space: nowrap; text-overflow: ellipsis; font-family: Interstate,Lucida Grande,Lucida Sans Unicode,Lucida Sans,Garuda,Verdana,Tahoma,sans-serif; font-weight: 100;\"><a style=\"color: #cccccc; text-decoration: none;\" title=\"fmreflejos 103.7\" href=\"https:\/\/soundcloud.com\/fmreflejos-103-7\" target=\"_blank\" rel=\"noopener\">fmreflejos 103.7<\/a> \u00b7 <a style=\"color: #cccccc; text-decoration: none;\" title=\"Dr Leandro Picardi\" href=\"https:\/\/soundcloud.com\/fmreflejos-103-7\/dr-leandro-licardi\" target=\"_blank\" rel=\"noopener\">Dr Leandro Picardi<\/a><\/div>\n","protected":false},"excerpt":{"rendered":"<p>El letrado se expidi\u00f3 respecto a lo ocurrido anoche en el hecho de sangre. Al mismo tiempo, qu\u00e9 responsabilidad les caben a los estacionamientos y por \u00faltimo, sobre lo ocurrido en la Fiesta de la Vendimia.<\/p>\n","protected":false},"author":3,"featured_media":62170,"comment_status":"closed","ping_status":"closed","sticky":false,"template":"","format":"standard","meta":{"footnotes":""},"categories":[57],"tags":[48],"class_list":["post-85568","post","type-post","status-publish","format-standard","has-post-thumbnail","hentry","category-judiciales","tag-destacada"],"yoast_head":"<!-- This site is optimized with the Yoast SEO plugin v25.9 - https:\/\/yoast.com\/wordpress\/plugins\/seo\/ -->\n<title>El Dr. Leandro Picardi respondi\u00f3 a dudas sobre tres hechos concretos - Noticias Radio Reflejos<\/title>\n<meta name=\"robots\" content=\"index, follow, max-snippet:-1, max-image-preview:large, max-video-preview:-1\" \/>\n<link rel=\"canonical\" href=\"https:\/\/www.noticiasradioreflejos.com.ar\/2021\/el-dr-leandro-picardi-respondio-a-dudas-sobre-tres-hechos-concretos\/\" \/>\n<meta property=\"og:locale\" content=\"es_ES\" \/>\n<meta property=\"og:type\" content=\"article\" \/>\n<meta property=\"og:title\" content=\"El Dr. Leandro Picardi respondi\u00f3 a dudas sobre tres hechos concretos - Noticias Radio Reflejos\" \/>\n<meta property=\"og:description\" content=\"El letrado se expidi\u00f3 respecto a lo ocurrido anoche en el hecho de sangre. Al mismo tiempo, qu\u00e9 responsabilidad les caben a los estacionamientos y por \u00faltimo, sobre lo ocurrido en la Fiesta de la Vendimia.\" \/>\n<meta property=\"og:url\" content=\"https:\/\/www.noticiasradioreflejos.com.ar\/2021\/el-dr-leandro-picardi-respondio-a-dudas-sobre-tres-hechos-concretos\/\" \/>\n<meta property=\"og:site_name\" content=\"Noticias Radio Reflejos\" \/>\n<meta property=\"article:published_time\" content=\"2023-03-15T17:20:17+00:00\" \/>\n<meta property=\"og:image\" content=\"https:\/\/www.noticiasradioreflejos.com.ar\/2021\/wp-content\/uploads\/2021\/08\/justicia8.jpg\" \/>\n\t<meta property=\"og:image:width\" content=\"814\" \/>\n\t<meta property=\"og:image:height\" content=\"407\" \/>\n\t<meta property=\"og:image:type\" content=\"image\/jpeg\" \/>\n<meta name=\"author\" content=\"Arnaldo Botto\" \/>\n<meta name=\"twitter:card\" content=\"summary_large_image\" \/>\n<script type=\"application\/ld+json\" class=\"yoast-schema-graph\">{\"@context\":\"https:\/\/schema.org\",\"@graph\":[{\"@type\":\"WebPage\",\"@id\":\"https:\/\/www.noticiasradioreflejos.com.ar\/2021\/el-dr-leandro-picardi-respondio-a-dudas-sobre-tres-hechos-concretos\/\",\"url\":\"https:\/\/www.noticiasradioreflejos.com.ar\/2021\/el-dr-leandro-picardi-respondio-a-dudas-sobre-tres-hechos-concretos\/\",\"name\":\"El Dr. Leandro Picardi respondi\u00f3 a dudas sobre tres hechos concretos - Noticias Radio Reflejos\",\"isPartOf\":{\"@id\":\"https:\/\/www.noticiasradioreflejos.com.ar\/2021\/#website\"},\"primaryImageOfPage\":{\"@id\":\"https:\/\/www.noticiasradioreflejos.com.ar\/2021\/el-dr-leandro-picardi-respondio-a-dudas-sobre-tres-hechos-concretos\/#primaryimage\"},\"image\":{\"@id\":\"https:\/\/www.noticiasradioreflejos.com.ar\/2021\/el-dr-leandro-picardi-respondio-a-dudas-sobre-tres-hechos-concretos\/#primaryimage\"},\"thumbnailUrl\":\"https:\/\/www.noticiasradioreflejos.com.ar\/2021\/wp-content\/uploads\/2021\/08\/justicia8.jpg\",\"datePublished\":\"2023-03-15T17:20:17+00:00\",\"author\":{\"@id\":\"https:\/\/www.noticiasradioreflejos.com.ar\/2021\/#\/schema\/person\/ad82545263dcc5ec0996818884fd5fb1\"},\"breadcrumb\":{\"@id\":\"https:\/\/www.noticiasradioreflejos.com.ar\/2021\/el-dr-leandro-picardi-respondio-a-dudas-sobre-tres-hechos-concretos\/#breadcrumb\"},\"inLanguage\":\"es\",\"potentialAction\":[{\"@type\":\"ReadAction\",\"target\":[\"https:\/\/www.noticiasradioreflejos.com.ar\/2021\/el-dr-leandro-picardi-respondio-a-dudas-sobre-tres-hechos-concretos\/\"]}]},{\"@type\":\"ImageObject\",\"inLanguage\":\"es\",\"@id\":\"https:\/\/www.noticiasradioreflejos.com.ar\/2021\/el-dr-leandro-picardi-respondio-a-dudas-sobre-tres-hechos-concretos\/#primaryimage\",\"url\":\"https:\/\/www.noticiasradioreflejos.com.ar\/2021\/wp-content\/uploads\/2021\/08\/justicia8.jpg\",\"contentUrl\":\"https:\/\/www.noticiasradioreflejos.com.ar\/2021\/wp-content\/uploads\/2021\/08\/justicia8.jpg\",\"width\":814,\"height\":407,\"caption\":\"Mallet legal code and scales of justice. Law concept studio shots\"},{\"@type\":\"BreadcrumbList\",\"@id\":\"https:\/\/www.noticiasradioreflejos.com.ar\/2021\/el-dr-leandro-picardi-respondio-a-dudas-sobre-tres-hechos-concretos\/#breadcrumb\",\"itemListElement\":[{\"@type\":\"ListItem\",\"position\":1,\"name\":\"Portada\",\"item\":\"https:\/\/www.noticiasradioreflejos.com.ar\/2021\/\"},{\"@type\":\"ListItem\",\"position\":2,\"name\":\"El Dr. Leandro Picardi respondi\u00f3 a dudas sobre tres hechos concretos\"}]},{\"@type\":\"WebSite\",\"@id\":\"https:\/\/www.noticiasradioreflejos.com.ar\/2021\/#website\",\"url\":\"https:\/\/www.noticiasradioreflejos.com.ar\/2021\/\",\"name\":\"Noticias Radio Reflejos\",\"description\":\"Las noticias de mi comarca\",\"potentialAction\":[{\"@type\":\"SearchAction\",\"target\":{\"@type\":\"EntryPoint\",\"urlTemplate\":\"https:\/\/www.noticiasradioreflejos.com.ar\/2021\/?s={search_term_string}\"},\"query-input\":{\"@type\":\"PropertyValueSpecification\",\"valueRequired\":true,\"valueName\":\"search_term_string\"}}],\"inLanguage\":\"es\"},{\"@type\":\"Person\",\"@id\":\"https:\/\/www.noticiasradioreflejos.com.ar\/2021\/#\/schema\/person\/ad82545263dcc5ec0996818884fd5fb1\",\"name\":\"Arnaldo Botto\",\"image\":{\"@type\":\"ImageObject\",\"inLanguage\":\"es\",\"@id\":\"https:\/\/www.noticiasradioreflejos.com.ar\/2021\/#\/schema\/person\/image\/\",\"url\":\"https:\/\/secure.gravatar.com\/avatar\/55cb5e37c1efa326397366e6974cb338056df65cb50e7d64d1cf314e87504837?s=96&d=mm&r=g\",\"contentUrl\":\"https:\/\/secure.gravatar.com\/avatar\/55cb5e37c1efa326397366e6974cb338056df65cb50e7d64d1cf314e87504837?s=96&d=mm&r=g\",\"caption\":\"Arnaldo Botto\"},\"url\":\"https:\/\/www.noticiasradioreflejos.com.ar\/2021\/author\/arnaldo\/\"}]}<\/script>\n<!-- \/ Yoast SEO plugin. -->","yoast_head_json":{"title":"El Dr. Leandro Picardi respondi\u00f3 a dudas sobre tres hechos concretos - Noticias Radio Reflejos","robots":{"index":"index","follow":"follow","max-snippet":"max-snippet:-1","max-image-preview":"max-image-preview:large","max-video-preview":"max-video-preview:-1"},"canonical":"https:\/\/www.noticiasradioreflejos.com.ar\/2021\/el-dr-leandro-picardi-respondio-a-dudas-sobre-tres-hechos-concretos\/","og_locale":"es_ES","og_type":"article","og_title":"El Dr. Leandro Picardi respondi\u00f3 a dudas sobre tres hechos concretos - Noticias Radio Reflejos","og_description":"El letrado se expidi\u00f3 respecto a lo ocurrido anoche en el hecho de sangre. Al mismo tiempo, qu\u00e9 responsabilidad les caben a los estacionamientos y por \u00faltimo, sobre lo ocurrido en la Fiesta de la Vendimia.","og_url":"https:\/\/www.noticiasradioreflejos.com.ar\/2021\/el-dr-leandro-picardi-respondio-a-dudas-sobre-tres-hechos-concretos\/","og_site_name":"Noticias Radio Reflejos","article_published_time":"2023-03-15T17:20:17+00:00","og_image":[{"width":814,"height":407,"url":"https:\/\/www.noticiasradioreflejos.com.ar\/2021\/wp-content\/uploads\/2021\/08\/justicia8.jpg","type":"image\/jpeg"}],"author":"Arnaldo Botto","twitter_card":"summary_large_image","schema":{"@context":"https:\/\/schema.org","@graph":[{"@type":"WebPage","@id":"https:\/\/www.noticiasradioreflejos.com.ar\/2021\/el-dr-leandro-picardi-respondio-a-dudas-sobre-tres-hechos-concretos\/","url":"https:\/\/www.noticiasradioreflejos.com.ar\/2021\/el-dr-leandro-picardi-respondio-a-dudas-sobre-tres-hechos-concretos\/","name":"El Dr. Leandro Picardi respondi\u00f3 a dudas sobre tres hechos concretos - Noticias Radio Reflejos","isPartOf":{"@id":"https:\/\/www.noticiasradioreflejos.com.ar\/2021\/#website"},"primaryImageOfPage":{"@id":"https:\/\/www.noticiasradioreflejos.com.ar\/2021\/el-dr-leandro-picardi-respondio-a-dudas-sobre-tres-hechos-concretos\/#primaryimage"},"image":{"@id":"https:\/\/www.noticiasradioreflejos.com.ar\/2021\/el-dr-leandro-picardi-respondio-a-dudas-sobre-tres-hechos-concretos\/#primaryimage"},"thumbnailUrl":"https:\/\/www.noticiasradioreflejos.com.ar\/2021\/wp-content\/uploads\/2021\/08\/justicia8.jpg","datePublished":"2023-03-15T17:20:17+00:00","author":{"@id":"https:\/\/www.noticiasradioreflejos.com.ar\/2021\/#\/schema\/person\/ad82545263dcc5ec0996818884fd5fb1"},"breadcrumb":{"@id":"https:\/\/www.noticiasradioreflejos.com.ar\/2021\/el-dr-leandro-picardi-respondio-a-dudas-sobre-tres-hechos-concretos\/#breadcrumb"},"inLanguage":"es","potentialAction":[{"@type":"ReadAction","target":["https:\/\/www.noticiasradioreflejos.com.ar\/2021\/el-dr-leandro-picardi-respondio-a-dudas-sobre-tres-hechos-concretos\/"]}]},{"@type":"ImageObject","inLanguage":"es","@id":"https:\/\/www.noticiasradioreflejos.com.ar\/2021\/el-dr-leandro-picardi-respondio-a-dudas-sobre-tres-hechos-concretos\/#primaryimage","url":"https:\/\/www.noticiasradioreflejos.com.ar\/2021\/wp-content\/uploads\/2021\/08\/justicia8.jpg","contentUrl":"https:\/\/www.noticiasradioreflejos.com.ar\/2021\/wp-content\/uploads\/2021\/08\/justicia8.jpg","width":814,"height":407,"caption":"Mallet legal code and scales of justice. Law concept studio shots"},{"@type":"BreadcrumbList","@id":"https:\/\/www.noticiasradioreflejos.com.ar\/2021\/el-dr-leandro-picardi-respondio-a-dudas-sobre-tres-hechos-concretos\/#breadcrumb","itemListElement":[{"@type":"ListItem","position":1,"name":"Portada","item":"https:\/\/www.noticiasradioreflejos.com.ar\/2021\/"},{"@type":"ListItem","position":2,"name":"El Dr. Leandro Picardi respondi\u00f3 a dudas sobre tres hechos concretos"}]},{"@type":"WebSite","@id":"https:\/\/www.noticiasradioreflejos.com.ar\/2021\/#website","url":"https:\/\/www.noticiasradioreflejos.com.ar\/2021\/","name":"Noticias Radio Reflejos","description":"Las noticias de mi comarca","potentialAction":[{"@type":"SearchAction","target":{"@type":"EntryPoint","urlTemplate":"https:\/\/www.noticiasradioreflejos.com.ar\/2021\/?s={search_term_string}"},"query-input":{"@type":"PropertyValueSpecification","valueRequired":true,"valueName":"search_term_string"}}],"inLanguage":"es"},{"@type":"Person","@id":"https:\/\/www.noticiasradioreflejos.com.ar\/2021\/#\/schema\/person\/ad82545263dcc5ec0996818884fd5fb1","name":"Arnaldo Botto","image":{"@type":"ImageObject","inLanguage":"es","@id":"https:\/\/www.noticiasradioreflejos.com.ar\/2021\/#\/schema\/person\/image\/","url":"https:\/\/secure.gravatar.com\/avatar\/55cb5e37c1efa326397366e6974cb338056df65cb50e7d64d1cf314e87504837?s=96&d=mm&r=g","contentUrl":"https:\/\/secure.gravatar.com\/avatar\/55cb5e37c1efa326397366e6974cb338056df65cb50e7d64d1cf314e87504837?s=96&d=mm&r=g","caption":"Arnaldo Botto"},"url":"https:\/\/www.noticiasradioreflejos.com.ar\/2021\/author\/arnaldo\/"}]}},"_links":{"self":[{"href":"https:\/\/www.noticiasradioreflejos.com.ar\/2021\/wp-json\/wp\/v2\/posts\/85568","targetHints":{"allow":["GET"]}}],"collection":[{"href":"https:\/\/www.noticiasradioreflejos.com.ar\/2021\/wp-json\/wp\/v2\/posts"}],"about":[{"href":"https:\/\/www.noticiasradioreflejos.com.ar\/2021\/wp-json\/wp\/v2\/types\/post"}],"author":[{"embeddable":true,"href":"https:\/\/www.noticiasradioreflejos.com.ar\/2021\/wp-json\/wp\/v2\/users\/3"}],"replies":[{"embeddable":true,"href":"https:\/\/www.noticiasradioreflejos.com.ar\/2021\/wp-json\/wp\/v2\/comments?post=85568"}],"version-history":[{"count":2,"href":"https:\/\/www.noticiasradioreflejos.com.ar\/2021\/wp-json\/wp\/v2\/posts\/85568\/revisions"}],"predecessor-version":[{"id":85575,"href":"https:\/\/www.noticiasradioreflejos.com.ar\/2021\/wp-json\/wp\/v2\/posts\/85568\/revisions\/85575"}],"wp:featuredmedia":[{"embeddable":true,"href":"https:\/\/www.noticiasradioreflejos.com.ar\/2021\/wp-json\/wp\/v2\/media\/62170"}],"wp:attachment":[{"href":"https:\/\/www.noticiasradioreflejos.com.ar\/2021\/wp-json\/wp\/v2\/media?parent=85568"}],"wp:term":[{"taxonomy":"category","embeddable":true,"href":"https:\/\/www.noticiasradioreflejos.com.ar\/2021\/wp-json\/wp\/v2\/categories?post=85568"},{"taxonomy":"post_tag","embeddable":true,"href":"https:\/\/www.noticiasradioreflejos.com.ar\/2021\/wp-json\/wp\/v2\/tags?post=85568"}],"curies":[{"name":"wp","href":"https:\/\/api.w.org\/{rel}","templated":true}]}}