{"id":85517,"date":"2023-03-14T20:20:01","date_gmt":"2023-03-14T20:20:01","guid":{"rendered":"https:\/\/www.noticiasradioreflejos.com.ar\/2021\/?p=85517"},"modified":"2023-03-14T20:20:01","modified_gmt":"2023-03-14T20:20:01","slug":"dia-internacional-de-la-mujer-trabajadora-2","status":"publish","type":"post","link":"https:\/\/www.noticiasradioreflejos.com.ar\/2021\/dia-internacional-de-la-mujer-trabajadora-2\/","title":{"rendered":"D\u00eda Internacional de la Mujer Trabajadora"},"content":{"rendered":"<p>En el marco del 8M se realizaron actividades en la plaza San Mart\u00edn de la ciudad de La Plata, donde el Ministerio de las Mujeres, Pol\u00edticas de G\u00e9nero y Diversidad Sexual y los dem\u00e1s ministerios y organismos que integran el gobierno provincial estuvieron presentes realizando actividades vinculadas a pol\u00edticas de g\u00e9nero.<!--more--><\/p>\n<p>Silvia Zaballa, directora regional de la sexta junto con las dem\u00e1s directoras regionales de la Subsecretar\u00eda de Pol\u00edticas Transversales de G\u00e9nero, entregaron material informativo, recorrieron la plaza y compartieron las pol\u00edticas que desarrollan desde el Ministerio.<\/p>\n<p>La Ministra, Estela Diaz, brind\u00f3 un homenaje a las jugadoras pioneras del f\u00fatbol bonaerense y una distinci\u00f3n y reconocimiento para la futbolista de nuestra regi\u00f3n, Ema. <\/p>\n<p>La jornada tuvo distintos stands informativos, did\u00e1cticos y participaciones como la de la batucada \u201cJuntas, Libres e iguales\u201d y la art\u00edstica \u201cAmalas\u201d. <\/p>\n<p><a data-flickr-embed=\"true\" href=\"https:\/\/www.flickr.com\/photos\/182279889@N02\/52747212512\/in\/dateposted-public\/\" title=\"20230311-MIN_5024\"><img loading=\"lazy\" decoding=\"async\" src=\"https:\/\/live.staticflickr.com\/65535\/52747212512_90bda41466_c.jpg\" width=\"800\" height=\"533\" alt=\"20230311-MIN_5024\"\/><\/a><script async src=\"\/\/embedr.flickr.com\/assets\/client-code.js\" charset=\"utf-8\"><\/script><\/p>\n<p>Estuvo presente el gobernador, Axel Kicillof y la Vicegobernadora, Veronica Magario quienes hicieron un recorrido por las ferias de artesanas y editoriales.<\/p>\n<p>La jornada finaliz\u00f3 con un acto central donde hablaron funcionarias y funcionarios, cerrando con un festival musical al que asistieron m\u00e1s de 15 mil personas  de la mano de la Joaqui, la Coneja china, Karen Pastrana, y Eruca Sativa.<\/p>\n<p><a data-flickr-embed=\"true\" href=\"https:\/\/www.flickr.com\/photos\/182279889@N02\/52747739406\/in\/dateposted-public\/\" title=\"0261a111-a0c5-4efd-af6f-f323259df764\"><img loading=\"lazy\" decoding=\"async\" src=\"https:\/\/live.staticflickr.com\/65535\/52747739406_764e3e7a9a_c.jpg\" width=\"800\" height=\"534\" alt=\"0261a111-a0c5-4efd-af6f-f323259df764\"\/><\/a><script async src=\"\/\/embedr.flickr.com\/assets\/client-code.js\" charset=\"utf-8\"><\/script><\/p>\n<p>De nuestra regi\u00f3n estuvieron presentes m\u00e1s de 135 mujeres y diversidades.<\/p>\n","protected":false},"excerpt":{"rendered":"<p>En el marco del 8M se realizaron actividades en la plaza San Mart\u00edn de la ciudad de La Plata, donde el Ministerio de las Mujeres, Pol\u00edticas de G\u00e9nero y Diversidad Sexual y los dem\u00e1s ministerios y organismos que integran el gobierno provincial estuvieron presentes realizando actividades vinculadas a pol\u00edticas de g\u00e9nero.<\/p>\n","protected":false},"author":3,"featured_media":0,"comment_status":"closed","ping_status":"closed","sticky":false,"template":"","format":"standard","meta":{"footnotes":""},"categories":[24,26],"tags":[],"class_list":["post-85517","post","type-post","status-publish","format-standard","hentry","category-politica","category-sociedad"],"yoast_head":"<!-- This site is optimized with the Yoast SEO plugin v25.9 - https:\/\/yoast.com\/wordpress\/plugins\/seo\/ -->\n<title>D\u00eda Internacional de la Mujer Trabajadora - Noticias Radio Reflejos<\/title>\n<meta name=\"robots\" content=\"index, follow, max-snippet:-1, max-image-preview:large, max-video-preview:-1\" \/>\n<link rel=\"canonical\" href=\"https:\/\/www.noticiasradioreflejos.com.ar\/2021\/dia-internacional-de-la-mujer-trabajadora-2\/\" \/>\n<meta property=\"og:locale\" content=\"es_ES\" \/>\n<meta property=\"og:type\" content=\"article\" \/>\n<meta property=\"og:title\" content=\"D\u00eda Internacional de la Mujer Trabajadora - Noticias Radio Reflejos\" \/>\n<meta property=\"og:description\" content=\"En el marco del 8M se realizaron actividades en la plaza San Mart\u00edn de la ciudad de La Plata, donde el Ministerio de las Mujeres, Pol\u00edticas de G\u00e9nero y Diversidad Sexual y los dem\u00e1s ministerios y organismos que integran el gobierno provincial estuvieron presentes realizando actividades vinculadas a pol\u00edticas de g\u00e9nero.\" \/>\n<meta property=\"og:url\" content=\"https:\/\/www.noticiasradioreflejos.com.ar\/2021\/dia-internacional-de-la-mujer-trabajadora-2\/\" \/>\n<meta property=\"og:site_name\" content=\"Noticias Radio Reflejos\" \/>\n<meta property=\"article:published_time\" content=\"2023-03-14T20:20:01+00:00\" \/>\n<meta property=\"og:image\" content=\"https:\/\/live.staticflickr.com\/65535\/52747212512_90bda41466_c.jpg\" \/>\n<meta name=\"author\" content=\"Arnaldo Botto\" \/>\n<meta name=\"twitter:card\" content=\"summary_large_image\" \/>\n<script type=\"application\/ld+json\" class=\"yoast-schema-graph\">{\"@context\":\"https:\/\/schema.org\",\"@graph\":[{\"@type\":\"WebPage\",\"@id\":\"https:\/\/www.noticiasradioreflejos.com.ar\/2021\/dia-internacional-de-la-mujer-trabajadora-2\/\",\"url\":\"https:\/\/www.noticiasradioreflejos.com.ar\/2021\/dia-internacional-de-la-mujer-trabajadora-2\/\",\"name\":\"D\u00eda Internacional de la Mujer Trabajadora - Noticias Radio Reflejos\",\"isPartOf\":{\"@id\":\"https:\/\/www.noticiasradioreflejos.com.ar\/2021\/#website\"},\"primaryImageOfPage\":{\"@id\":\"https:\/\/www.noticiasradioreflejos.com.ar\/2021\/dia-internacional-de-la-mujer-trabajadora-2\/#primaryimage\"},\"image\":{\"@id\":\"https:\/\/www.noticiasradioreflejos.com.ar\/2021\/dia-internacional-de-la-mujer-trabajadora-2\/#primaryimage\"},\"thumbnailUrl\":\"https:\/\/live.staticflickr.com\/65535\/52747212512_90bda41466_c.jpg\",\"datePublished\":\"2023-03-14T20:20:01+00:00\",\"author\":{\"@id\":\"https:\/\/www.noticiasradioreflejos.com.ar\/2021\/#\/schema\/person\/ad82545263dcc5ec0996818884fd5fb1\"},\"breadcrumb\":{\"@id\":\"https:\/\/www.noticiasradioreflejos.com.ar\/2021\/dia-internacional-de-la-mujer-trabajadora-2\/#breadcrumb\"},\"inLanguage\":\"es\",\"potentialAction\":[{\"@type\":\"ReadAction\",\"target\":[\"https:\/\/www.noticiasradioreflejos.com.ar\/2021\/dia-internacional-de-la-mujer-trabajadora-2\/\"]}]},{\"@type\":\"ImageObject\",\"inLanguage\":\"es\",\"@id\":\"https:\/\/www.noticiasradioreflejos.com.ar\/2021\/dia-internacional-de-la-mujer-trabajadora-2\/#primaryimage\",\"url\":\"https:\/\/live.staticflickr.com\/65535\/52747212512_90bda41466_c.jpg\",\"contentUrl\":\"https:\/\/live.staticflickr.com\/65535\/52747212512_90bda41466_c.jpg\"},{\"@type\":\"BreadcrumbList\",\"@id\":\"https:\/\/www.noticiasradioreflejos.com.ar\/2021\/dia-internacional-de-la-mujer-trabajadora-2\/#breadcrumb\",\"itemListElement\":[{\"@type\":\"ListItem\",\"position\":1,\"name\":\"Portada\",\"item\":\"https:\/\/www.noticiasradioreflejos.com.ar\/2021\/\"},{\"@type\":\"ListItem\",\"position\":2,\"name\":\"D\u00eda Internacional de la Mujer Trabajadora\"}]},{\"@type\":\"WebSite\",\"@id\":\"https:\/\/www.noticiasradioreflejos.com.ar\/2021\/#website\",\"url\":\"https:\/\/www.noticiasradioreflejos.com.ar\/2021\/\",\"name\":\"Noticias Radio Reflejos\",\"description\":\"Las noticias de mi comarca\",\"potentialAction\":[{\"@type\":\"SearchAction\",\"target\":{\"@type\":\"EntryPoint\",\"urlTemplate\":\"https:\/\/www.noticiasradioreflejos.com.ar\/2021\/?s={search_term_string}\"},\"query-input\":{\"@type\":\"PropertyValueSpecification\",\"valueRequired\":true,\"valueName\":\"search_term_string\"}}],\"inLanguage\":\"es\"},{\"@type\":\"Person\",\"@id\":\"https:\/\/www.noticiasradioreflejos.com.ar\/2021\/#\/schema\/person\/ad82545263dcc5ec0996818884fd5fb1\",\"name\":\"Arnaldo Botto\",\"image\":{\"@type\":\"ImageObject\",\"inLanguage\":\"es\",\"@id\":\"https:\/\/www.noticiasradioreflejos.com.ar\/2021\/#\/schema\/person\/image\/\",\"url\":\"https:\/\/secure.gravatar.com\/avatar\/55cb5e37c1efa326397366e6974cb338056df65cb50e7d64d1cf314e87504837?s=96&d=mm&r=g\",\"contentUrl\":\"https:\/\/secure.gravatar.com\/avatar\/55cb5e37c1efa326397366e6974cb338056df65cb50e7d64d1cf314e87504837?s=96&d=mm&r=g\",\"caption\":\"Arnaldo Botto\"},\"url\":\"https:\/\/www.noticiasradioreflejos.com.ar\/2021\/author\/arnaldo\/\"}]}<\/script>\n<!-- \/ Yoast SEO plugin. -->","yoast_head_json":{"title":"D\u00eda Internacional de la Mujer Trabajadora - Noticias Radio Reflejos","robots":{"index":"index","follow":"follow","max-snippet":"max-snippet:-1","max-image-preview":"max-image-preview:large","max-video-preview":"max-video-preview:-1"},"canonical":"https:\/\/www.noticiasradioreflejos.com.ar\/2021\/dia-internacional-de-la-mujer-trabajadora-2\/","og_locale":"es_ES","og_type":"article","og_title":"D\u00eda Internacional de la Mujer Trabajadora - Noticias Radio Reflejos","og_description":"En el marco del 8M se realizaron actividades en la plaza San Mart\u00edn de la ciudad de La Plata, donde el Ministerio de las Mujeres, Pol\u00edticas de G\u00e9nero y Diversidad Sexual y los dem\u00e1s ministerios y organismos que integran el gobierno provincial estuvieron presentes realizando actividades vinculadas a pol\u00edticas de g\u00e9nero.","og_url":"https:\/\/www.noticiasradioreflejos.com.ar\/2021\/dia-internacional-de-la-mujer-trabajadora-2\/","og_site_name":"Noticias Radio Reflejos","article_published_time":"2023-03-14T20:20:01+00:00","og_image":[{"url":"https:\/\/live.staticflickr.com\/65535\/52747212512_90bda41466_c.jpg","type":"","width":"","height":""}],"author":"Arnaldo Botto","twitter_card":"summary_large_image","schema":{"@context":"https:\/\/schema.org","@graph":[{"@type":"WebPage","@id":"https:\/\/www.noticiasradioreflejos.com.ar\/2021\/dia-internacional-de-la-mujer-trabajadora-2\/","url":"https:\/\/www.noticiasradioreflejos.com.ar\/2021\/dia-internacional-de-la-mujer-trabajadora-2\/","name":"D\u00eda Internacional de la Mujer Trabajadora - Noticias Radio Reflejos","isPartOf":{"@id":"https:\/\/www.noticiasradioreflejos.com.ar\/2021\/#website"},"primaryImageOfPage":{"@id":"https:\/\/www.noticiasradioreflejos.com.ar\/2021\/dia-internacional-de-la-mujer-trabajadora-2\/#primaryimage"},"image":{"@id":"https:\/\/www.noticiasradioreflejos.com.ar\/2021\/dia-internacional-de-la-mujer-trabajadora-2\/#primaryimage"},"thumbnailUrl":"https:\/\/live.staticflickr.com\/65535\/52747212512_90bda41466_c.jpg","datePublished":"2023-03-14T20:20:01+00:00","author":{"@id":"https:\/\/www.noticiasradioreflejos.com.ar\/2021\/#\/schema\/person\/ad82545263dcc5ec0996818884fd5fb1"},"breadcrumb":{"@id":"https:\/\/www.noticiasradioreflejos.com.ar\/2021\/dia-internacional-de-la-mujer-trabajadora-2\/#breadcrumb"},"inLanguage":"es","potentialAction":[{"@type":"ReadAction","target":["https:\/\/www.noticiasradioreflejos.com.ar\/2021\/dia-internacional-de-la-mujer-trabajadora-2\/"]}]},{"@type":"ImageObject","inLanguage":"es","@id":"https:\/\/www.noticiasradioreflejos.com.ar\/2021\/dia-internacional-de-la-mujer-trabajadora-2\/#primaryimage","url":"https:\/\/live.staticflickr.com\/65535\/52747212512_90bda41466_c.jpg","contentUrl":"https:\/\/live.staticflickr.com\/65535\/52747212512_90bda41466_c.jpg"},{"@type":"BreadcrumbList","@id":"https:\/\/www.noticiasradioreflejos.com.ar\/2021\/dia-internacional-de-la-mujer-trabajadora-2\/#breadcrumb","itemListElement":[{"@type":"ListItem","position":1,"name":"Portada","item":"https:\/\/www.noticiasradioreflejos.com.ar\/2021\/"},{"@type":"ListItem","position":2,"name":"D\u00eda Internacional de la Mujer Trabajadora"}]},{"@type":"WebSite","@id":"https:\/\/www.noticiasradioreflejos.com.ar\/2021\/#website","url":"https:\/\/www.noticiasradioreflejos.com.ar\/2021\/","name":"Noticias Radio Reflejos","description":"Las noticias de mi comarca","potentialAction":[{"@type":"SearchAction","target":{"@type":"EntryPoint","urlTemplate":"https:\/\/www.noticiasradioreflejos.com.ar\/2021\/?s={search_term_string}"},"query-input":{"@type":"PropertyValueSpecification","valueRequired":true,"valueName":"search_term_string"}}],"inLanguage":"es"},{"@type":"Person","@id":"https:\/\/www.noticiasradioreflejos.com.ar\/2021\/#\/schema\/person\/ad82545263dcc5ec0996818884fd5fb1","name":"Arnaldo Botto","image":{"@type":"ImageObject","inLanguage":"es","@id":"https:\/\/www.noticiasradioreflejos.com.ar\/2021\/#\/schema\/person\/image\/","url":"https:\/\/secure.gravatar.com\/avatar\/55cb5e37c1efa326397366e6974cb338056df65cb50e7d64d1cf314e87504837?s=96&d=mm&r=g","contentUrl":"https:\/\/secure.gravatar.com\/avatar\/55cb5e37c1efa326397366e6974cb338056df65cb50e7d64d1cf314e87504837?s=96&d=mm&r=g","caption":"Arnaldo Botto"},"url":"https:\/\/www.noticiasradioreflejos.com.ar\/2021\/author\/arnaldo\/"}]}},"_links":{"self":[{"href":"https:\/\/www.noticiasradioreflejos.com.ar\/2021\/wp-json\/wp\/v2\/posts\/85517","targetHints":{"allow":["GET"]}}],"collection":[{"href":"https:\/\/www.noticiasradioreflejos.com.ar\/2021\/wp-json\/wp\/v2\/posts"}],"about":[{"href":"https:\/\/www.noticiasradioreflejos.com.ar\/2021\/wp-json\/wp\/v2\/types\/post"}],"author":[{"embeddable":true,"href":"https:\/\/www.noticiasradioreflejos.com.ar\/2021\/wp-json\/wp\/v2\/users\/3"}],"replies":[{"embeddable":true,"href":"https:\/\/www.noticiasradioreflejos.com.ar\/2021\/wp-json\/wp\/v2\/comments?post=85517"}],"version-history":[{"count":1,"href":"https:\/\/www.noticiasradioreflejos.com.ar\/2021\/wp-json\/wp\/v2\/posts\/85517\/revisions"}],"predecessor-version":[{"id":85519,"href":"https:\/\/www.noticiasradioreflejos.com.ar\/2021\/wp-json\/wp\/v2\/posts\/85517\/revisions\/85519"}],"wp:attachment":[{"href":"https:\/\/www.noticiasradioreflejos.com.ar\/2021\/wp-json\/wp\/v2\/media?parent=85517"}],"wp:term":[{"taxonomy":"category","embeddable":true,"href":"https:\/\/www.noticiasradioreflejos.com.ar\/2021\/wp-json\/wp\/v2\/categories?post=85517"},{"taxonomy":"post_tag","embeddable":true,"href":"https:\/\/www.noticiasradioreflejos.com.ar\/2021\/wp-json\/wp\/v2\/tags?post=85517"}],"curies":[{"name":"wp","href":"https:\/\/api.w.org\/{rel}","templated":true}]}}