{"id":85508,"date":"2023-03-14T17:13:36","date_gmt":"2023-03-14T17:13:36","guid":{"rendered":"https:\/\/www.noticiasradioreflejos.com.ar\/2021\/?p=85508"},"modified":"2023-03-14T17:14:39","modified_gmt":"2023-03-14T17:14:39","slug":"mas-de-600-pelicanos-murieron-en-isla-colombiana-del-pacifico-por-gripe-aviar","status":"publish","type":"post","link":"https:\/\/www.noticiasradioreflejos.com.ar\/2021\/mas-de-600-pelicanos-murieron-en-isla-colombiana-del-pacifico-por-gripe-aviar\/","title":{"rendered":"M\u00e1s de 600 pel\u00edcanos murieron en isla colombiana del Pac\u00edfico por gripe aviar"},"content":{"rendered":"<p>M\u00e1s de 600 pel\u00edcanos murieron por gripe aviar en el parque nacional Gorgona, una isla protegida del Pac\u00edfico colombiano, inform\u00f3 hoy la autoridad ambiental local.<!--more--><\/p>\n<p>\u00abA la fecha hay m\u00e1s de 600 pel\u00edcanos muertos y estamos en controles permanentes\u00bb, dijo Robinson Galindo, director para el Pac\u00edfico de la entidad estatal Parques Nacionales Naturales (PNN).<\/p>\n<p>Desde el 20 de febrero, en la isla de 44 kil\u00f3metros cuadrados en la que solo viven funcionarios, se encontraron aves \u00abd\u00e9biles, como borrachitas y algunas muertas\u00bb, a\u00f1adi\u00f3 Galindo.<\/p>\n<p>El responsable sospecha que los pel\u00edcanos volaron desde Per\u00fa hasta un sector de Gorgona donde anidan.<\/p>\n<p>\u00abEs un ave migratoria, se mueven por todo Sudam\u00e9rica durante el a\u00f1o\u00bb, dijo a la agencia de noticias AFP.<\/p>\n<p>La gripe aviar mat\u00f3 a miles de animales en pa\u00edses de la regi\u00f3n como Per\u00fa, Ecuador, Paraguay y Argentina,y especialmente afecta a los pel\u00edcanos, a quienes provoca una debilidad que les impide comer hasta causarles la muerte.<\/p>\n<p>Colombia hab\u00eda detectado el virus en aves de traspatio y expres\u00f3 a finales de febrero su preocupaci\u00f3n por focos de la enfermedad en Nari\u00f1o, un departamento fronterizo con Ecuador.<\/p>\n<p>Sin embargo, las autoridades no informaron sobre infecciones en humanos ni sacrificios de animales.<\/p>\n<p>Seg\u00fan Galingo, ninguna otra especie ha contra\u00eddo la enfermedad en Gorgona.<\/p>\n<p>Famosa por albergar hasta 1984 una prisi\u00f3n donde pagaron sus condenas los criminales m\u00e1s peligrosos del pa\u00eds, la isla figura hoy en la \u00ablista verde\u00bb de la Uni\u00f3n Internacional para la Conservaci\u00f3n de la Naturaleza.<\/p>\n<p>En las aguas que la rodean viven cientos de especies de peces y tiburones, y sus bosques son el hogar de reptiles, serpientes y mam\u00edferos, entre ellos osos perezosos y monos.<\/p>\n<p>Gorgona forma parte de un corredor migratorio para la fauna marina y las aves que conforman las islas de Gal\u00e1pagos (Ecuador), Malpelo (Colombia), Coiba (Panam\u00e1) y Cocos (Costa Rica).<\/p>\n<p>La influenza aviar lleg\u00f3 a Sudam\u00e9rica desde el norte del continente y causa alta mortalidad en aves silvestres y dom\u00e9sticas como patos, gallinas y pollos.<\/p><\/div>\n<p><!--more--><\/p>\n","protected":false},"excerpt":{"rendered":"<p>M\u00e1s de 600 pel\u00edcanos murieron por gripe aviar en el parque nacional Gorgona, una isla protegida del Pac\u00edfico colombiano, inform\u00f3 hoy la autoridad ambiental local.<\/p>\n","protected":false},"author":3,"featured_media":0,"comment_status":"closed","ping_status":"closed","sticky":false,"template":"","format":"standard","meta":{"footnotes":""},"categories":[46],"tags":[],"class_list":["post-85508","post","type-post","status-publish","format-standard","hentry","category-ciencia-y-tecnologia"],"yoast_head":"<!-- This site is optimized with the Yoast SEO plugin v25.9 - https:\/\/yoast.com\/wordpress\/plugins\/seo\/ -->\n<title>M\u00e1s de 600 pel\u00edcanos murieron en isla colombiana del Pac\u00edfico por gripe aviar - Noticias Radio Reflejos<\/title>\n<meta name=\"robots\" content=\"index, follow, max-snippet:-1, max-image-preview:large, max-video-preview:-1\" \/>\n<link rel=\"canonical\" href=\"https:\/\/www.noticiasradioreflejos.com.ar\/2021\/mas-de-600-pelicanos-murieron-en-isla-colombiana-del-pacifico-por-gripe-aviar\/\" \/>\n<meta property=\"og:locale\" content=\"es_ES\" \/>\n<meta property=\"og:type\" content=\"article\" \/>\n<meta property=\"og:title\" content=\"M\u00e1s de 600 pel\u00edcanos murieron en isla colombiana del Pac\u00edfico por gripe aviar - Noticias Radio Reflejos\" \/>\n<meta property=\"og:description\" content=\"M\u00e1s de 600 pel\u00edcanos murieron por gripe aviar en el parque nacional Gorgona, una isla protegida del Pac\u00edfico colombiano, inform\u00f3 hoy la autoridad ambiental local.\" \/>\n<meta property=\"og:url\" content=\"https:\/\/www.noticiasradioreflejos.com.ar\/2021\/mas-de-600-pelicanos-murieron-en-isla-colombiana-del-pacifico-por-gripe-aviar\/\" \/>\n<meta property=\"og:site_name\" content=\"Noticias Radio Reflejos\" \/>\n<meta property=\"article:published_time\" content=\"2023-03-14T17:13:36+00:00\" \/>\n<meta property=\"article:modified_time\" content=\"2023-03-14T17:14:39+00:00\" \/>\n<meta property=\"og:image\" content=\"https:\/\/www.noticiasradioreflejos.com.ar\/2021\/wp-content\/uploads\/2021\/07\/logosol300x200.png\" \/>\n\t<meta property=\"og:image:width\" content=\"300\" \/>\n\t<meta property=\"og:image:height\" content=\"200\" \/>\n\t<meta property=\"og:image:type\" content=\"image\/png\" \/>\n<meta name=\"author\" content=\"Arnaldo Botto\" \/>\n<meta name=\"twitter:card\" content=\"summary_large_image\" \/>\n<script type=\"application\/ld+json\" class=\"yoast-schema-graph\">{\"@context\":\"https:\/\/schema.org\",\"@graph\":[{\"@type\":\"WebPage\",\"@id\":\"https:\/\/www.noticiasradioreflejos.com.ar\/2021\/mas-de-600-pelicanos-murieron-en-isla-colombiana-del-pacifico-por-gripe-aviar\/\",\"url\":\"https:\/\/www.noticiasradioreflejos.com.ar\/2021\/mas-de-600-pelicanos-murieron-en-isla-colombiana-del-pacifico-por-gripe-aviar\/\",\"name\":\"M\u00e1s de 600 pel\u00edcanos murieron en isla colombiana del Pac\u00edfico por gripe aviar - Noticias Radio Reflejos\",\"isPartOf\":{\"@id\":\"https:\/\/www.noticiasradioreflejos.com.ar\/2021\/#website\"},\"datePublished\":\"2023-03-14T17:13:36+00:00\",\"dateModified\":\"2023-03-14T17:14:39+00:00\",\"author\":{\"@id\":\"https:\/\/www.noticiasradioreflejos.com.ar\/2021\/#\/schema\/person\/ad82545263dcc5ec0996818884fd5fb1\"},\"breadcrumb\":{\"@id\":\"https:\/\/www.noticiasradioreflejos.com.ar\/2021\/mas-de-600-pelicanos-murieron-en-isla-colombiana-del-pacifico-por-gripe-aviar\/#breadcrumb\"},\"inLanguage\":\"es\",\"potentialAction\":[{\"@type\":\"ReadAction\",\"target\":[\"https:\/\/www.noticiasradioreflejos.com.ar\/2021\/mas-de-600-pelicanos-murieron-en-isla-colombiana-del-pacifico-por-gripe-aviar\/\"]}]},{\"@type\":\"BreadcrumbList\",\"@id\":\"https:\/\/www.noticiasradioreflejos.com.ar\/2021\/mas-de-600-pelicanos-murieron-en-isla-colombiana-del-pacifico-por-gripe-aviar\/#breadcrumb\",\"itemListElement\":[{\"@type\":\"ListItem\",\"position\":1,\"name\":\"Portada\",\"item\":\"https:\/\/www.noticiasradioreflejos.com.ar\/2021\/\"},{\"@type\":\"ListItem\",\"position\":2,\"name\":\"M\u00e1s de 600 pel\u00edcanos murieron en isla colombiana del Pac\u00edfico por gripe aviar\"}]},{\"@type\":\"WebSite\",\"@id\":\"https:\/\/www.noticiasradioreflejos.com.ar\/2021\/#website\",\"url\":\"https:\/\/www.noticiasradioreflejos.com.ar\/2021\/\",\"name\":\"Noticias Radio Reflejos\",\"description\":\"Las noticias de mi comarca\",\"potentialAction\":[{\"@type\":\"SearchAction\",\"target\":{\"@type\":\"EntryPoint\",\"urlTemplate\":\"https:\/\/www.noticiasradioreflejos.com.ar\/2021\/?s={search_term_string}\"},\"query-input\":{\"@type\":\"PropertyValueSpecification\",\"valueRequired\":true,\"valueName\":\"search_term_string\"}}],\"inLanguage\":\"es\"},{\"@type\":\"Person\",\"@id\":\"https:\/\/www.noticiasradioreflejos.com.ar\/2021\/#\/schema\/person\/ad82545263dcc5ec0996818884fd5fb1\",\"name\":\"Arnaldo Botto\",\"image\":{\"@type\":\"ImageObject\",\"inLanguage\":\"es\",\"@id\":\"https:\/\/www.noticiasradioreflejos.com.ar\/2021\/#\/schema\/person\/image\/\",\"url\":\"https:\/\/secure.gravatar.com\/avatar\/55cb5e37c1efa326397366e6974cb338056df65cb50e7d64d1cf314e87504837?s=96&d=mm&r=g\",\"contentUrl\":\"https:\/\/secure.gravatar.com\/avatar\/55cb5e37c1efa326397366e6974cb338056df65cb50e7d64d1cf314e87504837?s=96&d=mm&r=g\",\"caption\":\"Arnaldo Botto\"},\"url\":\"https:\/\/www.noticiasradioreflejos.com.ar\/2021\/author\/arnaldo\/\"}]}<\/script>\n<!-- \/ Yoast SEO plugin. -->","yoast_head_json":{"title":"M\u00e1s de 600 pel\u00edcanos murieron en isla colombiana del Pac\u00edfico por gripe aviar - Noticias Radio Reflejos","robots":{"index":"index","follow":"follow","max-snippet":"max-snippet:-1","max-image-preview":"max-image-preview:large","max-video-preview":"max-video-preview:-1"},"canonical":"https:\/\/www.noticiasradioreflejos.com.ar\/2021\/mas-de-600-pelicanos-murieron-en-isla-colombiana-del-pacifico-por-gripe-aviar\/","og_locale":"es_ES","og_type":"article","og_title":"M\u00e1s de 600 pel\u00edcanos murieron en isla colombiana del Pac\u00edfico por gripe aviar - Noticias Radio Reflejos","og_description":"M\u00e1s de 600 pel\u00edcanos murieron por gripe aviar en el parque nacional Gorgona, una isla protegida del Pac\u00edfico colombiano, inform\u00f3 hoy la autoridad ambiental local.","og_url":"https:\/\/www.noticiasradioreflejos.com.ar\/2021\/mas-de-600-pelicanos-murieron-en-isla-colombiana-del-pacifico-por-gripe-aviar\/","og_site_name":"Noticias Radio Reflejos","article_published_time":"2023-03-14T17:13:36+00:00","article_modified_time":"2023-03-14T17:14:39+00:00","og_image":[{"width":300,"height":200,"url":"https:\/\/www.noticiasradioreflejos.com.ar\/2021\/wp-content\/uploads\/2021\/07\/logosol300x200.png","type":"image\/png"}],"author":"Arnaldo Botto","twitter_card":"summary_large_image","schema":{"@context":"https:\/\/schema.org","@graph":[{"@type":"WebPage","@id":"https:\/\/www.noticiasradioreflejos.com.ar\/2021\/mas-de-600-pelicanos-murieron-en-isla-colombiana-del-pacifico-por-gripe-aviar\/","url":"https:\/\/www.noticiasradioreflejos.com.ar\/2021\/mas-de-600-pelicanos-murieron-en-isla-colombiana-del-pacifico-por-gripe-aviar\/","name":"M\u00e1s de 600 pel\u00edcanos murieron en isla colombiana del Pac\u00edfico por gripe aviar - Noticias Radio Reflejos","isPartOf":{"@id":"https:\/\/www.noticiasradioreflejos.com.ar\/2021\/#website"},"datePublished":"2023-03-14T17:13:36+00:00","dateModified":"2023-03-14T17:14:39+00:00","author":{"@id":"https:\/\/www.noticiasradioreflejos.com.ar\/2021\/#\/schema\/person\/ad82545263dcc5ec0996818884fd5fb1"},"breadcrumb":{"@id":"https:\/\/www.noticiasradioreflejos.com.ar\/2021\/mas-de-600-pelicanos-murieron-en-isla-colombiana-del-pacifico-por-gripe-aviar\/#breadcrumb"},"inLanguage":"es","potentialAction":[{"@type":"ReadAction","target":["https:\/\/www.noticiasradioreflejos.com.ar\/2021\/mas-de-600-pelicanos-murieron-en-isla-colombiana-del-pacifico-por-gripe-aviar\/"]}]},{"@type":"BreadcrumbList","@id":"https:\/\/www.noticiasradioreflejos.com.ar\/2021\/mas-de-600-pelicanos-murieron-en-isla-colombiana-del-pacifico-por-gripe-aviar\/#breadcrumb","itemListElement":[{"@type":"ListItem","position":1,"name":"Portada","item":"https:\/\/www.noticiasradioreflejos.com.ar\/2021\/"},{"@type":"ListItem","position":2,"name":"M\u00e1s de 600 pel\u00edcanos murieron en isla colombiana del Pac\u00edfico por gripe aviar"}]},{"@type":"WebSite","@id":"https:\/\/www.noticiasradioreflejos.com.ar\/2021\/#website","url":"https:\/\/www.noticiasradioreflejos.com.ar\/2021\/","name":"Noticias Radio Reflejos","description":"Las noticias de mi comarca","potentialAction":[{"@type":"SearchAction","target":{"@type":"EntryPoint","urlTemplate":"https:\/\/www.noticiasradioreflejos.com.ar\/2021\/?s={search_term_string}"},"query-input":{"@type":"PropertyValueSpecification","valueRequired":true,"valueName":"search_term_string"}}],"inLanguage":"es"},{"@type":"Person","@id":"https:\/\/www.noticiasradioreflejos.com.ar\/2021\/#\/schema\/person\/ad82545263dcc5ec0996818884fd5fb1","name":"Arnaldo Botto","image":{"@type":"ImageObject","inLanguage":"es","@id":"https:\/\/www.noticiasradioreflejos.com.ar\/2021\/#\/schema\/person\/image\/","url":"https:\/\/secure.gravatar.com\/avatar\/55cb5e37c1efa326397366e6974cb338056df65cb50e7d64d1cf314e87504837?s=96&d=mm&r=g","contentUrl":"https:\/\/secure.gravatar.com\/avatar\/55cb5e37c1efa326397366e6974cb338056df65cb50e7d64d1cf314e87504837?s=96&d=mm&r=g","caption":"Arnaldo Botto"},"url":"https:\/\/www.noticiasradioreflejos.com.ar\/2021\/author\/arnaldo\/"}]}},"_links":{"self":[{"href":"https:\/\/www.noticiasradioreflejos.com.ar\/2021\/wp-json\/wp\/v2\/posts\/85508","targetHints":{"allow":["GET"]}}],"collection":[{"href":"https:\/\/www.noticiasradioreflejos.com.ar\/2021\/wp-json\/wp\/v2\/posts"}],"about":[{"href":"https:\/\/www.noticiasradioreflejos.com.ar\/2021\/wp-json\/wp\/v2\/types\/post"}],"author":[{"embeddable":true,"href":"https:\/\/www.noticiasradioreflejos.com.ar\/2021\/wp-json\/wp\/v2\/users\/3"}],"replies":[{"embeddable":true,"href":"https:\/\/www.noticiasradioreflejos.com.ar\/2021\/wp-json\/wp\/v2\/comments?post=85508"}],"version-history":[{"count":2,"href":"https:\/\/www.noticiasradioreflejos.com.ar\/2021\/wp-json\/wp\/v2\/posts\/85508\/revisions"}],"predecessor-version":[{"id":85512,"href":"https:\/\/www.noticiasradioreflejos.com.ar\/2021\/wp-json\/wp\/v2\/posts\/85508\/revisions\/85512"}],"wp:attachment":[{"href":"https:\/\/www.noticiasradioreflejos.com.ar\/2021\/wp-json\/wp\/v2\/media?parent=85508"}],"wp:term":[{"taxonomy":"category","embeddable":true,"href":"https:\/\/www.noticiasradioreflejos.com.ar\/2021\/wp-json\/wp\/v2\/categories?post=85508"},{"taxonomy":"post_tag","embeddable":true,"href":"https:\/\/www.noticiasradioreflejos.com.ar\/2021\/wp-json\/wp\/v2\/tags?post=85508"}],"curies":[{"name":"wp","href":"https:\/\/api.w.org\/{rel}","templated":true}]}}