{"id":85505,"date":"2023-03-14T14:38:24","date_gmt":"2023-03-14T14:38:24","guid":{"rendered":"https:\/\/www.noticiasradioreflejos.com.ar\/2021\/?p=85505"},"modified":"2023-03-14T14:38:24","modified_gmt":"2023-03-14T14:38:24","slug":"tras-un-largo-camino-ya-rige-la-moratoria-previsional","status":"publish","type":"post","link":"https:\/\/www.noticiasradioreflejos.com.ar\/2021\/tras-un-largo-camino-ya-rige-la-moratoria-previsional\/","title":{"rendered":"Tras un largo camino, ya rige la moratoria previsional"},"content":{"rendered":"<p>El Gobierno promulg\u00f3 la norma a casi un mes de su sanci\u00f3n en el Congreso, donde debi\u00f3 superar las trabas de Juntos por el Cambio. La C\u00e1mpora hab\u00eda reclamado por las demoras en que la ley entre en vigencia. Unas 800 mil personas podr\u00e1n acceder a una jubilaci\u00f3n.<!--more--><br \/>\nA menos de un mes de haber sido sancionada, <b>el gobierno nacional promulg\u00f3 la Ley de Moratoria Previsional<\/b>. La medida\u00a0<b>beneficiar\u00e1 a unas 800 mil personas<\/b>, que a partir de ahora podr\u00e1n jubilarse a pesar de haber llegado a la edad requerida sin los 30 a\u00f1os de aportes que exige ese tr\u00e1mite.<\/p>\n<p>Se trata de la ley 27.705, que hab\u00eda sido\u00a0<b>resistida por Juntos por el Cambio<\/b>, cuya bancada puso\u00a0<a href=\"https:\/\/www.pagina12.com.ar\/520094-fernanda-raverta-le-exigio-a-juntos-por-el-cambio-que-se-pon\">palos en la rueda<\/a>\u00a0para el tratamiento en sesi\u00f3n extraordinaria. El\u00a0\u00a0<b>ins\u00f3lito argumento<\/b>\u00a0fue que esa medida\u00a0 \u201cendeudaba a los jubilados\u201d, tal como lo expres\u00f3 Mar\u00eda Eugenia Vidal durante la sesi\u00f3n.<\/p>\n<div id=\"talkFireEvent\"><\/div>\n<h2>Las cr\u00edticas de La C\u00e1mpora por la demora<\/h2>\n<p>La promulgaci\u00f3n de la norma fue publicada en el Bolet\u00edn Oficial, solo un d\u00eda despu\u00e9s de que el Gobierno nacional recibiera\u00a0<a href=\"https:\/\/www.pagina12.com.ar\/531513-el-duro-comunicado-de-la-campora-contra-el-acuerdo-con-el-fm\">cuestionamientos de La C\u00e1mpora<\/a>, que\u00a0<b>lo critic\u00f3 por dilatar la puesta en marcha de esa iniciativa<\/b>.<\/p>\n<p>\u201cLogramos\u00a0<a href=\"https:\/\/www.pagina12.com.ar\/527204-el-ultimo-intento-del-fdt-para-sancionar-la-moratoria-jubila\">la aprobaci\u00f3n de la ley que beneficiar\u00e1 a 800 mil argentinos<\/a>. Esperemos que el Presidente, que solicit\u00f3 el tratamiento del proyecto en extraordinarias, ahora la promulgue\u00bb, dec\u00eda\u00a0<b>el texto que la agrupaci\u00f3n difundi\u00f3 ayer<\/b>, con duros cuestionamientos al Gobierno y el acuerdo con el Fondo Monetario.<\/p>\n<p>El proyecto\u00a0<b>hab\u00eda sido presentado en febrero del a\u00f1o pasado<\/b>\u00a0y su sanci\u00f3n lleg\u00f3 poco m\u00e1s 300 d\u00edas despu\u00e9s de su presentaci\u00f3n en la C\u00e1mara alta. La promulgaci\u00f3n lleg\u00f3 esta ma\u00f1ana a primera hora.<\/p>\n<h2>Qui\u00e9nes pueden acceder a la moratoria previsional<\/h2>\n<p>El pago de deuda previsional est\u00e1 dirigido a personas que,\u00a0<a href=\"https:\/\/www.pagina12.com.ar\/524116-nueva-moratoria-previsional-2023-a-cuantas-personas-alcanzar\">pese a haber cumplido la edad jubilatoria, no llegaron a pagar los 30 a\u00f1os de aportes<\/a>\u00a0que dicta la legislaci\u00f3n.<\/p>\n<p>Incluye a\u00a0<b>mujeres de entre 50 y 59<\/b>\u00a0a\u00f1os y\u00a0<b>hombres de entre 55 y 64<\/b>\u00a0a\u00f1os, quienes todav\u00eda no tienen la edad l\u00edmite pero ya saben que no llegar\u00e1n a esa cantidad de a\u00f1os de aportes.<\/p>\n<p>La normativa reglamentada indica que el primer grupo de beneficiarios ser\u00e1n quienes ya cumplieron la edad jubilatoria. Podr\u00e1n\u00a0<b>regularizar las deudas de aportes anteriores a diciembre de 2008<\/b>, y los pagos ser\u00e1n descontados autom\u00e1ticamente de la jubilaci\u00f3n que percibir\u00e1n mensualmente.<\/p>\n<p>Quienes est\u00e9n\u00a0<b>a menos de diez a\u00f1os de cumplir la edad jubilatoria<\/b>, podr\u00e1n regularizar pagos pendientes anteriores al 31 de marzo de 2012.<\/p>\n<h2>C\u00f3mo se calcular\u00e1 la deuda por los aportes<\/h2>\n<p><b>El aporte<\/b>\u00a0se calcular\u00e1 por una Unidad de Pago de Deuda Previsional (UPDP) y el monto por cada mes adeudado es igual al\u00a0<b>29 por ciento de la remuneraci\u00f3n m\u00ednima imponible<\/b>, que equivale a unos\u00a0<b>5.730 pesos<\/b>\u00a0a marzo de este a\u00f1o.<\/p>\n<p>La deuda total\u00a0<b>se puede cancelar en hasta 120 cuotas<\/b>, de acuerdo con la cantidad de a\u00f1os que se quieran pagar. El valor se ir\u00e1 ajustando seg\u00fan la movilidad jubilatoria, en forma trimestral.<\/p>\n<p>&nbsp;<\/p>\n<p>Del los 7,2 millones de jubilados que hay en la Argentina,\u00a0<b>la mitad obtuvo su haber previsional a trav\u00e9s de leyes de moratoria<\/b>, seg\u00fan indic\u00f3 la Anses.<\/p>\n","protected":false},"excerpt":{"rendered":"<p>El Gobierno promulg\u00f3 la norma a casi un mes de su sanci\u00f3n en el Congreso, donde debi\u00f3 superar las trabas de Juntos por el Cambio. La C\u00e1mpora hab\u00eda reclamado por las demoras en que la ley entre en vigencia. Unas 800 mil personas podr\u00e1n acceder a una jubilaci\u00f3n.<\/p>\n","protected":false},"author":3,"featured_media":0,"comment_status":"closed","ping_status":"closed","sticky":false,"template":"","format":"standard","meta":{"footnotes":""},"categories":[58,24],"tags":[],"class_list":["post-85505","post","type-post","status-publish","format-standard","hentry","category-gobierno","category-politica"],"yoast_head":"<!-- This site is optimized with the Yoast SEO plugin v25.9 - https:\/\/yoast.com\/wordpress\/plugins\/seo\/ -->\n<title>Tras un largo camino, ya rige la moratoria previsional - Noticias Radio Reflejos<\/title>\n<meta name=\"robots\" content=\"index, follow, max-snippet:-1, max-image-preview:large, max-video-preview:-1\" \/>\n<link rel=\"canonical\" href=\"https:\/\/www.noticiasradioreflejos.com.ar\/2021\/tras-un-largo-camino-ya-rige-la-moratoria-previsional\/\" \/>\n<meta property=\"og:locale\" content=\"es_ES\" \/>\n<meta property=\"og:type\" content=\"article\" \/>\n<meta property=\"og:title\" content=\"Tras un largo camino, ya rige la moratoria previsional - Noticias Radio Reflejos\" \/>\n<meta property=\"og:description\" content=\"El Gobierno promulg\u00f3 la norma a casi un mes de su sanci\u00f3n en el Congreso, donde debi\u00f3 superar las trabas de Juntos por el Cambio. La C\u00e1mpora hab\u00eda reclamado por las demoras en que la ley entre en vigencia. Unas 800 mil personas podr\u00e1n acceder a una jubilaci\u00f3n.\" \/>\n<meta property=\"og:url\" content=\"https:\/\/www.noticiasradioreflejos.com.ar\/2021\/tras-un-largo-camino-ya-rige-la-moratoria-previsional\/\" \/>\n<meta property=\"og:site_name\" content=\"Noticias Radio Reflejos\" \/>\n<meta property=\"article:published_time\" content=\"2023-03-14T14:38:24+00:00\" \/>\n<meta property=\"og:image\" content=\"https:\/\/www.noticiasradioreflejos.com.ar\/2021\/wp-content\/uploads\/2021\/07\/logosol300x200.png\" \/>\n\t<meta property=\"og:image:width\" content=\"300\" \/>\n\t<meta property=\"og:image:height\" content=\"200\" \/>\n\t<meta property=\"og:image:type\" content=\"image\/png\" \/>\n<meta name=\"author\" content=\"Arnaldo Botto\" \/>\n<meta name=\"twitter:card\" content=\"summary_large_image\" \/>\n<script type=\"application\/ld+json\" class=\"yoast-schema-graph\">{\"@context\":\"https:\/\/schema.org\",\"@graph\":[{\"@type\":\"WebPage\",\"@id\":\"https:\/\/www.noticiasradioreflejos.com.ar\/2021\/tras-un-largo-camino-ya-rige-la-moratoria-previsional\/\",\"url\":\"https:\/\/www.noticiasradioreflejos.com.ar\/2021\/tras-un-largo-camino-ya-rige-la-moratoria-previsional\/\",\"name\":\"Tras un largo camino, ya rige la moratoria previsional - Noticias Radio Reflejos\",\"isPartOf\":{\"@id\":\"https:\/\/www.noticiasradioreflejos.com.ar\/2021\/#website\"},\"datePublished\":\"2023-03-14T14:38:24+00:00\",\"author\":{\"@id\":\"https:\/\/www.noticiasradioreflejos.com.ar\/2021\/#\/schema\/person\/ad82545263dcc5ec0996818884fd5fb1\"},\"breadcrumb\":{\"@id\":\"https:\/\/www.noticiasradioreflejos.com.ar\/2021\/tras-un-largo-camino-ya-rige-la-moratoria-previsional\/#breadcrumb\"},\"inLanguage\":\"es\",\"potentialAction\":[{\"@type\":\"ReadAction\",\"target\":[\"https:\/\/www.noticiasradioreflejos.com.ar\/2021\/tras-un-largo-camino-ya-rige-la-moratoria-previsional\/\"]}]},{\"@type\":\"BreadcrumbList\",\"@id\":\"https:\/\/www.noticiasradioreflejos.com.ar\/2021\/tras-un-largo-camino-ya-rige-la-moratoria-previsional\/#breadcrumb\",\"itemListElement\":[{\"@type\":\"ListItem\",\"position\":1,\"name\":\"Portada\",\"item\":\"https:\/\/www.noticiasradioreflejos.com.ar\/2021\/\"},{\"@type\":\"ListItem\",\"position\":2,\"name\":\"Tras un largo camino, ya rige la moratoria previsional\"}]},{\"@type\":\"WebSite\",\"@id\":\"https:\/\/www.noticiasradioreflejos.com.ar\/2021\/#website\",\"url\":\"https:\/\/www.noticiasradioreflejos.com.ar\/2021\/\",\"name\":\"Noticias Radio Reflejos\",\"description\":\"Las noticias de mi comarca\",\"potentialAction\":[{\"@type\":\"SearchAction\",\"target\":{\"@type\":\"EntryPoint\",\"urlTemplate\":\"https:\/\/www.noticiasradioreflejos.com.ar\/2021\/?s={search_term_string}\"},\"query-input\":{\"@type\":\"PropertyValueSpecification\",\"valueRequired\":true,\"valueName\":\"search_term_string\"}}],\"inLanguage\":\"es\"},{\"@type\":\"Person\",\"@id\":\"https:\/\/www.noticiasradioreflejos.com.ar\/2021\/#\/schema\/person\/ad82545263dcc5ec0996818884fd5fb1\",\"name\":\"Arnaldo Botto\",\"image\":{\"@type\":\"ImageObject\",\"inLanguage\":\"es\",\"@id\":\"https:\/\/www.noticiasradioreflejos.com.ar\/2021\/#\/schema\/person\/image\/\",\"url\":\"https:\/\/secure.gravatar.com\/avatar\/55cb5e37c1efa326397366e6974cb338056df65cb50e7d64d1cf314e87504837?s=96&d=mm&r=g\",\"contentUrl\":\"https:\/\/secure.gravatar.com\/avatar\/55cb5e37c1efa326397366e6974cb338056df65cb50e7d64d1cf314e87504837?s=96&d=mm&r=g\",\"caption\":\"Arnaldo Botto\"},\"url\":\"https:\/\/www.noticiasradioreflejos.com.ar\/2021\/author\/arnaldo\/\"}]}<\/script>\n<!-- \/ Yoast SEO plugin. -->","yoast_head_json":{"title":"Tras un largo camino, ya rige la moratoria previsional - Noticias Radio Reflejos","robots":{"index":"index","follow":"follow","max-snippet":"max-snippet:-1","max-image-preview":"max-image-preview:large","max-video-preview":"max-video-preview:-1"},"canonical":"https:\/\/www.noticiasradioreflejos.com.ar\/2021\/tras-un-largo-camino-ya-rige-la-moratoria-previsional\/","og_locale":"es_ES","og_type":"article","og_title":"Tras un largo camino, ya rige la moratoria previsional - Noticias Radio Reflejos","og_description":"El Gobierno promulg\u00f3 la norma a casi un mes de su sanci\u00f3n en el Congreso, donde debi\u00f3 superar las trabas de Juntos por el Cambio. La C\u00e1mpora hab\u00eda reclamado por las demoras en que la ley entre en vigencia. Unas 800 mil personas podr\u00e1n acceder a una jubilaci\u00f3n.","og_url":"https:\/\/www.noticiasradioreflejos.com.ar\/2021\/tras-un-largo-camino-ya-rige-la-moratoria-previsional\/","og_site_name":"Noticias Radio Reflejos","article_published_time":"2023-03-14T14:38:24+00:00","og_image":[{"width":300,"height":200,"url":"https:\/\/www.noticiasradioreflejos.com.ar\/2021\/wp-content\/uploads\/2021\/07\/logosol300x200.png","type":"image\/png"}],"author":"Arnaldo Botto","twitter_card":"summary_large_image","schema":{"@context":"https:\/\/schema.org","@graph":[{"@type":"WebPage","@id":"https:\/\/www.noticiasradioreflejos.com.ar\/2021\/tras-un-largo-camino-ya-rige-la-moratoria-previsional\/","url":"https:\/\/www.noticiasradioreflejos.com.ar\/2021\/tras-un-largo-camino-ya-rige-la-moratoria-previsional\/","name":"Tras un largo camino, ya rige la moratoria previsional - Noticias Radio Reflejos","isPartOf":{"@id":"https:\/\/www.noticiasradioreflejos.com.ar\/2021\/#website"},"datePublished":"2023-03-14T14:38:24+00:00","author":{"@id":"https:\/\/www.noticiasradioreflejos.com.ar\/2021\/#\/schema\/person\/ad82545263dcc5ec0996818884fd5fb1"},"breadcrumb":{"@id":"https:\/\/www.noticiasradioreflejos.com.ar\/2021\/tras-un-largo-camino-ya-rige-la-moratoria-previsional\/#breadcrumb"},"inLanguage":"es","potentialAction":[{"@type":"ReadAction","target":["https:\/\/www.noticiasradioreflejos.com.ar\/2021\/tras-un-largo-camino-ya-rige-la-moratoria-previsional\/"]}]},{"@type":"BreadcrumbList","@id":"https:\/\/www.noticiasradioreflejos.com.ar\/2021\/tras-un-largo-camino-ya-rige-la-moratoria-previsional\/#breadcrumb","itemListElement":[{"@type":"ListItem","position":1,"name":"Portada","item":"https:\/\/www.noticiasradioreflejos.com.ar\/2021\/"},{"@type":"ListItem","position":2,"name":"Tras un largo camino, ya rige la moratoria previsional"}]},{"@type":"WebSite","@id":"https:\/\/www.noticiasradioreflejos.com.ar\/2021\/#website","url":"https:\/\/www.noticiasradioreflejos.com.ar\/2021\/","name":"Noticias Radio Reflejos","description":"Las noticias de mi comarca","potentialAction":[{"@type":"SearchAction","target":{"@type":"EntryPoint","urlTemplate":"https:\/\/www.noticiasradioreflejos.com.ar\/2021\/?s={search_term_string}"},"query-input":{"@type":"PropertyValueSpecification","valueRequired":true,"valueName":"search_term_string"}}],"inLanguage":"es"},{"@type":"Person","@id":"https:\/\/www.noticiasradioreflejos.com.ar\/2021\/#\/schema\/person\/ad82545263dcc5ec0996818884fd5fb1","name":"Arnaldo Botto","image":{"@type":"ImageObject","inLanguage":"es","@id":"https:\/\/www.noticiasradioreflejos.com.ar\/2021\/#\/schema\/person\/image\/","url":"https:\/\/secure.gravatar.com\/avatar\/55cb5e37c1efa326397366e6974cb338056df65cb50e7d64d1cf314e87504837?s=96&d=mm&r=g","contentUrl":"https:\/\/secure.gravatar.com\/avatar\/55cb5e37c1efa326397366e6974cb338056df65cb50e7d64d1cf314e87504837?s=96&d=mm&r=g","caption":"Arnaldo Botto"},"url":"https:\/\/www.noticiasradioreflejos.com.ar\/2021\/author\/arnaldo\/"}]}},"_links":{"self":[{"href":"https:\/\/www.noticiasradioreflejos.com.ar\/2021\/wp-json\/wp\/v2\/posts\/85505","targetHints":{"allow":["GET"]}}],"collection":[{"href":"https:\/\/www.noticiasradioreflejos.com.ar\/2021\/wp-json\/wp\/v2\/posts"}],"about":[{"href":"https:\/\/www.noticiasradioreflejos.com.ar\/2021\/wp-json\/wp\/v2\/types\/post"}],"author":[{"embeddable":true,"href":"https:\/\/www.noticiasradioreflejos.com.ar\/2021\/wp-json\/wp\/v2\/users\/3"}],"replies":[{"embeddable":true,"href":"https:\/\/www.noticiasradioreflejos.com.ar\/2021\/wp-json\/wp\/v2\/comments?post=85505"}],"version-history":[{"count":1,"href":"https:\/\/www.noticiasradioreflejos.com.ar\/2021\/wp-json\/wp\/v2\/posts\/85505\/revisions"}],"predecessor-version":[{"id":85507,"href":"https:\/\/www.noticiasradioreflejos.com.ar\/2021\/wp-json\/wp\/v2\/posts\/85505\/revisions\/85507"}],"wp:attachment":[{"href":"https:\/\/www.noticiasradioreflejos.com.ar\/2021\/wp-json\/wp\/v2\/media?parent=85505"}],"wp:term":[{"taxonomy":"category","embeddable":true,"href":"https:\/\/www.noticiasradioreflejos.com.ar\/2021\/wp-json\/wp\/v2\/categories?post=85505"},{"taxonomy":"post_tag","embeddable":true,"href":"https:\/\/www.noticiasradioreflejos.com.ar\/2021\/wp-json\/wp\/v2\/tags?post=85505"}],"curies":[{"name":"wp","href":"https:\/\/api.w.org\/{rel}","templated":true}]}}