{"id":85499,"date":"2023-03-14T14:30:31","date_gmt":"2023-03-14T14:30:31","guid":{"rendered":"https:\/\/www.noticiasradioreflejos.com.ar\/2021\/?p=85499"},"modified":"2023-03-14T14:30:31","modified_gmt":"2023-03-14T14:30:31","slug":"marcha-atras-al-final-no-se-licita-la-ruta-51","status":"publish","type":"post","link":"https:\/\/www.noticiasradioreflejos.com.ar\/2021\/marcha-atras-al-final-no-se-licita-la-ruta-51\/","title":{"rendered":"Marcha atr\u00e1s: Al final no se licita la ruta 51"},"content":{"rendered":"<p>La ilusi\u00f3n dur\u00f3 24 horas. El lunes hab\u00eda salido en el Bolet\u00edn Oficial la repavimentaci\u00f3n y readecuaci\u00f3n desde el dique hasta Bah\u00eda Blanca, pero este martes la Direcci\u00f3n Provincial de Vialidad la dio de baja y por consiguiente la retir\u00f3 del listado.<!--more--><\/p>\n<p>\u201cSe posterga hasta nuevo aviso\u201d. Con esas palabras se dio de baja la licitaci\u00f3n por la cual se iba a repavimentar y readecuar la ruta 51 desde el dique hasta Bah\u00eda Blanca. Todo r\u00e1pido. Todo confuso.<\/p>\n<p>Seg\u00fan dio a conocer el medio bahiense<strong> La Nueva<\/strong>, el lunes se hab\u00eda publicado este llamado a licitaci\u00f3n por casi ocho millones de pesos, pero en horas de la tarde desde Vialidad Provincial pusieron marcha atr\u00e1s.<\/p>\n<p>Actualmente si se ingresa al sitio de esta dependencia estatal y se va al apartado de \u201clicitaciones\u201d puede verse que en el n\u00famero 5, en donde en un principio se le\u00eda \u201cCorredor Vial Productivo Ruta Provincial 51\u201d ahora reza el triste \u201cSE POSTERGA HASTA NUEVO AVISO\u201d. No es error de tipeo de Reflejos; est\u00e1 en may\u00fasculas.<\/p>\n<p>Lo cierto es que la idea original abarcaba casi 50 kil\u00f3metros, con 540 d\u00edas como plazo de obra. La apertura de sobres, antes de esta sorpresiva interrupci\u00f3n, se iba a dar en la ciudad de La Plata el pr\u00f3ximo martes 28.<\/p>\n<p>Ahora habr\u00e1 que seguir esperando, tal cual ocurre con otro de los tramos de esa arteria, el cual une El Divisorio con el dique, donde la obra qued\u00f3 abandonada y a medio terminar.<\/p>\n","protected":false},"excerpt":{"rendered":"<p>La ilusi\u00f3n dur\u00f3 24 horas. El lunes hab\u00eda salido en el Bolet\u00edn Oficial la repavimentaci\u00f3n y readecuaci\u00f3n desde el dique hasta Bah\u00eda Blanca, pero este martes la Direcci\u00f3n Provincial de Vialidad la dio de baja y por consiguiente la retir\u00f3 del listado.<\/p>\n","protected":false},"author":3,"featured_media":70559,"comment_status":"closed","ping_status":"closed","sticky":false,"template":"","format":"standard","meta":{"footnotes":""},"categories":[26],"tags":[],"class_list":["post-85499","post","type-post","status-publish","format-standard","has-post-thumbnail","hentry","category-sociedad"],"yoast_head":"<!-- This site is optimized with the Yoast SEO plugin v25.9 - https:\/\/yoast.com\/wordpress\/plugins\/seo\/ -->\n<title>Marcha atr\u00e1s: Al final no se licita la ruta 51 - Noticias Radio Reflejos<\/title>\n<meta name=\"robots\" content=\"index, follow, max-snippet:-1, max-image-preview:large, max-video-preview:-1\" \/>\n<link rel=\"canonical\" href=\"https:\/\/www.noticiasradioreflejos.com.ar\/2021\/marcha-atras-al-final-no-se-licita-la-ruta-51\/\" \/>\n<meta property=\"og:locale\" content=\"es_ES\" \/>\n<meta property=\"og:type\" content=\"article\" \/>\n<meta property=\"og:title\" content=\"Marcha atr\u00e1s: Al final no se licita la ruta 51 - Noticias Radio Reflejos\" \/>\n<meta property=\"og:description\" content=\"La ilusi\u00f3n dur\u00f3 24 horas. El lunes hab\u00eda salido en el Bolet\u00edn Oficial la repavimentaci\u00f3n y readecuaci\u00f3n desde el dique hasta Bah\u00eda Blanca, pero este martes la Direcci\u00f3n Provincial de Vialidad la dio de baja y por consiguiente la retir\u00f3 del listado.\" \/>\n<meta property=\"og:url\" content=\"https:\/\/www.noticiasradioreflejos.com.ar\/2021\/marcha-atras-al-final-no-se-licita-la-ruta-51\/\" \/>\n<meta property=\"og:site_name\" content=\"Noticias Radio Reflejos\" \/>\n<meta property=\"article:published_time\" content=\"2023-03-14T14:30:31+00:00\" \/>\n<meta property=\"og:image\" content=\"https:\/\/www.noticiasradioreflejos.com.ar\/2021\/wp-content\/uploads\/2022\/04\/ruta-51.png\" \/>\n\t<meta property=\"og:image:width\" content=\"839\" \/>\n\t<meta property=\"og:image:height\" content=\"524\" \/>\n\t<meta property=\"og:image:type\" content=\"image\/png\" \/>\n<meta name=\"author\" content=\"Arnaldo Botto\" \/>\n<meta name=\"twitter:card\" content=\"summary_large_image\" \/>\n<script type=\"application\/ld+json\" class=\"yoast-schema-graph\">{\"@context\":\"https:\/\/schema.org\",\"@graph\":[{\"@type\":\"WebPage\",\"@id\":\"https:\/\/www.noticiasradioreflejos.com.ar\/2021\/marcha-atras-al-final-no-se-licita-la-ruta-51\/\",\"url\":\"https:\/\/www.noticiasradioreflejos.com.ar\/2021\/marcha-atras-al-final-no-se-licita-la-ruta-51\/\",\"name\":\"Marcha atr\u00e1s: Al final no se licita la ruta 51 - Noticias Radio Reflejos\",\"isPartOf\":{\"@id\":\"https:\/\/www.noticiasradioreflejos.com.ar\/2021\/#website\"},\"primaryImageOfPage\":{\"@id\":\"https:\/\/www.noticiasradioreflejos.com.ar\/2021\/marcha-atras-al-final-no-se-licita-la-ruta-51\/#primaryimage\"},\"image\":{\"@id\":\"https:\/\/www.noticiasradioreflejos.com.ar\/2021\/marcha-atras-al-final-no-se-licita-la-ruta-51\/#primaryimage\"},\"thumbnailUrl\":\"https:\/\/www.noticiasradioreflejos.com.ar\/2021\/wp-content\/uploads\/2022\/04\/ruta-51.png\",\"datePublished\":\"2023-03-14T14:30:31+00:00\",\"author\":{\"@id\":\"https:\/\/www.noticiasradioreflejos.com.ar\/2021\/#\/schema\/person\/ad82545263dcc5ec0996818884fd5fb1\"},\"breadcrumb\":{\"@id\":\"https:\/\/www.noticiasradioreflejos.com.ar\/2021\/marcha-atras-al-final-no-se-licita-la-ruta-51\/#breadcrumb\"},\"inLanguage\":\"es\",\"potentialAction\":[{\"@type\":\"ReadAction\",\"target\":[\"https:\/\/www.noticiasradioreflejos.com.ar\/2021\/marcha-atras-al-final-no-se-licita-la-ruta-51\/\"]}]},{\"@type\":\"ImageObject\",\"inLanguage\":\"es\",\"@id\":\"https:\/\/www.noticiasradioreflejos.com.ar\/2021\/marcha-atras-al-final-no-se-licita-la-ruta-51\/#primaryimage\",\"url\":\"https:\/\/www.noticiasradioreflejos.com.ar\/2021\/wp-content\/uploads\/2022\/04\/ruta-51.png\",\"contentUrl\":\"https:\/\/www.noticiasradioreflejos.com.ar\/2021\/wp-content\/uploads\/2022\/04\/ruta-51.png\",\"width\":839,\"height\":524},{\"@type\":\"BreadcrumbList\",\"@id\":\"https:\/\/www.noticiasradioreflejos.com.ar\/2021\/marcha-atras-al-final-no-se-licita-la-ruta-51\/#breadcrumb\",\"itemListElement\":[{\"@type\":\"ListItem\",\"position\":1,\"name\":\"Portada\",\"item\":\"https:\/\/www.noticiasradioreflejos.com.ar\/2021\/\"},{\"@type\":\"ListItem\",\"position\":2,\"name\":\"Marcha atr\u00e1s: Al final no se licita la ruta 51\"}]},{\"@type\":\"WebSite\",\"@id\":\"https:\/\/www.noticiasradioreflejos.com.ar\/2021\/#website\",\"url\":\"https:\/\/www.noticiasradioreflejos.com.ar\/2021\/\",\"name\":\"Noticias Radio Reflejos\",\"description\":\"Las noticias de mi comarca\",\"potentialAction\":[{\"@type\":\"SearchAction\",\"target\":{\"@type\":\"EntryPoint\",\"urlTemplate\":\"https:\/\/www.noticiasradioreflejos.com.ar\/2021\/?s={search_term_string}\"},\"query-input\":{\"@type\":\"PropertyValueSpecification\",\"valueRequired\":true,\"valueName\":\"search_term_string\"}}],\"inLanguage\":\"es\"},{\"@type\":\"Person\",\"@id\":\"https:\/\/www.noticiasradioreflejos.com.ar\/2021\/#\/schema\/person\/ad82545263dcc5ec0996818884fd5fb1\",\"name\":\"Arnaldo Botto\",\"image\":{\"@type\":\"ImageObject\",\"inLanguage\":\"es\",\"@id\":\"https:\/\/www.noticiasradioreflejos.com.ar\/2021\/#\/schema\/person\/image\/\",\"url\":\"https:\/\/secure.gravatar.com\/avatar\/55cb5e37c1efa326397366e6974cb338056df65cb50e7d64d1cf314e87504837?s=96&d=mm&r=g\",\"contentUrl\":\"https:\/\/secure.gravatar.com\/avatar\/55cb5e37c1efa326397366e6974cb338056df65cb50e7d64d1cf314e87504837?s=96&d=mm&r=g\",\"caption\":\"Arnaldo Botto\"},\"url\":\"https:\/\/www.noticiasradioreflejos.com.ar\/2021\/author\/arnaldo\/\"}]}<\/script>\n<!-- \/ Yoast SEO plugin. -->","yoast_head_json":{"title":"Marcha atr\u00e1s: Al final no se licita la ruta 51 - Noticias Radio Reflejos","robots":{"index":"index","follow":"follow","max-snippet":"max-snippet:-1","max-image-preview":"max-image-preview:large","max-video-preview":"max-video-preview:-1"},"canonical":"https:\/\/www.noticiasradioreflejos.com.ar\/2021\/marcha-atras-al-final-no-se-licita-la-ruta-51\/","og_locale":"es_ES","og_type":"article","og_title":"Marcha atr\u00e1s: Al final no se licita la ruta 51 - Noticias Radio Reflejos","og_description":"La ilusi\u00f3n dur\u00f3 24 horas. El lunes hab\u00eda salido en el Bolet\u00edn Oficial la repavimentaci\u00f3n y readecuaci\u00f3n desde el dique hasta Bah\u00eda Blanca, pero este martes la Direcci\u00f3n Provincial de Vialidad la dio de baja y por consiguiente la retir\u00f3 del listado.","og_url":"https:\/\/www.noticiasradioreflejos.com.ar\/2021\/marcha-atras-al-final-no-se-licita-la-ruta-51\/","og_site_name":"Noticias Radio Reflejos","article_published_time":"2023-03-14T14:30:31+00:00","og_image":[{"width":839,"height":524,"url":"https:\/\/www.noticiasradioreflejos.com.ar\/2021\/wp-content\/uploads\/2022\/04\/ruta-51.png","type":"image\/png"}],"author":"Arnaldo Botto","twitter_card":"summary_large_image","schema":{"@context":"https:\/\/schema.org","@graph":[{"@type":"WebPage","@id":"https:\/\/www.noticiasradioreflejos.com.ar\/2021\/marcha-atras-al-final-no-se-licita-la-ruta-51\/","url":"https:\/\/www.noticiasradioreflejos.com.ar\/2021\/marcha-atras-al-final-no-se-licita-la-ruta-51\/","name":"Marcha atr\u00e1s: Al final no se licita la ruta 51 - Noticias Radio Reflejos","isPartOf":{"@id":"https:\/\/www.noticiasradioreflejos.com.ar\/2021\/#website"},"primaryImageOfPage":{"@id":"https:\/\/www.noticiasradioreflejos.com.ar\/2021\/marcha-atras-al-final-no-se-licita-la-ruta-51\/#primaryimage"},"image":{"@id":"https:\/\/www.noticiasradioreflejos.com.ar\/2021\/marcha-atras-al-final-no-se-licita-la-ruta-51\/#primaryimage"},"thumbnailUrl":"https:\/\/www.noticiasradioreflejos.com.ar\/2021\/wp-content\/uploads\/2022\/04\/ruta-51.png","datePublished":"2023-03-14T14:30:31+00:00","author":{"@id":"https:\/\/www.noticiasradioreflejos.com.ar\/2021\/#\/schema\/person\/ad82545263dcc5ec0996818884fd5fb1"},"breadcrumb":{"@id":"https:\/\/www.noticiasradioreflejos.com.ar\/2021\/marcha-atras-al-final-no-se-licita-la-ruta-51\/#breadcrumb"},"inLanguage":"es","potentialAction":[{"@type":"ReadAction","target":["https:\/\/www.noticiasradioreflejos.com.ar\/2021\/marcha-atras-al-final-no-se-licita-la-ruta-51\/"]}]},{"@type":"ImageObject","inLanguage":"es","@id":"https:\/\/www.noticiasradioreflejos.com.ar\/2021\/marcha-atras-al-final-no-se-licita-la-ruta-51\/#primaryimage","url":"https:\/\/www.noticiasradioreflejos.com.ar\/2021\/wp-content\/uploads\/2022\/04\/ruta-51.png","contentUrl":"https:\/\/www.noticiasradioreflejos.com.ar\/2021\/wp-content\/uploads\/2022\/04\/ruta-51.png","width":839,"height":524},{"@type":"BreadcrumbList","@id":"https:\/\/www.noticiasradioreflejos.com.ar\/2021\/marcha-atras-al-final-no-se-licita-la-ruta-51\/#breadcrumb","itemListElement":[{"@type":"ListItem","position":1,"name":"Portada","item":"https:\/\/www.noticiasradioreflejos.com.ar\/2021\/"},{"@type":"ListItem","position":2,"name":"Marcha atr\u00e1s: Al final no se licita la ruta 51"}]},{"@type":"WebSite","@id":"https:\/\/www.noticiasradioreflejos.com.ar\/2021\/#website","url":"https:\/\/www.noticiasradioreflejos.com.ar\/2021\/","name":"Noticias Radio Reflejos","description":"Las noticias de mi comarca","potentialAction":[{"@type":"SearchAction","target":{"@type":"EntryPoint","urlTemplate":"https:\/\/www.noticiasradioreflejos.com.ar\/2021\/?s={search_term_string}"},"query-input":{"@type":"PropertyValueSpecification","valueRequired":true,"valueName":"search_term_string"}}],"inLanguage":"es"},{"@type":"Person","@id":"https:\/\/www.noticiasradioreflejos.com.ar\/2021\/#\/schema\/person\/ad82545263dcc5ec0996818884fd5fb1","name":"Arnaldo Botto","image":{"@type":"ImageObject","inLanguage":"es","@id":"https:\/\/www.noticiasradioreflejos.com.ar\/2021\/#\/schema\/person\/image\/","url":"https:\/\/secure.gravatar.com\/avatar\/55cb5e37c1efa326397366e6974cb338056df65cb50e7d64d1cf314e87504837?s=96&d=mm&r=g","contentUrl":"https:\/\/secure.gravatar.com\/avatar\/55cb5e37c1efa326397366e6974cb338056df65cb50e7d64d1cf314e87504837?s=96&d=mm&r=g","caption":"Arnaldo Botto"},"url":"https:\/\/www.noticiasradioreflejos.com.ar\/2021\/author\/arnaldo\/"}]}},"_links":{"self":[{"href":"https:\/\/www.noticiasradioreflejos.com.ar\/2021\/wp-json\/wp\/v2\/posts\/85499","targetHints":{"allow":["GET"]}}],"collection":[{"href":"https:\/\/www.noticiasradioreflejos.com.ar\/2021\/wp-json\/wp\/v2\/posts"}],"about":[{"href":"https:\/\/www.noticiasradioreflejos.com.ar\/2021\/wp-json\/wp\/v2\/types\/post"}],"author":[{"embeddable":true,"href":"https:\/\/www.noticiasradioreflejos.com.ar\/2021\/wp-json\/wp\/v2\/users\/3"}],"replies":[{"embeddable":true,"href":"https:\/\/www.noticiasradioreflejos.com.ar\/2021\/wp-json\/wp\/v2\/comments?post=85499"}],"version-history":[{"count":2,"href":"https:\/\/www.noticiasradioreflejos.com.ar\/2021\/wp-json\/wp\/v2\/posts\/85499\/revisions"}],"predecessor-version":[{"id":85501,"href":"https:\/\/www.noticiasradioreflejos.com.ar\/2021\/wp-json\/wp\/v2\/posts\/85499\/revisions\/85501"}],"wp:featuredmedia":[{"embeddable":true,"href":"https:\/\/www.noticiasradioreflejos.com.ar\/2021\/wp-json\/wp\/v2\/media\/70559"}],"wp:attachment":[{"href":"https:\/\/www.noticiasradioreflejos.com.ar\/2021\/wp-json\/wp\/v2\/media?parent=85499"}],"wp:term":[{"taxonomy":"category","embeddable":true,"href":"https:\/\/www.noticiasradioreflejos.com.ar\/2021\/wp-json\/wp\/v2\/categories?post=85499"},{"taxonomy":"post_tag","embeddable":true,"href":"https:\/\/www.noticiasradioreflejos.com.ar\/2021\/wp-json\/wp\/v2\/tags?post=85499"}],"curies":[{"name":"wp","href":"https:\/\/api.w.org\/{rel}","templated":true}]}}