{"id":85496,"date":"2023-03-14T13:34:19","date_gmt":"2023-03-14T13:34:19","guid":{"rendered":"https:\/\/www.noticiasradioreflejos.com.ar\/2021\/?p=85496"},"modified":"2023-03-14T13:34:19","modified_gmt":"2023-03-14T13:34:19","slug":"lluvia-de-marcas-personales-en-el-campeonato-provincial-u20-para-atletas-del-distrito","status":"publish","type":"post","link":"https:\/\/www.noticiasradioreflejos.com.ar\/2021\/lluvia-de-marcas-personales-en-el-campeonato-provincial-u20-para-atletas-del-distrito\/","title":{"rendered":"Lluvia de marcas personales en el Campeonato Provincial U20 para atletas del distrito"},"content":{"rendered":"<p>El \u00faltimo fin de semana se desarroll\u00f3 en Mar del Plata el Campeonato Provincial de Atletismo U20, con la participaci\u00f3n de siete representantes de la Escuela Municipal de Atletismo de Tornquist, logrando destacadas actuaciones.<!--more--><\/p>\n<p>Comenzando con el a\u00f1o atl\u00e9tico y luego de la preparaci\u00f3n que vienen realizando desde diciembre y enero, cada uno de los atletas tuvo su mejora en cada una de sus disciplinas.<\/p>\n<p><a title=\"Provincial U20 (1)\" href=\"https:\/\/www.flickr.com\/photos\/182279889@N02\/52747176814\/in\/dateposted-public\/\" data-flickr-embed=\"true\"><img loading=\"lazy\" decoding=\"async\" class=\"alignleft\" src=\"https:\/\/live.staticflickr.com\/65535\/52747176814_ae8a97dae4_o.jpg\" alt=\"Provincial U20 (1)\" width=\"386\" height=\"515\" \/><\/a><strong>Jornada del s\u00e1bado:<\/strong><br \/>\n&#8211; Javi Gill se qued\u00f3 con el 3\u00b0 puesto en lanzamiento de martillo (6 kg), mejorando su marca personal a 29.21 mts, y ocup\u00f3 el puesto N\u00b0 14 en lanzamiento de bala (6 kg) con una marca de 07.21 mts.<br \/>\n&#8211; Tomas Trivellini obtuvo el 2\u00b0 puesto en salto con garrocha tras superar la varilla a 3.30 mts de altura.<br \/>\n&#8211; Lucas Scabuso se coloc\u00f3 en el 5\u00b0 lugar en su serie, en la especialidad de 100 mts llanos, mejorando su registro a 12.36 segundos.<br \/>\n&#8211; Ariel Bonifacini se ubic\u00f3 en el 6\u00b0 puesto de su serie, tras cronometrar su mejor marca personal en los 100 mts llanos con 15.33 segundos; y en lanzamiento de bala (6 kg) llev\u00f3 el implemento hasta los 05.06 mts, mejorando tambi\u00e9n su marca anterior.<br \/>\n&#8211; Kevin Marrero: culmin\u00f3 su carrera de 100 mts llanos en el puesto 7\u00b0 de su serie, cronometrando 14.00 segundos.<br \/>\n&#8211; Nicol\u00e1s Sethman obtuvo el 5\u00b0 puesto en lanzamiento de jabalina (800 gr) con una marca de 30.85 mts, siendo esta su primera participaci\u00f3n con esta medida de implemento; y se coloc\u00f3 en la 11\u00b0 posici\u00f3n en lanzamiento de bala (6 kg) con una marca de 08.67 obteniendo una notable mejora en su registro personal.<br \/>\n&#8211; Mauricio Esmoli ocup\u00f3 el 8\u00b0 puesto en lanzamiento de jabalina (800 gr) con una marca de 28.79 mts.<br \/>\n&#8211; La posta 4 x 100 mts compuesta por Lucas, Kevin, Javier y Tom\u00e1s, obtuvo el 4\u00b0 lugar con una marca de 52.17 segundos.<br \/>\nD\u00eda domingo:<br \/>\n&#8211; Tom\u00e1s Trivellini logr\u00f3 el 3\u00b0 puesto en salto en alto con una marca de 1.75 mts de altura, la cual lo clasifica al Campeonato Nacional U18, y por la tarde obtuvo el 12\u00b0 puesto en salto en largo con una marca de 05.57 mts.<br \/>\n&#8211; Javier Gill se coloc\u00f3 en la posici\u00f3n 10\u00b0 en lanzamiento de disco (1.750 gr) al enviar el implemento 17.37 mts, teniendo as\u00ed su primer registro en la especialidad.<br \/>\n&#8211; Ariel Bonifacini se ubic\u00f3 en el 20\u00b0 puesto al marcar 3.28mts en la especialidad de salto en largo, logrando su mejor marca personal.<br \/>\n&#8211; Kevin Marrero se coloc\u00f3 en la 19\u00b0 posici\u00f3n, tras saltar 3.87 mts en salto en largo.<br \/>\n&#8211; Lucas Scabuso obtuvo la 5\u00b0 colocaci\u00f3n mejorando su registro personal a 25.19 segundos en 200 mts llanos.<br \/>\n&#8211; Nicol\u00e1s Sethman logr\u00f3 el 8\u00b0 puesto en lanzamiento de disco (1.750 gr) tras superar su marca personal con 21.95 mts.<br \/>\n&#8211; Mauricio Esmoli se coloc\u00f3 en la 7\u00b0 posici\u00f3n en lanzamiento de disco (1.750 gr) tras debutar en la especialidad.<br \/>\nLos atletas fueron acompa\u00f1ados por los entrenadores Nicolas y Enrique Cabral.<\/p>\n<p><a title=\"Provincial U20 (6)\" href=\"https:\/\/www.flickr.com\/photos\/182279889@N02\/52747342960\/in\/dateposted-public\/\" data-flickr-embed=\"true\"><img loading=\"lazy\" decoding=\"async\" class=\"aligncenter\" src=\"https:\/\/live.staticflickr.com\/65535\/52747342960_2692ce33df_z.jpg\" alt=\"Provincial U20 (6)\" width=\"480\" height=\"640\" \/><\/a><script async src=\"\/\/embedr.flickr.com\/assets\/client-code.js\" charset=\"utf-8\"><\/script><\/p>\n","protected":false},"excerpt":{"rendered":"<p>El \u00faltimo fin de semana se desarroll\u00f3 en Mar del Plata el Campeonato Provincial de Atletismo U20, con la participaci\u00f3n de siete representantes de la Escuela Municipal de Atletismo de Tornquist, logrando destacadas actuaciones.<\/p>\n","protected":false},"author":3,"featured_media":0,"comment_status":"closed","ping_status":"closed","sticky":false,"template":"","format":"standard","meta":{"footnotes":""},"categories":[27,28],"tags":[],"class_list":["post-85496","post","type-post","status-publish","format-standard","hentry","category-deportes","category-municipales"],"yoast_head":"<!-- This site is optimized with the Yoast SEO plugin v25.9 - https:\/\/yoast.com\/wordpress\/plugins\/seo\/ -->\n<title>Lluvia de marcas personales en el Campeonato Provincial U20 para atletas del distrito - Noticias Radio Reflejos<\/title>\n<meta name=\"robots\" content=\"index, follow, max-snippet:-1, max-image-preview:large, max-video-preview:-1\" \/>\n<link rel=\"canonical\" href=\"https:\/\/www.noticiasradioreflejos.com.ar\/2021\/lluvia-de-marcas-personales-en-el-campeonato-provincial-u20-para-atletas-del-distrito\/\" \/>\n<meta property=\"og:locale\" content=\"es_ES\" \/>\n<meta property=\"og:type\" content=\"article\" \/>\n<meta property=\"og:title\" content=\"Lluvia de marcas personales en el Campeonato Provincial U20 para atletas del distrito - Noticias Radio Reflejos\" \/>\n<meta property=\"og:description\" content=\"El \u00faltimo fin de semana se desarroll\u00f3 en Mar del Plata el Campeonato Provincial de Atletismo U20, con la participaci\u00f3n de siete representantes de la Escuela Municipal de Atletismo de Tornquist, logrando destacadas actuaciones.\" \/>\n<meta property=\"og:url\" content=\"https:\/\/www.noticiasradioreflejos.com.ar\/2021\/lluvia-de-marcas-personales-en-el-campeonato-provincial-u20-para-atletas-del-distrito\/\" \/>\n<meta property=\"og:site_name\" content=\"Noticias Radio Reflejos\" \/>\n<meta property=\"article:published_time\" content=\"2023-03-14T13:34:19+00:00\" \/>\n<meta property=\"og:image\" content=\"https:\/\/live.staticflickr.com\/65535\/52747176814_ae8a97dae4_o.jpg\" \/>\n<meta name=\"author\" content=\"Arnaldo Botto\" \/>\n<meta name=\"twitter:card\" content=\"summary_large_image\" \/>\n<script type=\"application\/ld+json\" class=\"yoast-schema-graph\">{\"@context\":\"https:\/\/schema.org\",\"@graph\":[{\"@type\":\"WebPage\",\"@id\":\"https:\/\/www.noticiasradioreflejos.com.ar\/2021\/lluvia-de-marcas-personales-en-el-campeonato-provincial-u20-para-atletas-del-distrito\/\",\"url\":\"https:\/\/www.noticiasradioreflejos.com.ar\/2021\/lluvia-de-marcas-personales-en-el-campeonato-provincial-u20-para-atletas-del-distrito\/\",\"name\":\"Lluvia de marcas personales en el Campeonato Provincial U20 para atletas del distrito - Noticias Radio Reflejos\",\"isPartOf\":{\"@id\":\"https:\/\/www.noticiasradioreflejos.com.ar\/2021\/#website\"},\"primaryImageOfPage\":{\"@id\":\"https:\/\/www.noticiasradioreflejos.com.ar\/2021\/lluvia-de-marcas-personales-en-el-campeonato-provincial-u20-para-atletas-del-distrito\/#primaryimage\"},\"image\":{\"@id\":\"https:\/\/www.noticiasradioreflejos.com.ar\/2021\/lluvia-de-marcas-personales-en-el-campeonato-provincial-u20-para-atletas-del-distrito\/#primaryimage\"},\"thumbnailUrl\":\"https:\/\/live.staticflickr.com\/65535\/52747176814_ae8a97dae4_o.jpg\",\"datePublished\":\"2023-03-14T13:34:19+00:00\",\"author\":{\"@id\":\"https:\/\/www.noticiasradioreflejos.com.ar\/2021\/#\/schema\/person\/ad82545263dcc5ec0996818884fd5fb1\"},\"breadcrumb\":{\"@id\":\"https:\/\/www.noticiasradioreflejos.com.ar\/2021\/lluvia-de-marcas-personales-en-el-campeonato-provincial-u20-para-atletas-del-distrito\/#breadcrumb\"},\"inLanguage\":\"es\",\"potentialAction\":[{\"@type\":\"ReadAction\",\"target\":[\"https:\/\/www.noticiasradioreflejos.com.ar\/2021\/lluvia-de-marcas-personales-en-el-campeonato-provincial-u20-para-atletas-del-distrito\/\"]}]},{\"@type\":\"ImageObject\",\"inLanguage\":\"es\",\"@id\":\"https:\/\/www.noticiasradioreflejos.com.ar\/2021\/lluvia-de-marcas-personales-en-el-campeonato-provincial-u20-para-atletas-del-distrito\/#primaryimage\",\"url\":\"https:\/\/live.staticflickr.com\/65535\/52747176814_ae8a97dae4_o.jpg\",\"contentUrl\":\"https:\/\/live.staticflickr.com\/65535\/52747176814_ae8a97dae4_o.jpg\"},{\"@type\":\"BreadcrumbList\",\"@id\":\"https:\/\/www.noticiasradioreflejos.com.ar\/2021\/lluvia-de-marcas-personales-en-el-campeonato-provincial-u20-para-atletas-del-distrito\/#breadcrumb\",\"itemListElement\":[{\"@type\":\"ListItem\",\"position\":1,\"name\":\"Portada\",\"item\":\"https:\/\/www.noticiasradioreflejos.com.ar\/2021\/\"},{\"@type\":\"ListItem\",\"position\":2,\"name\":\"Lluvia de marcas personales en el Campeonato Provincial U20 para atletas del distrito\"}]},{\"@type\":\"WebSite\",\"@id\":\"https:\/\/www.noticiasradioreflejos.com.ar\/2021\/#website\",\"url\":\"https:\/\/www.noticiasradioreflejos.com.ar\/2021\/\",\"name\":\"Noticias Radio Reflejos\",\"description\":\"Las noticias de mi comarca\",\"potentialAction\":[{\"@type\":\"SearchAction\",\"target\":{\"@type\":\"EntryPoint\",\"urlTemplate\":\"https:\/\/www.noticiasradioreflejos.com.ar\/2021\/?s={search_term_string}\"},\"query-input\":{\"@type\":\"PropertyValueSpecification\",\"valueRequired\":true,\"valueName\":\"search_term_string\"}}],\"inLanguage\":\"es\"},{\"@type\":\"Person\",\"@id\":\"https:\/\/www.noticiasradioreflejos.com.ar\/2021\/#\/schema\/person\/ad82545263dcc5ec0996818884fd5fb1\",\"name\":\"Arnaldo Botto\",\"image\":{\"@type\":\"ImageObject\",\"inLanguage\":\"es\",\"@id\":\"https:\/\/www.noticiasradioreflejos.com.ar\/2021\/#\/schema\/person\/image\/\",\"url\":\"https:\/\/secure.gravatar.com\/avatar\/55cb5e37c1efa326397366e6974cb338056df65cb50e7d64d1cf314e87504837?s=96&d=mm&r=g\",\"contentUrl\":\"https:\/\/secure.gravatar.com\/avatar\/55cb5e37c1efa326397366e6974cb338056df65cb50e7d64d1cf314e87504837?s=96&d=mm&r=g\",\"caption\":\"Arnaldo Botto\"},\"url\":\"https:\/\/www.noticiasradioreflejos.com.ar\/2021\/author\/arnaldo\/\"}]}<\/script>\n<!-- \/ Yoast SEO plugin. -->","yoast_head_json":{"title":"Lluvia de marcas personales en el Campeonato Provincial U20 para atletas del distrito - Noticias Radio Reflejos","robots":{"index":"index","follow":"follow","max-snippet":"max-snippet:-1","max-image-preview":"max-image-preview:large","max-video-preview":"max-video-preview:-1"},"canonical":"https:\/\/www.noticiasradioreflejos.com.ar\/2021\/lluvia-de-marcas-personales-en-el-campeonato-provincial-u20-para-atletas-del-distrito\/","og_locale":"es_ES","og_type":"article","og_title":"Lluvia de marcas personales en el Campeonato Provincial U20 para atletas del distrito - Noticias Radio Reflejos","og_description":"El \u00faltimo fin de semana se desarroll\u00f3 en Mar del Plata el Campeonato Provincial de Atletismo U20, con la participaci\u00f3n de siete representantes de la Escuela Municipal de Atletismo de Tornquist, logrando destacadas actuaciones.","og_url":"https:\/\/www.noticiasradioreflejos.com.ar\/2021\/lluvia-de-marcas-personales-en-el-campeonato-provincial-u20-para-atletas-del-distrito\/","og_site_name":"Noticias Radio Reflejos","article_published_time":"2023-03-14T13:34:19+00:00","og_image":[{"url":"https:\/\/live.staticflickr.com\/65535\/52747176814_ae8a97dae4_o.jpg","type":"","width":"","height":""}],"author":"Arnaldo Botto","twitter_card":"summary_large_image","schema":{"@context":"https:\/\/schema.org","@graph":[{"@type":"WebPage","@id":"https:\/\/www.noticiasradioreflejos.com.ar\/2021\/lluvia-de-marcas-personales-en-el-campeonato-provincial-u20-para-atletas-del-distrito\/","url":"https:\/\/www.noticiasradioreflejos.com.ar\/2021\/lluvia-de-marcas-personales-en-el-campeonato-provincial-u20-para-atletas-del-distrito\/","name":"Lluvia de marcas personales en el Campeonato Provincial U20 para atletas del distrito - Noticias Radio Reflejos","isPartOf":{"@id":"https:\/\/www.noticiasradioreflejos.com.ar\/2021\/#website"},"primaryImageOfPage":{"@id":"https:\/\/www.noticiasradioreflejos.com.ar\/2021\/lluvia-de-marcas-personales-en-el-campeonato-provincial-u20-para-atletas-del-distrito\/#primaryimage"},"image":{"@id":"https:\/\/www.noticiasradioreflejos.com.ar\/2021\/lluvia-de-marcas-personales-en-el-campeonato-provincial-u20-para-atletas-del-distrito\/#primaryimage"},"thumbnailUrl":"https:\/\/live.staticflickr.com\/65535\/52747176814_ae8a97dae4_o.jpg","datePublished":"2023-03-14T13:34:19+00:00","author":{"@id":"https:\/\/www.noticiasradioreflejos.com.ar\/2021\/#\/schema\/person\/ad82545263dcc5ec0996818884fd5fb1"},"breadcrumb":{"@id":"https:\/\/www.noticiasradioreflejos.com.ar\/2021\/lluvia-de-marcas-personales-en-el-campeonato-provincial-u20-para-atletas-del-distrito\/#breadcrumb"},"inLanguage":"es","potentialAction":[{"@type":"ReadAction","target":["https:\/\/www.noticiasradioreflejos.com.ar\/2021\/lluvia-de-marcas-personales-en-el-campeonato-provincial-u20-para-atletas-del-distrito\/"]}]},{"@type":"ImageObject","inLanguage":"es","@id":"https:\/\/www.noticiasradioreflejos.com.ar\/2021\/lluvia-de-marcas-personales-en-el-campeonato-provincial-u20-para-atletas-del-distrito\/#primaryimage","url":"https:\/\/live.staticflickr.com\/65535\/52747176814_ae8a97dae4_o.jpg","contentUrl":"https:\/\/live.staticflickr.com\/65535\/52747176814_ae8a97dae4_o.jpg"},{"@type":"BreadcrumbList","@id":"https:\/\/www.noticiasradioreflejos.com.ar\/2021\/lluvia-de-marcas-personales-en-el-campeonato-provincial-u20-para-atletas-del-distrito\/#breadcrumb","itemListElement":[{"@type":"ListItem","position":1,"name":"Portada","item":"https:\/\/www.noticiasradioreflejos.com.ar\/2021\/"},{"@type":"ListItem","position":2,"name":"Lluvia de marcas personales en el Campeonato Provincial U20 para atletas del distrito"}]},{"@type":"WebSite","@id":"https:\/\/www.noticiasradioreflejos.com.ar\/2021\/#website","url":"https:\/\/www.noticiasradioreflejos.com.ar\/2021\/","name":"Noticias Radio Reflejos","description":"Las noticias de mi comarca","potentialAction":[{"@type":"SearchAction","target":{"@type":"EntryPoint","urlTemplate":"https:\/\/www.noticiasradioreflejos.com.ar\/2021\/?s={search_term_string}"},"query-input":{"@type":"PropertyValueSpecification","valueRequired":true,"valueName":"search_term_string"}}],"inLanguage":"es"},{"@type":"Person","@id":"https:\/\/www.noticiasradioreflejos.com.ar\/2021\/#\/schema\/person\/ad82545263dcc5ec0996818884fd5fb1","name":"Arnaldo Botto","image":{"@type":"ImageObject","inLanguage":"es","@id":"https:\/\/www.noticiasradioreflejos.com.ar\/2021\/#\/schema\/person\/image\/","url":"https:\/\/secure.gravatar.com\/avatar\/55cb5e37c1efa326397366e6974cb338056df65cb50e7d64d1cf314e87504837?s=96&d=mm&r=g","contentUrl":"https:\/\/secure.gravatar.com\/avatar\/55cb5e37c1efa326397366e6974cb338056df65cb50e7d64d1cf314e87504837?s=96&d=mm&r=g","caption":"Arnaldo Botto"},"url":"https:\/\/www.noticiasradioreflejos.com.ar\/2021\/author\/arnaldo\/"}]}},"_links":{"self":[{"href":"https:\/\/www.noticiasradioreflejos.com.ar\/2021\/wp-json\/wp\/v2\/posts\/85496","targetHints":{"allow":["GET"]}}],"collection":[{"href":"https:\/\/www.noticiasradioreflejos.com.ar\/2021\/wp-json\/wp\/v2\/posts"}],"about":[{"href":"https:\/\/www.noticiasradioreflejos.com.ar\/2021\/wp-json\/wp\/v2\/types\/post"}],"author":[{"embeddable":true,"href":"https:\/\/www.noticiasradioreflejos.com.ar\/2021\/wp-json\/wp\/v2\/users\/3"}],"replies":[{"embeddable":true,"href":"https:\/\/www.noticiasradioreflejos.com.ar\/2021\/wp-json\/wp\/v2\/comments?post=85496"}],"version-history":[{"count":1,"href":"https:\/\/www.noticiasradioreflejos.com.ar\/2021\/wp-json\/wp\/v2\/posts\/85496\/revisions"}],"predecessor-version":[{"id":85498,"href":"https:\/\/www.noticiasradioreflejos.com.ar\/2021\/wp-json\/wp\/v2\/posts\/85496\/revisions\/85498"}],"wp:attachment":[{"href":"https:\/\/www.noticiasradioreflejos.com.ar\/2021\/wp-json\/wp\/v2\/media?parent=85496"}],"wp:term":[{"taxonomy":"category","embeddable":true,"href":"https:\/\/www.noticiasradioreflejos.com.ar\/2021\/wp-json\/wp\/v2\/categories?post=85496"},{"taxonomy":"post_tag","embeddable":true,"href":"https:\/\/www.noticiasradioreflejos.com.ar\/2021\/wp-json\/wp\/v2\/tags?post=85496"}],"curies":[{"name":"wp","href":"https:\/\/api.w.org\/{rel}","templated":true}]}}