{"id":85493,"date":"2023-03-14T13:29:42","date_gmt":"2023-03-14T13:29:42","guid":{"rendered":"https:\/\/www.noticiasradioreflejos.com.ar\/2021\/?p=85493"},"modified":"2023-03-14T13:29:42","modified_gmt":"2023-03-14T13:29:42","slug":"javier-rodriguez-bs-as-ya-esta-en-el-mapa-de-las-provincias-vitivinicolas","status":"publish","type":"post","link":"https:\/\/www.noticiasradioreflejos.com.ar\/2021\/javier-rodriguez-bs-as-ya-esta-en-el-mapa-de-las-provincias-vitivinicolas\/","title":{"rendered":"Javier Rodr\u00edguez: \u00abBs As ya est\u00e1 en el mapa de las provincias vitivin\u00edcolas\u00bb"},"content":{"rendered":"<p>El ministro de Desarrollo Agrario particip\u00f3 de la Fiesta Provincial de la Vendimia, en Tornquist, y encabez\u00f3 una mesa de trabajo junto a productoras y productores del sector.<!--more--><\/p>\n<div class=\"field field-name-field-fecha-noti-agroindustria field-type-datestamp field-label-hidden\">\n<div class=\"field-items\">\n<div class=\"field-item even\"><\/div>\n<\/div>\n<\/div>\n<div class=\"field field-name-field-img-noti-agroindustria field-type-image field-label-hidden\">\n<div class=\"field-items\">\n<div class=\"field-item even\"><img loading=\"lazy\" decoding=\"async\" title=\"Javier Rodr\u00edguez: &quot;Bs As ya est\u00e1 en el mapa de las provincias vitivin\u00edcolas&quot;\" src=\"https:\/\/www.gba.gob.ar\/sites\/default\/files\/img_agroindustria\/imagenes\/FIESTA-VENDIMIA-2023.jpg\" alt=\"Javier Rodr\u00edguez: &quot;Bs As ya est\u00e1 en el mapa de las provincias vitivin\u00edcolas&quot;\" width=\"660\" height=\"371\" \/><\/div>\n<\/div>\n<\/div>\n<div class=\"field field-name-field-epigrafe-img-noticia field-type-text field-label-hidden\">\n<div class=\"field-items\">\n<div class=\"field-item even\">.<\/div>\n<\/div>\n<\/div>\n<div class=\"field field-name-body field-type-text-with-summary field-label-hidden\">\n<div class=\"field-items\">\n<div class=\"field-item even\">\n<p>El ministro de Desarrollo Agrario de la provincia de Buenos Aires, Javier Rodr\u00edguez, particip\u00f3 de la Fiesta Provincial de la Vendimia 2023, que se realiza en Saldungaray, partido de Tornquist, donde celebr\u00f3 el crecimiento registrado en los \u00faltimos a\u00f1os por la producci\u00f3n vitivin\u00edcola bonaerense y destac\u00f3 el enorme potencial que tiene el sector.<\/p>\n<p>En el marco de los festejos, el MDA llev\u00f3 adelante la \u201c3ra Mesa vitivin\u00edcola provincial \u201d, en la que el titular de la cartera agraria dialog\u00f3 con productoras, productores y bodegueros, y present\u00f3 las acciones que se vienen impulsando desde el organismo provincial para fortalecer y difundir esta actividad. Participaron tambi\u00e9n autoridades municipales, legisladores y representantes de organismos nacionales y provinciales.<\/p>\n<p>\u201cLa provincia de Buenos Aires cuenta con una producci\u00f3n vitivin\u00edcola creciente y de gran calidad que, poco a poco, va ganando su lugar en el mercado. Nosotros estamos convencidos de que ese crecimiento debe ser acompa\u00f1ado y promovido por el Estado con programas y acciones concretas. Celebramos la realizaci\u00f3n de esta Fiesta, que permite mostrar la calidad del vino que se produce en la Provincia y, al mismo tiempo, reconocer el esfuerzo de cada uno de los y las productoras\u201d, se\u00f1al\u00f3 el ministro Javier Rodr\u00edguez.<\/p>\n<p>Seg\u00fan los \u00faltimos datos estad\u00edsticos del Instituto Nacional de Vitivinicultura (INV), la superficie de vid implantada en la provincia de Buenos Aires registr\u00f3 un crecimiento de cerca del 200% entre 2011 y 2021, mientras que el n\u00famero de vi\u00f1edos creci\u00f3 un 420%, pasando de 10 a 52 en ese mismo per\u00edodo.<\/p>\n<p>\u201cBuenos Aires ya est\u00e1 en el mapa de las provincias vitivin\u00edcolas. Y hay que resaltar que la producci\u00f3n vitivin\u00edcola tiene un enorme potencial para generar empleo, agregado de valor, exportaciones, e incluso impulsar la actividad tur\u00edstica y cultural en las regiones en donde se desarrolla. Por eso es importante incentivar al sector, acompa\u00f1ar su crecimiento e industrializaci\u00f3n, y favorecer la comercializaci\u00f3n de los vinos bonaerenses en el mercado\u201d, a\u00f1adi\u00f3 el titular de la cartera agraria bonaerense.<\/p>\n<p>En ese sentido, el 11 de enero \u00faltimo, el gobernador Axel Kicillof promulg\u00f3 la Ley 15.404 para crear el R\u00e9gimen de Promoci\u00f3n e Incentivo para la industria vitivin\u00edcola y el comercio en todo el territorio bonaerense con el objetivo de potenciar al sector e impulsar la sostenibilidad social, econ\u00f3mica, productiva, ambiental y cultural de la actividad. Para ello, se cre\u00f3 la marca \u201cVino Buenos Aires\u201d, que estar\u00e1 visible en cada una de los vinos elaborados en la Provincia.<\/p>\n<p>Asimismo, la legislaci\u00f3n comprende incentivos para la instalaci\u00f3n de nuevos vi\u00f1edos y bodegas en el territorio bonaerense como tambi\u00e9n ayuda log\u00edstica, asistencia t\u00e9cnica y econ\u00f3mica a los y las productoras.<\/p>\n<p>Por otro lado, en septiembre del a\u00f1o pasado el Ministerio de Desarrollo Agrario firm\u00f3 un convenio de colaboraci\u00f3n con el INV con el fin de desarrollar proyectos en com\u00fan que promuevan la expansi\u00f3n e industrializaci\u00f3n de la producci\u00f3n vitivin\u00edcola bonaerense.<\/p>\n<p>Adem\u00e1s, el MDA cuenta con una l\u00ednea de financiamiento, desarrollada en conjunto con el Banco Provincia, destinada a productores y productoras frut\u00edcolas bonaerenses que busquen ampliar o renovar montes frut\u00edcolas. Para ello, se ofrecen pr\u00e9stamos de hasta $15.000.000.<\/p>\n<p>\u00abA partir del esfuerzo conjunto del Ministerio y el BAPRO el plazo total de esta l\u00ednea llega a los siete a\u00f1os, respetando los tiempos de la producci\u00f3n. Al pensar las l\u00edneas de financiamiento espec\u00edficas para cada sector y actividad, tambi\u00e9n tenemos que tener presente sus tiempos y caracter\u00edsticas\u00bb, subray\u00f3 el ministro Rodr\u00edguez.<\/p>\n<p>La cartera agraria bonaerense tambi\u00e9n acompa\u00f1a a los productores y productoras vitivin\u00edcolas con distintos talleres y capacitaciones; y, junto al CONICET, se elabor\u00f3 un bolet\u00edn clim\u00e1tico frut\u00edcola, que releva informaci\u00f3n espec\u00edfica para la producci\u00f3n de frutas.<\/p>\n<p>La Fiesta Provincial de la Vendimia, que este a\u00f1o celebra su octava edici\u00f3n, se realiza en el predio de la Estaci\u00f3n de Ferrocarril de Saldungaray, en el partido de Tornquist. El evento, que comenz\u00f3 el s\u00e1bado y culmina hoy, busca revalorizar la producci\u00f3n vitivin\u00edcola de la regi\u00f3n y de toda la Provincia. Durante las dos jornadas se realizaron exposiciones de bodegas y de productores y productoras de vino de diferentes localidades bonaerenses, charlas y degustaciones; adem\u00e1s, se desarrolla una feria de artesanos, patio de comidas, y prestadores tur\u00edsticos ofrecen servicios y excursiones a los asistentes.<\/p>\n<p>Acompa\u00f1\u00f3 al ministro, la subsecretaria de Agricultura, Ganader\u00eda y Pesca del MDA, Carla Seain.<\/p>\n<\/div>\n<\/div>\n<\/div>\n","protected":false},"excerpt":{"rendered":"<p>El ministro de Desarrollo Agrario particip\u00f3 de la Fiesta Provincial de la Vendimia, en Tornquist, y encabez\u00f3 una mesa de trabajo junto a productoras y productores del sector.<\/p>\n","protected":false},"author":3,"featured_media":0,"comment_status":"closed","ping_status":"closed","sticky":false,"template":"","format":"standard","meta":{"footnotes":""},"categories":[1],"tags":[],"class_list":["post-85493","post","type-post","status-publish","format-standard","hentry","category-sin-categoria"],"yoast_head":"<!-- This site is optimized with the Yoast SEO plugin v25.9 - https:\/\/yoast.com\/wordpress\/plugins\/seo\/ -->\n<title>Javier Rodr\u00edguez: &quot;Bs As ya est\u00e1 en el mapa de las provincias vitivin\u00edcolas&quot; - Noticias Radio Reflejos<\/title>\n<meta name=\"robots\" content=\"index, follow, max-snippet:-1, max-image-preview:large, max-video-preview:-1\" \/>\n<link rel=\"canonical\" href=\"https:\/\/www.noticiasradioreflejos.com.ar\/2021\/javier-rodriguez-bs-as-ya-esta-en-el-mapa-de-las-provincias-vitivinicolas\/\" \/>\n<meta property=\"og:locale\" content=\"es_ES\" \/>\n<meta property=\"og:type\" content=\"article\" \/>\n<meta property=\"og:title\" content=\"Javier Rodr\u00edguez: &quot;Bs As ya est\u00e1 en el mapa de las provincias vitivin\u00edcolas&quot; - Noticias Radio Reflejos\" \/>\n<meta property=\"og:description\" content=\"El ministro de Desarrollo Agrario particip\u00f3 de la Fiesta Provincial de la Vendimia, en Tornquist, y encabez\u00f3 una mesa de trabajo junto a productoras y productores del sector.\" \/>\n<meta property=\"og:url\" content=\"https:\/\/www.noticiasradioreflejos.com.ar\/2021\/javier-rodriguez-bs-as-ya-esta-en-el-mapa-de-las-provincias-vitivinicolas\/\" \/>\n<meta property=\"og:site_name\" content=\"Noticias Radio Reflejos\" \/>\n<meta property=\"article:published_time\" content=\"2023-03-14T13:29:42+00:00\" \/>\n<meta property=\"og:image\" content=\"https:\/\/www.gba.gob.ar\/sites\/default\/files\/img_agroindustria\/imagenes\/FIESTA-VENDIMIA-2023.jpg\" \/>\n<meta name=\"author\" content=\"Arnaldo Botto\" \/>\n<meta name=\"twitter:card\" content=\"summary_large_image\" \/>\n<script type=\"application\/ld+json\" class=\"yoast-schema-graph\">{\"@context\":\"https:\/\/schema.org\",\"@graph\":[{\"@type\":\"WebPage\",\"@id\":\"https:\/\/www.noticiasradioreflejos.com.ar\/2021\/javier-rodriguez-bs-as-ya-esta-en-el-mapa-de-las-provincias-vitivinicolas\/\",\"url\":\"https:\/\/www.noticiasradioreflejos.com.ar\/2021\/javier-rodriguez-bs-as-ya-esta-en-el-mapa-de-las-provincias-vitivinicolas\/\",\"name\":\"Javier Rodr\u00edguez: \\\"Bs As ya est\u00e1 en el mapa de las provincias vitivin\u00edcolas\\\" - Noticias Radio Reflejos\",\"isPartOf\":{\"@id\":\"https:\/\/www.noticiasradioreflejos.com.ar\/2021\/#website\"},\"primaryImageOfPage\":{\"@id\":\"https:\/\/www.noticiasradioreflejos.com.ar\/2021\/javier-rodriguez-bs-as-ya-esta-en-el-mapa-de-las-provincias-vitivinicolas\/#primaryimage\"},\"image\":{\"@id\":\"https:\/\/www.noticiasradioreflejos.com.ar\/2021\/javier-rodriguez-bs-as-ya-esta-en-el-mapa-de-las-provincias-vitivinicolas\/#primaryimage\"},\"thumbnailUrl\":\"https:\/\/www.gba.gob.ar\/sites\/default\/files\/img_agroindustria\/imagenes\/FIESTA-VENDIMIA-2023.jpg\",\"datePublished\":\"2023-03-14T13:29:42+00:00\",\"author\":{\"@id\":\"https:\/\/www.noticiasradioreflejos.com.ar\/2021\/#\/schema\/person\/ad82545263dcc5ec0996818884fd5fb1\"},\"breadcrumb\":{\"@id\":\"https:\/\/www.noticiasradioreflejos.com.ar\/2021\/javier-rodriguez-bs-as-ya-esta-en-el-mapa-de-las-provincias-vitivinicolas\/#breadcrumb\"},\"inLanguage\":\"es\",\"potentialAction\":[{\"@type\":\"ReadAction\",\"target\":[\"https:\/\/www.noticiasradioreflejos.com.ar\/2021\/javier-rodriguez-bs-as-ya-esta-en-el-mapa-de-las-provincias-vitivinicolas\/\"]}]},{\"@type\":\"ImageObject\",\"inLanguage\":\"es\",\"@id\":\"https:\/\/www.noticiasradioreflejos.com.ar\/2021\/javier-rodriguez-bs-as-ya-esta-en-el-mapa-de-las-provincias-vitivinicolas\/#primaryimage\",\"url\":\"https:\/\/www.gba.gob.ar\/sites\/default\/files\/img_agroindustria\/imagenes\/FIESTA-VENDIMIA-2023.jpg\",\"contentUrl\":\"https:\/\/www.gba.gob.ar\/sites\/default\/files\/img_agroindustria\/imagenes\/FIESTA-VENDIMIA-2023.jpg\"},{\"@type\":\"BreadcrumbList\",\"@id\":\"https:\/\/www.noticiasradioreflejos.com.ar\/2021\/javier-rodriguez-bs-as-ya-esta-en-el-mapa-de-las-provincias-vitivinicolas\/#breadcrumb\",\"itemListElement\":[{\"@type\":\"ListItem\",\"position\":1,\"name\":\"Portada\",\"item\":\"https:\/\/www.noticiasradioreflejos.com.ar\/2021\/\"},{\"@type\":\"ListItem\",\"position\":2,\"name\":\"Javier Rodr\u00edguez: \u00abBs As ya est\u00e1 en el mapa de las provincias vitivin\u00edcolas\u00bb\"}]},{\"@type\":\"WebSite\",\"@id\":\"https:\/\/www.noticiasradioreflejos.com.ar\/2021\/#website\",\"url\":\"https:\/\/www.noticiasradioreflejos.com.ar\/2021\/\",\"name\":\"Noticias Radio Reflejos\",\"description\":\"Las noticias de mi comarca\",\"potentialAction\":[{\"@type\":\"SearchAction\",\"target\":{\"@type\":\"EntryPoint\",\"urlTemplate\":\"https:\/\/www.noticiasradioreflejos.com.ar\/2021\/?s={search_term_string}\"},\"query-input\":{\"@type\":\"PropertyValueSpecification\",\"valueRequired\":true,\"valueName\":\"search_term_string\"}}],\"inLanguage\":\"es\"},{\"@type\":\"Person\",\"@id\":\"https:\/\/www.noticiasradioreflejos.com.ar\/2021\/#\/schema\/person\/ad82545263dcc5ec0996818884fd5fb1\",\"name\":\"Arnaldo Botto\",\"image\":{\"@type\":\"ImageObject\",\"inLanguage\":\"es\",\"@id\":\"https:\/\/www.noticiasradioreflejos.com.ar\/2021\/#\/schema\/person\/image\/\",\"url\":\"https:\/\/secure.gravatar.com\/avatar\/55cb5e37c1efa326397366e6974cb338056df65cb50e7d64d1cf314e87504837?s=96&d=mm&r=g\",\"contentUrl\":\"https:\/\/secure.gravatar.com\/avatar\/55cb5e37c1efa326397366e6974cb338056df65cb50e7d64d1cf314e87504837?s=96&d=mm&r=g\",\"caption\":\"Arnaldo Botto\"},\"url\":\"https:\/\/www.noticiasradioreflejos.com.ar\/2021\/author\/arnaldo\/\"}]}<\/script>\n<!-- \/ Yoast SEO plugin. -->","yoast_head_json":{"title":"Javier Rodr\u00edguez: \"Bs As ya est\u00e1 en el mapa de las provincias vitivin\u00edcolas\" - Noticias Radio Reflejos","robots":{"index":"index","follow":"follow","max-snippet":"max-snippet:-1","max-image-preview":"max-image-preview:large","max-video-preview":"max-video-preview:-1"},"canonical":"https:\/\/www.noticiasradioreflejos.com.ar\/2021\/javier-rodriguez-bs-as-ya-esta-en-el-mapa-de-las-provincias-vitivinicolas\/","og_locale":"es_ES","og_type":"article","og_title":"Javier Rodr\u00edguez: \"Bs As ya est\u00e1 en el mapa de las provincias vitivin\u00edcolas\" - Noticias Radio Reflejos","og_description":"El ministro de Desarrollo Agrario particip\u00f3 de la Fiesta Provincial de la Vendimia, en Tornquist, y encabez\u00f3 una mesa de trabajo junto a productoras y productores del sector.","og_url":"https:\/\/www.noticiasradioreflejos.com.ar\/2021\/javier-rodriguez-bs-as-ya-esta-en-el-mapa-de-las-provincias-vitivinicolas\/","og_site_name":"Noticias Radio Reflejos","article_published_time":"2023-03-14T13:29:42+00:00","og_image":[{"url":"https:\/\/www.gba.gob.ar\/sites\/default\/files\/img_agroindustria\/imagenes\/FIESTA-VENDIMIA-2023.jpg","type":"","width":"","height":""}],"author":"Arnaldo Botto","twitter_card":"summary_large_image","schema":{"@context":"https:\/\/schema.org","@graph":[{"@type":"WebPage","@id":"https:\/\/www.noticiasradioreflejos.com.ar\/2021\/javier-rodriguez-bs-as-ya-esta-en-el-mapa-de-las-provincias-vitivinicolas\/","url":"https:\/\/www.noticiasradioreflejos.com.ar\/2021\/javier-rodriguez-bs-as-ya-esta-en-el-mapa-de-las-provincias-vitivinicolas\/","name":"Javier Rodr\u00edguez: \"Bs As ya est\u00e1 en el mapa de las provincias vitivin\u00edcolas\" - Noticias Radio Reflejos","isPartOf":{"@id":"https:\/\/www.noticiasradioreflejos.com.ar\/2021\/#website"},"primaryImageOfPage":{"@id":"https:\/\/www.noticiasradioreflejos.com.ar\/2021\/javier-rodriguez-bs-as-ya-esta-en-el-mapa-de-las-provincias-vitivinicolas\/#primaryimage"},"image":{"@id":"https:\/\/www.noticiasradioreflejos.com.ar\/2021\/javier-rodriguez-bs-as-ya-esta-en-el-mapa-de-las-provincias-vitivinicolas\/#primaryimage"},"thumbnailUrl":"https:\/\/www.gba.gob.ar\/sites\/default\/files\/img_agroindustria\/imagenes\/FIESTA-VENDIMIA-2023.jpg","datePublished":"2023-03-14T13:29:42+00:00","author":{"@id":"https:\/\/www.noticiasradioreflejos.com.ar\/2021\/#\/schema\/person\/ad82545263dcc5ec0996818884fd5fb1"},"breadcrumb":{"@id":"https:\/\/www.noticiasradioreflejos.com.ar\/2021\/javier-rodriguez-bs-as-ya-esta-en-el-mapa-de-las-provincias-vitivinicolas\/#breadcrumb"},"inLanguage":"es","potentialAction":[{"@type":"ReadAction","target":["https:\/\/www.noticiasradioreflejos.com.ar\/2021\/javier-rodriguez-bs-as-ya-esta-en-el-mapa-de-las-provincias-vitivinicolas\/"]}]},{"@type":"ImageObject","inLanguage":"es","@id":"https:\/\/www.noticiasradioreflejos.com.ar\/2021\/javier-rodriguez-bs-as-ya-esta-en-el-mapa-de-las-provincias-vitivinicolas\/#primaryimage","url":"https:\/\/www.gba.gob.ar\/sites\/default\/files\/img_agroindustria\/imagenes\/FIESTA-VENDIMIA-2023.jpg","contentUrl":"https:\/\/www.gba.gob.ar\/sites\/default\/files\/img_agroindustria\/imagenes\/FIESTA-VENDIMIA-2023.jpg"},{"@type":"BreadcrumbList","@id":"https:\/\/www.noticiasradioreflejos.com.ar\/2021\/javier-rodriguez-bs-as-ya-esta-en-el-mapa-de-las-provincias-vitivinicolas\/#breadcrumb","itemListElement":[{"@type":"ListItem","position":1,"name":"Portada","item":"https:\/\/www.noticiasradioreflejos.com.ar\/2021\/"},{"@type":"ListItem","position":2,"name":"Javier Rodr\u00edguez: \u00abBs As ya est\u00e1 en el mapa de las provincias vitivin\u00edcolas\u00bb"}]},{"@type":"WebSite","@id":"https:\/\/www.noticiasradioreflejos.com.ar\/2021\/#website","url":"https:\/\/www.noticiasradioreflejos.com.ar\/2021\/","name":"Noticias Radio Reflejos","description":"Las noticias de mi comarca","potentialAction":[{"@type":"SearchAction","target":{"@type":"EntryPoint","urlTemplate":"https:\/\/www.noticiasradioreflejos.com.ar\/2021\/?s={search_term_string}"},"query-input":{"@type":"PropertyValueSpecification","valueRequired":true,"valueName":"search_term_string"}}],"inLanguage":"es"},{"@type":"Person","@id":"https:\/\/www.noticiasradioreflejos.com.ar\/2021\/#\/schema\/person\/ad82545263dcc5ec0996818884fd5fb1","name":"Arnaldo Botto","image":{"@type":"ImageObject","inLanguage":"es","@id":"https:\/\/www.noticiasradioreflejos.com.ar\/2021\/#\/schema\/person\/image\/","url":"https:\/\/secure.gravatar.com\/avatar\/55cb5e37c1efa326397366e6974cb338056df65cb50e7d64d1cf314e87504837?s=96&d=mm&r=g","contentUrl":"https:\/\/secure.gravatar.com\/avatar\/55cb5e37c1efa326397366e6974cb338056df65cb50e7d64d1cf314e87504837?s=96&d=mm&r=g","caption":"Arnaldo Botto"},"url":"https:\/\/www.noticiasradioreflejos.com.ar\/2021\/author\/arnaldo\/"}]}},"_links":{"self":[{"href":"https:\/\/www.noticiasradioreflejos.com.ar\/2021\/wp-json\/wp\/v2\/posts\/85493","targetHints":{"allow":["GET"]}}],"collection":[{"href":"https:\/\/www.noticiasradioreflejos.com.ar\/2021\/wp-json\/wp\/v2\/posts"}],"about":[{"href":"https:\/\/www.noticiasradioreflejos.com.ar\/2021\/wp-json\/wp\/v2\/types\/post"}],"author":[{"embeddable":true,"href":"https:\/\/www.noticiasradioreflejos.com.ar\/2021\/wp-json\/wp\/v2\/users\/3"}],"replies":[{"embeddable":true,"href":"https:\/\/www.noticiasradioreflejos.com.ar\/2021\/wp-json\/wp\/v2\/comments?post=85493"}],"version-history":[{"count":1,"href":"https:\/\/www.noticiasradioreflejos.com.ar\/2021\/wp-json\/wp\/v2\/posts\/85493\/revisions"}],"predecessor-version":[{"id":85495,"href":"https:\/\/www.noticiasradioreflejos.com.ar\/2021\/wp-json\/wp\/v2\/posts\/85493\/revisions\/85495"}],"wp:attachment":[{"href":"https:\/\/www.noticiasradioreflejos.com.ar\/2021\/wp-json\/wp\/v2\/media?parent=85493"}],"wp:term":[{"taxonomy":"category","embeddable":true,"href":"https:\/\/www.noticiasradioreflejos.com.ar\/2021\/wp-json\/wp\/v2\/categories?post=85493"},{"taxonomy":"post_tag","embeddable":true,"href":"https:\/\/www.noticiasradioreflejos.com.ar\/2021\/wp-json\/wp\/v2\/tags?post=85493"}],"curies":[{"name":"wp","href":"https:\/\/api.w.org\/{rel}","templated":true}]}}