{"id":85485,"date":"2023-03-14T13:17:32","date_gmt":"2023-03-14T13:17:32","guid":{"rendered":"https:\/\/www.noticiasradioreflejos.com.ar\/2021\/?p=85485"},"modified":"2023-03-14T13:17:32","modified_gmt":"2023-03-14T13:17:32","slug":"los-colegios-privados-afrontan-con-estrategias-diversas-la-ola-de-calor","status":"publish","type":"post","link":"https:\/\/www.noticiasradioreflejos.com.ar\/2021\/los-colegios-privados-afrontan-con-estrategias-diversas-la-ola-de-calor\/","title":{"rendered":"Los colegios privados afrontan con estrategias diversas la ola de calor"},"content":{"rendered":"<p>La Asociaci\u00f3n de Institutos de Ense\u00f1anza Privada de la Provincia de Buenos aires (AIEPBA) elabor\u00f3 a partir del aporte de especialistas y autoridades de la instituci\u00f3n un listado de herramientas pedag\u00f3gicas y log\u00edsticas tendientes a aplicar en los establecimientos educativos como forma de mitigar los efectos de la ola de calor que atraviesa a buena parte del territorio bonaerense y del resto del pa\u00eds.<!--more--><\/p>\n<p>\u201cHemos elaborado algunas sugerencias y recogido experiencias que recorrieron nuestros asociados en estos primeros d\u00edas del ciclo lectivo afectado por las temperaturas extremas\u201d, explic\u00f3 el secretario ejecutivo de AIEPBA, Mart\u00edn Zurita.<\/p>\n<p>Entre las medidas que se sugieren desde la entidad que agrupa a m\u00e1s de 2.300 institutos de ense\u00f1anza de todos los niveles en Buenos Aires, est\u00e1n las siguientes:<\/p>\n<p>\u2022 Rotaci\u00f3n de los espacios para los estudiantes dentro de la escuela hacia lugares con mayor ventilaci\u00f3n, al aire libre o en la sombra.<br \/>\n\u2022 Sugerir el uso de prendas livianas del uniforme hasta tanto pase la ola de calor, permitiendo ir con short escolar en lugar del pantal\u00f3n largo, por ejemplo.<br \/>\n\u2022 Refrescarse en los recreos y flexibilizar los tiempos de hidrataci\u00f3n en el aula. Proveer jarras con agua fr\u00eda o dispensers, para abastecer a lo largo de la jornada.<br \/>\n\u2022 En las clases de Educaci\u00f3n F\u00edsica, realizar actividades te\u00f3ricas; y en aquellos establecimientos donde la asignatura se dicte mayoritariamente en sectores techados y ventilados, realizar actividad de baja intensidad.<br \/>\n\u2022 Reforzar a trav\u00e9s de reclamos a los entes de servicios p\u00fablicos, la continuidad de la provisi\u00f3n de energ\u00eda y agua corriente debido a la alt\u00edsima interrupci\u00f3n en los suministros.<br \/>\n\u2022 La suspensi\u00f3n de clases por cuestiones clim\u00e1ticas est\u00e1 prevista en el Reglamento General de Escuelas y es una decisi\u00f3n institucional y excepcional, en caso de que las condiciones lo ameriten. Previo a ello, se pueden contemplar otras alternativas como: establecer franjas horarias para realizar tareas acad\u00e9micas de manera virtual, o no computar inasistencias en alg\u00fan turno.<br \/>\n\u2022 Asimismo, se sugiere aplicar las indicaciones emanadas al respecto por la Subsecretar\u00eda de Educaci\u00f3n de la DGCE.<br \/>\n\u2022 Desde la perspectiva pedag\u00f3gica, los docentes pueden utilizar la actual contingencia como disparador para abordar, de manera transversal en el aula y en los diferentes niveles educativos, la problem\u00e1tica ambiental y del calentamiento global.<\/p>\n<p>El secretario de AIEPBA reconoci\u00f3 que \u201cla actual situaci\u00f3n de emergencia nos obliga a reformular cuestiones de funcionamiento del sistema. La educaci\u00f3n privada tiene intenciones de afrontar este tipo de contingencias, pero ahora la capacidad financiera est\u00e1 acotada por, entre otros motivos, un sistema de aranceles regulado\u201d, dijo Zurita y agreg\u00f3 que \u201cesta ola pasar\u00e1, pero nos debe dejar una ense\u00f1anza para mejorar la calidad del sistema educativo en general\u201d.<\/p>\n","protected":false},"excerpt":{"rendered":"<p>La Asociaci\u00f3n de Institutos de Ense\u00f1anza Privada de la Provincia de Buenos aires (AIEPBA) elabor\u00f3 a partir del aporte de especialistas y autoridades de la instituci\u00f3n un listado de herramientas pedag\u00f3gicas y log\u00edsticas tendientes a aplicar en los establecimientos educativos como forma de mitigar los efectos de la ola de calor que atraviesa a buena [&hellip;]<\/p>\n","protected":false},"author":3,"featured_media":0,"comment_status":"closed","ping_status":"closed","sticky":false,"template":"","format":"standard","meta":{"footnotes":""},"categories":[34],"tags":[],"class_list":["post-85485","post","type-post","status-publish","format-standard","hentry","category-educacion"],"yoast_head":"<!-- This site is optimized with the Yoast SEO plugin v25.9 - https:\/\/yoast.com\/wordpress\/plugins\/seo\/ -->\n<title>Los colegios privados afrontan con estrategias diversas la ola de calor - Noticias Radio Reflejos<\/title>\n<meta name=\"robots\" content=\"index, follow, max-snippet:-1, max-image-preview:large, max-video-preview:-1\" \/>\n<link rel=\"canonical\" href=\"https:\/\/www.noticiasradioreflejos.com.ar\/2021\/los-colegios-privados-afrontan-con-estrategias-diversas-la-ola-de-calor\/\" \/>\n<meta property=\"og:locale\" content=\"es_ES\" \/>\n<meta property=\"og:type\" content=\"article\" \/>\n<meta property=\"og:title\" content=\"Los colegios privados afrontan con estrategias diversas la ola de calor - Noticias Radio Reflejos\" \/>\n<meta property=\"og:description\" content=\"La Asociaci\u00f3n de Institutos de Ense\u00f1anza Privada de la Provincia de Buenos aires (AIEPBA) elabor\u00f3 a partir del aporte de especialistas y autoridades de la instituci\u00f3n un listado de herramientas pedag\u00f3gicas y log\u00edsticas tendientes a aplicar en los establecimientos educativos como forma de mitigar los efectos de la ola de calor que atraviesa a buena [&hellip;]\" \/>\n<meta property=\"og:url\" content=\"https:\/\/www.noticiasradioreflejos.com.ar\/2021\/los-colegios-privados-afrontan-con-estrategias-diversas-la-ola-de-calor\/\" \/>\n<meta property=\"og:site_name\" content=\"Noticias Radio Reflejos\" \/>\n<meta property=\"article:published_time\" content=\"2023-03-14T13:17:32+00:00\" \/>\n<meta property=\"og:image\" content=\"https:\/\/www.noticiasradioreflejos.com.ar\/2021\/wp-content\/uploads\/2021\/07\/logosol300x200.png\" \/>\n\t<meta property=\"og:image:width\" content=\"300\" \/>\n\t<meta property=\"og:image:height\" content=\"200\" \/>\n\t<meta property=\"og:image:type\" content=\"image\/png\" \/>\n<meta name=\"author\" content=\"Arnaldo Botto\" \/>\n<meta name=\"twitter:card\" content=\"summary_large_image\" \/>\n<script type=\"application\/ld+json\" class=\"yoast-schema-graph\">{\"@context\":\"https:\/\/schema.org\",\"@graph\":[{\"@type\":\"WebPage\",\"@id\":\"https:\/\/www.noticiasradioreflejos.com.ar\/2021\/los-colegios-privados-afrontan-con-estrategias-diversas-la-ola-de-calor\/\",\"url\":\"https:\/\/www.noticiasradioreflejos.com.ar\/2021\/los-colegios-privados-afrontan-con-estrategias-diversas-la-ola-de-calor\/\",\"name\":\"Los colegios privados afrontan con estrategias diversas la ola de calor - Noticias Radio Reflejos\",\"isPartOf\":{\"@id\":\"https:\/\/www.noticiasradioreflejos.com.ar\/2021\/#website\"},\"datePublished\":\"2023-03-14T13:17:32+00:00\",\"author\":{\"@id\":\"https:\/\/www.noticiasradioreflejos.com.ar\/2021\/#\/schema\/person\/ad82545263dcc5ec0996818884fd5fb1\"},\"breadcrumb\":{\"@id\":\"https:\/\/www.noticiasradioreflejos.com.ar\/2021\/los-colegios-privados-afrontan-con-estrategias-diversas-la-ola-de-calor\/#breadcrumb\"},\"inLanguage\":\"es\",\"potentialAction\":[{\"@type\":\"ReadAction\",\"target\":[\"https:\/\/www.noticiasradioreflejos.com.ar\/2021\/los-colegios-privados-afrontan-con-estrategias-diversas-la-ola-de-calor\/\"]}]},{\"@type\":\"BreadcrumbList\",\"@id\":\"https:\/\/www.noticiasradioreflejos.com.ar\/2021\/los-colegios-privados-afrontan-con-estrategias-diversas-la-ola-de-calor\/#breadcrumb\",\"itemListElement\":[{\"@type\":\"ListItem\",\"position\":1,\"name\":\"Portada\",\"item\":\"https:\/\/www.noticiasradioreflejos.com.ar\/2021\/\"},{\"@type\":\"ListItem\",\"position\":2,\"name\":\"Los colegios privados afrontan con estrategias diversas la ola de calor\"}]},{\"@type\":\"WebSite\",\"@id\":\"https:\/\/www.noticiasradioreflejos.com.ar\/2021\/#website\",\"url\":\"https:\/\/www.noticiasradioreflejos.com.ar\/2021\/\",\"name\":\"Noticias Radio Reflejos\",\"description\":\"Las noticias de mi comarca\",\"potentialAction\":[{\"@type\":\"SearchAction\",\"target\":{\"@type\":\"EntryPoint\",\"urlTemplate\":\"https:\/\/www.noticiasradioreflejos.com.ar\/2021\/?s={search_term_string}\"},\"query-input\":{\"@type\":\"PropertyValueSpecification\",\"valueRequired\":true,\"valueName\":\"search_term_string\"}}],\"inLanguage\":\"es\"},{\"@type\":\"Person\",\"@id\":\"https:\/\/www.noticiasradioreflejos.com.ar\/2021\/#\/schema\/person\/ad82545263dcc5ec0996818884fd5fb1\",\"name\":\"Arnaldo Botto\",\"image\":{\"@type\":\"ImageObject\",\"inLanguage\":\"es\",\"@id\":\"https:\/\/www.noticiasradioreflejos.com.ar\/2021\/#\/schema\/person\/image\/\",\"url\":\"https:\/\/secure.gravatar.com\/avatar\/55cb5e37c1efa326397366e6974cb338056df65cb50e7d64d1cf314e87504837?s=96&d=mm&r=g\",\"contentUrl\":\"https:\/\/secure.gravatar.com\/avatar\/55cb5e37c1efa326397366e6974cb338056df65cb50e7d64d1cf314e87504837?s=96&d=mm&r=g\",\"caption\":\"Arnaldo Botto\"},\"url\":\"https:\/\/www.noticiasradioreflejos.com.ar\/2021\/author\/arnaldo\/\"}]}<\/script>\n<!-- \/ Yoast SEO plugin. -->","yoast_head_json":{"title":"Los colegios privados afrontan con estrategias diversas la ola de calor - Noticias Radio Reflejos","robots":{"index":"index","follow":"follow","max-snippet":"max-snippet:-1","max-image-preview":"max-image-preview:large","max-video-preview":"max-video-preview:-1"},"canonical":"https:\/\/www.noticiasradioreflejos.com.ar\/2021\/los-colegios-privados-afrontan-con-estrategias-diversas-la-ola-de-calor\/","og_locale":"es_ES","og_type":"article","og_title":"Los colegios privados afrontan con estrategias diversas la ola de calor - Noticias Radio Reflejos","og_description":"La Asociaci\u00f3n de Institutos de Ense\u00f1anza Privada de la Provincia de Buenos aires (AIEPBA) elabor\u00f3 a partir del aporte de especialistas y autoridades de la instituci\u00f3n un listado de herramientas pedag\u00f3gicas y log\u00edsticas tendientes a aplicar en los establecimientos educativos como forma de mitigar los efectos de la ola de calor que atraviesa a buena [&hellip;]","og_url":"https:\/\/www.noticiasradioreflejos.com.ar\/2021\/los-colegios-privados-afrontan-con-estrategias-diversas-la-ola-de-calor\/","og_site_name":"Noticias Radio Reflejos","article_published_time":"2023-03-14T13:17:32+00:00","og_image":[{"width":300,"height":200,"url":"https:\/\/www.noticiasradioreflejos.com.ar\/2021\/wp-content\/uploads\/2021\/07\/logosol300x200.png","type":"image\/png"}],"author":"Arnaldo Botto","twitter_card":"summary_large_image","schema":{"@context":"https:\/\/schema.org","@graph":[{"@type":"WebPage","@id":"https:\/\/www.noticiasradioreflejos.com.ar\/2021\/los-colegios-privados-afrontan-con-estrategias-diversas-la-ola-de-calor\/","url":"https:\/\/www.noticiasradioreflejos.com.ar\/2021\/los-colegios-privados-afrontan-con-estrategias-diversas-la-ola-de-calor\/","name":"Los colegios privados afrontan con estrategias diversas la ola de calor - Noticias Radio Reflejos","isPartOf":{"@id":"https:\/\/www.noticiasradioreflejos.com.ar\/2021\/#website"},"datePublished":"2023-03-14T13:17:32+00:00","author":{"@id":"https:\/\/www.noticiasradioreflejos.com.ar\/2021\/#\/schema\/person\/ad82545263dcc5ec0996818884fd5fb1"},"breadcrumb":{"@id":"https:\/\/www.noticiasradioreflejos.com.ar\/2021\/los-colegios-privados-afrontan-con-estrategias-diversas-la-ola-de-calor\/#breadcrumb"},"inLanguage":"es","potentialAction":[{"@type":"ReadAction","target":["https:\/\/www.noticiasradioreflejos.com.ar\/2021\/los-colegios-privados-afrontan-con-estrategias-diversas-la-ola-de-calor\/"]}]},{"@type":"BreadcrumbList","@id":"https:\/\/www.noticiasradioreflejos.com.ar\/2021\/los-colegios-privados-afrontan-con-estrategias-diversas-la-ola-de-calor\/#breadcrumb","itemListElement":[{"@type":"ListItem","position":1,"name":"Portada","item":"https:\/\/www.noticiasradioreflejos.com.ar\/2021\/"},{"@type":"ListItem","position":2,"name":"Los colegios privados afrontan con estrategias diversas la ola de calor"}]},{"@type":"WebSite","@id":"https:\/\/www.noticiasradioreflejos.com.ar\/2021\/#website","url":"https:\/\/www.noticiasradioreflejos.com.ar\/2021\/","name":"Noticias Radio Reflejos","description":"Las noticias de mi comarca","potentialAction":[{"@type":"SearchAction","target":{"@type":"EntryPoint","urlTemplate":"https:\/\/www.noticiasradioreflejos.com.ar\/2021\/?s={search_term_string}"},"query-input":{"@type":"PropertyValueSpecification","valueRequired":true,"valueName":"search_term_string"}}],"inLanguage":"es"},{"@type":"Person","@id":"https:\/\/www.noticiasradioreflejos.com.ar\/2021\/#\/schema\/person\/ad82545263dcc5ec0996818884fd5fb1","name":"Arnaldo Botto","image":{"@type":"ImageObject","inLanguage":"es","@id":"https:\/\/www.noticiasradioreflejos.com.ar\/2021\/#\/schema\/person\/image\/","url":"https:\/\/secure.gravatar.com\/avatar\/55cb5e37c1efa326397366e6974cb338056df65cb50e7d64d1cf314e87504837?s=96&d=mm&r=g","contentUrl":"https:\/\/secure.gravatar.com\/avatar\/55cb5e37c1efa326397366e6974cb338056df65cb50e7d64d1cf314e87504837?s=96&d=mm&r=g","caption":"Arnaldo Botto"},"url":"https:\/\/www.noticiasradioreflejos.com.ar\/2021\/author\/arnaldo\/"}]}},"_links":{"self":[{"href":"https:\/\/www.noticiasradioreflejos.com.ar\/2021\/wp-json\/wp\/v2\/posts\/85485","targetHints":{"allow":["GET"]}}],"collection":[{"href":"https:\/\/www.noticiasradioreflejos.com.ar\/2021\/wp-json\/wp\/v2\/posts"}],"about":[{"href":"https:\/\/www.noticiasradioreflejos.com.ar\/2021\/wp-json\/wp\/v2\/types\/post"}],"author":[{"embeddable":true,"href":"https:\/\/www.noticiasradioreflejos.com.ar\/2021\/wp-json\/wp\/v2\/users\/3"}],"replies":[{"embeddable":true,"href":"https:\/\/www.noticiasradioreflejos.com.ar\/2021\/wp-json\/wp\/v2\/comments?post=85485"}],"version-history":[{"count":1,"href":"https:\/\/www.noticiasradioreflejos.com.ar\/2021\/wp-json\/wp\/v2\/posts\/85485\/revisions"}],"predecessor-version":[{"id":85487,"href":"https:\/\/www.noticiasradioreflejos.com.ar\/2021\/wp-json\/wp\/v2\/posts\/85485\/revisions\/85487"}],"wp:attachment":[{"href":"https:\/\/www.noticiasradioreflejos.com.ar\/2021\/wp-json\/wp\/v2\/media?parent=85485"}],"wp:term":[{"taxonomy":"category","embeddable":true,"href":"https:\/\/www.noticiasradioreflejos.com.ar\/2021\/wp-json\/wp\/v2\/categories?post=85485"},{"taxonomy":"post_tag","embeddable":true,"href":"https:\/\/www.noticiasradioreflejos.com.ar\/2021\/wp-json\/wp\/v2\/tags?post=85485"}],"curies":[{"name":"wp","href":"https:\/\/api.w.org\/{rel}","templated":true}]}}