{"id":85447,"date":"2023-03-13T17:45:57","date_gmt":"2023-03-13T17:45:57","guid":{"rendered":"https:\/\/www.noticiasradioreflejos.com.ar\/2021\/?p=85447"},"modified":"2023-03-13T17:46:14","modified_gmt":"2023-03-13T17:46:14","slug":"fue-la-vendimia-donde-mas-vino-se-pudo-probar-y-donde-mas-vino-se-compro","status":"publish","type":"post","link":"https:\/\/www.noticiasradioreflejos.com.ar\/2021\/fue-la-vendimia-donde-mas-vino-se-pudo-probar-y-donde-mas-vino-se-compro\/","title":{"rendered":"\u201cFue la Vendimia donde m\u00e1s vino se pudo probar y donde m\u00e1s vino se compr\u00f3\u201d"},"content":{"rendered":"<p>El secretario de producci\u00f3n V\u00edctor Ant\u00f3n brind\u00f3 detalles de las charlas y gestiones que se hicieron con varios ministros aprovechando la convocatoria generada por la Fiesta de la Vendimia.<!--more--><\/p>\n<p><a href=\"https:\/\/www.noticiasradioreflejos.com.ar\/2021\/con-una-jornada-productiva-dio-inicio-la-8va-fiesta-provincial-de-la-vendimia-en-saldungaray\/vendimia3\/\" rel=\"attachment wp-att-85370\"><img loading=\"lazy\" decoding=\"async\" src=\"https:\/\/www.noticiasradioreflejos.com.ar\/2021\/wp-content\/uploads\/2023\/03\/Vendimia3.jpeg\" alt=\"\" width=\"1600\" height=\"1064\" class=\"aligncenter size-full wp-image-85370\" \/><\/a><\/p>\n<p>Si bien el espect\u00e1culo dej\u00f3 satisfechos a todos, por detr\u00e1s, las tratativas y visitas protocolares tambi\u00e9n sumaron y mucho en el plano estrat\u00e9gico de la comarca.<\/p>\n<p>As\u00ed lo hizo saber el Secretario de Producci\u00f3n, Victor Ant\u00f3n, el cual qued\u00f3 muy conforme con las gestiones que se pudieron concretar apuntando a los sectores l\u00e1cteos y vitivin\u00edcolas.<\/p>\n<p>Al respecto el funcionario coment\u00f3 que \u201clo que se vio es un reflejo de un trabajo mancomunado que venimos haciendo desde el municipio, desde la provincia, y con los productores. Ambas producciones tienen mucho apoyo, tanto la vitivin\u00edcola como la lechera\u201d.<\/p>\n<p>Dando un recorrido por el \u00faltimo a\u00f1o, no dud\u00f3 en sostener que \u201cel a\u00f1o pasado se plante\u00f3 la necesidad de cr\u00e9ditos para el desarrollo vitivin\u00edcola y esos cr\u00e9ditos estuvieron. Se plante\u00f3 la ley de vinos bonaerenses, y el gobernador hace un mes la promulg\u00f3. Fue la Vendimia donde m\u00e1s vino se pudo probar y donde m\u00e1s vino se compr\u00f3\u201d.<\/p>\n<p><a href=\"https:\/\/www.noticiasradioreflejos.com.ar\/2021\/con-una-jornada-productiva-dio-inicio-la-8va-fiesta-provincial-de-la-vendimia-en-saldungaray\/vendimia11\/\" rel=\"attachment wp-att-85371\"><img loading=\"lazy\" decoding=\"async\" src=\"https:\/\/www.noticiasradioreflejos.com.ar\/2021\/wp-content\/uploads\/2023\/03\/vendimia11.jpeg\" alt=\"\" width=\"1600\" height=\"1064\" class=\"aligncenter size-full wp-image-85371\" \/><\/a><\/p>\n<p>Debido a esto es que \u201cmuchas bodegas le pudieron plantear la agenda de trabajo a los ministros y sus gabinetes, para trabajar y generar pol\u00edticas de estado, que enfoquen estas dos actividades y que las vinculen con el turismo\u201d.<\/p>\n<p>En otro pasaje de la charla confirm\u00f3 que \u201cdentro del distrito tenemos cuatro emprendimientos vitivin\u00edcolas; Rueda, Saldungaray, Cerro Colorado y en el oeste del distrito, en la parte m\u00e1s marginal desde lo clim\u00e1tico, Francisco Gabella tiene en poco m\u00e1s de media hect\u00e1rea tiene dos vinificaciones. Espera que el a\u00f1o pr\u00f3ximo poder tener vinos\u201d.<\/p>\n<p>Mientras que por el lado lechero, actualiz\u00f3 que \u201cla gente del Balc\u00f3n del Arroyo ha decidido hacer una inversi\u00f3n muy importante. Es una empresa nueva en los papeles. Ellos ya tienen un recorrido en la comarca. Por eso se les dificulta el acceso al cr\u00e9dito, pero con la intervenci\u00f3n del Ministro Costa, creemos que pronto va a tener un financiamiento interesante, para que pronto puedan terminar su f\u00e1brica en el sector industrial\u201d.<\/p>\n<p><iframe loading=\"lazy\" width=\"100%\" height=\"166\" scrolling=\"no\" frameborder=\"no\" allow=\"autoplay\" src=\"https:\/\/w.soundcloud.com\/player\/?url=https%3A\/\/api.soundcloud.com\/tracks\/1467877612&#038;color=%23ff5500&#038;auto_play=false&#038;hide_related=false&#038;show_comments=true&#038;show_user=true&#038;show_reposts=false&#038;show_teaser=true\"><\/iframe><\/p>\n<div style=\"font-size: 10px; color: #cccccc;line-break: anywhere;word-break: normal;overflow: hidden;white-space: nowrap;text-overflow: ellipsis; font-family: Interstate,Lucida Grande,Lucida Sans Unicode,Lucida Sans,Garuda,Verdana,Tahoma,sans-serif;font-weight: 100;\"><a href=\"https:\/\/soundcloud.com\/fmreflejos-103-7\" title=\"fmreflejos 103.7\" target=\"_blank\" style=\"color: #cccccc; text-decoration: none;\" rel=\"noopener\">fmreflejos 103.7<\/a> \u00b7 <a href=\"https:\/\/soundcloud.com\/fmreflejos-103-7\/victor-anton-8\" title=\"Victor Ant\u00f3n\" target=\"_blank\" style=\"color: #cccccc; text-decoration: none;\" rel=\"noopener\">Victor Ant\u00f3n<\/a><\/div>\n","protected":false},"excerpt":{"rendered":"<p>El secretario de producci\u00f3n V\u00edctor Ant\u00f3n brind\u00f3 detalles de las charlas y gestiones que se hicieron con varios ministros aprovechando la convocatoria generada por la Fiesta de la Vendimia.<\/p>\n","protected":false},"author":3,"featured_media":0,"comment_status":"closed","ping_status":"closed","sticky":false,"template":"","format":"standard","meta":{"footnotes":""},"categories":[36,28,26,33],"tags":[48],"class_list":["post-85447","post","type-post","status-publish","format-standard","hentry","category-economia","category-municipales","category-sociedad","category-turismo","tag-destacada"],"yoast_head":"<!-- This site is optimized with the Yoast SEO plugin v25.9 - https:\/\/yoast.com\/wordpress\/plugins\/seo\/ -->\n<title>\u201cFue la Vendimia donde m\u00e1s vino se pudo probar y donde m\u00e1s vino se compr\u00f3\u201d - Noticias Radio Reflejos<\/title>\n<meta name=\"robots\" content=\"index, follow, max-snippet:-1, max-image-preview:large, max-video-preview:-1\" \/>\n<link rel=\"canonical\" href=\"https:\/\/www.noticiasradioreflejos.com.ar\/2021\/fue-la-vendimia-donde-mas-vino-se-pudo-probar-y-donde-mas-vino-se-compro\/\" \/>\n<meta property=\"og:locale\" content=\"es_ES\" \/>\n<meta property=\"og:type\" content=\"article\" \/>\n<meta property=\"og:title\" content=\"\u201cFue la Vendimia donde m\u00e1s vino se pudo probar y donde m\u00e1s vino se compr\u00f3\u201d - Noticias Radio Reflejos\" \/>\n<meta property=\"og:description\" content=\"El secretario de producci\u00f3n V\u00edctor Ant\u00f3n brind\u00f3 detalles de las charlas y gestiones que se hicieron con varios ministros aprovechando la convocatoria generada por la Fiesta de la Vendimia.\" \/>\n<meta property=\"og:url\" content=\"https:\/\/www.noticiasradioreflejos.com.ar\/2021\/fue-la-vendimia-donde-mas-vino-se-pudo-probar-y-donde-mas-vino-se-compro\/\" \/>\n<meta property=\"og:site_name\" content=\"Noticias Radio Reflejos\" \/>\n<meta property=\"article:published_time\" content=\"2023-03-13T17:45:57+00:00\" \/>\n<meta property=\"article:modified_time\" content=\"2023-03-13T17:46:14+00:00\" \/>\n<meta property=\"og:image\" content=\"https:\/\/www.noticiasradioreflejos.com.ar\/2021\/wp-content\/uploads\/2023\/03\/Vendimia3.jpeg\" \/>\n<meta name=\"author\" content=\"Arnaldo Botto\" \/>\n<meta name=\"twitter:card\" content=\"summary_large_image\" \/>\n<script type=\"application\/ld+json\" class=\"yoast-schema-graph\">{\"@context\":\"https:\/\/schema.org\",\"@graph\":[{\"@type\":\"WebPage\",\"@id\":\"https:\/\/www.noticiasradioreflejos.com.ar\/2021\/fue-la-vendimia-donde-mas-vino-se-pudo-probar-y-donde-mas-vino-se-compro\/\",\"url\":\"https:\/\/www.noticiasradioreflejos.com.ar\/2021\/fue-la-vendimia-donde-mas-vino-se-pudo-probar-y-donde-mas-vino-se-compro\/\",\"name\":\"\u201cFue la Vendimia donde m\u00e1s vino se pudo probar y donde m\u00e1s vino se compr\u00f3\u201d - Noticias Radio Reflejos\",\"isPartOf\":{\"@id\":\"https:\/\/www.noticiasradioreflejos.com.ar\/2021\/#website\"},\"primaryImageOfPage\":{\"@id\":\"https:\/\/www.noticiasradioreflejos.com.ar\/2021\/fue-la-vendimia-donde-mas-vino-se-pudo-probar-y-donde-mas-vino-se-compro\/#primaryimage\"},\"image\":{\"@id\":\"https:\/\/www.noticiasradioreflejos.com.ar\/2021\/fue-la-vendimia-donde-mas-vino-se-pudo-probar-y-donde-mas-vino-se-compro\/#primaryimage\"},\"thumbnailUrl\":\"https:\/\/www.noticiasradioreflejos.com.ar\/2021\/wp-content\/uploads\/2023\/03\/Vendimia3.jpeg\",\"datePublished\":\"2023-03-13T17:45:57+00:00\",\"dateModified\":\"2023-03-13T17:46:14+00:00\",\"author\":{\"@id\":\"https:\/\/www.noticiasradioreflejos.com.ar\/2021\/#\/schema\/person\/ad82545263dcc5ec0996818884fd5fb1\"},\"breadcrumb\":{\"@id\":\"https:\/\/www.noticiasradioreflejos.com.ar\/2021\/fue-la-vendimia-donde-mas-vino-se-pudo-probar-y-donde-mas-vino-se-compro\/#breadcrumb\"},\"inLanguage\":\"es\",\"potentialAction\":[{\"@type\":\"ReadAction\",\"target\":[\"https:\/\/www.noticiasradioreflejos.com.ar\/2021\/fue-la-vendimia-donde-mas-vino-se-pudo-probar-y-donde-mas-vino-se-compro\/\"]}]},{\"@type\":\"ImageObject\",\"inLanguage\":\"es\",\"@id\":\"https:\/\/www.noticiasradioreflejos.com.ar\/2021\/fue-la-vendimia-donde-mas-vino-se-pudo-probar-y-donde-mas-vino-se-compro\/#primaryimage\",\"url\":\"\",\"contentUrl\":\"\"},{\"@type\":\"BreadcrumbList\",\"@id\":\"https:\/\/www.noticiasradioreflejos.com.ar\/2021\/fue-la-vendimia-donde-mas-vino-se-pudo-probar-y-donde-mas-vino-se-compro\/#breadcrumb\",\"itemListElement\":[{\"@type\":\"ListItem\",\"position\":1,\"name\":\"Portada\",\"item\":\"https:\/\/www.noticiasradioreflejos.com.ar\/2021\/\"},{\"@type\":\"ListItem\",\"position\":2,\"name\":\"\u201cFue la Vendimia donde m\u00e1s vino se pudo probar y donde m\u00e1s vino se compr\u00f3\u201d\"}]},{\"@type\":\"WebSite\",\"@id\":\"https:\/\/www.noticiasradioreflejos.com.ar\/2021\/#website\",\"url\":\"https:\/\/www.noticiasradioreflejos.com.ar\/2021\/\",\"name\":\"Noticias Radio Reflejos\",\"description\":\"Las noticias de mi comarca\",\"potentialAction\":[{\"@type\":\"SearchAction\",\"target\":{\"@type\":\"EntryPoint\",\"urlTemplate\":\"https:\/\/www.noticiasradioreflejos.com.ar\/2021\/?s={search_term_string}\"},\"query-input\":{\"@type\":\"PropertyValueSpecification\",\"valueRequired\":true,\"valueName\":\"search_term_string\"}}],\"inLanguage\":\"es\"},{\"@type\":\"Person\",\"@id\":\"https:\/\/www.noticiasradioreflejos.com.ar\/2021\/#\/schema\/person\/ad82545263dcc5ec0996818884fd5fb1\",\"name\":\"Arnaldo Botto\",\"image\":{\"@type\":\"ImageObject\",\"inLanguage\":\"es\",\"@id\":\"https:\/\/www.noticiasradioreflejos.com.ar\/2021\/#\/schema\/person\/image\/\",\"url\":\"https:\/\/secure.gravatar.com\/avatar\/55cb5e37c1efa326397366e6974cb338056df65cb50e7d64d1cf314e87504837?s=96&d=mm&r=g\",\"contentUrl\":\"https:\/\/secure.gravatar.com\/avatar\/55cb5e37c1efa326397366e6974cb338056df65cb50e7d64d1cf314e87504837?s=96&d=mm&r=g\",\"caption\":\"Arnaldo Botto\"},\"url\":\"https:\/\/www.noticiasradioreflejos.com.ar\/2021\/author\/arnaldo\/\"}]}<\/script>\n<!-- \/ Yoast SEO plugin. -->","yoast_head_json":{"title":"\u201cFue la Vendimia donde m\u00e1s vino se pudo probar y donde m\u00e1s vino se compr\u00f3\u201d - Noticias Radio Reflejos","robots":{"index":"index","follow":"follow","max-snippet":"max-snippet:-1","max-image-preview":"max-image-preview:large","max-video-preview":"max-video-preview:-1"},"canonical":"https:\/\/www.noticiasradioreflejos.com.ar\/2021\/fue-la-vendimia-donde-mas-vino-se-pudo-probar-y-donde-mas-vino-se-compro\/","og_locale":"es_ES","og_type":"article","og_title":"\u201cFue la Vendimia donde m\u00e1s vino se pudo probar y donde m\u00e1s vino se compr\u00f3\u201d - Noticias Radio Reflejos","og_description":"El secretario de producci\u00f3n V\u00edctor Ant\u00f3n brind\u00f3 detalles de las charlas y gestiones que se hicieron con varios ministros aprovechando la convocatoria generada por la Fiesta de la Vendimia.","og_url":"https:\/\/www.noticiasradioreflejos.com.ar\/2021\/fue-la-vendimia-donde-mas-vino-se-pudo-probar-y-donde-mas-vino-se-compro\/","og_site_name":"Noticias Radio Reflejos","article_published_time":"2023-03-13T17:45:57+00:00","article_modified_time":"2023-03-13T17:46:14+00:00","og_image":[{"url":"https:\/\/www.noticiasradioreflejos.com.ar\/2021\/wp-content\/uploads\/2023\/03\/Vendimia3.jpeg","type":"","width":"","height":""}],"author":"Arnaldo Botto","twitter_card":"summary_large_image","schema":{"@context":"https:\/\/schema.org","@graph":[{"@type":"WebPage","@id":"https:\/\/www.noticiasradioreflejos.com.ar\/2021\/fue-la-vendimia-donde-mas-vino-se-pudo-probar-y-donde-mas-vino-se-compro\/","url":"https:\/\/www.noticiasradioreflejos.com.ar\/2021\/fue-la-vendimia-donde-mas-vino-se-pudo-probar-y-donde-mas-vino-se-compro\/","name":"\u201cFue la Vendimia donde m\u00e1s vino se pudo probar y donde m\u00e1s vino se compr\u00f3\u201d - Noticias Radio Reflejos","isPartOf":{"@id":"https:\/\/www.noticiasradioreflejos.com.ar\/2021\/#website"},"primaryImageOfPage":{"@id":"https:\/\/www.noticiasradioreflejos.com.ar\/2021\/fue-la-vendimia-donde-mas-vino-se-pudo-probar-y-donde-mas-vino-se-compro\/#primaryimage"},"image":{"@id":"https:\/\/www.noticiasradioreflejos.com.ar\/2021\/fue-la-vendimia-donde-mas-vino-se-pudo-probar-y-donde-mas-vino-se-compro\/#primaryimage"},"thumbnailUrl":"https:\/\/www.noticiasradioreflejos.com.ar\/2021\/wp-content\/uploads\/2023\/03\/Vendimia3.jpeg","datePublished":"2023-03-13T17:45:57+00:00","dateModified":"2023-03-13T17:46:14+00:00","author":{"@id":"https:\/\/www.noticiasradioreflejos.com.ar\/2021\/#\/schema\/person\/ad82545263dcc5ec0996818884fd5fb1"},"breadcrumb":{"@id":"https:\/\/www.noticiasradioreflejos.com.ar\/2021\/fue-la-vendimia-donde-mas-vino-se-pudo-probar-y-donde-mas-vino-se-compro\/#breadcrumb"},"inLanguage":"es","potentialAction":[{"@type":"ReadAction","target":["https:\/\/www.noticiasradioreflejos.com.ar\/2021\/fue-la-vendimia-donde-mas-vino-se-pudo-probar-y-donde-mas-vino-se-compro\/"]}]},{"@type":"ImageObject","inLanguage":"es","@id":"https:\/\/www.noticiasradioreflejos.com.ar\/2021\/fue-la-vendimia-donde-mas-vino-se-pudo-probar-y-donde-mas-vino-se-compro\/#primaryimage","url":"","contentUrl":""},{"@type":"BreadcrumbList","@id":"https:\/\/www.noticiasradioreflejos.com.ar\/2021\/fue-la-vendimia-donde-mas-vino-se-pudo-probar-y-donde-mas-vino-se-compro\/#breadcrumb","itemListElement":[{"@type":"ListItem","position":1,"name":"Portada","item":"https:\/\/www.noticiasradioreflejos.com.ar\/2021\/"},{"@type":"ListItem","position":2,"name":"\u201cFue la Vendimia donde m\u00e1s vino se pudo probar y donde m\u00e1s vino se compr\u00f3\u201d"}]},{"@type":"WebSite","@id":"https:\/\/www.noticiasradioreflejos.com.ar\/2021\/#website","url":"https:\/\/www.noticiasradioreflejos.com.ar\/2021\/","name":"Noticias Radio Reflejos","description":"Las noticias de mi comarca","potentialAction":[{"@type":"SearchAction","target":{"@type":"EntryPoint","urlTemplate":"https:\/\/www.noticiasradioreflejos.com.ar\/2021\/?s={search_term_string}"},"query-input":{"@type":"PropertyValueSpecification","valueRequired":true,"valueName":"search_term_string"}}],"inLanguage":"es"},{"@type":"Person","@id":"https:\/\/www.noticiasradioreflejos.com.ar\/2021\/#\/schema\/person\/ad82545263dcc5ec0996818884fd5fb1","name":"Arnaldo Botto","image":{"@type":"ImageObject","inLanguage":"es","@id":"https:\/\/www.noticiasradioreflejos.com.ar\/2021\/#\/schema\/person\/image\/","url":"https:\/\/secure.gravatar.com\/avatar\/55cb5e37c1efa326397366e6974cb338056df65cb50e7d64d1cf314e87504837?s=96&d=mm&r=g","contentUrl":"https:\/\/secure.gravatar.com\/avatar\/55cb5e37c1efa326397366e6974cb338056df65cb50e7d64d1cf314e87504837?s=96&d=mm&r=g","caption":"Arnaldo Botto"},"url":"https:\/\/www.noticiasradioreflejos.com.ar\/2021\/author\/arnaldo\/"}]}},"_links":{"self":[{"href":"https:\/\/www.noticiasradioreflejos.com.ar\/2021\/wp-json\/wp\/v2\/posts\/85447","targetHints":{"allow":["GET"]}}],"collection":[{"href":"https:\/\/www.noticiasradioreflejos.com.ar\/2021\/wp-json\/wp\/v2\/posts"}],"about":[{"href":"https:\/\/www.noticiasradioreflejos.com.ar\/2021\/wp-json\/wp\/v2\/types\/post"}],"author":[{"embeddable":true,"href":"https:\/\/www.noticiasradioreflejos.com.ar\/2021\/wp-json\/wp\/v2\/users\/3"}],"replies":[{"embeddable":true,"href":"https:\/\/www.noticiasradioreflejos.com.ar\/2021\/wp-json\/wp\/v2\/comments?post=85447"}],"version-history":[{"count":2,"href":"https:\/\/www.noticiasradioreflejos.com.ar\/2021\/wp-json\/wp\/v2\/posts\/85447\/revisions"}],"predecessor-version":[{"id":85460,"href":"https:\/\/www.noticiasradioreflejos.com.ar\/2021\/wp-json\/wp\/v2\/posts\/85447\/revisions\/85460"}],"wp:attachment":[{"href":"https:\/\/www.noticiasradioreflejos.com.ar\/2021\/wp-json\/wp\/v2\/media?parent=85447"}],"wp:term":[{"taxonomy":"category","embeddable":true,"href":"https:\/\/www.noticiasradioreflejos.com.ar\/2021\/wp-json\/wp\/v2\/categories?post=85447"},{"taxonomy":"post_tag","embeddable":true,"href":"https:\/\/www.noticiasradioreflejos.com.ar\/2021\/wp-json\/wp\/v2\/tags?post=85447"}],"curies":[{"name":"wp","href":"https:\/\/api.w.org\/{rel}","templated":true}]}}