{"id":85441,"date":"2023-03-13T16:01:51","date_gmt":"2023-03-13T16:01:51","guid":{"rendered":"https:\/\/www.noticiasradioreflejos.com.ar\/2021\/?p=85441"},"modified":"2023-03-13T16:01:51","modified_gmt":"2023-03-13T16:01:51","slug":"el-pesado-prontuario-del-conductor-que-llevaba-3-millones-y-un-misterioso-bolso","status":"publish","type":"post","link":"https:\/\/www.noticiasradioreflejos.com.ar\/2021\/el-pesado-prontuario-del-conductor-que-llevaba-3-millones-y-un-misterioso-bolso\/","title":{"rendered":"El pesado prontuario del conductor que llevaba $3 millones y un misterioso bolso"},"content":{"rendered":"<header id=\"mvp-post-head\" class=\"left relative\">Se trata de uno de los sobrevivientes del accidente en el que murieron dos mujeres. Tiene 23 a\u00f1os y un historial complicado. Los detalles de un hecho por el que ya purg\u00f3 condena.<\/p>\n<\/header>\n<p><!--more--><\/p>\n<div class=\"mvp-post-main-out left relative\">\n<div class=\"mvp-post-main-in\">\n<div id=\"mvp-post-content\" class=\"left relative\">\n<div id=\"mvp-post-feat-img\" class=\"left relative mvp-post-feat-img-wide2\"><picture><source srcset=\"https:\/\/www.labrujula24.com\/wp-content\/webp-express\/webp-images\/uploads\/2023\/03\/ceci.jpg.webp 1200w, https:\/\/www.labrujula24.com\/wp-content\/webp-express\/webp-images\/uploads\/2023\/03\/ceci-768x461.jpg.webp 768w, https:\/\/www.labrujula24.com\/wp-content\/webp-express\/webp-images\/uploads\/2023\/03\/ceci-1000x600.jpg.webp 1000w, https:\/\/www.labrujula24.com\/wp-content\/webp-express\/webp-images\/uploads\/2023\/03\/ceci-590x354.jpg.webp 590w, https:\/\/www.labrujula24.com\/wp-content\/webp-express\/webp-images\/uploads\/2023\/03\/ceci-400x240.jpg.webp 400w\" type=\"image\/webp\" sizes=\"(max-width: 1200px) 100vw, 1200px\" \/><img loading=\"lazy\" decoding=\"async\" class=\"attachment- size- wp-post-image webpexpress-processed\" src=\"https:\/\/www.labrujula24.com\/wp-content\/uploads\/2023\/03\/ceci.jpg\" sizes=\"auto, (max-width: 1200px) 100vw, 1200px\" srcset=\"https:\/\/www.labrujula24.com\/wp-content\/uploads\/2023\/03\/ceci.jpg 1200w, https:\/\/www.labrujula24.com\/wp-content\/uploads\/2023\/03\/ceci-768x461.jpg 768w, https:\/\/www.labrujula24.com\/wp-content\/uploads\/2023\/03\/ceci-1000x600.jpg 1000w, https:\/\/www.labrujula24.com\/wp-content\/uploads\/2023\/03\/ceci-590x354.jpg 590w, https:\/\/www.labrujula24.com\/wp-content\/uploads\/2023\/03\/ceci-400x240.jpg 400w\" alt=\"\" width=\"1200\" height=\"720\" \/><\/picture><\/div>\n<div id=\"mvp-content-wrap\" class=\"left relative\">\n<div class=\"mvp-post-soc-out right relative\">\n<div class=\"mvp-post-soc-in\">\n<div id=\"mvp-content-body\" class=\"left relative\">\n<div id=\"mvp-content-body-top\" class=\"left relative\">\n<div id=\"mvp-content-main\" class=\"left relative\">\n<div id=\"textbody\">\n<p>El conductor que sobrevivi\u00f3 al\u00a0<a href=\"https:\/\/www.labrujula24.com\/notas\/2023\/03\/13\/la-inesperada-derivacion-del-tragico-accidente-en-la-ruta-51-n279543\/\">accidente fatal del domingo ocurrido en la Ruta 51<\/a>\u00a0es sospechoso de oscuras maniobras ocurridas luego de ese incidente vial y est\u00e1 bajo la lupa de la Justicia.<\/p>\n<p>Se trata de Juli\u00e1n Gabriel Ceci, de 23 a\u00f1os, quien tal como inform\u00f3\u00a0<strong>La Br\u00fajula 24<\/strong>\u00a0tuvo una conducta inusual apenas sucedido\u00a0<a href=\"https:\/\/www.labrujula24.com\/notas\/2023\/03\/12\/murieron-dos-mujeres-en-un-choque-frontal-en-cercanias-a-cabildo-n279467\/\">el impacto entre su Peugeot 207 y el 308 en el que viajaban Damary Paredes Henr\u00edquez y Gisele Andrea Henr\u00edquez<\/a>\u00a0(ambas fallecidas) y una nena de siete a\u00f1os.<\/p>\n<p>Fuentes consultadas por esta redacci\u00f3n manifestaron que se trata de un delincuente conocido de Ingeniero White. A principios del a\u00f1o 2020 fue apresado circulando por Alcorta y Elcano a bordo de un Vento, junto a dos sujetos. Iban literalmente armados hasta los dientes.<\/p>\n<p>En ese momento, cuando fueron acorralados por agentes del Comando Patrulla, Ceci y sus acompa\u00f1antes bajaron las ventanillas y efectuaron varios disparos al aire. Luego se origin\u00f3 una persecuci\u00f3n que finaliz\u00f3 en la ex Ruta 252, siendo los tres detenidos.<\/p>\n<p>Cuando revisaron el auto, los uniformados encontraron un arsenal. En el sector del conductor, sobre el compartimiento de la puerta, hallaron un rev\u00f3lver calibre 38 con cuatro cartuchos en el almac\u00e9n interior. En el piso del lado del acompa\u00f1ante, un calibre 32 con seis vainas servidas en cargador. Y en la parte trasera del veh\u00edculo, un chaleco antibalas perteneciente a personal policial y una escopeta calibre 14, sin marca ni una numeraci\u00f3n visible, con vaina servida y dos cartuchos intactos.<\/p>\n<p>Por ese episodio, Ceci fue condenado como autor y coautor penalmente responsable por el delito de portaci\u00f3n Ileg\u00edtima de arma de fuego de uso civil, sin la debida autorizaci\u00f3n legal y tenencia de material prohibido, a la pena de 3 a\u00f1os de prisi\u00f3n condicional con ciertas reglas de conducta como fijar domicilio y abstenerse de consumir drogas.<\/p>\n<p>Cabe destacar que por estas horas, se sigue intentando determinar el origen de los tres millones de pesos que llevaba en el auto que termin\u00f3 chocando ayer en la ruta. Creen que Ceci podr\u00eda estar en medio de una actividad ilegal.<\/p>\n<p>Los investigadores intentan establecer si ese dinero era producto de un robo o bien del tr\u00e1fico de estupefacientes, los cuales se encontrar\u00edan en el bolso que fue retirado por un tercero del Hospital Penna, minutos m\u00e1s tardes.<\/p>\n<\/div>\n<\/div>\n<\/div>\n<\/div>\n<\/div>\n<\/div>\n<\/div>\n<\/div>\n<\/div>\n<\/div>\n","protected":false},"excerpt":{"rendered":"<p>Se trata de uno de los sobrevivientes del accidente en el que murieron dos mujeres. Tiene 23 a\u00f1os y un historial complicado. Los detalles de un hecho por el que ya purg\u00f3 condena.<\/p>\n","protected":false},"author":3,"featured_media":0,"comment_status":"closed","ping_status":"closed","sticky":false,"template":"","format":"standard","meta":{"footnotes":""},"categories":[29],"tags":[],"class_list":["post-85441","post","type-post","status-publish","format-standard","hentry","category-policiales"],"yoast_head":"<!-- This site is optimized with the Yoast SEO plugin v25.9 - https:\/\/yoast.com\/wordpress\/plugins\/seo\/ -->\n<title>El pesado prontuario del conductor que llevaba $3 millones y un misterioso bolso - Noticias Radio Reflejos<\/title>\n<meta name=\"robots\" content=\"index, follow, max-snippet:-1, max-image-preview:large, max-video-preview:-1\" \/>\n<link rel=\"canonical\" href=\"https:\/\/www.noticiasradioreflejos.com.ar\/2021\/el-pesado-prontuario-del-conductor-que-llevaba-3-millones-y-un-misterioso-bolso\/\" \/>\n<meta property=\"og:locale\" content=\"es_ES\" \/>\n<meta property=\"og:type\" content=\"article\" \/>\n<meta property=\"og:title\" content=\"El pesado prontuario del conductor que llevaba $3 millones y un misterioso bolso - Noticias Radio Reflejos\" \/>\n<meta property=\"og:description\" content=\"Se trata de uno de los sobrevivientes del accidente en el que murieron dos mujeres. Tiene 23 a\u00f1os y un historial complicado. Los detalles de un hecho por el que ya purg\u00f3 condena.\" \/>\n<meta property=\"og:url\" content=\"https:\/\/www.noticiasradioreflejos.com.ar\/2021\/el-pesado-prontuario-del-conductor-que-llevaba-3-millones-y-un-misterioso-bolso\/\" \/>\n<meta property=\"og:site_name\" content=\"Noticias Radio Reflejos\" \/>\n<meta property=\"article:published_time\" content=\"2023-03-13T16:01:51+00:00\" \/>\n<meta property=\"og:image\" content=\"https:\/\/www.labrujula24.com\/wp-content\/uploads\/2023\/03\/ceci.jpg\" \/>\n<meta name=\"author\" content=\"Arnaldo Botto\" \/>\n<meta name=\"twitter:card\" content=\"summary_large_image\" \/>\n<script type=\"application\/ld+json\" class=\"yoast-schema-graph\">{\"@context\":\"https:\/\/schema.org\",\"@graph\":[{\"@type\":\"WebPage\",\"@id\":\"https:\/\/www.noticiasradioreflejos.com.ar\/2021\/el-pesado-prontuario-del-conductor-que-llevaba-3-millones-y-un-misterioso-bolso\/\",\"url\":\"https:\/\/www.noticiasradioreflejos.com.ar\/2021\/el-pesado-prontuario-del-conductor-que-llevaba-3-millones-y-un-misterioso-bolso\/\",\"name\":\"El pesado prontuario del conductor que llevaba $3 millones y un misterioso bolso - Noticias Radio Reflejos\",\"isPartOf\":{\"@id\":\"https:\/\/www.noticiasradioreflejos.com.ar\/2021\/#website\"},\"primaryImageOfPage\":{\"@id\":\"https:\/\/www.noticiasradioreflejos.com.ar\/2021\/el-pesado-prontuario-del-conductor-que-llevaba-3-millones-y-un-misterioso-bolso\/#primaryimage\"},\"image\":{\"@id\":\"https:\/\/www.noticiasradioreflejos.com.ar\/2021\/el-pesado-prontuario-del-conductor-que-llevaba-3-millones-y-un-misterioso-bolso\/#primaryimage\"},\"thumbnailUrl\":\"https:\/\/www.labrujula24.com\/wp-content\/uploads\/2023\/03\/ceci.jpg\",\"datePublished\":\"2023-03-13T16:01:51+00:00\",\"author\":{\"@id\":\"https:\/\/www.noticiasradioreflejos.com.ar\/2021\/#\/schema\/person\/ad82545263dcc5ec0996818884fd5fb1\"},\"breadcrumb\":{\"@id\":\"https:\/\/www.noticiasradioreflejos.com.ar\/2021\/el-pesado-prontuario-del-conductor-que-llevaba-3-millones-y-un-misterioso-bolso\/#breadcrumb\"},\"inLanguage\":\"es\",\"potentialAction\":[{\"@type\":\"ReadAction\",\"target\":[\"https:\/\/www.noticiasradioreflejos.com.ar\/2021\/el-pesado-prontuario-del-conductor-que-llevaba-3-millones-y-un-misterioso-bolso\/\"]}]},{\"@type\":\"ImageObject\",\"inLanguage\":\"es\",\"@id\":\"https:\/\/www.noticiasradioreflejos.com.ar\/2021\/el-pesado-prontuario-del-conductor-que-llevaba-3-millones-y-un-misterioso-bolso\/#primaryimage\",\"url\":\"https:\/\/www.labrujula24.com\/wp-content\/uploads\/2023\/03\/ceci.jpg\",\"contentUrl\":\"https:\/\/www.labrujula24.com\/wp-content\/uploads\/2023\/03\/ceci.jpg\"},{\"@type\":\"BreadcrumbList\",\"@id\":\"https:\/\/www.noticiasradioreflejos.com.ar\/2021\/el-pesado-prontuario-del-conductor-que-llevaba-3-millones-y-un-misterioso-bolso\/#breadcrumb\",\"itemListElement\":[{\"@type\":\"ListItem\",\"position\":1,\"name\":\"Portada\",\"item\":\"https:\/\/www.noticiasradioreflejos.com.ar\/2021\/\"},{\"@type\":\"ListItem\",\"position\":2,\"name\":\"El pesado prontuario del conductor que llevaba $3 millones y un misterioso bolso\"}]},{\"@type\":\"WebSite\",\"@id\":\"https:\/\/www.noticiasradioreflejos.com.ar\/2021\/#website\",\"url\":\"https:\/\/www.noticiasradioreflejos.com.ar\/2021\/\",\"name\":\"Noticias Radio Reflejos\",\"description\":\"Las noticias de mi comarca\",\"potentialAction\":[{\"@type\":\"SearchAction\",\"target\":{\"@type\":\"EntryPoint\",\"urlTemplate\":\"https:\/\/www.noticiasradioreflejos.com.ar\/2021\/?s={search_term_string}\"},\"query-input\":{\"@type\":\"PropertyValueSpecification\",\"valueRequired\":true,\"valueName\":\"search_term_string\"}}],\"inLanguage\":\"es\"},{\"@type\":\"Person\",\"@id\":\"https:\/\/www.noticiasradioreflejos.com.ar\/2021\/#\/schema\/person\/ad82545263dcc5ec0996818884fd5fb1\",\"name\":\"Arnaldo Botto\",\"image\":{\"@type\":\"ImageObject\",\"inLanguage\":\"es\",\"@id\":\"https:\/\/www.noticiasradioreflejos.com.ar\/2021\/#\/schema\/person\/image\/\",\"url\":\"https:\/\/secure.gravatar.com\/avatar\/55cb5e37c1efa326397366e6974cb338056df65cb50e7d64d1cf314e87504837?s=96&d=mm&r=g\",\"contentUrl\":\"https:\/\/secure.gravatar.com\/avatar\/55cb5e37c1efa326397366e6974cb338056df65cb50e7d64d1cf314e87504837?s=96&d=mm&r=g\",\"caption\":\"Arnaldo Botto\"},\"url\":\"https:\/\/www.noticiasradioreflejos.com.ar\/2021\/author\/arnaldo\/\"}]}<\/script>\n<!-- \/ Yoast SEO plugin. -->","yoast_head_json":{"title":"El pesado prontuario del conductor que llevaba $3 millones y un misterioso bolso - Noticias Radio Reflejos","robots":{"index":"index","follow":"follow","max-snippet":"max-snippet:-1","max-image-preview":"max-image-preview:large","max-video-preview":"max-video-preview:-1"},"canonical":"https:\/\/www.noticiasradioreflejos.com.ar\/2021\/el-pesado-prontuario-del-conductor-que-llevaba-3-millones-y-un-misterioso-bolso\/","og_locale":"es_ES","og_type":"article","og_title":"El pesado prontuario del conductor que llevaba $3 millones y un misterioso bolso - Noticias Radio Reflejos","og_description":"Se trata de uno de los sobrevivientes del accidente en el que murieron dos mujeres. Tiene 23 a\u00f1os y un historial complicado. Los detalles de un hecho por el que ya purg\u00f3 condena.","og_url":"https:\/\/www.noticiasradioreflejos.com.ar\/2021\/el-pesado-prontuario-del-conductor-que-llevaba-3-millones-y-un-misterioso-bolso\/","og_site_name":"Noticias Radio Reflejos","article_published_time":"2023-03-13T16:01:51+00:00","og_image":[{"url":"https:\/\/www.labrujula24.com\/wp-content\/uploads\/2023\/03\/ceci.jpg","type":"","width":"","height":""}],"author":"Arnaldo Botto","twitter_card":"summary_large_image","schema":{"@context":"https:\/\/schema.org","@graph":[{"@type":"WebPage","@id":"https:\/\/www.noticiasradioreflejos.com.ar\/2021\/el-pesado-prontuario-del-conductor-que-llevaba-3-millones-y-un-misterioso-bolso\/","url":"https:\/\/www.noticiasradioreflejos.com.ar\/2021\/el-pesado-prontuario-del-conductor-que-llevaba-3-millones-y-un-misterioso-bolso\/","name":"El pesado prontuario del conductor que llevaba $3 millones y un misterioso bolso - Noticias Radio Reflejos","isPartOf":{"@id":"https:\/\/www.noticiasradioreflejos.com.ar\/2021\/#website"},"primaryImageOfPage":{"@id":"https:\/\/www.noticiasradioreflejos.com.ar\/2021\/el-pesado-prontuario-del-conductor-que-llevaba-3-millones-y-un-misterioso-bolso\/#primaryimage"},"image":{"@id":"https:\/\/www.noticiasradioreflejos.com.ar\/2021\/el-pesado-prontuario-del-conductor-que-llevaba-3-millones-y-un-misterioso-bolso\/#primaryimage"},"thumbnailUrl":"https:\/\/www.labrujula24.com\/wp-content\/uploads\/2023\/03\/ceci.jpg","datePublished":"2023-03-13T16:01:51+00:00","author":{"@id":"https:\/\/www.noticiasradioreflejos.com.ar\/2021\/#\/schema\/person\/ad82545263dcc5ec0996818884fd5fb1"},"breadcrumb":{"@id":"https:\/\/www.noticiasradioreflejos.com.ar\/2021\/el-pesado-prontuario-del-conductor-que-llevaba-3-millones-y-un-misterioso-bolso\/#breadcrumb"},"inLanguage":"es","potentialAction":[{"@type":"ReadAction","target":["https:\/\/www.noticiasradioreflejos.com.ar\/2021\/el-pesado-prontuario-del-conductor-que-llevaba-3-millones-y-un-misterioso-bolso\/"]}]},{"@type":"ImageObject","inLanguage":"es","@id":"https:\/\/www.noticiasradioreflejos.com.ar\/2021\/el-pesado-prontuario-del-conductor-que-llevaba-3-millones-y-un-misterioso-bolso\/#primaryimage","url":"https:\/\/www.labrujula24.com\/wp-content\/uploads\/2023\/03\/ceci.jpg","contentUrl":"https:\/\/www.labrujula24.com\/wp-content\/uploads\/2023\/03\/ceci.jpg"},{"@type":"BreadcrumbList","@id":"https:\/\/www.noticiasradioreflejos.com.ar\/2021\/el-pesado-prontuario-del-conductor-que-llevaba-3-millones-y-un-misterioso-bolso\/#breadcrumb","itemListElement":[{"@type":"ListItem","position":1,"name":"Portada","item":"https:\/\/www.noticiasradioreflejos.com.ar\/2021\/"},{"@type":"ListItem","position":2,"name":"El pesado prontuario del conductor que llevaba $3 millones y un misterioso bolso"}]},{"@type":"WebSite","@id":"https:\/\/www.noticiasradioreflejos.com.ar\/2021\/#website","url":"https:\/\/www.noticiasradioreflejos.com.ar\/2021\/","name":"Noticias Radio Reflejos","description":"Las noticias de mi comarca","potentialAction":[{"@type":"SearchAction","target":{"@type":"EntryPoint","urlTemplate":"https:\/\/www.noticiasradioreflejos.com.ar\/2021\/?s={search_term_string}"},"query-input":{"@type":"PropertyValueSpecification","valueRequired":true,"valueName":"search_term_string"}}],"inLanguage":"es"},{"@type":"Person","@id":"https:\/\/www.noticiasradioreflejos.com.ar\/2021\/#\/schema\/person\/ad82545263dcc5ec0996818884fd5fb1","name":"Arnaldo Botto","image":{"@type":"ImageObject","inLanguage":"es","@id":"https:\/\/www.noticiasradioreflejos.com.ar\/2021\/#\/schema\/person\/image\/","url":"https:\/\/secure.gravatar.com\/avatar\/55cb5e37c1efa326397366e6974cb338056df65cb50e7d64d1cf314e87504837?s=96&d=mm&r=g","contentUrl":"https:\/\/secure.gravatar.com\/avatar\/55cb5e37c1efa326397366e6974cb338056df65cb50e7d64d1cf314e87504837?s=96&d=mm&r=g","caption":"Arnaldo Botto"},"url":"https:\/\/www.noticiasradioreflejos.com.ar\/2021\/author\/arnaldo\/"}]}},"_links":{"self":[{"href":"https:\/\/www.noticiasradioreflejos.com.ar\/2021\/wp-json\/wp\/v2\/posts\/85441","targetHints":{"allow":["GET"]}}],"collection":[{"href":"https:\/\/www.noticiasradioreflejos.com.ar\/2021\/wp-json\/wp\/v2\/posts"}],"about":[{"href":"https:\/\/www.noticiasradioreflejos.com.ar\/2021\/wp-json\/wp\/v2\/types\/post"}],"author":[{"embeddable":true,"href":"https:\/\/www.noticiasradioreflejos.com.ar\/2021\/wp-json\/wp\/v2\/users\/3"}],"replies":[{"embeddable":true,"href":"https:\/\/www.noticiasradioreflejos.com.ar\/2021\/wp-json\/wp\/v2\/comments?post=85441"}],"version-history":[{"count":1,"href":"https:\/\/www.noticiasradioreflejos.com.ar\/2021\/wp-json\/wp\/v2\/posts\/85441\/revisions"}],"predecessor-version":[{"id":85442,"href":"https:\/\/www.noticiasradioreflejos.com.ar\/2021\/wp-json\/wp\/v2\/posts\/85441\/revisions\/85442"}],"wp:attachment":[{"href":"https:\/\/www.noticiasradioreflejos.com.ar\/2021\/wp-json\/wp\/v2\/media?parent=85441"}],"wp:term":[{"taxonomy":"category","embeddable":true,"href":"https:\/\/www.noticiasradioreflejos.com.ar\/2021\/wp-json\/wp\/v2\/categories?post=85441"},{"taxonomy":"post_tag","embeddable":true,"href":"https:\/\/www.noticiasradioreflejos.com.ar\/2021\/wp-json\/wp\/v2\/tags?post=85441"}],"curies":[{"name":"wp","href":"https:\/\/api.w.org\/{rel}","templated":true}]}}