{"id":85438,"date":"2023-03-13T14:52:32","date_gmt":"2023-03-13T14:52:32","guid":{"rendered":"https:\/\/www.noticiasradioreflejos.com.ar\/2021\/?p=85438"},"modified":"2023-03-13T14:52:32","modified_gmt":"2023-03-13T14:52:32","slug":"los-servicios-basicos-estan-colapsados-en-todo-el-distrito","status":"publish","type":"post","link":"https:\/\/www.noticiasradioreflejos.com.ar\/2021\/los-servicios-basicos-estan-colapsados-en-todo-el-distrito\/","title":{"rendered":"\u00abLos servicios b\u00e1sicos est\u00e1n colapsados en todo el distrito\u00bb"},"content":{"rendered":"<p>Federico Labarthe, Precandidato a Intendente por la UCR visit\u00f3 FM Reflejos durante el programa Se nos viene la Noche y remarc\u00f3 el mal estado de los servicios b\u00e1sicos desde Saldungaray hasta Chasic\u00f3. \u00abDebemos generar las bases para que los proyectos que potencien a Tornquist de ac\u00e1 a 50\/100 a\u00f1os queden hechos.\u00bb<!--more--><\/p>\n<p><a title=\"Adobe_Express_20230312_1806210_1\" href=\"https:\/\/www.flickr.com\/photos\/182279889@N02\/52745134224\/in\/dateposted-public\/\" data-flickr-embed=\"true\"><img loading=\"lazy\" decoding=\"async\" class=\"aligncenter\" src=\"https:\/\/live.staticflickr.com\/65535\/52745134224_380a7f6581_z.jpg\" alt=\"Adobe_Express_20230312_1806210_1\" width=\"729\" height=\"410\" \/><\/a><br \/>\nEn cuanto a la futura contienda electoral manifest\u00f3: \u00abEn Tornquist somos 5 precandidatos dentro de Juntos, lo cual es positivo, estrat\u00e9gicamente debemos llegar con 1 solo candidato, tendremos que buscar los mecanismos para tomar esa decisi\u00f3n.<br \/>\nLo que me gustar\u00eda que la gente nos elija por creer que somos capaces de llevar adelante el gobierno.\u00bb<\/p>\n<p>En otro pasaje de la charla consultado sobre el basural a cielo abierto dijo: \u00abEste megaproyecto de erradicaci\u00f3n del basural no me gusta, queremos traer la basura de casi medio sudoeste a Tornquist. Por empezar no conocemos el proyecto m\u00e1s all\u00e1 de unas f\u00edlminas. Tenemos que trabajar fuertemente para que los basureros a cielo abierto se erradiquen, hay 20 posibilidades distintas y alternativas a este megaproyecto.\u00bb<\/p>\n<p>En otro pasaje de la charla se refiri\u00f3 a la planta de trabajadores municipales, \u00abBordoni la ha incrementado en los \u00faltimos a\u00f1os. Hay que reordenar a la gente donde hace falta, reestructurar la misma.\u00bb<\/p>\n<p>Sobre Sierra de la Ventana puntualiz\u00f3 en el tema habitacional \u00abEn Sierra de la Ventana el tema de las viviendas es preocupante, tenemos que tratar de generar incentivos para que se vuelvan a alquilar propiedades que hoy se alquilan al turismo.\u00bb<\/p>\n<p>Labarthe es el actual Jefe de la Agencia Inta Tornquist desde la cual vienen trabajando en recuperar y revalorizar la carne argentina, con un proyecto de carnes a pasto que son m\u00e1s beneficioso para el colesterol.<\/p>\n<p>A su vez con relaci\u00f3n a su funci\u00f3n al frente del Inta coment\u00f3 \u00abhace muchos a\u00f1os que vengo trabajando junto con los Tamberos y con el Turismo rural para que los campos abran sus puertas al Turismo buscando tambi\u00e9n nuevos proyectos en ese sentido.<\/p>\n<p><iframe loading=\"lazy\" title=\"FEDERICO LABARTHE - PRECANDIDATO A INTENDENTE DE TORNQUIST\" src=\"https:\/\/www.youtube.com\/embed\/XH8b0odXmEU\" width=\"881\" height=\"493\" frameborder=\"0\" allowfullscreen=\"allowfullscreen\"><\/iframe><\/p>\n<p>Por Matias Ercoli.<\/p>\n","protected":false},"excerpt":{"rendered":"<p>Federico Labarthe, Precandidato a Intendente por la UCR visit\u00f3 FM Reflejos durante el programa Se nos viene la Noche y remarc\u00f3 el mal estado de los servicios b\u00e1sicos desde Saldungaray hasta Chasic\u00f3. \u00abDebemos generar las bases para que los proyectos que potencien a Tornquist de ac\u00e1 a 50\/100 a\u00f1os queden hechos.\u00bb<\/p>\n","protected":false},"author":3,"featured_media":0,"comment_status":"closed","ping_status":"closed","sticky":false,"template":"","format":"standard","meta":{"footnotes":""},"categories":[60],"tags":[],"class_list":["post-85438","post","type-post","status-publish","format-standard","hentry","category-programas-radiales"],"yoast_head":"<!-- This site is optimized with the Yoast SEO plugin v25.9 - https:\/\/yoast.com\/wordpress\/plugins\/seo\/ -->\n<title>&quot;Los servicios b\u00e1sicos est\u00e1n colapsados en todo el distrito&quot; - Noticias Radio Reflejos<\/title>\n<meta name=\"robots\" content=\"index, follow, max-snippet:-1, max-image-preview:large, max-video-preview:-1\" \/>\n<link rel=\"canonical\" href=\"https:\/\/www.noticiasradioreflejos.com.ar\/2021\/los-servicios-basicos-estan-colapsados-en-todo-el-distrito\/\" \/>\n<meta property=\"og:locale\" content=\"es_ES\" \/>\n<meta property=\"og:type\" content=\"article\" \/>\n<meta property=\"og:title\" content=\"&quot;Los servicios b\u00e1sicos est\u00e1n colapsados en todo el distrito&quot; - Noticias Radio Reflejos\" \/>\n<meta property=\"og:description\" content=\"Federico Labarthe, Precandidato a Intendente por la UCR visit\u00f3 FM Reflejos durante el programa Se nos viene la Noche y remarc\u00f3 el mal estado de los servicios b\u00e1sicos desde Saldungaray hasta Chasic\u00f3. \u00abDebemos generar las bases para que los proyectos que potencien a Tornquist de ac\u00e1 a 50\/100 a\u00f1os queden hechos.\u00bb\" \/>\n<meta property=\"og:url\" content=\"https:\/\/www.noticiasradioreflejos.com.ar\/2021\/los-servicios-basicos-estan-colapsados-en-todo-el-distrito\/\" \/>\n<meta property=\"og:site_name\" content=\"Noticias Radio Reflejos\" \/>\n<meta property=\"article:published_time\" content=\"2023-03-13T14:52:32+00:00\" \/>\n<meta property=\"og:image\" content=\"https:\/\/live.staticflickr.com\/65535\/52745134224_380a7f6581_z.jpg\" \/>\n<meta name=\"author\" content=\"Arnaldo Botto\" \/>\n<meta name=\"twitter:card\" content=\"summary_large_image\" \/>\n<script type=\"application\/ld+json\" class=\"yoast-schema-graph\">{\"@context\":\"https:\/\/schema.org\",\"@graph\":[{\"@type\":\"WebPage\",\"@id\":\"https:\/\/www.noticiasradioreflejos.com.ar\/2021\/los-servicios-basicos-estan-colapsados-en-todo-el-distrito\/\",\"url\":\"https:\/\/www.noticiasradioreflejos.com.ar\/2021\/los-servicios-basicos-estan-colapsados-en-todo-el-distrito\/\",\"name\":\"\\\"Los servicios b\u00e1sicos est\u00e1n colapsados en todo el distrito\\\" - Noticias Radio Reflejos\",\"isPartOf\":{\"@id\":\"https:\/\/www.noticiasradioreflejos.com.ar\/2021\/#website\"},\"primaryImageOfPage\":{\"@id\":\"https:\/\/www.noticiasradioreflejos.com.ar\/2021\/los-servicios-basicos-estan-colapsados-en-todo-el-distrito\/#primaryimage\"},\"image\":{\"@id\":\"https:\/\/www.noticiasradioreflejos.com.ar\/2021\/los-servicios-basicos-estan-colapsados-en-todo-el-distrito\/#primaryimage\"},\"thumbnailUrl\":\"https:\/\/live.staticflickr.com\/65535\/52745134224_380a7f6581_z.jpg\",\"datePublished\":\"2023-03-13T14:52:32+00:00\",\"author\":{\"@id\":\"https:\/\/www.noticiasradioreflejos.com.ar\/2021\/#\/schema\/person\/ad82545263dcc5ec0996818884fd5fb1\"},\"breadcrumb\":{\"@id\":\"https:\/\/www.noticiasradioreflejos.com.ar\/2021\/los-servicios-basicos-estan-colapsados-en-todo-el-distrito\/#breadcrumb\"},\"inLanguage\":\"es\",\"potentialAction\":[{\"@type\":\"ReadAction\",\"target\":[\"https:\/\/www.noticiasradioreflejos.com.ar\/2021\/los-servicios-basicos-estan-colapsados-en-todo-el-distrito\/\"]}]},{\"@type\":\"ImageObject\",\"inLanguage\":\"es\",\"@id\":\"https:\/\/www.noticiasradioreflejos.com.ar\/2021\/los-servicios-basicos-estan-colapsados-en-todo-el-distrito\/#primaryimage\",\"url\":\"https:\/\/live.staticflickr.com\/65535\/52745134224_380a7f6581_z.jpg\",\"contentUrl\":\"https:\/\/live.staticflickr.com\/65535\/52745134224_380a7f6581_z.jpg\"},{\"@type\":\"BreadcrumbList\",\"@id\":\"https:\/\/www.noticiasradioreflejos.com.ar\/2021\/los-servicios-basicos-estan-colapsados-en-todo-el-distrito\/#breadcrumb\",\"itemListElement\":[{\"@type\":\"ListItem\",\"position\":1,\"name\":\"Portada\",\"item\":\"https:\/\/www.noticiasradioreflejos.com.ar\/2021\/\"},{\"@type\":\"ListItem\",\"position\":2,\"name\":\"\u00abLos servicios b\u00e1sicos est\u00e1n colapsados en todo el distrito\u00bb\"}]},{\"@type\":\"WebSite\",\"@id\":\"https:\/\/www.noticiasradioreflejos.com.ar\/2021\/#website\",\"url\":\"https:\/\/www.noticiasradioreflejos.com.ar\/2021\/\",\"name\":\"Noticias Radio Reflejos\",\"description\":\"Las noticias de mi comarca\",\"potentialAction\":[{\"@type\":\"SearchAction\",\"target\":{\"@type\":\"EntryPoint\",\"urlTemplate\":\"https:\/\/www.noticiasradioreflejos.com.ar\/2021\/?s={search_term_string}\"},\"query-input\":{\"@type\":\"PropertyValueSpecification\",\"valueRequired\":true,\"valueName\":\"search_term_string\"}}],\"inLanguage\":\"es\"},{\"@type\":\"Person\",\"@id\":\"https:\/\/www.noticiasradioreflejos.com.ar\/2021\/#\/schema\/person\/ad82545263dcc5ec0996818884fd5fb1\",\"name\":\"Arnaldo Botto\",\"image\":{\"@type\":\"ImageObject\",\"inLanguage\":\"es\",\"@id\":\"https:\/\/www.noticiasradioreflejos.com.ar\/2021\/#\/schema\/person\/image\/\",\"url\":\"https:\/\/secure.gravatar.com\/avatar\/55cb5e37c1efa326397366e6974cb338056df65cb50e7d64d1cf314e87504837?s=96&d=mm&r=g\",\"contentUrl\":\"https:\/\/secure.gravatar.com\/avatar\/55cb5e37c1efa326397366e6974cb338056df65cb50e7d64d1cf314e87504837?s=96&d=mm&r=g\",\"caption\":\"Arnaldo Botto\"},\"url\":\"https:\/\/www.noticiasradioreflejos.com.ar\/2021\/author\/arnaldo\/\"}]}<\/script>\n<!-- \/ Yoast SEO plugin. -->","yoast_head_json":{"title":"\"Los servicios b\u00e1sicos est\u00e1n colapsados en todo el distrito\" - Noticias Radio Reflejos","robots":{"index":"index","follow":"follow","max-snippet":"max-snippet:-1","max-image-preview":"max-image-preview:large","max-video-preview":"max-video-preview:-1"},"canonical":"https:\/\/www.noticiasradioreflejos.com.ar\/2021\/los-servicios-basicos-estan-colapsados-en-todo-el-distrito\/","og_locale":"es_ES","og_type":"article","og_title":"\"Los servicios b\u00e1sicos est\u00e1n colapsados en todo el distrito\" - Noticias Radio Reflejos","og_description":"Federico Labarthe, Precandidato a Intendente por la UCR visit\u00f3 FM Reflejos durante el programa Se nos viene la Noche y remarc\u00f3 el mal estado de los servicios b\u00e1sicos desde Saldungaray hasta Chasic\u00f3. \u00abDebemos generar las bases para que los proyectos que potencien a Tornquist de ac\u00e1 a 50\/100 a\u00f1os queden hechos.\u00bb","og_url":"https:\/\/www.noticiasradioreflejos.com.ar\/2021\/los-servicios-basicos-estan-colapsados-en-todo-el-distrito\/","og_site_name":"Noticias Radio Reflejos","article_published_time":"2023-03-13T14:52:32+00:00","og_image":[{"url":"https:\/\/live.staticflickr.com\/65535\/52745134224_380a7f6581_z.jpg","type":"","width":"","height":""}],"author":"Arnaldo Botto","twitter_card":"summary_large_image","schema":{"@context":"https:\/\/schema.org","@graph":[{"@type":"WebPage","@id":"https:\/\/www.noticiasradioreflejos.com.ar\/2021\/los-servicios-basicos-estan-colapsados-en-todo-el-distrito\/","url":"https:\/\/www.noticiasradioreflejos.com.ar\/2021\/los-servicios-basicos-estan-colapsados-en-todo-el-distrito\/","name":"\"Los servicios b\u00e1sicos est\u00e1n colapsados en todo el distrito\" - Noticias Radio Reflejos","isPartOf":{"@id":"https:\/\/www.noticiasradioreflejos.com.ar\/2021\/#website"},"primaryImageOfPage":{"@id":"https:\/\/www.noticiasradioreflejos.com.ar\/2021\/los-servicios-basicos-estan-colapsados-en-todo-el-distrito\/#primaryimage"},"image":{"@id":"https:\/\/www.noticiasradioreflejos.com.ar\/2021\/los-servicios-basicos-estan-colapsados-en-todo-el-distrito\/#primaryimage"},"thumbnailUrl":"https:\/\/live.staticflickr.com\/65535\/52745134224_380a7f6581_z.jpg","datePublished":"2023-03-13T14:52:32+00:00","author":{"@id":"https:\/\/www.noticiasradioreflejos.com.ar\/2021\/#\/schema\/person\/ad82545263dcc5ec0996818884fd5fb1"},"breadcrumb":{"@id":"https:\/\/www.noticiasradioreflejos.com.ar\/2021\/los-servicios-basicos-estan-colapsados-en-todo-el-distrito\/#breadcrumb"},"inLanguage":"es","potentialAction":[{"@type":"ReadAction","target":["https:\/\/www.noticiasradioreflejos.com.ar\/2021\/los-servicios-basicos-estan-colapsados-en-todo-el-distrito\/"]}]},{"@type":"ImageObject","inLanguage":"es","@id":"https:\/\/www.noticiasradioreflejos.com.ar\/2021\/los-servicios-basicos-estan-colapsados-en-todo-el-distrito\/#primaryimage","url":"https:\/\/live.staticflickr.com\/65535\/52745134224_380a7f6581_z.jpg","contentUrl":"https:\/\/live.staticflickr.com\/65535\/52745134224_380a7f6581_z.jpg"},{"@type":"BreadcrumbList","@id":"https:\/\/www.noticiasradioreflejos.com.ar\/2021\/los-servicios-basicos-estan-colapsados-en-todo-el-distrito\/#breadcrumb","itemListElement":[{"@type":"ListItem","position":1,"name":"Portada","item":"https:\/\/www.noticiasradioreflejos.com.ar\/2021\/"},{"@type":"ListItem","position":2,"name":"\u00abLos servicios b\u00e1sicos est\u00e1n colapsados en todo el distrito\u00bb"}]},{"@type":"WebSite","@id":"https:\/\/www.noticiasradioreflejos.com.ar\/2021\/#website","url":"https:\/\/www.noticiasradioreflejos.com.ar\/2021\/","name":"Noticias Radio Reflejos","description":"Las noticias de mi comarca","potentialAction":[{"@type":"SearchAction","target":{"@type":"EntryPoint","urlTemplate":"https:\/\/www.noticiasradioreflejos.com.ar\/2021\/?s={search_term_string}"},"query-input":{"@type":"PropertyValueSpecification","valueRequired":true,"valueName":"search_term_string"}}],"inLanguage":"es"},{"@type":"Person","@id":"https:\/\/www.noticiasradioreflejos.com.ar\/2021\/#\/schema\/person\/ad82545263dcc5ec0996818884fd5fb1","name":"Arnaldo Botto","image":{"@type":"ImageObject","inLanguage":"es","@id":"https:\/\/www.noticiasradioreflejos.com.ar\/2021\/#\/schema\/person\/image\/","url":"https:\/\/secure.gravatar.com\/avatar\/55cb5e37c1efa326397366e6974cb338056df65cb50e7d64d1cf314e87504837?s=96&d=mm&r=g","contentUrl":"https:\/\/secure.gravatar.com\/avatar\/55cb5e37c1efa326397366e6974cb338056df65cb50e7d64d1cf314e87504837?s=96&d=mm&r=g","caption":"Arnaldo Botto"},"url":"https:\/\/www.noticiasradioreflejos.com.ar\/2021\/author\/arnaldo\/"}]}},"_links":{"self":[{"href":"https:\/\/www.noticiasradioreflejos.com.ar\/2021\/wp-json\/wp\/v2\/posts\/85438","targetHints":{"allow":["GET"]}}],"collection":[{"href":"https:\/\/www.noticiasradioreflejos.com.ar\/2021\/wp-json\/wp\/v2\/posts"}],"about":[{"href":"https:\/\/www.noticiasradioreflejos.com.ar\/2021\/wp-json\/wp\/v2\/types\/post"}],"author":[{"embeddable":true,"href":"https:\/\/www.noticiasradioreflejos.com.ar\/2021\/wp-json\/wp\/v2\/users\/3"}],"replies":[{"embeddable":true,"href":"https:\/\/www.noticiasradioreflejos.com.ar\/2021\/wp-json\/wp\/v2\/comments?post=85438"}],"version-history":[{"count":1,"href":"https:\/\/www.noticiasradioreflejos.com.ar\/2021\/wp-json\/wp\/v2\/posts\/85438\/revisions"}],"predecessor-version":[{"id":85440,"href":"https:\/\/www.noticiasradioreflejos.com.ar\/2021\/wp-json\/wp\/v2\/posts\/85438\/revisions\/85440"}],"wp:attachment":[{"href":"https:\/\/www.noticiasradioreflejos.com.ar\/2021\/wp-json\/wp\/v2\/media?parent=85438"}],"wp:term":[{"taxonomy":"category","embeddable":true,"href":"https:\/\/www.noticiasradioreflejos.com.ar\/2021\/wp-json\/wp\/v2\/categories?post=85438"},{"taxonomy":"post_tag","embeddable":true,"href":"https:\/\/www.noticiasradioreflejos.com.ar\/2021\/wp-json\/wp\/v2\/tags?post=85438"}],"curies":[{"name":"wp","href":"https:\/\/api.w.org\/{rel}","templated":true}]}}