{"id":8518,"date":"2017-03-29T17:40:59","date_gmt":"2017-03-29T20:40:59","guid":{"rendered":"http:\/\/noticiasradioreflejos.com.ar\/noticias\/?p=8518"},"modified":"2017-03-29T17:40:59","modified_gmt":"2017-03-29T20:40:59","slug":"curso-del-arte-de-vivir-en-villa-ventana","status":"publish","type":"post","link":"https:\/\/www.noticiasradioreflejos.com.ar\/2021\/curso-del-arte-de-vivir-en-villa-ventana\/","title":{"rendered":"Curso y charla del Arte de vivir en Villa Ventana"},"content":{"rendered":"<p>Evelyn Lavayen pertenece a la fundaci\u00f3n \u00abel arte de vivir\u00bb y charlo con nuestro medio para contarnos sobre el taller y curso que se desarrollara en Villa Ventana y en la zona.<!--more-->\u00abQuer\u00eda contarle a la gente del pueblo que hoy Mi\u00e9rcoles 29 tenemos un taller abierto con experiencia en meditaci\u00f3n en la Calle Curamalal y Churrinche de Villa Ventana. La idea es comenzar a llevar el arte de vivir a todos los pueblos.\u00bb comenta Lavayen.<br \/>\nEl curso comienza el 31 de marzo y se extiende al 2 de abril, en los horarios de 14:30 a 17:30 horas y Evelyn cuenta de que se trata asegurando:\u00bbEste fin de semana vamos a tener en Villa Ventana el curso introductorio, b\u00e1sico de Happiness program, para que la gente experimente lo que es la meditaci\u00f3n y aprenda t\u00e9cnicas de respiraci\u00f3n. El curso es para todas las edades, es muy din\u00e1mico, trabajamos juntos. Tiene una parte te\u00f3rica y practica que es muy linda\u00bb.<br \/>\nLa charla es gratuita y comienza hoy a las 18:00 horas. En cuanto al curso deben anotarse con inscripci\u00f3n al 2915323818.<br \/>\n\u00abEs una experiencia muy linda, cualquiera puede meditar, son muchos los beneficios que pueden obtener.\u00bb finaliza Evelyn.<br \/>\n<a title=\"17622790_10212409798058807_783577430_o\" href=\"http:\/\/farm3.staticflickr.com\/2869\/33684968786_af432fd90a_c.jpg\" rel=\"\"><img loading=\"lazy\" decoding=\"async\" class=\"aligncenter\" title=\"17622790_10212409798058807_783577430_o\" src=\"http:\/\/farm3.staticflickr.com\/2869\/33684968786_af432fd90a_c.jpg\" alt=\"17622790_10212409798058807_783577430_o\" width=\"800\" height=\"600\" \/><\/a><br \/>\n<iframe loading=\"lazy\" src=\"https:\/\/w.soundcloud.com\/player\/?url=https%3A\/\/api.soundcloud.com\/tracks\/314885039&amp;color=ff5500&amp;auto_play=false&amp;hide_related=false&amp;show_comments=true&amp;show_user=true&amp;show_reposts=false\" width=\"100%\" height=\"166\" frameborder=\"no\" scrolling=\"no\"><\/iframe><\/p>\n","protected":false},"excerpt":{"rendered":"<p>Evelyn Lavayen pertenece a la fundaci\u00f3n \u00abel arte de vivir\u00bb y charlo con nuestro medio para contarnos sobre el taller y curso que se desarrollara en Villa Ventana y en la zona.<\/p>\n","protected":false},"author":3,"featured_media":0,"comment_status":"closed","ping_status":"open","sticky":false,"template":"","format":"standard","meta":{"footnotes":""},"categories":[30],"tags":[],"class_list":["post-8518","post","type-post","status-publish","format-standard","hentry","category-salud"],"yoast_head":"<!-- This site is optimized with the Yoast SEO plugin v25.9 - https:\/\/yoast.com\/wordpress\/plugins\/seo\/ -->\n<title>Curso y charla del Arte de vivir en Villa Ventana - Noticias Radio Reflejos<\/title>\n<meta name=\"robots\" content=\"index, follow, max-snippet:-1, max-image-preview:large, max-video-preview:-1\" \/>\n<link rel=\"canonical\" href=\"https:\/\/www.noticiasradioreflejos.com.ar\/2021\/curso-del-arte-de-vivir-en-villa-ventana\/\" \/>\n<meta property=\"og:locale\" content=\"es_ES\" \/>\n<meta property=\"og:type\" content=\"article\" \/>\n<meta property=\"og:title\" content=\"Curso y charla del Arte de vivir en Villa Ventana - Noticias Radio Reflejos\" \/>\n<meta property=\"og:description\" content=\"Evelyn Lavayen pertenece a la fundaci\u00f3n \u00abel arte de vivir\u00bb y charlo con nuestro medio para contarnos sobre el taller y curso que se desarrollara en Villa Ventana y en la zona.\" \/>\n<meta property=\"og:url\" content=\"https:\/\/www.noticiasradioreflejos.com.ar\/2021\/curso-del-arte-de-vivir-en-villa-ventana\/\" \/>\n<meta property=\"og:site_name\" content=\"Noticias Radio Reflejos\" \/>\n<meta property=\"article:published_time\" content=\"2017-03-29T20:40:59+00:00\" \/>\n<meta property=\"og:image\" content=\"http:\/\/farm3.staticflickr.com\/2869\/33684968786_af432fd90a_c.jpg\" \/>\n<meta name=\"author\" content=\"Arnaldo Botto\" \/>\n<meta name=\"twitter:card\" content=\"summary_large_image\" \/>\n<script type=\"application\/ld+json\" class=\"yoast-schema-graph\">{\"@context\":\"https:\/\/schema.org\",\"@graph\":[{\"@type\":\"WebPage\",\"@id\":\"https:\/\/www.noticiasradioreflejos.com.ar\/2021\/curso-del-arte-de-vivir-en-villa-ventana\/\",\"url\":\"https:\/\/www.noticiasradioreflejos.com.ar\/2021\/curso-del-arte-de-vivir-en-villa-ventana\/\",\"name\":\"Curso y charla del Arte de vivir en Villa Ventana - Noticias Radio Reflejos\",\"isPartOf\":{\"@id\":\"https:\/\/www.noticiasradioreflejos.com.ar\/2021\/#website\"},\"primaryImageOfPage\":{\"@id\":\"https:\/\/www.noticiasradioreflejos.com.ar\/2021\/curso-del-arte-de-vivir-en-villa-ventana\/#primaryimage\"},\"image\":{\"@id\":\"https:\/\/www.noticiasradioreflejos.com.ar\/2021\/curso-del-arte-de-vivir-en-villa-ventana\/#primaryimage\"},\"thumbnailUrl\":\"http:\/\/farm3.staticflickr.com\/2869\/33684968786_af432fd90a_c.jpg\",\"datePublished\":\"2017-03-29T20:40:59+00:00\",\"author\":{\"@id\":\"https:\/\/www.noticiasradioreflejos.com.ar\/2021\/#\/schema\/person\/ad82545263dcc5ec0996818884fd5fb1\"},\"breadcrumb\":{\"@id\":\"https:\/\/www.noticiasradioreflejos.com.ar\/2021\/curso-del-arte-de-vivir-en-villa-ventana\/#breadcrumb\"},\"inLanguage\":\"es\",\"potentialAction\":[{\"@type\":\"ReadAction\",\"target\":[\"https:\/\/www.noticiasradioreflejos.com.ar\/2021\/curso-del-arte-de-vivir-en-villa-ventana\/\"]}]},{\"@type\":\"ImageObject\",\"inLanguage\":\"es\",\"@id\":\"https:\/\/www.noticiasradioreflejos.com.ar\/2021\/curso-del-arte-de-vivir-en-villa-ventana\/#primaryimage\",\"url\":\"http:\/\/farm3.staticflickr.com\/2869\/33684968786_af432fd90a_c.jpg\",\"contentUrl\":\"http:\/\/farm3.staticflickr.com\/2869\/33684968786_af432fd90a_c.jpg\"},{\"@type\":\"BreadcrumbList\",\"@id\":\"https:\/\/www.noticiasradioreflejos.com.ar\/2021\/curso-del-arte-de-vivir-en-villa-ventana\/#breadcrumb\",\"itemListElement\":[{\"@type\":\"ListItem\",\"position\":1,\"name\":\"Portada\",\"item\":\"https:\/\/www.noticiasradioreflejos.com.ar\/2021\/\"},{\"@type\":\"ListItem\",\"position\":2,\"name\":\"Curso y charla del Arte de vivir en Villa Ventana\"}]},{\"@type\":\"WebSite\",\"@id\":\"https:\/\/www.noticiasradioreflejos.com.ar\/2021\/#website\",\"url\":\"https:\/\/www.noticiasradioreflejos.com.ar\/2021\/\",\"name\":\"Noticias Radio Reflejos\",\"description\":\"Las noticias de mi comarca\",\"potentialAction\":[{\"@type\":\"SearchAction\",\"target\":{\"@type\":\"EntryPoint\",\"urlTemplate\":\"https:\/\/www.noticiasradioreflejos.com.ar\/2021\/?s={search_term_string}\"},\"query-input\":{\"@type\":\"PropertyValueSpecification\",\"valueRequired\":true,\"valueName\":\"search_term_string\"}}],\"inLanguage\":\"es\"},{\"@type\":\"Person\",\"@id\":\"https:\/\/www.noticiasradioreflejos.com.ar\/2021\/#\/schema\/person\/ad82545263dcc5ec0996818884fd5fb1\",\"name\":\"Arnaldo Botto\",\"image\":{\"@type\":\"ImageObject\",\"inLanguage\":\"es\",\"@id\":\"https:\/\/www.noticiasradioreflejos.com.ar\/2021\/#\/schema\/person\/image\/\",\"url\":\"https:\/\/secure.gravatar.com\/avatar\/55cb5e37c1efa326397366e6974cb338056df65cb50e7d64d1cf314e87504837?s=96&d=mm&r=g\",\"contentUrl\":\"https:\/\/secure.gravatar.com\/avatar\/55cb5e37c1efa326397366e6974cb338056df65cb50e7d64d1cf314e87504837?s=96&d=mm&r=g\",\"caption\":\"Arnaldo Botto\"},\"url\":\"https:\/\/www.noticiasradioreflejos.com.ar\/2021\/author\/arnaldo\/\"}]}<\/script>\n<!-- \/ Yoast SEO plugin. -->","yoast_head_json":{"title":"Curso y charla del Arte de vivir en Villa Ventana - Noticias Radio Reflejos","robots":{"index":"index","follow":"follow","max-snippet":"max-snippet:-1","max-image-preview":"max-image-preview:large","max-video-preview":"max-video-preview:-1"},"canonical":"https:\/\/www.noticiasradioreflejos.com.ar\/2021\/curso-del-arte-de-vivir-en-villa-ventana\/","og_locale":"es_ES","og_type":"article","og_title":"Curso y charla del Arte de vivir en Villa Ventana - Noticias Radio Reflejos","og_description":"Evelyn Lavayen pertenece a la fundaci\u00f3n \u00abel arte de vivir\u00bb y charlo con nuestro medio para contarnos sobre el taller y curso que se desarrollara en Villa Ventana y en la zona.","og_url":"https:\/\/www.noticiasradioreflejos.com.ar\/2021\/curso-del-arte-de-vivir-en-villa-ventana\/","og_site_name":"Noticias Radio Reflejos","article_published_time":"2017-03-29T20:40:59+00:00","og_image":[{"url":"http:\/\/farm3.staticflickr.com\/2869\/33684968786_af432fd90a_c.jpg","type":"","width":"","height":""}],"author":"Arnaldo Botto","twitter_card":"summary_large_image","schema":{"@context":"https:\/\/schema.org","@graph":[{"@type":"WebPage","@id":"https:\/\/www.noticiasradioreflejos.com.ar\/2021\/curso-del-arte-de-vivir-en-villa-ventana\/","url":"https:\/\/www.noticiasradioreflejos.com.ar\/2021\/curso-del-arte-de-vivir-en-villa-ventana\/","name":"Curso y charla del Arte de vivir en Villa Ventana - Noticias Radio Reflejos","isPartOf":{"@id":"https:\/\/www.noticiasradioreflejos.com.ar\/2021\/#website"},"primaryImageOfPage":{"@id":"https:\/\/www.noticiasradioreflejos.com.ar\/2021\/curso-del-arte-de-vivir-en-villa-ventana\/#primaryimage"},"image":{"@id":"https:\/\/www.noticiasradioreflejos.com.ar\/2021\/curso-del-arte-de-vivir-en-villa-ventana\/#primaryimage"},"thumbnailUrl":"http:\/\/farm3.staticflickr.com\/2869\/33684968786_af432fd90a_c.jpg","datePublished":"2017-03-29T20:40:59+00:00","author":{"@id":"https:\/\/www.noticiasradioreflejos.com.ar\/2021\/#\/schema\/person\/ad82545263dcc5ec0996818884fd5fb1"},"breadcrumb":{"@id":"https:\/\/www.noticiasradioreflejos.com.ar\/2021\/curso-del-arte-de-vivir-en-villa-ventana\/#breadcrumb"},"inLanguage":"es","potentialAction":[{"@type":"ReadAction","target":["https:\/\/www.noticiasradioreflejos.com.ar\/2021\/curso-del-arte-de-vivir-en-villa-ventana\/"]}]},{"@type":"ImageObject","inLanguage":"es","@id":"https:\/\/www.noticiasradioreflejos.com.ar\/2021\/curso-del-arte-de-vivir-en-villa-ventana\/#primaryimage","url":"http:\/\/farm3.staticflickr.com\/2869\/33684968786_af432fd90a_c.jpg","contentUrl":"http:\/\/farm3.staticflickr.com\/2869\/33684968786_af432fd90a_c.jpg"},{"@type":"BreadcrumbList","@id":"https:\/\/www.noticiasradioreflejos.com.ar\/2021\/curso-del-arte-de-vivir-en-villa-ventana\/#breadcrumb","itemListElement":[{"@type":"ListItem","position":1,"name":"Portada","item":"https:\/\/www.noticiasradioreflejos.com.ar\/2021\/"},{"@type":"ListItem","position":2,"name":"Curso y charla del Arte de vivir en Villa Ventana"}]},{"@type":"WebSite","@id":"https:\/\/www.noticiasradioreflejos.com.ar\/2021\/#website","url":"https:\/\/www.noticiasradioreflejos.com.ar\/2021\/","name":"Noticias Radio Reflejos","description":"Las noticias de mi comarca","potentialAction":[{"@type":"SearchAction","target":{"@type":"EntryPoint","urlTemplate":"https:\/\/www.noticiasradioreflejos.com.ar\/2021\/?s={search_term_string}"},"query-input":{"@type":"PropertyValueSpecification","valueRequired":true,"valueName":"search_term_string"}}],"inLanguage":"es"},{"@type":"Person","@id":"https:\/\/www.noticiasradioreflejos.com.ar\/2021\/#\/schema\/person\/ad82545263dcc5ec0996818884fd5fb1","name":"Arnaldo Botto","image":{"@type":"ImageObject","inLanguage":"es","@id":"https:\/\/www.noticiasradioreflejos.com.ar\/2021\/#\/schema\/person\/image\/","url":"https:\/\/secure.gravatar.com\/avatar\/55cb5e37c1efa326397366e6974cb338056df65cb50e7d64d1cf314e87504837?s=96&d=mm&r=g","contentUrl":"https:\/\/secure.gravatar.com\/avatar\/55cb5e37c1efa326397366e6974cb338056df65cb50e7d64d1cf314e87504837?s=96&d=mm&r=g","caption":"Arnaldo Botto"},"url":"https:\/\/www.noticiasradioreflejos.com.ar\/2021\/author\/arnaldo\/"}]}},"_links":{"self":[{"href":"https:\/\/www.noticiasradioreflejos.com.ar\/2021\/wp-json\/wp\/v2\/posts\/8518","targetHints":{"allow":["GET"]}}],"collection":[{"href":"https:\/\/www.noticiasradioreflejos.com.ar\/2021\/wp-json\/wp\/v2\/posts"}],"about":[{"href":"https:\/\/www.noticiasradioreflejos.com.ar\/2021\/wp-json\/wp\/v2\/types\/post"}],"author":[{"embeddable":true,"href":"https:\/\/www.noticiasradioreflejos.com.ar\/2021\/wp-json\/wp\/v2\/users\/3"}],"replies":[{"embeddable":true,"href":"https:\/\/www.noticiasradioreflejos.com.ar\/2021\/wp-json\/wp\/v2\/comments?post=8518"}],"version-history":[{"count":0,"href":"https:\/\/www.noticiasradioreflejos.com.ar\/2021\/wp-json\/wp\/v2\/posts\/8518\/revisions"}],"wp:attachment":[{"href":"https:\/\/www.noticiasradioreflejos.com.ar\/2021\/wp-json\/wp\/v2\/media?parent=8518"}],"wp:term":[{"taxonomy":"category","embeddable":true,"href":"https:\/\/www.noticiasradioreflejos.com.ar\/2021\/wp-json\/wp\/v2\/categories?post=8518"},{"taxonomy":"post_tag","embeddable":true,"href":"https:\/\/www.noticiasradioreflejos.com.ar\/2021\/wp-json\/wp\/v2\/tags?post=8518"}],"curies":[{"name":"wp","href":"https:\/\/api.w.org\/{rel}","templated":true}]}}