{"id":8507,"date":"2017-03-29T15:53:07","date_gmt":"2017-03-29T18:53:07","guid":{"rendered":"http:\/\/noticiasradioreflejos.com.ar\/noticias\/?p=8507"},"modified":"2017-03-29T15:53:07","modified_gmt":"2017-03-29T18:53:07","slug":"el-intendente-participo-de-una-reunion-para-regularizar-la-ley-de-prevencion-de-incendios","status":"publish","type":"post","link":"https:\/\/www.noticiasradioreflejos.com.ar\/2021\/el-intendente-participo-de-una-reunion-para-regularizar-la-ley-de-prevencion-de-incendios\/","title":{"rendered":"El intendente particip\u00f3 de una reuni\u00f3n para regularizar la Ley de Prevenci\u00f3n de Incendios"},"content":{"rendered":"<p>El d\u00eda de ayer, se desarroll\u00f3 en instalaciones del cuartel de Bomberos de Sierra de la Ventana, una charla deliberativa junto al Diputado Provincial de Cambiemos, Santiago Nardelli. La tem\u00e1tica tratada fue la Ley de Prevenci\u00f3n de Incendios en la Provincia de Buenos Aires.<!--more--><br \/>\nLas palabras de apertura estuvieron a cargo del intendente municipal, Sergio Bordoni, quien expres\u00f3 lo importante que es trabajar y mancomunar ideas, junto a los cuerpos de bomberos, defensa civil y los productores agropecuarios sobre la regularizaci\u00f3n de la ley.<br \/>\nNardelli,\u00a0 por su parte, afirmo que se est\u00e1 trabajando para elaborar un plan de prevenci\u00f3n con acciones de concientizaci\u00f3n sobre los peligros que implica el manejo del fuego en \u00e1reas como estas, y en la zonificaci\u00f3n del riesgo.<br \/>\nLa reuni\u00f3n estuvo guiada por la Lic. Virginia Laino, Directora Provincial de Gesti\u00f3n de Riesgo, y es la tercera que se realiza en la provincia. Los temas desarrollados fueron en base a las modificaciones que deben hacerse en la regularizaci\u00f3n de la ley, que implica la creaci\u00f3n de fondos para emergencias, el aumento de fondos para prevenci\u00f3n y concientizaci\u00f3n sobre incendios forestales, establecimiento de reglas para productores rurales en \u00e9poca estival y la coordinaci\u00f3n de tareas entre distritos vecinos.<br \/>\nDel encuentro tambi\u00e9n participaron: el intendente de Coronel Dorrego, Ra\u00fal Reyes, concejales, secretarios de producci\u00f3n, coordinadores y directores de defensa civil de distritos vecinos, adem\u00e1s de los cuerpos de bomberos de Villa Ventana, Tornquist, Sierra de la Ventana, y Saavedra, como tambi\u00e9n representantes de la Asociaci\u00f3n Rural de Tornquist y de los partidos vecinos.<\/p>\n","protected":false},"excerpt":{"rendered":"<p>El d\u00eda de ayer, se desarroll\u00f3 en instalaciones del cuartel de Bomberos de Sierra de la Ventana, una charla deliberativa junto al Diputado Provincial de Cambiemos, Santiago Nardelli. La tem\u00e1tica tratada fue la Ley de Prevenci\u00f3n de Incendios en la Provincia de Buenos Aires.<\/p>\n","protected":false},"author":3,"featured_media":0,"comment_status":"closed","ping_status":"open","sticky":false,"template":"","format":"standard","meta":{"footnotes":""},"categories":[28],"tags":[],"class_list":["post-8507","post","type-post","status-publish","format-standard","hentry","category-municipales"],"yoast_head":"<!-- This site is optimized with the Yoast SEO plugin v25.9 - https:\/\/yoast.com\/wordpress\/plugins\/seo\/ -->\n<title>El intendente particip\u00f3 de una reuni\u00f3n para regularizar la Ley de Prevenci\u00f3n de Incendios - Noticias Radio Reflejos<\/title>\n<meta name=\"robots\" content=\"index, follow, max-snippet:-1, max-image-preview:large, max-video-preview:-1\" \/>\n<link rel=\"canonical\" href=\"https:\/\/www.noticiasradioreflejos.com.ar\/2021\/el-intendente-participo-de-una-reunion-para-regularizar-la-ley-de-prevencion-de-incendios\/\" \/>\n<meta property=\"og:locale\" content=\"es_ES\" \/>\n<meta property=\"og:type\" content=\"article\" \/>\n<meta property=\"og:title\" content=\"El intendente particip\u00f3 de una reuni\u00f3n para regularizar la Ley de Prevenci\u00f3n de Incendios - Noticias Radio Reflejos\" \/>\n<meta property=\"og:description\" content=\"El d\u00eda de ayer, se desarroll\u00f3 en instalaciones del cuartel de Bomberos de Sierra de la Ventana, una charla deliberativa junto al Diputado Provincial de Cambiemos, Santiago Nardelli. La tem\u00e1tica tratada fue la Ley de Prevenci\u00f3n de Incendios en la Provincia de Buenos Aires.\" \/>\n<meta property=\"og:url\" content=\"https:\/\/www.noticiasradioreflejos.com.ar\/2021\/el-intendente-participo-de-una-reunion-para-regularizar-la-ley-de-prevencion-de-incendios\/\" \/>\n<meta property=\"og:site_name\" content=\"Noticias Radio Reflejos\" \/>\n<meta property=\"article:published_time\" content=\"2017-03-29T18:53:07+00:00\" \/>\n<meta property=\"og:image\" content=\"https:\/\/www.noticiasradioreflejos.com.ar\/2021\/wp-content\/uploads\/2021\/07\/logosol300x200.png\" \/>\n\t<meta property=\"og:image:width\" content=\"300\" \/>\n\t<meta property=\"og:image:height\" content=\"200\" \/>\n\t<meta property=\"og:image:type\" content=\"image\/png\" \/>\n<meta name=\"author\" content=\"Arnaldo Botto\" \/>\n<meta name=\"twitter:card\" content=\"summary_large_image\" \/>\n<script type=\"application\/ld+json\" class=\"yoast-schema-graph\">{\"@context\":\"https:\/\/schema.org\",\"@graph\":[{\"@type\":\"WebPage\",\"@id\":\"https:\/\/www.noticiasradioreflejos.com.ar\/2021\/el-intendente-participo-de-una-reunion-para-regularizar-la-ley-de-prevencion-de-incendios\/\",\"url\":\"https:\/\/www.noticiasradioreflejos.com.ar\/2021\/el-intendente-participo-de-una-reunion-para-regularizar-la-ley-de-prevencion-de-incendios\/\",\"name\":\"El intendente particip\u00f3 de una reuni\u00f3n para regularizar la Ley de Prevenci\u00f3n de Incendios - Noticias Radio Reflejos\",\"isPartOf\":{\"@id\":\"https:\/\/www.noticiasradioreflejos.com.ar\/2021\/#website\"},\"datePublished\":\"2017-03-29T18:53:07+00:00\",\"author\":{\"@id\":\"https:\/\/www.noticiasradioreflejos.com.ar\/2021\/#\/schema\/person\/ad82545263dcc5ec0996818884fd5fb1\"},\"breadcrumb\":{\"@id\":\"https:\/\/www.noticiasradioreflejos.com.ar\/2021\/el-intendente-participo-de-una-reunion-para-regularizar-la-ley-de-prevencion-de-incendios\/#breadcrumb\"},\"inLanguage\":\"es\",\"potentialAction\":[{\"@type\":\"ReadAction\",\"target\":[\"https:\/\/www.noticiasradioreflejos.com.ar\/2021\/el-intendente-participo-de-una-reunion-para-regularizar-la-ley-de-prevencion-de-incendios\/\"]}]},{\"@type\":\"BreadcrumbList\",\"@id\":\"https:\/\/www.noticiasradioreflejos.com.ar\/2021\/el-intendente-participo-de-una-reunion-para-regularizar-la-ley-de-prevencion-de-incendios\/#breadcrumb\",\"itemListElement\":[{\"@type\":\"ListItem\",\"position\":1,\"name\":\"Portada\",\"item\":\"https:\/\/www.noticiasradioreflejos.com.ar\/2021\/\"},{\"@type\":\"ListItem\",\"position\":2,\"name\":\"El intendente particip\u00f3 de una reuni\u00f3n para regularizar la Ley de Prevenci\u00f3n de Incendios\"}]},{\"@type\":\"WebSite\",\"@id\":\"https:\/\/www.noticiasradioreflejos.com.ar\/2021\/#website\",\"url\":\"https:\/\/www.noticiasradioreflejos.com.ar\/2021\/\",\"name\":\"Noticias Radio Reflejos\",\"description\":\"Las noticias de mi comarca\",\"potentialAction\":[{\"@type\":\"SearchAction\",\"target\":{\"@type\":\"EntryPoint\",\"urlTemplate\":\"https:\/\/www.noticiasradioreflejos.com.ar\/2021\/?s={search_term_string}\"},\"query-input\":{\"@type\":\"PropertyValueSpecification\",\"valueRequired\":true,\"valueName\":\"search_term_string\"}}],\"inLanguage\":\"es\"},{\"@type\":\"Person\",\"@id\":\"https:\/\/www.noticiasradioreflejos.com.ar\/2021\/#\/schema\/person\/ad82545263dcc5ec0996818884fd5fb1\",\"name\":\"Arnaldo Botto\",\"image\":{\"@type\":\"ImageObject\",\"inLanguage\":\"es\",\"@id\":\"https:\/\/www.noticiasradioreflejos.com.ar\/2021\/#\/schema\/person\/image\/\",\"url\":\"https:\/\/secure.gravatar.com\/avatar\/55cb5e37c1efa326397366e6974cb338056df65cb50e7d64d1cf314e87504837?s=96&d=mm&r=g\",\"contentUrl\":\"https:\/\/secure.gravatar.com\/avatar\/55cb5e37c1efa326397366e6974cb338056df65cb50e7d64d1cf314e87504837?s=96&d=mm&r=g\",\"caption\":\"Arnaldo Botto\"},\"url\":\"https:\/\/www.noticiasradioreflejos.com.ar\/2021\/author\/arnaldo\/\"}]}<\/script>\n<!-- \/ Yoast SEO plugin. -->","yoast_head_json":{"title":"El intendente particip\u00f3 de una reuni\u00f3n para regularizar la Ley de Prevenci\u00f3n de Incendios - Noticias Radio Reflejos","robots":{"index":"index","follow":"follow","max-snippet":"max-snippet:-1","max-image-preview":"max-image-preview:large","max-video-preview":"max-video-preview:-1"},"canonical":"https:\/\/www.noticiasradioreflejos.com.ar\/2021\/el-intendente-participo-de-una-reunion-para-regularizar-la-ley-de-prevencion-de-incendios\/","og_locale":"es_ES","og_type":"article","og_title":"El intendente particip\u00f3 de una reuni\u00f3n para regularizar la Ley de Prevenci\u00f3n de Incendios - Noticias Radio Reflejos","og_description":"El d\u00eda de ayer, se desarroll\u00f3 en instalaciones del cuartel de Bomberos de Sierra de la Ventana, una charla deliberativa junto al Diputado Provincial de Cambiemos, Santiago Nardelli. La tem\u00e1tica tratada fue la Ley de Prevenci\u00f3n de Incendios en la Provincia de Buenos Aires.","og_url":"https:\/\/www.noticiasradioreflejos.com.ar\/2021\/el-intendente-participo-de-una-reunion-para-regularizar-la-ley-de-prevencion-de-incendios\/","og_site_name":"Noticias Radio Reflejos","article_published_time":"2017-03-29T18:53:07+00:00","og_image":[{"width":300,"height":200,"url":"https:\/\/www.noticiasradioreflejos.com.ar\/2021\/wp-content\/uploads\/2021\/07\/logosol300x200.png","type":"image\/png"}],"author":"Arnaldo Botto","twitter_card":"summary_large_image","schema":{"@context":"https:\/\/schema.org","@graph":[{"@type":"WebPage","@id":"https:\/\/www.noticiasradioreflejos.com.ar\/2021\/el-intendente-participo-de-una-reunion-para-regularizar-la-ley-de-prevencion-de-incendios\/","url":"https:\/\/www.noticiasradioreflejos.com.ar\/2021\/el-intendente-participo-de-una-reunion-para-regularizar-la-ley-de-prevencion-de-incendios\/","name":"El intendente particip\u00f3 de una reuni\u00f3n para regularizar la Ley de Prevenci\u00f3n de Incendios - Noticias Radio Reflejos","isPartOf":{"@id":"https:\/\/www.noticiasradioreflejos.com.ar\/2021\/#website"},"datePublished":"2017-03-29T18:53:07+00:00","author":{"@id":"https:\/\/www.noticiasradioreflejos.com.ar\/2021\/#\/schema\/person\/ad82545263dcc5ec0996818884fd5fb1"},"breadcrumb":{"@id":"https:\/\/www.noticiasradioreflejos.com.ar\/2021\/el-intendente-participo-de-una-reunion-para-regularizar-la-ley-de-prevencion-de-incendios\/#breadcrumb"},"inLanguage":"es","potentialAction":[{"@type":"ReadAction","target":["https:\/\/www.noticiasradioreflejos.com.ar\/2021\/el-intendente-participo-de-una-reunion-para-regularizar-la-ley-de-prevencion-de-incendios\/"]}]},{"@type":"BreadcrumbList","@id":"https:\/\/www.noticiasradioreflejos.com.ar\/2021\/el-intendente-participo-de-una-reunion-para-regularizar-la-ley-de-prevencion-de-incendios\/#breadcrumb","itemListElement":[{"@type":"ListItem","position":1,"name":"Portada","item":"https:\/\/www.noticiasradioreflejos.com.ar\/2021\/"},{"@type":"ListItem","position":2,"name":"El intendente particip\u00f3 de una reuni\u00f3n para regularizar la Ley de Prevenci\u00f3n de Incendios"}]},{"@type":"WebSite","@id":"https:\/\/www.noticiasradioreflejos.com.ar\/2021\/#website","url":"https:\/\/www.noticiasradioreflejos.com.ar\/2021\/","name":"Noticias Radio Reflejos","description":"Las noticias de mi comarca","potentialAction":[{"@type":"SearchAction","target":{"@type":"EntryPoint","urlTemplate":"https:\/\/www.noticiasradioreflejos.com.ar\/2021\/?s={search_term_string}"},"query-input":{"@type":"PropertyValueSpecification","valueRequired":true,"valueName":"search_term_string"}}],"inLanguage":"es"},{"@type":"Person","@id":"https:\/\/www.noticiasradioreflejos.com.ar\/2021\/#\/schema\/person\/ad82545263dcc5ec0996818884fd5fb1","name":"Arnaldo Botto","image":{"@type":"ImageObject","inLanguage":"es","@id":"https:\/\/www.noticiasradioreflejos.com.ar\/2021\/#\/schema\/person\/image\/","url":"https:\/\/secure.gravatar.com\/avatar\/55cb5e37c1efa326397366e6974cb338056df65cb50e7d64d1cf314e87504837?s=96&d=mm&r=g","contentUrl":"https:\/\/secure.gravatar.com\/avatar\/55cb5e37c1efa326397366e6974cb338056df65cb50e7d64d1cf314e87504837?s=96&d=mm&r=g","caption":"Arnaldo Botto"},"url":"https:\/\/www.noticiasradioreflejos.com.ar\/2021\/author\/arnaldo\/"}]}},"_links":{"self":[{"href":"https:\/\/www.noticiasradioreflejos.com.ar\/2021\/wp-json\/wp\/v2\/posts\/8507","targetHints":{"allow":["GET"]}}],"collection":[{"href":"https:\/\/www.noticiasradioreflejos.com.ar\/2021\/wp-json\/wp\/v2\/posts"}],"about":[{"href":"https:\/\/www.noticiasradioreflejos.com.ar\/2021\/wp-json\/wp\/v2\/types\/post"}],"author":[{"embeddable":true,"href":"https:\/\/www.noticiasradioreflejos.com.ar\/2021\/wp-json\/wp\/v2\/users\/3"}],"replies":[{"embeddable":true,"href":"https:\/\/www.noticiasradioreflejos.com.ar\/2021\/wp-json\/wp\/v2\/comments?post=8507"}],"version-history":[{"count":0,"href":"https:\/\/www.noticiasradioreflejos.com.ar\/2021\/wp-json\/wp\/v2\/posts\/8507\/revisions"}],"wp:attachment":[{"href":"https:\/\/www.noticiasradioreflejos.com.ar\/2021\/wp-json\/wp\/v2\/media?parent=8507"}],"wp:term":[{"taxonomy":"category","embeddable":true,"href":"https:\/\/www.noticiasradioreflejos.com.ar\/2021\/wp-json\/wp\/v2\/categories?post=8507"},{"taxonomy":"post_tag","embeddable":true,"href":"https:\/\/www.noticiasradioreflejos.com.ar\/2021\/wp-json\/wp\/v2\/tags?post=8507"}],"curies":[{"name":"wp","href":"https:\/\/api.w.org\/{rel}","templated":true}]}}