{"id":84974,"date":"2023-03-03T17:06:53","date_gmt":"2023-03-03T17:06:53","guid":{"rendered":"https:\/\/www.noticiasradioreflejos.com.ar\/2021\/?p=84974"},"modified":"2023-03-03T17:06:53","modified_gmt":"2023-03-03T17:06:53","slug":"anses-abonara-en-marzo-la-ayuda-escolar-anual","status":"publish","type":"post","link":"https:\/\/www.noticiasradioreflejos.com.ar\/2021\/anses-abonara-en-marzo-la-ayuda-escolar-anual\/","title":{"rendered":"ANSES abonar\u00e1 en marzo la Ayuda Escolar Anual"},"content":{"rendered":"<p>Con el objetivo de acompa\u00f1ar a las familias de todo el pa\u00eds en el inicio del ciclo lectivo 2023, ANSES abona en marzo la Ayuda Escolar Anual para quienes cobran la Asignaci\u00f3n Universal o la Asignaci\u00f3n Familiar por Hija e Hijo.<!--more--><\/p>\n<p>Este mes se realiza el pago autom\u00e1tico para las personas que hayan certificado que sus hijas e hijos, de entre 4 y 17 a\u00f1os inclusive, concurrieron a la escuela durante 2022. Mientras que las y los titulares a cargo de ni\u00f1as y ni\u00f1os menores de 4 a\u00f1os, mayores de 17 o con discapacidad sin l\u00edmite de edad que asistan a establecimientos incorporados a la ense\u00f1anza oficial reciben este apoyo econ\u00f3mico una vez que hayan presentado el formulario PS 2.68 completo ante ANSES.<\/p>\n<p>Es importante recordar que, para percibir la Ayuda Escolar, es necesario que todas y todos los titulares de las asignaciones acrediten la escolaridad de sus hijas e hijos todos los a\u00f1os. Hay tiempo hasta el \u00faltimo d\u00eda h\u00e1bil de diciembre para realizar este tr\u00e1mite.<\/p>\n<p>El monto general es de 9609 pesos (y var\u00eda seg\u00fan la zona, en el caso la Asignaci\u00f3n Familiar por Hija e Hijo). El pago autom\u00e1tico se efect\u00faa junto a las asignaciones con el calendario de marzo que comienza el mi\u00e9rcoles 8.<\/p>\n<p>C\u00f3mo acreditar la escolaridad<\/p>\n<p>Para presentar el formulario PS.2.68 completo, las y los titulares de las asignaciones pueden acercarse sin turno a las oficinas de ANSES, o bien, ingresar a www.anses.gob.ar y seguir estos pasos:<\/p>\n<p>1.    Ingresar a mi ANSES > Hijas e Hijos > Presentar un Certificado Escolar para obtener el formulario para cada hija o hijo.<\/p>\n<p>2.    Elegir Generar Certificado, completar los datos requeridos y seleccionar Generar.<\/p>\n<p>3.    Imprimir el certificado y llevarlo a la instituci\u00f3n escolar para que lo completen y firmen.<\/p>\n<p>4.    Ingresar nuevamente a mi ANSES > Hijas e Hijos > Presentar Certificado Escolar, seleccionar Subir Certificado y cargar la foto del formulario completo y firmado desde el celular o computadora.<\/p>\n<p>Para m\u00e1s informaci\u00f3n sobre la Ayuda Escolar Anual ingresar <a href=\"https:\/\/www.anses.gob.ar\/educacion\/ayuda-escolar-anual\" rel=\"noopener\" target=\"_blank\">aqu\u00ed<\/a>.<\/p>\n","protected":false},"excerpt":{"rendered":"<p>Con el objetivo de acompa\u00f1ar a las familias de todo el pa\u00eds en el inicio del ciclo lectivo 2023, ANSES abona en marzo la Ayuda Escolar Anual para quienes cobran la Asignaci\u00f3n Universal o la Asignaci\u00f3n Familiar por Hija e Hijo.<\/p>\n","protected":false},"author":3,"featured_media":0,"comment_status":"closed","ping_status":"closed","sticky":false,"template":"","format":"standard","meta":{"footnotes":""},"categories":[1],"tags":[],"class_list":["post-84974","post","type-post","status-publish","format-standard","hentry","category-sin-categoria"],"yoast_head":"<!-- This site is optimized with the Yoast SEO plugin v25.9 - https:\/\/yoast.com\/wordpress\/plugins\/seo\/ -->\n<title>ANSES abonar\u00e1 en marzo la Ayuda Escolar Anual - Noticias Radio Reflejos<\/title>\n<meta name=\"robots\" content=\"index, follow, max-snippet:-1, max-image-preview:large, max-video-preview:-1\" \/>\n<link rel=\"canonical\" href=\"https:\/\/www.noticiasradioreflejos.com.ar\/2021\/anses-abonara-en-marzo-la-ayuda-escolar-anual\/\" \/>\n<meta property=\"og:locale\" content=\"es_ES\" \/>\n<meta property=\"og:type\" content=\"article\" \/>\n<meta property=\"og:title\" content=\"ANSES abonar\u00e1 en marzo la Ayuda Escolar Anual - Noticias Radio Reflejos\" \/>\n<meta property=\"og:description\" content=\"Con el objetivo de acompa\u00f1ar a las familias de todo el pa\u00eds en el inicio del ciclo lectivo 2023, ANSES abona en marzo la Ayuda Escolar Anual para quienes cobran la Asignaci\u00f3n Universal o la Asignaci\u00f3n Familiar por Hija e Hijo.\" \/>\n<meta property=\"og:url\" content=\"https:\/\/www.noticiasradioreflejos.com.ar\/2021\/anses-abonara-en-marzo-la-ayuda-escolar-anual\/\" \/>\n<meta property=\"og:site_name\" content=\"Noticias Radio Reflejos\" \/>\n<meta property=\"article:published_time\" content=\"2023-03-03T17:06:53+00:00\" \/>\n<meta property=\"og:image\" content=\"https:\/\/www.noticiasradioreflejos.com.ar\/2021\/wp-content\/uploads\/2022\/07\/Fachadas-ANSES.jpg\" \/>\n\t<meta property=\"og:image:width\" content=\"1360\" \/>\n\t<meta property=\"og:image:height\" content=\"907\" \/>\n\t<meta property=\"og:image:type\" content=\"image\/jpeg\" \/>\n<meta name=\"author\" content=\"Arnaldo Botto\" \/>\n<meta name=\"twitter:card\" content=\"summary_large_image\" \/>\n<script type=\"application\/ld+json\" class=\"yoast-schema-graph\">{\"@context\":\"https:\/\/schema.org\",\"@graph\":[{\"@type\":\"WebPage\",\"@id\":\"https:\/\/www.noticiasradioreflejos.com.ar\/2021\/anses-abonara-en-marzo-la-ayuda-escolar-anual\/\",\"url\":\"https:\/\/www.noticiasradioreflejos.com.ar\/2021\/anses-abonara-en-marzo-la-ayuda-escolar-anual\/\",\"name\":\"ANSES abonar\u00e1 en marzo la Ayuda Escolar Anual - Noticias Radio Reflejos\",\"isPartOf\":{\"@id\":\"https:\/\/www.noticiasradioreflejos.com.ar\/2021\/#website\"},\"datePublished\":\"2023-03-03T17:06:53+00:00\",\"author\":{\"@id\":\"https:\/\/www.noticiasradioreflejos.com.ar\/2021\/#\/schema\/person\/ad82545263dcc5ec0996818884fd5fb1\"},\"breadcrumb\":{\"@id\":\"https:\/\/www.noticiasradioreflejos.com.ar\/2021\/anses-abonara-en-marzo-la-ayuda-escolar-anual\/#breadcrumb\"},\"inLanguage\":\"es\",\"potentialAction\":[{\"@type\":\"ReadAction\",\"target\":[\"https:\/\/www.noticiasradioreflejos.com.ar\/2021\/anses-abonara-en-marzo-la-ayuda-escolar-anual\/\"]}]},{\"@type\":\"BreadcrumbList\",\"@id\":\"https:\/\/www.noticiasradioreflejos.com.ar\/2021\/anses-abonara-en-marzo-la-ayuda-escolar-anual\/#breadcrumb\",\"itemListElement\":[{\"@type\":\"ListItem\",\"position\":1,\"name\":\"Portada\",\"item\":\"https:\/\/www.noticiasradioreflejos.com.ar\/2021\/\"},{\"@type\":\"ListItem\",\"position\":2,\"name\":\"ANSES abonar\u00e1 en marzo la Ayuda Escolar Anual\"}]},{\"@type\":\"WebSite\",\"@id\":\"https:\/\/www.noticiasradioreflejos.com.ar\/2021\/#website\",\"url\":\"https:\/\/www.noticiasradioreflejos.com.ar\/2021\/\",\"name\":\"Noticias Radio Reflejos\",\"description\":\"Las noticias de mi comarca\",\"potentialAction\":[{\"@type\":\"SearchAction\",\"target\":{\"@type\":\"EntryPoint\",\"urlTemplate\":\"https:\/\/www.noticiasradioreflejos.com.ar\/2021\/?s={search_term_string}\"},\"query-input\":{\"@type\":\"PropertyValueSpecification\",\"valueRequired\":true,\"valueName\":\"search_term_string\"}}],\"inLanguage\":\"es\"},{\"@type\":\"Person\",\"@id\":\"https:\/\/www.noticiasradioreflejos.com.ar\/2021\/#\/schema\/person\/ad82545263dcc5ec0996818884fd5fb1\",\"name\":\"Arnaldo Botto\",\"image\":{\"@type\":\"ImageObject\",\"inLanguage\":\"es\",\"@id\":\"https:\/\/www.noticiasradioreflejos.com.ar\/2021\/#\/schema\/person\/image\/\",\"url\":\"https:\/\/secure.gravatar.com\/avatar\/55cb5e37c1efa326397366e6974cb338056df65cb50e7d64d1cf314e87504837?s=96&d=mm&r=g\",\"contentUrl\":\"https:\/\/secure.gravatar.com\/avatar\/55cb5e37c1efa326397366e6974cb338056df65cb50e7d64d1cf314e87504837?s=96&d=mm&r=g\",\"caption\":\"Arnaldo Botto\"},\"url\":\"https:\/\/www.noticiasradioreflejos.com.ar\/2021\/author\/arnaldo\/\"}]}<\/script>\n<!-- \/ Yoast SEO plugin. -->","yoast_head_json":{"title":"ANSES abonar\u00e1 en marzo la Ayuda Escolar Anual - Noticias Radio Reflejos","robots":{"index":"index","follow":"follow","max-snippet":"max-snippet:-1","max-image-preview":"max-image-preview:large","max-video-preview":"max-video-preview:-1"},"canonical":"https:\/\/www.noticiasradioreflejos.com.ar\/2021\/anses-abonara-en-marzo-la-ayuda-escolar-anual\/","og_locale":"es_ES","og_type":"article","og_title":"ANSES abonar\u00e1 en marzo la Ayuda Escolar Anual - Noticias Radio Reflejos","og_description":"Con el objetivo de acompa\u00f1ar a las familias de todo el pa\u00eds en el inicio del ciclo lectivo 2023, ANSES abona en marzo la Ayuda Escolar Anual para quienes cobran la Asignaci\u00f3n Universal o la Asignaci\u00f3n Familiar por Hija e Hijo.","og_url":"https:\/\/www.noticiasradioreflejos.com.ar\/2021\/anses-abonara-en-marzo-la-ayuda-escolar-anual\/","og_site_name":"Noticias Radio Reflejos","article_published_time":"2023-03-03T17:06:53+00:00","og_image":[{"width":1360,"height":907,"url":"https:\/\/www.noticiasradioreflejos.com.ar\/2021\/wp-content\/uploads\/2022\/07\/Fachadas-ANSES.jpg","type":"image\/jpeg"}],"author":"Arnaldo Botto","twitter_card":"summary_large_image","schema":{"@context":"https:\/\/schema.org","@graph":[{"@type":"WebPage","@id":"https:\/\/www.noticiasradioreflejos.com.ar\/2021\/anses-abonara-en-marzo-la-ayuda-escolar-anual\/","url":"https:\/\/www.noticiasradioreflejos.com.ar\/2021\/anses-abonara-en-marzo-la-ayuda-escolar-anual\/","name":"ANSES abonar\u00e1 en marzo la Ayuda Escolar Anual - Noticias Radio Reflejos","isPartOf":{"@id":"https:\/\/www.noticiasradioreflejos.com.ar\/2021\/#website"},"datePublished":"2023-03-03T17:06:53+00:00","author":{"@id":"https:\/\/www.noticiasradioreflejos.com.ar\/2021\/#\/schema\/person\/ad82545263dcc5ec0996818884fd5fb1"},"breadcrumb":{"@id":"https:\/\/www.noticiasradioreflejos.com.ar\/2021\/anses-abonara-en-marzo-la-ayuda-escolar-anual\/#breadcrumb"},"inLanguage":"es","potentialAction":[{"@type":"ReadAction","target":["https:\/\/www.noticiasradioreflejos.com.ar\/2021\/anses-abonara-en-marzo-la-ayuda-escolar-anual\/"]}]},{"@type":"BreadcrumbList","@id":"https:\/\/www.noticiasradioreflejos.com.ar\/2021\/anses-abonara-en-marzo-la-ayuda-escolar-anual\/#breadcrumb","itemListElement":[{"@type":"ListItem","position":1,"name":"Portada","item":"https:\/\/www.noticiasradioreflejos.com.ar\/2021\/"},{"@type":"ListItem","position":2,"name":"ANSES abonar\u00e1 en marzo la Ayuda Escolar Anual"}]},{"@type":"WebSite","@id":"https:\/\/www.noticiasradioreflejos.com.ar\/2021\/#website","url":"https:\/\/www.noticiasradioreflejos.com.ar\/2021\/","name":"Noticias Radio Reflejos","description":"Las noticias de mi comarca","potentialAction":[{"@type":"SearchAction","target":{"@type":"EntryPoint","urlTemplate":"https:\/\/www.noticiasradioreflejos.com.ar\/2021\/?s={search_term_string}"},"query-input":{"@type":"PropertyValueSpecification","valueRequired":true,"valueName":"search_term_string"}}],"inLanguage":"es"},{"@type":"Person","@id":"https:\/\/www.noticiasradioreflejos.com.ar\/2021\/#\/schema\/person\/ad82545263dcc5ec0996818884fd5fb1","name":"Arnaldo Botto","image":{"@type":"ImageObject","inLanguage":"es","@id":"https:\/\/www.noticiasradioreflejos.com.ar\/2021\/#\/schema\/person\/image\/","url":"https:\/\/secure.gravatar.com\/avatar\/55cb5e37c1efa326397366e6974cb338056df65cb50e7d64d1cf314e87504837?s=96&d=mm&r=g","contentUrl":"https:\/\/secure.gravatar.com\/avatar\/55cb5e37c1efa326397366e6974cb338056df65cb50e7d64d1cf314e87504837?s=96&d=mm&r=g","caption":"Arnaldo Botto"},"url":"https:\/\/www.noticiasradioreflejos.com.ar\/2021\/author\/arnaldo\/"}]}},"_links":{"self":[{"href":"https:\/\/www.noticiasradioreflejos.com.ar\/2021\/wp-json\/wp\/v2\/posts\/84974","targetHints":{"allow":["GET"]}}],"collection":[{"href":"https:\/\/www.noticiasradioreflejos.com.ar\/2021\/wp-json\/wp\/v2\/posts"}],"about":[{"href":"https:\/\/www.noticiasradioreflejos.com.ar\/2021\/wp-json\/wp\/v2\/types\/post"}],"author":[{"embeddable":true,"href":"https:\/\/www.noticiasradioreflejos.com.ar\/2021\/wp-json\/wp\/v2\/users\/3"}],"replies":[{"embeddable":true,"href":"https:\/\/www.noticiasradioreflejos.com.ar\/2021\/wp-json\/wp\/v2\/comments?post=84974"}],"version-history":[{"count":1,"href":"https:\/\/www.noticiasradioreflejos.com.ar\/2021\/wp-json\/wp\/v2\/posts\/84974\/revisions"}],"predecessor-version":[{"id":84976,"href":"https:\/\/www.noticiasradioreflejos.com.ar\/2021\/wp-json\/wp\/v2\/posts\/84974\/revisions\/84976"}],"wp:attachment":[{"href":"https:\/\/www.noticiasradioreflejos.com.ar\/2021\/wp-json\/wp\/v2\/media?parent=84974"}],"wp:term":[{"taxonomy":"category","embeddable":true,"href":"https:\/\/www.noticiasradioreflejos.com.ar\/2021\/wp-json\/wp\/v2\/categories?post=84974"},{"taxonomy":"post_tag","embeddable":true,"href":"https:\/\/www.noticiasradioreflejos.com.ar\/2021\/wp-json\/wp\/v2\/tags?post=84974"}],"curies":[{"name":"wp","href":"https:\/\/api.w.org\/{rel}","templated":true}]}}