{"id":84877,"date":"2023-03-01T19:29:11","date_gmt":"2023-03-01T19:29:11","guid":{"rendered":"https:\/\/www.noticiasradioreflejos.com.ar\/2021\/?p=84877"},"modified":"2023-03-01T19:29:11","modified_gmt":"2023-03-01T19:29:11","slug":"con-un-largo-discurso-y-tensos-cruces-fernandez-pronuncio-su-cuarto-mensaje-de-apertura-de-sesiones","status":"publish","type":"post","link":"https:\/\/www.noticiasradioreflejos.com.ar\/2021\/con-un-largo-discurso-y-tensos-cruces-fernandez-pronuncio-su-cuarto-mensaje-de-apertura-de-sesiones\/","title":{"rendered":"Con un largo discurso y tensos cruces, Fern\u00e1ndez pronunci\u00f3 su cuarto mensaje de apertura de sesiones"},"content":{"rendered":"<p>El presidente Alberto Fern\u00e1ndez dej\u00f3 inaugurado hoy el 141\u00b0 per\u00edodo de sesiones ordinarias del Congreso, el cuarto desde el inicio de su mandato en 2019, con un discurso de casi dos horas, en el que no faltaron cruces con la oposici\u00f3n sobre el final del mensaje, que cosech\u00f3 fuertes respaldos por parte de los legisladores del oficialismo, sobre todo cuando cuestion\u00f3 el accionar de la Corte Suprema de Justicia.<!--more--><\/p>\n<p>\u00abEs un honor que me insulte\u00bb, lleg\u00f3 a expresar ir\u00f3nico el Presidente al diputado macrista Fernando Iglesias, cuando airadamente vociferaba desde su banca contra el primer mandatario.<\/p>\n<p>Y hasta amonest\u00f3 con un \u00abno es para re\u00edrse\u00bb cuando not\u00f3 algunas expresiones presuntamente jocosas al presentar a una mujer que estaba en uno de los palcos, que es madre soltera, v\u00edctima de violencia de g\u00e9nero y consigui\u00f3 trabajo estable.<\/p>\n<p>Fern\u00e1ndez arrib\u00f3 al Parlamento puntualmente a las 11.30 y fue recibido en la explanada del Palacio Legislativo, sobre la avenida Entre R\u00edos, por la vicepresidenta Cristina Fern\u00e1ndez de Kirchner, que lo acompa\u00f1\u00f3 al sal\u00f3n Azul del Senado para la firma del libro de actas, junto a la titular de la C\u00e1mara de Diputados, Cecilia Moreau, y la presidenta provisional del Senado, Claudia Ledesma Abdala.<\/p>\n<p>En las afueras del Congreso se pod\u00edan observar carteles y pasacalles de apoyo al Presidente y a la Vicepresidenta con la leyenda \u00abCristina, La Matanza est\u00e1 con vos\u00bb.<\/p>\n<p>\u00abSin proscripciones, Cristina presidenta\u00bb, dec\u00eda otro de los carteles, en tanto que en la Plaza de los dos Congresos se pod\u00edan ver otros con la leyenda \u00abAlberto 2023\u00bb.<\/p>\n<p>Los primeros en arribar al recinto fueron los diputados de La Libertad Avanza Javier Milei y Victoria Villarruel, que se ubicaron como lo hacen habitualmente en las \u00faltimas bancas del recinto, al lado de los diputados del Frente de Izquierda, que colocaron carteles de \u00abAlberto elegiste a los bancos\u00bb y \u00abTodo el apoyo al paro docente\u00bb.<\/p>\n<p>Al iniciar la ceremonia, Cristina Fern\u00e1ndez, que luci\u00f3 un conjunto de color rosado, presidi\u00f3 la Asamblea, y pidi\u00f3 un aplauso para las mujeres, al hacer referencia a las tres que por primera vez presidieron la sesi\u00f3n, y se ubicaron en el estrado principal, en referencia a ella misma, Moreau y Abdala.<\/p>\n<p>Lo mismo hizo el senador del FDT Jos\u00e9 Mayans, al pedir la palabra antes de la llegada del Presidente. Afirm\u00f3: \u00abPrimero quiero expresar mi alegr\u00eda de verlas a las tres mujeres por primera vez despu\u00e9s del voto femenino\u00bb presidir una Asamblea Legislativa. \u00abPero despu\u00e9s tengan en cuenta el voto masculino para estar nosotros ah\u00ed tambi\u00e9n en el estrado\u00bb, brome\u00f3 el senador por Formosa en su alocuci\u00f3n.<\/p>\n<p>En cuanto a la vestimenta de las mujeres sobresali\u00f3 el color fucsia que eligieron las diputadas Rosana Bertone y Marcela Passo y el cl\u00e1sico vestido negro, mientras que el diputado del FDT Federico Faggioli lleg\u00f3 al recinto con una remera negra con la imagen de Evita.<\/p>\n<p>Frente al estrado se ubicaron en semic\u00edrculo los senadores Guillermo Snopek, recientemente alejado del bloque oficialista, as\u00ed como Adolfo Rodr\u00edguez Sa\u00e1, Oscar Parrilli, Ricardo Guerra, Pablo Yedlin, Mat\u00edas Rodr\u00edguez y Mar\u00eda Eugenia Dur\u00e9, entre otros.<\/p>\n<p>En tanto, en uno de los palcos del primer piso se ubicaron los ex presidentes de la C\u00e1mara de Diputados Eduardo Cama\u00f1o, Juli\u00e1n Dom\u00ednguez y Sergio Massa, actual ministro de Econom\u00eda, que se sent\u00f3 en ese lugar, a diferencia del resto de sus colegas de gabinete nacional, que lo hicieron, como es tradici\u00f3n, en los palcos bandeja al lado del estrado principal.<\/p>\n<p>Durante el discurso del Presidente, los diputados del PRO Cristian Ritondo, presidente de esa bancada, y Fernando Iglesias permanecieron la mayor parte de espaldas al primer mandatario, con sus celulares en la mano, y casi sin prestar atenci\u00f3n al mensaje.<\/p>\n<p>El primer mandatario mencion\u00f3 los casos de nueve personas beneficiadas por pol\u00edticas p\u00fablicas de \u00edndole cient\u00edfico, educativo, laboral, previsional, entre otras.<\/p>\n<p>Esas personas, presentes en el recinto, agradecieron desde los palcos.<\/p>\n<p>\u00abHay otra historia, es la historia de las personas de carne y hueso cuyas vidas han mejorado, cuyos derechos han sido reconocidos. Argentina es sustancialmente mejor que hace tres a\u00f1os\u00bb, resumi\u00f3 Fern\u00e1ndez.<\/p>\n<p>El momento m\u00e1s tenso de la sesi\u00f3n se produjo casi al final del mensaje, cuando Fern\u00e1ndez mencion\u00f3 la situaci\u00f3n de la Ciudad de Buenos Aires, a ra\u00edz del fallo de la Corte Suprema sobre la coparticipaci\u00f3n que benefici\u00f3 al distrito porte\u00f1o y su defensa del proceso de juicio pol\u00edtico a los integrantes del m\u00e1ximo tribunal, que se inici\u00f3 en la C\u00e1mara de Diputados.<\/p>\n<p>El tono enf\u00e1tico, con la voz alzada, recibi\u00f3 aplausos del oficialismo y silbidos de parte de los legisladores opositores, quienes desde sus bancas rechazaban a los gritos ese tramo del discurso.<\/p>\n<p>Tras definirse como \u00aborgullosamente porte\u00f1o\u00bb, Fern\u00e1ndez asegur\u00f3 que \u00abmientras que muchas provincias necesitan realizar obras que permiten asegurar servicios tan esenciales como el agua potable para sus habitantes, la Corte Suprema asegur\u00f3 cautelar a la Ciudad Aut\u00f3noma de Buenos Aires recursos coparticipables que no le corresponden, contrariando la ley de coparticipaci\u00f3n vigente\u00bb.<\/p>\n<p>\u00abBasta de mentir\u00bb, gritaban los opositores desde sus bancas, incluido el propio Fernando Iglesias, a quien el Presidente debi\u00f3 pedir silencio, lo cual mereci\u00f3 airada respuesta del diputado del PRO. Y Fern\u00e1ndez le dijo \u00abun honor que me insulte, Iglesias\u00bb.<\/p>\n<p>En tanto, algunos diputados como Graciela Cama\u00f1o y Alejandro &#8216;Topo\u00bb Rodr\u00edguez, de Identidad Bonaerense, y los socialistas M\u00f3nica Fein y Enrique Est\u00e9vez se retiraron del recinto en rechazo de la menci\u00f3n del Presidente al juicio pol\u00edtico a la Corte Suprema, que se analiza en comisi\u00f3n en la C\u00e1mara baja, a instancias del mandatario junto a una decena de gobernadores.<\/p>\n<p>El tenso momento continu\u00f3 hasta el final del discurso, que debi\u00f3 subir el tono para seguir con su mensaje, por los gritos de los legisladores opositores.<\/p>\n<p>El discurso concluy\u00f3 con un matiz conciliador llamando a los argentinos \u00aba dar vuelta la p\u00e1gina del tremendismo y el des\u00e1nimo, a encarar con coraje los grandes desaf\u00edos de nuestro futuro como pa\u00eds\u00bb.<\/p>\n<p>Asever\u00f3 que \u00abes hora de dejar de lado las mezquindades, las peque\u00f1as rencillas y los narcisismos\u00bb.<\/p>\n<p>Los legisladores del oficialismo festejaron el contenido del mensaje, aplaudiendo de pie al primer mandatario y entonando la marcha peronista.<\/p>\n","protected":false},"excerpt":{"rendered":"<p>El presidente Alberto Fern\u00e1ndez dej\u00f3 inaugurado hoy el 141\u00b0 per\u00edodo de sesiones ordinarias del Congreso, el cuarto desde el inicio de su mandato en 2019, con un discurso de casi dos horas, en el que no faltaron cruces con la oposici\u00f3n sobre el final del mensaje, que cosech\u00f3 fuertes respaldos por parte de los legisladores [&hellip;]<\/p>\n","protected":false},"author":3,"featured_media":0,"comment_status":"closed","ping_status":"closed","sticky":false,"template":"","format":"standard","meta":{"footnotes":""},"categories":[58,24],"tags":[],"class_list":["post-84877","post","type-post","status-publish","format-standard","hentry","category-gobierno","category-politica"],"yoast_head":"<!-- This site is optimized with the Yoast SEO plugin v25.9 - https:\/\/yoast.com\/wordpress\/plugins\/seo\/ -->\n<title>Con un largo discurso y tensos cruces, Fern\u00e1ndez pronunci\u00f3 su cuarto mensaje de apertura de sesiones - Noticias Radio Reflejos<\/title>\n<meta name=\"robots\" content=\"index, follow, max-snippet:-1, max-image-preview:large, max-video-preview:-1\" \/>\n<link rel=\"canonical\" href=\"https:\/\/www.noticiasradioreflejos.com.ar\/2021\/con-un-largo-discurso-y-tensos-cruces-fernandez-pronuncio-su-cuarto-mensaje-de-apertura-de-sesiones\/\" \/>\n<meta property=\"og:locale\" content=\"es_ES\" \/>\n<meta property=\"og:type\" content=\"article\" \/>\n<meta property=\"og:title\" content=\"Con un largo discurso y tensos cruces, Fern\u00e1ndez pronunci\u00f3 su cuarto mensaje de apertura de sesiones - Noticias Radio Reflejos\" \/>\n<meta property=\"og:description\" content=\"El presidente Alberto Fern\u00e1ndez dej\u00f3 inaugurado hoy el 141\u00b0 per\u00edodo de sesiones ordinarias del Congreso, el cuarto desde el inicio de su mandato en 2019, con un discurso de casi dos horas, en el que no faltaron cruces con la oposici\u00f3n sobre el final del mensaje, que cosech\u00f3 fuertes respaldos por parte de los legisladores [&hellip;]\" \/>\n<meta property=\"og:url\" content=\"https:\/\/www.noticiasradioreflejos.com.ar\/2021\/con-un-largo-discurso-y-tensos-cruces-fernandez-pronuncio-su-cuarto-mensaje-de-apertura-de-sesiones\/\" \/>\n<meta property=\"og:site_name\" content=\"Noticias Radio Reflejos\" \/>\n<meta property=\"article:published_time\" content=\"2023-03-01T19:29:11+00:00\" \/>\n<meta property=\"og:image\" content=\"https:\/\/www.noticiasradioreflejos.com.ar\/2021\/wp-content\/uploads\/2021\/07\/logosol300x200.png\" \/>\n\t<meta property=\"og:image:width\" content=\"300\" \/>\n\t<meta property=\"og:image:height\" content=\"200\" \/>\n\t<meta property=\"og:image:type\" content=\"image\/png\" \/>\n<meta name=\"author\" content=\"Arnaldo Botto\" \/>\n<meta name=\"twitter:card\" content=\"summary_large_image\" \/>\n<script type=\"application\/ld+json\" class=\"yoast-schema-graph\">{\"@context\":\"https:\/\/schema.org\",\"@graph\":[{\"@type\":\"WebPage\",\"@id\":\"https:\/\/www.noticiasradioreflejos.com.ar\/2021\/con-un-largo-discurso-y-tensos-cruces-fernandez-pronuncio-su-cuarto-mensaje-de-apertura-de-sesiones\/\",\"url\":\"https:\/\/www.noticiasradioreflejos.com.ar\/2021\/con-un-largo-discurso-y-tensos-cruces-fernandez-pronuncio-su-cuarto-mensaje-de-apertura-de-sesiones\/\",\"name\":\"Con un largo discurso y tensos cruces, Fern\u00e1ndez pronunci\u00f3 su cuarto mensaje de apertura de sesiones - Noticias Radio Reflejos\",\"isPartOf\":{\"@id\":\"https:\/\/www.noticiasradioreflejos.com.ar\/2021\/#website\"},\"datePublished\":\"2023-03-01T19:29:11+00:00\",\"author\":{\"@id\":\"https:\/\/www.noticiasradioreflejos.com.ar\/2021\/#\/schema\/person\/ad82545263dcc5ec0996818884fd5fb1\"},\"breadcrumb\":{\"@id\":\"https:\/\/www.noticiasradioreflejos.com.ar\/2021\/con-un-largo-discurso-y-tensos-cruces-fernandez-pronuncio-su-cuarto-mensaje-de-apertura-de-sesiones\/#breadcrumb\"},\"inLanguage\":\"es\",\"potentialAction\":[{\"@type\":\"ReadAction\",\"target\":[\"https:\/\/www.noticiasradioreflejos.com.ar\/2021\/con-un-largo-discurso-y-tensos-cruces-fernandez-pronuncio-su-cuarto-mensaje-de-apertura-de-sesiones\/\"]}]},{\"@type\":\"BreadcrumbList\",\"@id\":\"https:\/\/www.noticiasradioreflejos.com.ar\/2021\/con-un-largo-discurso-y-tensos-cruces-fernandez-pronuncio-su-cuarto-mensaje-de-apertura-de-sesiones\/#breadcrumb\",\"itemListElement\":[{\"@type\":\"ListItem\",\"position\":1,\"name\":\"Portada\",\"item\":\"https:\/\/www.noticiasradioreflejos.com.ar\/2021\/\"},{\"@type\":\"ListItem\",\"position\":2,\"name\":\"Con un largo discurso y tensos cruces, Fern\u00e1ndez pronunci\u00f3 su cuarto mensaje de apertura de sesiones\"}]},{\"@type\":\"WebSite\",\"@id\":\"https:\/\/www.noticiasradioreflejos.com.ar\/2021\/#website\",\"url\":\"https:\/\/www.noticiasradioreflejos.com.ar\/2021\/\",\"name\":\"Noticias Radio Reflejos\",\"description\":\"Las noticias de mi comarca\",\"potentialAction\":[{\"@type\":\"SearchAction\",\"target\":{\"@type\":\"EntryPoint\",\"urlTemplate\":\"https:\/\/www.noticiasradioreflejos.com.ar\/2021\/?s={search_term_string}\"},\"query-input\":{\"@type\":\"PropertyValueSpecification\",\"valueRequired\":true,\"valueName\":\"search_term_string\"}}],\"inLanguage\":\"es\"},{\"@type\":\"Person\",\"@id\":\"https:\/\/www.noticiasradioreflejos.com.ar\/2021\/#\/schema\/person\/ad82545263dcc5ec0996818884fd5fb1\",\"name\":\"Arnaldo Botto\",\"image\":{\"@type\":\"ImageObject\",\"inLanguage\":\"es\",\"@id\":\"https:\/\/www.noticiasradioreflejos.com.ar\/2021\/#\/schema\/person\/image\/\",\"url\":\"https:\/\/secure.gravatar.com\/avatar\/55cb5e37c1efa326397366e6974cb338056df65cb50e7d64d1cf314e87504837?s=96&d=mm&r=g\",\"contentUrl\":\"https:\/\/secure.gravatar.com\/avatar\/55cb5e37c1efa326397366e6974cb338056df65cb50e7d64d1cf314e87504837?s=96&d=mm&r=g\",\"caption\":\"Arnaldo Botto\"},\"url\":\"https:\/\/www.noticiasradioreflejos.com.ar\/2021\/author\/arnaldo\/\"}]}<\/script>\n<!-- \/ Yoast SEO plugin. -->","yoast_head_json":{"title":"Con un largo discurso y tensos cruces, Fern\u00e1ndez pronunci\u00f3 su cuarto mensaje de apertura de sesiones - Noticias Radio Reflejos","robots":{"index":"index","follow":"follow","max-snippet":"max-snippet:-1","max-image-preview":"max-image-preview:large","max-video-preview":"max-video-preview:-1"},"canonical":"https:\/\/www.noticiasradioreflejos.com.ar\/2021\/con-un-largo-discurso-y-tensos-cruces-fernandez-pronuncio-su-cuarto-mensaje-de-apertura-de-sesiones\/","og_locale":"es_ES","og_type":"article","og_title":"Con un largo discurso y tensos cruces, Fern\u00e1ndez pronunci\u00f3 su cuarto mensaje de apertura de sesiones - Noticias Radio Reflejos","og_description":"El presidente Alberto Fern\u00e1ndez dej\u00f3 inaugurado hoy el 141\u00b0 per\u00edodo de sesiones ordinarias del Congreso, el cuarto desde el inicio de su mandato en 2019, con un discurso de casi dos horas, en el que no faltaron cruces con la oposici\u00f3n sobre el final del mensaje, que cosech\u00f3 fuertes respaldos por parte de los legisladores [&hellip;]","og_url":"https:\/\/www.noticiasradioreflejos.com.ar\/2021\/con-un-largo-discurso-y-tensos-cruces-fernandez-pronuncio-su-cuarto-mensaje-de-apertura-de-sesiones\/","og_site_name":"Noticias Radio Reflejos","article_published_time":"2023-03-01T19:29:11+00:00","og_image":[{"width":300,"height":200,"url":"https:\/\/www.noticiasradioreflejos.com.ar\/2021\/wp-content\/uploads\/2021\/07\/logosol300x200.png","type":"image\/png"}],"author":"Arnaldo Botto","twitter_card":"summary_large_image","schema":{"@context":"https:\/\/schema.org","@graph":[{"@type":"WebPage","@id":"https:\/\/www.noticiasradioreflejos.com.ar\/2021\/con-un-largo-discurso-y-tensos-cruces-fernandez-pronuncio-su-cuarto-mensaje-de-apertura-de-sesiones\/","url":"https:\/\/www.noticiasradioreflejos.com.ar\/2021\/con-un-largo-discurso-y-tensos-cruces-fernandez-pronuncio-su-cuarto-mensaje-de-apertura-de-sesiones\/","name":"Con un largo discurso y tensos cruces, Fern\u00e1ndez pronunci\u00f3 su cuarto mensaje de apertura de sesiones - Noticias Radio Reflejos","isPartOf":{"@id":"https:\/\/www.noticiasradioreflejos.com.ar\/2021\/#website"},"datePublished":"2023-03-01T19:29:11+00:00","author":{"@id":"https:\/\/www.noticiasradioreflejos.com.ar\/2021\/#\/schema\/person\/ad82545263dcc5ec0996818884fd5fb1"},"breadcrumb":{"@id":"https:\/\/www.noticiasradioreflejos.com.ar\/2021\/con-un-largo-discurso-y-tensos-cruces-fernandez-pronuncio-su-cuarto-mensaje-de-apertura-de-sesiones\/#breadcrumb"},"inLanguage":"es","potentialAction":[{"@type":"ReadAction","target":["https:\/\/www.noticiasradioreflejos.com.ar\/2021\/con-un-largo-discurso-y-tensos-cruces-fernandez-pronuncio-su-cuarto-mensaje-de-apertura-de-sesiones\/"]}]},{"@type":"BreadcrumbList","@id":"https:\/\/www.noticiasradioreflejos.com.ar\/2021\/con-un-largo-discurso-y-tensos-cruces-fernandez-pronuncio-su-cuarto-mensaje-de-apertura-de-sesiones\/#breadcrumb","itemListElement":[{"@type":"ListItem","position":1,"name":"Portada","item":"https:\/\/www.noticiasradioreflejos.com.ar\/2021\/"},{"@type":"ListItem","position":2,"name":"Con un largo discurso y tensos cruces, Fern\u00e1ndez pronunci\u00f3 su cuarto mensaje de apertura de sesiones"}]},{"@type":"WebSite","@id":"https:\/\/www.noticiasradioreflejos.com.ar\/2021\/#website","url":"https:\/\/www.noticiasradioreflejos.com.ar\/2021\/","name":"Noticias Radio Reflejos","description":"Las noticias de mi comarca","potentialAction":[{"@type":"SearchAction","target":{"@type":"EntryPoint","urlTemplate":"https:\/\/www.noticiasradioreflejos.com.ar\/2021\/?s={search_term_string}"},"query-input":{"@type":"PropertyValueSpecification","valueRequired":true,"valueName":"search_term_string"}}],"inLanguage":"es"},{"@type":"Person","@id":"https:\/\/www.noticiasradioreflejos.com.ar\/2021\/#\/schema\/person\/ad82545263dcc5ec0996818884fd5fb1","name":"Arnaldo Botto","image":{"@type":"ImageObject","inLanguage":"es","@id":"https:\/\/www.noticiasradioreflejos.com.ar\/2021\/#\/schema\/person\/image\/","url":"https:\/\/secure.gravatar.com\/avatar\/55cb5e37c1efa326397366e6974cb338056df65cb50e7d64d1cf314e87504837?s=96&d=mm&r=g","contentUrl":"https:\/\/secure.gravatar.com\/avatar\/55cb5e37c1efa326397366e6974cb338056df65cb50e7d64d1cf314e87504837?s=96&d=mm&r=g","caption":"Arnaldo Botto"},"url":"https:\/\/www.noticiasradioreflejos.com.ar\/2021\/author\/arnaldo\/"}]}},"_links":{"self":[{"href":"https:\/\/www.noticiasradioreflejos.com.ar\/2021\/wp-json\/wp\/v2\/posts\/84877","targetHints":{"allow":["GET"]}}],"collection":[{"href":"https:\/\/www.noticiasradioreflejos.com.ar\/2021\/wp-json\/wp\/v2\/posts"}],"about":[{"href":"https:\/\/www.noticiasradioreflejos.com.ar\/2021\/wp-json\/wp\/v2\/types\/post"}],"author":[{"embeddable":true,"href":"https:\/\/www.noticiasradioreflejos.com.ar\/2021\/wp-json\/wp\/v2\/users\/3"}],"replies":[{"embeddable":true,"href":"https:\/\/www.noticiasradioreflejos.com.ar\/2021\/wp-json\/wp\/v2\/comments?post=84877"}],"version-history":[{"count":1,"href":"https:\/\/www.noticiasradioreflejos.com.ar\/2021\/wp-json\/wp\/v2\/posts\/84877\/revisions"}],"predecessor-version":[{"id":84879,"href":"https:\/\/www.noticiasradioreflejos.com.ar\/2021\/wp-json\/wp\/v2\/posts\/84877\/revisions\/84879"}],"wp:attachment":[{"href":"https:\/\/www.noticiasradioreflejos.com.ar\/2021\/wp-json\/wp\/v2\/media?parent=84877"}],"wp:term":[{"taxonomy":"category","embeddable":true,"href":"https:\/\/www.noticiasradioreflejos.com.ar\/2021\/wp-json\/wp\/v2\/categories?post=84877"},{"taxonomy":"post_tag","embeddable":true,"href":"https:\/\/www.noticiasradioreflejos.com.ar\/2021\/wp-json\/wp\/v2\/tags?post=84877"}],"curies":[{"name":"wp","href":"https:\/\/api.w.org\/{rel}","templated":true}]}}