{"id":84859,"date":"2023-03-01T16:56:03","date_gmt":"2023-03-01T16:56:03","guid":{"rendered":"https:\/\/www.noticiasradioreflejos.com.ar\/2021\/?p=84859"},"modified":"2023-03-02T19:07:30","modified_gmt":"2023-03-02T19:07:30","slug":"semana-de-la-mujer-charlas-abiertas-a-cargo-de-la-coach-ontologica-lorena-literas","status":"publish","type":"post","link":"https:\/\/www.noticiasradioreflejos.com.ar\/2021\/semana-de-la-mujer-charlas-abiertas-a-cargo-de-la-coach-ontologica-lorena-literas\/","title":{"rendered":"Semana de la Mujer: Charlas abiertas a cargo de la coach ontol\u00f3gica Lorena Literas"},"content":{"rendered":"<p>En el marco de las actividades por el D\u00eda Internacional de la Mujer Trabajadora, la Secretar\u00eda de Salud de Tornquist Municipio brindar\u00e1 dos charlas abiertas a la comunidad a cargo de la coach ontol\u00f3gica Cra. Lorena Lliteras.<!--more--><\/p>\n<p>&#8211; \u2018Del miedo a la confianza\u2019: Viernes 10\/3, 18.30 hs en Biblioteca Popular \u2018Ernesto Tornquist\u2019;<\/p>\n<p>&#8211; \u2018De la culpa que tortura a la culpa que repara\u2019: Viernes 17\/3, 18.30 hs en el Centro Cultural Sierra de la Ventana.<\/p>\n<p>Ambas jornadas son libres y gratuitas.<\/p>\n","protected":false},"excerpt":{"rendered":"<p>En el marco de las actividades por el D\u00eda Internacional de la Mujer Trabajadora, la Secretar\u00eda de Salud de Tornquist Municipio brindar\u00e1 dos charlas abiertas a la comunidad a cargo de la coach ontol\u00f3gica Cra. Lorena Lliteras.<\/p>\n","protected":false},"author":3,"featured_media":0,"comment_status":"closed","ping_status":"closed","sticky":false,"template":"","format":"standard","meta":{"footnotes":""},"categories":[28],"tags":[],"class_list":["post-84859","post","type-post","status-publish","format-standard","hentry","category-municipales"],"yoast_head":"<!-- This site is optimized with the Yoast SEO plugin v25.9 - https:\/\/yoast.com\/wordpress\/plugins\/seo\/ -->\n<title>Semana de la Mujer: Charlas abiertas a cargo de la coach ontol\u00f3gica Lorena Literas - Noticias Radio Reflejos<\/title>\n<meta name=\"robots\" content=\"index, follow, max-snippet:-1, max-image-preview:large, max-video-preview:-1\" \/>\n<link rel=\"canonical\" href=\"https:\/\/www.noticiasradioreflejos.com.ar\/2021\/semana-de-la-mujer-charlas-abiertas-a-cargo-de-la-coach-ontologica-lorena-literas\/\" \/>\n<meta property=\"og:locale\" content=\"es_ES\" \/>\n<meta property=\"og:type\" content=\"article\" \/>\n<meta property=\"og:title\" content=\"Semana de la Mujer: Charlas abiertas a cargo de la coach ontol\u00f3gica Lorena Literas - Noticias Radio Reflejos\" \/>\n<meta property=\"og:description\" content=\"En el marco de las actividades por el D\u00eda Internacional de la Mujer Trabajadora, la Secretar\u00eda de Salud de Tornquist Municipio brindar\u00e1 dos charlas abiertas a la comunidad a cargo de la coach ontol\u00f3gica Cra. Lorena Lliteras.\" \/>\n<meta property=\"og:url\" content=\"https:\/\/www.noticiasradioreflejos.com.ar\/2021\/semana-de-la-mujer-charlas-abiertas-a-cargo-de-la-coach-ontologica-lorena-literas\/\" \/>\n<meta property=\"og:site_name\" content=\"Noticias Radio Reflejos\" \/>\n<meta property=\"article:published_time\" content=\"2023-03-01T16:56:03+00:00\" \/>\n<meta property=\"article:modified_time\" content=\"2023-03-02T19:07:30+00:00\" \/>\n<meta property=\"og:image\" content=\"https:\/\/www.noticiasradioreflejos.com.ar\/2021\/wp-content\/uploads\/2021\/07\/logosol300x200.png\" \/>\n\t<meta property=\"og:image:width\" content=\"300\" \/>\n\t<meta property=\"og:image:height\" content=\"200\" \/>\n\t<meta property=\"og:image:type\" content=\"image\/png\" \/>\n<meta name=\"author\" content=\"Arnaldo Botto\" \/>\n<meta name=\"twitter:card\" content=\"summary_large_image\" \/>\n<script type=\"application\/ld+json\" class=\"yoast-schema-graph\">{\"@context\":\"https:\/\/schema.org\",\"@graph\":[{\"@type\":\"WebPage\",\"@id\":\"https:\/\/www.noticiasradioreflejos.com.ar\/2021\/semana-de-la-mujer-charlas-abiertas-a-cargo-de-la-coach-ontologica-lorena-literas\/\",\"url\":\"https:\/\/www.noticiasradioreflejos.com.ar\/2021\/semana-de-la-mujer-charlas-abiertas-a-cargo-de-la-coach-ontologica-lorena-literas\/\",\"name\":\"Semana de la Mujer: Charlas abiertas a cargo de la coach ontol\u00f3gica Lorena Literas - Noticias Radio Reflejos\",\"isPartOf\":{\"@id\":\"https:\/\/www.noticiasradioreflejos.com.ar\/2021\/#website\"},\"datePublished\":\"2023-03-01T16:56:03+00:00\",\"dateModified\":\"2023-03-02T19:07:30+00:00\",\"author\":{\"@id\":\"https:\/\/www.noticiasradioreflejos.com.ar\/2021\/#\/schema\/person\/ad82545263dcc5ec0996818884fd5fb1\"},\"breadcrumb\":{\"@id\":\"https:\/\/www.noticiasradioreflejos.com.ar\/2021\/semana-de-la-mujer-charlas-abiertas-a-cargo-de-la-coach-ontologica-lorena-literas\/#breadcrumb\"},\"inLanguage\":\"es\",\"potentialAction\":[{\"@type\":\"ReadAction\",\"target\":[\"https:\/\/www.noticiasradioreflejos.com.ar\/2021\/semana-de-la-mujer-charlas-abiertas-a-cargo-de-la-coach-ontologica-lorena-literas\/\"]}]},{\"@type\":\"BreadcrumbList\",\"@id\":\"https:\/\/www.noticiasradioreflejos.com.ar\/2021\/semana-de-la-mujer-charlas-abiertas-a-cargo-de-la-coach-ontologica-lorena-literas\/#breadcrumb\",\"itemListElement\":[{\"@type\":\"ListItem\",\"position\":1,\"name\":\"Portada\",\"item\":\"https:\/\/www.noticiasradioreflejos.com.ar\/2021\/\"},{\"@type\":\"ListItem\",\"position\":2,\"name\":\"Semana de la Mujer: Charlas abiertas a cargo de la coach ontol\u00f3gica Lorena Literas\"}]},{\"@type\":\"WebSite\",\"@id\":\"https:\/\/www.noticiasradioreflejos.com.ar\/2021\/#website\",\"url\":\"https:\/\/www.noticiasradioreflejos.com.ar\/2021\/\",\"name\":\"Noticias Radio Reflejos\",\"description\":\"Las noticias de mi comarca\",\"potentialAction\":[{\"@type\":\"SearchAction\",\"target\":{\"@type\":\"EntryPoint\",\"urlTemplate\":\"https:\/\/www.noticiasradioreflejos.com.ar\/2021\/?s={search_term_string}\"},\"query-input\":{\"@type\":\"PropertyValueSpecification\",\"valueRequired\":true,\"valueName\":\"search_term_string\"}}],\"inLanguage\":\"es\"},{\"@type\":\"Person\",\"@id\":\"https:\/\/www.noticiasradioreflejos.com.ar\/2021\/#\/schema\/person\/ad82545263dcc5ec0996818884fd5fb1\",\"name\":\"Arnaldo Botto\",\"image\":{\"@type\":\"ImageObject\",\"inLanguage\":\"es\",\"@id\":\"https:\/\/www.noticiasradioreflejos.com.ar\/2021\/#\/schema\/person\/image\/\",\"url\":\"https:\/\/secure.gravatar.com\/avatar\/55cb5e37c1efa326397366e6974cb338056df65cb50e7d64d1cf314e87504837?s=96&d=mm&r=g\",\"contentUrl\":\"https:\/\/secure.gravatar.com\/avatar\/55cb5e37c1efa326397366e6974cb338056df65cb50e7d64d1cf314e87504837?s=96&d=mm&r=g\",\"caption\":\"Arnaldo Botto\"},\"url\":\"https:\/\/www.noticiasradioreflejos.com.ar\/2021\/author\/arnaldo\/\"}]}<\/script>\n<!-- \/ Yoast SEO plugin. -->","yoast_head_json":{"title":"Semana de la Mujer: Charlas abiertas a cargo de la coach ontol\u00f3gica Lorena Literas - Noticias Radio Reflejos","robots":{"index":"index","follow":"follow","max-snippet":"max-snippet:-1","max-image-preview":"max-image-preview:large","max-video-preview":"max-video-preview:-1"},"canonical":"https:\/\/www.noticiasradioreflejos.com.ar\/2021\/semana-de-la-mujer-charlas-abiertas-a-cargo-de-la-coach-ontologica-lorena-literas\/","og_locale":"es_ES","og_type":"article","og_title":"Semana de la Mujer: Charlas abiertas a cargo de la coach ontol\u00f3gica Lorena Literas - Noticias Radio Reflejos","og_description":"En el marco de las actividades por el D\u00eda Internacional de la Mujer Trabajadora, la Secretar\u00eda de Salud de Tornquist Municipio brindar\u00e1 dos charlas abiertas a la comunidad a cargo de la coach ontol\u00f3gica Cra. Lorena Lliteras.","og_url":"https:\/\/www.noticiasradioreflejos.com.ar\/2021\/semana-de-la-mujer-charlas-abiertas-a-cargo-de-la-coach-ontologica-lorena-literas\/","og_site_name":"Noticias Radio Reflejos","article_published_time":"2023-03-01T16:56:03+00:00","article_modified_time":"2023-03-02T19:07:30+00:00","og_image":[{"width":300,"height":200,"url":"https:\/\/www.noticiasradioreflejos.com.ar\/2021\/wp-content\/uploads\/2021\/07\/logosol300x200.png","type":"image\/png"}],"author":"Arnaldo Botto","twitter_card":"summary_large_image","schema":{"@context":"https:\/\/schema.org","@graph":[{"@type":"WebPage","@id":"https:\/\/www.noticiasradioreflejos.com.ar\/2021\/semana-de-la-mujer-charlas-abiertas-a-cargo-de-la-coach-ontologica-lorena-literas\/","url":"https:\/\/www.noticiasradioreflejos.com.ar\/2021\/semana-de-la-mujer-charlas-abiertas-a-cargo-de-la-coach-ontologica-lorena-literas\/","name":"Semana de la Mujer: Charlas abiertas a cargo de la coach ontol\u00f3gica Lorena Literas - Noticias Radio Reflejos","isPartOf":{"@id":"https:\/\/www.noticiasradioreflejos.com.ar\/2021\/#website"},"datePublished":"2023-03-01T16:56:03+00:00","dateModified":"2023-03-02T19:07:30+00:00","author":{"@id":"https:\/\/www.noticiasradioreflejos.com.ar\/2021\/#\/schema\/person\/ad82545263dcc5ec0996818884fd5fb1"},"breadcrumb":{"@id":"https:\/\/www.noticiasradioreflejos.com.ar\/2021\/semana-de-la-mujer-charlas-abiertas-a-cargo-de-la-coach-ontologica-lorena-literas\/#breadcrumb"},"inLanguage":"es","potentialAction":[{"@type":"ReadAction","target":["https:\/\/www.noticiasradioreflejos.com.ar\/2021\/semana-de-la-mujer-charlas-abiertas-a-cargo-de-la-coach-ontologica-lorena-literas\/"]}]},{"@type":"BreadcrumbList","@id":"https:\/\/www.noticiasradioreflejos.com.ar\/2021\/semana-de-la-mujer-charlas-abiertas-a-cargo-de-la-coach-ontologica-lorena-literas\/#breadcrumb","itemListElement":[{"@type":"ListItem","position":1,"name":"Portada","item":"https:\/\/www.noticiasradioreflejos.com.ar\/2021\/"},{"@type":"ListItem","position":2,"name":"Semana de la Mujer: Charlas abiertas a cargo de la coach ontol\u00f3gica Lorena Literas"}]},{"@type":"WebSite","@id":"https:\/\/www.noticiasradioreflejos.com.ar\/2021\/#website","url":"https:\/\/www.noticiasradioreflejos.com.ar\/2021\/","name":"Noticias Radio Reflejos","description":"Las noticias de mi comarca","potentialAction":[{"@type":"SearchAction","target":{"@type":"EntryPoint","urlTemplate":"https:\/\/www.noticiasradioreflejos.com.ar\/2021\/?s={search_term_string}"},"query-input":{"@type":"PropertyValueSpecification","valueRequired":true,"valueName":"search_term_string"}}],"inLanguage":"es"},{"@type":"Person","@id":"https:\/\/www.noticiasradioreflejos.com.ar\/2021\/#\/schema\/person\/ad82545263dcc5ec0996818884fd5fb1","name":"Arnaldo Botto","image":{"@type":"ImageObject","inLanguage":"es","@id":"https:\/\/www.noticiasradioreflejos.com.ar\/2021\/#\/schema\/person\/image\/","url":"https:\/\/secure.gravatar.com\/avatar\/55cb5e37c1efa326397366e6974cb338056df65cb50e7d64d1cf314e87504837?s=96&d=mm&r=g","contentUrl":"https:\/\/secure.gravatar.com\/avatar\/55cb5e37c1efa326397366e6974cb338056df65cb50e7d64d1cf314e87504837?s=96&d=mm&r=g","caption":"Arnaldo Botto"},"url":"https:\/\/www.noticiasradioreflejos.com.ar\/2021\/author\/arnaldo\/"}]}},"_links":{"self":[{"href":"https:\/\/www.noticiasradioreflejos.com.ar\/2021\/wp-json\/wp\/v2\/posts\/84859","targetHints":{"allow":["GET"]}}],"collection":[{"href":"https:\/\/www.noticiasradioreflejos.com.ar\/2021\/wp-json\/wp\/v2\/posts"}],"about":[{"href":"https:\/\/www.noticiasradioreflejos.com.ar\/2021\/wp-json\/wp\/v2\/types\/post"}],"author":[{"embeddable":true,"href":"https:\/\/www.noticiasradioreflejos.com.ar\/2021\/wp-json\/wp\/v2\/users\/3"}],"replies":[{"embeddable":true,"href":"https:\/\/www.noticiasradioreflejos.com.ar\/2021\/wp-json\/wp\/v2\/comments?post=84859"}],"version-history":[{"count":3,"href":"https:\/\/www.noticiasradioreflejos.com.ar\/2021\/wp-json\/wp\/v2\/posts\/84859\/revisions"}],"predecessor-version":[{"id":84926,"href":"https:\/\/www.noticiasradioreflejos.com.ar\/2021\/wp-json\/wp\/v2\/posts\/84859\/revisions\/84926"}],"wp:attachment":[{"href":"https:\/\/www.noticiasradioreflejos.com.ar\/2021\/wp-json\/wp\/v2\/media?parent=84859"}],"wp:term":[{"taxonomy":"category","embeddable":true,"href":"https:\/\/www.noticiasradioreflejos.com.ar\/2021\/wp-json\/wp\/v2\/categories?post=84859"},{"taxonomy":"post_tag","embeddable":true,"href":"https:\/\/www.noticiasradioreflejos.com.ar\/2021\/wp-json\/wp\/v2\/tags?post=84859"}],"curies":[{"name":"wp","href":"https:\/\/api.w.org\/{rel}","templated":true}]}}