{"id":84851,"date":"2023-03-01T17:07:46","date_gmt":"2023-03-01T17:07:46","guid":{"rendered":"https:\/\/www.noticiasradioreflejos.com.ar\/2021\/?p=84851"},"modified":"2023-03-01T17:07:46","modified_gmt":"2023-03-01T17:07:46","slug":"vialidad-provincial-soluciono-el-desastre-dejado-por-un-aerogenerador-en-la-76","status":"publish","type":"post","link":"https:\/\/www.noticiasradioreflejos.com.ar\/2021\/vialidad-provincial-soluciono-el-desastre-dejado-por-un-aerogenerador-en-la-76\/","title":{"rendered":"Vialidad Provincial solucion\u00f3 el desastre dejado por un aerogenerador en la 76"},"content":{"rendered":"<p>Personal de la dependencia estatal se ocup\u00f3 esta ma\u00f1ana de la enorme negligencia cometida por quienes transportaron una torre de energ\u00eda renovable, los cuales tras deteriorar severamente la ruta no avisaron a las autoridades. Se utilizaron 12 toneladas de material fr\u00edo.<!--more--><\/p>\n<p><a title=\"bacheo 76 (6)\" href=\"https:\/\/www.flickr.com\/photos\/182279889@N02\/52719604956\/in\/dateposted-public\/\" data-flickr-embed=\"true\"><img loading=\"lazy\" decoding=\"async\" src=\"https:\/\/live.staticflickr.com\/65535\/52719604956_f84a284730_c.jpg\" alt=\"bacheo 76 (6)\" width=\"800\" height=\"600\" \/><\/a><script async src=\"\/\/embedr.flickr.com\/assets\/client-code.js\" charset=\"utf-8\"><\/script><\/p>\n<p>La negligencia y desidia por el bien p\u00fablico que termin\u00f3 con un cr\u00e1ter en medio de la ruta 76 fue remendada esta ma\u00f1ana por Vialidad Provincial, la cual se ocup\u00f3 de acondicionar todo el sector y de esa manera evitar cualquier fatalidad.<\/p>\n<p>Vale recordar que el \u00faltimo fin de semana, un cami\u00f3n que transportaba una columna de aerogenerador perdi\u00f3 la carga en medio del asfalto, generando una rotura de considerables dimensiones. Afortunadamente esa primera acci\u00f3n no gener\u00f3 heridos.<\/p>\n<p><a title=\"bacheo 76 (4)\" href=\"https:\/\/www.flickr.com\/photos\/182279889@N02\/52719870954\/in\/dateposted-public\/\" data-flickr-embed=\"true\"><img loading=\"lazy\" decoding=\"async\" src=\"https:\/\/live.staticflickr.com\/65535\/52719870954_7cceaa19f1_c.jpg\" alt=\"bacheo 76 (4)\" width=\"800\" height=\"600\" \/><\/a><script async src=\"\/\/embedr.flickr.com\/assets\/client-code.js\" charset=\"utf-8\"><\/script><\/p>\n<p>Sin embargo, y en una total muestra de desinter\u00e9s, ninguno de los involucrados dio aviso a las dependencias pertinentes, las cuales se terminaron anoticiando por el reclamo de ocasionales transe\u00fantes que pasaron por all\u00ed.<\/p>\n<p>El intendente Sergio Bordoni se ocup\u00f3 personalmente de\u00a0 hacer gestiones con Vialidad Provincial, la cual informada de lo ocurrido no perdi\u00f3 tiempo para ponerse manos a la obra.<\/p>\n<p>Seg\u00fan pudo saber esta redacci\u00f3n, en la ma\u00f1ana de hoy los trabajos fueron desde el puente, pasando por el cr\u00e1ter y de all\u00ed casi dos kil\u00f3metros m\u00e1s adelante, utilizando un total de 12 toneladas de bacheo en fr\u00edo.<\/p>\n<p><a title=\"bacheo 76 (5)\" href=\"https:\/\/www.flickr.com\/photos\/182279889@N02\/52720093218\/in\/dateposted-public\/\" data-flickr-embed=\"true\"><img loading=\"lazy\" decoding=\"async\" src=\"https:\/\/live.staticflickr.com\/65535\/52720093218_7cc6e97d5a_c.jpg\" alt=\"bacheo 76 (5)\" width=\"800\" height=\"534\" \/><\/a><script async src=\"\/\/embedr.flickr.com\/assets\/client-code.js\" charset=\"utf-8\"><\/script><\/p>\n","protected":false},"excerpt":{"rendered":"<p>Personal de la dependencia estatal se ocup\u00f3 esta ma\u00f1ana de la enorme negligencia cometida por quienes transportaron una torre de energ\u00eda renovable, los cuales tras deteriorar severamente la ruta no avisaron a las autoridades. Se utilizaron 12 toneladas de material fr\u00edo.<\/p>\n","protected":false},"author":3,"featured_media":0,"comment_status":"closed","ping_status":"closed","sticky":false,"template":"","format":"standard","meta":{"footnotes":""},"categories":[24,26],"tags":[48],"class_list":["post-84851","post","type-post","status-publish","format-standard","hentry","category-politica","category-sociedad","tag-destacada"],"yoast_head":"<!-- This site is optimized with the Yoast SEO plugin v25.9 - https:\/\/yoast.com\/wordpress\/plugins\/seo\/ -->\n<title>Vialidad Provincial solucion\u00f3 el desastre dejado por un aerogenerador en la 76 - Noticias Radio Reflejos<\/title>\n<meta name=\"robots\" content=\"index, follow, max-snippet:-1, max-image-preview:large, max-video-preview:-1\" \/>\n<link rel=\"canonical\" href=\"https:\/\/www.noticiasradioreflejos.com.ar\/2021\/vialidad-provincial-soluciono-el-desastre-dejado-por-un-aerogenerador-en-la-76\/\" \/>\n<meta property=\"og:locale\" content=\"es_ES\" \/>\n<meta property=\"og:type\" content=\"article\" \/>\n<meta property=\"og:title\" content=\"Vialidad Provincial solucion\u00f3 el desastre dejado por un aerogenerador en la 76 - Noticias Radio Reflejos\" \/>\n<meta property=\"og:description\" content=\"Personal de la dependencia estatal se ocup\u00f3 esta ma\u00f1ana de la enorme negligencia cometida por quienes transportaron una torre de energ\u00eda renovable, los cuales tras deteriorar severamente la ruta no avisaron a las autoridades. Se utilizaron 12 toneladas de material fr\u00edo.\" \/>\n<meta property=\"og:url\" content=\"https:\/\/www.noticiasradioreflejos.com.ar\/2021\/vialidad-provincial-soluciono-el-desastre-dejado-por-un-aerogenerador-en-la-76\/\" \/>\n<meta property=\"og:site_name\" content=\"Noticias Radio Reflejos\" \/>\n<meta property=\"article:published_time\" content=\"2023-03-01T17:07:46+00:00\" \/>\n<meta property=\"og:image\" content=\"https:\/\/live.staticflickr.com\/65535\/52719604956_f84a284730_c.jpg\" \/>\n<meta name=\"author\" content=\"Arnaldo Botto\" \/>\n<meta name=\"twitter:card\" content=\"summary_large_image\" \/>\n<script type=\"application\/ld+json\" class=\"yoast-schema-graph\">{\"@context\":\"https:\/\/schema.org\",\"@graph\":[{\"@type\":\"WebPage\",\"@id\":\"https:\/\/www.noticiasradioreflejos.com.ar\/2021\/vialidad-provincial-soluciono-el-desastre-dejado-por-un-aerogenerador-en-la-76\/\",\"url\":\"https:\/\/www.noticiasradioreflejos.com.ar\/2021\/vialidad-provincial-soluciono-el-desastre-dejado-por-un-aerogenerador-en-la-76\/\",\"name\":\"Vialidad Provincial solucion\u00f3 el desastre dejado por un aerogenerador en la 76 - Noticias Radio Reflejos\",\"isPartOf\":{\"@id\":\"https:\/\/www.noticiasradioreflejos.com.ar\/2021\/#website\"},\"primaryImageOfPage\":{\"@id\":\"https:\/\/www.noticiasradioreflejos.com.ar\/2021\/vialidad-provincial-soluciono-el-desastre-dejado-por-un-aerogenerador-en-la-76\/#primaryimage\"},\"image\":{\"@id\":\"https:\/\/www.noticiasradioreflejos.com.ar\/2021\/vialidad-provincial-soluciono-el-desastre-dejado-por-un-aerogenerador-en-la-76\/#primaryimage\"},\"thumbnailUrl\":\"https:\/\/live.staticflickr.com\/65535\/52719604956_f84a284730_c.jpg\",\"datePublished\":\"2023-03-01T17:07:46+00:00\",\"author\":{\"@id\":\"https:\/\/www.noticiasradioreflejos.com.ar\/2021\/#\/schema\/person\/ad82545263dcc5ec0996818884fd5fb1\"},\"breadcrumb\":{\"@id\":\"https:\/\/www.noticiasradioreflejos.com.ar\/2021\/vialidad-provincial-soluciono-el-desastre-dejado-por-un-aerogenerador-en-la-76\/#breadcrumb\"},\"inLanguage\":\"es\",\"potentialAction\":[{\"@type\":\"ReadAction\",\"target\":[\"https:\/\/www.noticiasradioreflejos.com.ar\/2021\/vialidad-provincial-soluciono-el-desastre-dejado-por-un-aerogenerador-en-la-76\/\"]}]},{\"@type\":\"ImageObject\",\"inLanguage\":\"es\",\"@id\":\"https:\/\/www.noticiasradioreflejos.com.ar\/2021\/vialidad-provincial-soluciono-el-desastre-dejado-por-un-aerogenerador-en-la-76\/#primaryimage\",\"url\":\"https:\/\/live.staticflickr.com\/65535\/52719604956_f84a284730_c.jpg\",\"contentUrl\":\"https:\/\/live.staticflickr.com\/65535\/52719604956_f84a284730_c.jpg\"},{\"@type\":\"BreadcrumbList\",\"@id\":\"https:\/\/www.noticiasradioreflejos.com.ar\/2021\/vialidad-provincial-soluciono-el-desastre-dejado-por-un-aerogenerador-en-la-76\/#breadcrumb\",\"itemListElement\":[{\"@type\":\"ListItem\",\"position\":1,\"name\":\"Portada\",\"item\":\"https:\/\/www.noticiasradioreflejos.com.ar\/2021\/\"},{\"@type\":\"ListItem\",\"position\":2,\"name\":\"Vialidad Provincial solucion\u00f3 el desastre dejado por un aerogenerador en la 76\"}]},{\"@type\":\"WebSite\",\"@id\":\"https:\/\/www.noticiasradioreflejos.com.ar\/2021\/#website\",\"url\":\"https:\/\/www.noticiasradioreflejos.com.ar\/2021\/\",\"name\":\"Noticias Radio Reflejos\",\"description\":\"Las noticias de mi comarca\",\"potentialAction\":[{\"@type\":\"SearchAction\",\"target\":{\"@type\":\"EntryPoint\",\"urlTemplate\":\"https:\/\/www.noticiasradioreflejos.com.ar\/2021\/?s={search_term_string}\"},\"query-input\":{\"@type\":\"PropertyValueSpecification\",\"valueRequired\":true,\"valueName\":\"search_term_string\"}}],\"inLanguage\":\"es\"},{\"@type\":\"Person\",\"@id\":\"https:\/\/www.noticiasradioreflejos.com.ar\/2021\/#\/schema\/person\/ad82545263dcc5ec0996818884fd5fb1\",\"name\":\"Arnaldo Botto\",\"image\":{\"@type\":\"ImageObject\",\"inLanguage\":\"es\",\"@id\":\"https:\/\/www.noticiasradioreflejos.com.ar\/2021\/#\/schema\/person\/image\/\",\"url\":\"https:\/\/secure.gravatar.com\/avatar\/55cb5e37c1efa326397366e6974cb338056df65cb50e7d64d1cf314e87504837?s=96&d=mm&r=g\",\"contentUrl\":\"https:\/\/secure.gravatar.com\/avatar\/55cb5e37c1efa326397366e6974cb338056df65cb50e7d64d1cf314e87504837?s=96&d=mm&r=g\",\"caption\":\"Arnaldo Botto\"},\"url\":\"https:\/\/www.noticiasradioreflejos.com.ar\/2021\/author\/arnaldo\/\"}]}<\/script>\n<!-- \/ Yoast SEO plugin. -->","yoast_head_json":{"title":"Vialidad Provincial solucion\u00f3 el desastre dejado por un aerogenerador en la 76 - Noticias Radio Reflejos","robots":{"index":"index","follow":"follow","max-snippet":"max-snippet:-1","max-image-preview":"max-image-preview:large","max-video-preview":"max-video-preview:-1"},"canonical":"https:\/\/www.noticiasradioreflejos.com.ar\/2021\/vialidad-provincial-soluciono-el-desastre-dejado-por-un-aerogenerador-en-la-76\/","og_locale":"es_ES","og_type":"article","og_title":"Vialidad Provincial solucion\u00f3 el desastre dejado por un aerogenerador en la 76 - Noticias Radio Reflejos","og_description":"Personal de la dependencia estatal se ocup\u00f3 esta ma\u00f1ana de la enorme negligencia cometida por quienes transportaron una torre de energ\u00eda renovable, los cuales tras deteriorar severamente la ruta no avisaron a las autoridades. Se utilizaron 12 toneladas de material fr\u00edo.","og_url":"https:\/\/www.noticiasradioreflejos.com.ar\/2021\/vialidad-provincial-soluciono-el-desastre-dejado-por-un-aerogenerador-en-la-76\/","og_site_name":"Noticias Radio Reflejos","article_published_time":"2023-03-01T17:07:46+00:00","og_image":[{"url":"https:\/\/live.staticflickr.com\/65535\/52719604956_f84a284730_c.jpg","type":"","width":"","height":""}],"author":"Arnaldo Botto","twitter_card":"summary_large_image","schema":{"@context":"https:\/\/schema.org","@graph":[{"@type":"WebPage","@id":"https:\/\/www.noticiasradioreflejos.com.ar\/2021\/vialidad-provincial-soluciono-el-desastre-dejado-por-un-aerogenerador-en-la-76\/","url":"https:\/\/www.noticiasradioreflejos.com.ar\/2021\/vialidad-provincial-soluciono-el-desastre-dejado-por-un-aerogenerador-en-la-76\/","name":"Vialidad Provincial solucion\u00f3 el desastre dejado por un aerogenerador en la 76 - Noticias Radio Reflejos","isPartOf":{"@id":"https:\/\/www.noticiasradioreflejos.com.ar\/2021\/#website"},"primaryImageOfPage":{"@id":"https:\/\/www.noticiasradioreflejos.com.ar\/2021\/vialidad-provincial-soluciono-el-desastre-dejado-por-un-aerogenerador-en-la-76\/#primaryimage"},"image":{"@id":"https:\/\/www.noticiasradioreflejos.com.ar\/2021\/vialidad-provincial-soluciono-el-desastre-dejado-por-un-aerogenerador-en-la-76\/#primaryimage"},"thumbnailUrl":"https:\/\/live.staticflickr.com\/65535\/52719604956_f84a284730_c.jpg","datePublished":"2023-03-01T17:07:46+00:00","author":{"@id":"https:\/\/www.noticiasradioreflejos.com.ar\/2021\/#\/schema\/person\/ad82545263dcc5ec0996818884fd5fb1"},"breadcrumb":{"@id":"https:\/\/www.noticiasradioreflejos.com.ar\/2021\/vialidad-provincial-soluciono-el-desastre-dejado-por-un-aerogenerador-en-la-76\/#breadcrumb"},"inLanguage":"es","potentialAction":[{"@type":"ReadAction","target":["https:\/\/www.noticiasradioreflejos.com.ar\/2021\/vialidad-provincial-soluciono-el-desastre-dejado-por-un-aerogenerador-en-la-76\/"]}]},{"@type":"ImageObject","inLanguage":"es","@id":"https:\/\/www.noticiasradioreflejos.com.ar\/2021\/vialidad-provincial-soluciono-el-desastre-dejado-por-un-aerogenerador-en-la-76\/#primaryimage","url":"https:\/\/live.staticflickr.com\/65535\/52719604956_f84a284730_c.jpg","contentUrl":"https:\/\/live.staticflickr.com\/65535\/52719604956_f84a284730_c.jpg"},{"@type":"BreadcrumbList","@id":"https:\/\/www.noticiasradioreflejos.com.ar\/2021\/vialidad-provincial-soluciono-el-desastre-dejado-por-un-aerogenerador-en-la-76\/#breadcrumb","itemListElement":[{"@type":"ListItem","position":1,"name":"Portada","item":"https:\/\/www.noticiasradioreflejos.com.ar\/2021\/"},{"@type":"ListItem","position":2,"name":"Vialidad Provincial solucion\u00f3 el desastre dejado por un aerogenerador en la 76"}]},{"@type":"WebSite","@id":"https:\/\/www.noticiasradioreflejos.com.ar\/2021\/#website","url":"https:\/\/www.noticiasradioreflejos.com.ar\/2021\/","name":"Noticias Radio Reflejos","description":"Las noticias de mi comarca","potentialAction":[{"@type":"SearchAction","target":{"@type":"EntryPoint","urlTemplate":"https:\/\/www.noticiasradioreflejos.com.ar\/2021\/?s={search_term_string}"},"query-input":{"@type":"PropertyValueSpecification","valueRequired":true,"valueName":"search_term_string"}}],"inLanguage":"es"},{"@type":"Person","@id":"https:\/\/www.noticiasradioreflejos.com.ar\/2021\/#\/schema\/person\/ad82545263dcc5ec0996818884fd5fb1","name":"Arnaldo Botto","image":{"@type":"ImageObject","inLanguage":"es","@id":"https:\/\/www.noticiasradioreflejos.com.ar\/2021\/#\/schema\/person\/image\/","url":"https:\/\/secure.gravatar.com\/avatar\/55cb5e37c1efa326397366e6974cb338056df65cb50e7d64d1cf314e87504837?s=96&d=mm&r=g","contentUrl":"https:\/\/secure.gravatar.com\/avatar\/55cb5e37c1efa326397366e6974cb338056df65cb50e7d64d1cf314e87504837?s=96&d=mm&r=g","caption":"Arnaldo Botto"},"url":"https:\/\/www.noticiasradioreflejos.com.ar\/2021\/author\/arnaldo\/"}]}},"_links":{"self":[{"href":"https:\/\/www.noticiasradioreflejos.com.ar\/2021\/wp-json\/wp\/v2\/posts\/84851","targetHints":{"allow":["GET"]}}],"collection":[{"href":"https:\/\/www.noticiasradioreflejos.com.ar\/2021\/wp-json\/wp\/v2\/posts"}],"about":[{"href":"https:\/\/www.noticiasradioreflejos.com.ar\/2021\/wp-json\/wp\/v2\/types\/post"}],"author":[{"embeddable":true,"href":"https:\/\/www.noticiasradioreflejos.com.ar\/2021\/wp-json\/wp\/v2\/users\/3"}],"replies":[{"embeddable":true,"href":"https:\/\/www.noticiasradioreflejos.com.ar\/2021\/wp-json\/wp\/v2\/comments?post=84851"}],"version-history":[{"count":2,"href":"https:\/\/www.noticiasradioreflejos.com.ar\/2021\/wp-json\/wp\/v2\/posts\/84851\/revisions"}],"predecessor-version":[{"id":84863,"href":"https:\/\/www.noticiasradioreflejos.com.ar\/2021\/wp-json\/wp\/v2\/posts\/84851\/revisions\/84863"}],"wp:attachment":[{"href":"https:\/\/www.noticiasradioreflejos.com.ar\/2021\/wp-json\/wp\/v2\/media?parent=84851"}],"wp:term":[{"taxonomy":"category","embeddable":true,"href":"https:\/\/www.noticiasradioreflejos.com.ar\/2021\/wp-json\/wp\/v2\/categories?post=84851"},{"taxonomy":"post_tag","embeddable":true,"href":"https:\/\/www.noticiasradioreflejos.com.ar\/2021\/wp-json\/wp\/v2\/tags?post=84851"}],"curies":[{"name":"wp","href":"https:\/\/api.w.org\/{rel}","templated":true}]}}