{"id":84848,"date":"2023-03-01T17:12:42","date_gmt":"2023-03-01T17:12:42","guid":{"rendered":"https:\/\/www.noticiasradioreflejos.com.ar\/2021\/?p=84848"},"modified":"2023-03-01T17:12:42","modified_gmt":"2023-03-01T17:12:42","slug":"paula-goldin-las-propiedades-con-falta-de-papeles-tienen-solucion","status":"publish","type":"post","link":"https:\/\/www.noticiasradioreflejos.com.ar\/2021\/paula-goldin-las-propiedades-con-falta-de-papeles-tienen-solucion\/","title":{"rendered":"Paula Goldin: \u201cLas propiedades con falta de papeles tienen soluci\u00f3n\u201d"},"content":{"rendered":"<p>En el arranque del mes de marzo la abogada se refiri\u00f3 a los problemas habituales que surgen con lotes o propiedades que por diversas circunstancias no han sido escrituradas en tiempo y forma.<!--more--><\/p>\n<p>Una situaci\u00f3n que se da m\u00e1s de lo que uno cree sucede con propiedades o loteos que por diversas cuestiones no se encuentran a nombre de sus actuales moradores.<\/p>\n<p>Al respecto, la abogada Paula Goldin comenz\u00f3 diciendo que \u201cla forma m\u00e1s tradicional es ir a una escriban\u00eda, donde firman ambas partes y de esa manera se adquiere un bien. Pero hay otras formas que tambi\u00e9n son legales y\u00a0 de buena fe. En el a\u00f1o y medio que llevamos en Sierra, tenemos varios juicios en tr\u00e1mite sobre estos temas\u201d.<\/p>\n<p>Introduciendo el tema, y buscando un modo gr\u00e1fico, sostuvo que \u201ccomo las personas tenemos un DNI, con un n\u00famero \u00fanico, que est\u00e1 inscripto en el registro de las personas, las propiedades tambi\u00e9n tienen su n\u00famero \u00fanico. En nuestro caso, el registro de propiedad est\u00e1 en La Plata\u201d.<\/p>\n<p>En ese punto remarc\u00f3 que \u201csiempre figuran a nombre del que la tiene transferida. Si hay un campo que hace 100 a\u00f1os el vendedor del campo lo dividi\u00f3 en lotes, y los fue vendiendo a distintas personas. Si no se hizo escritura, todos esos lotes van a seguir figurando a nombre del primer due\u00f1o\u201d.<\/p>\n<p>Continuando con el ejemplo, mencion\u00f3 que \u201centonces, si mi pap\u00e1 compr\u00f3 ese lote con un boleto de compra venta, luego me lo dej\u00f3 a m\u00ed, ah\u00ed constru\u00ed mi casa pero los impuestos a veces vienen a nombre del primer due\u00f1o, y digo, me faltan los papeles. Eso se llama prescripci\u00f3n adquisitiva\u201d.<\/p>\n<p>Goldin busc\u00f3 ser contundente al sostener que \u201ctodas las personas que tienen propiedades donde faltan papeles, quiero que sepan que tiene soluci\u00f3n. Deben consultar. Se puede iniciar esta prescripci\u00f3n adquisitiva, o usucapi\u00f3n como se le llama, o prescripci\u00f3n veinte\u00f1al\u201d.<\/p>\n<p>Y trayendo una de las respuestas m\u00e1s comunes que debe dar, subray\u00f3 que \u201ca veces nos plantean que no lo tienen hace 20 a\u00f1os y eso no importa, porque si entre el due\u00f1o anterior y el actual suman o superan esos 20 a\u00f1os, sirve. El tema es que uno tiene que entablar una acci\u00f3n en donde la persona requerida ser\u00e1 el titular original. El que figura en el registro de la propiedad\u201d.<\/p>\n<p><iframe loading=\"lazy\" width=\"100%\" height=\"166\" scrolling=\"no\" frameborder=\"no\" allow=\"autoplay\" src=\"https:\/\/w.soundcloud.com\/player\/?url=https%3A\/\/api.soundcloud.com\/tracks\/1458818842&#038;color=%23ff5500&#038;auto_play=false&#038;hide_related=false&#038;show_comments=true&#038;show_user=true&#038;show_reposts=false&#038;show_teaser=true\"><\/iframe><\/p>\n<div style=\"font-size: 10px; color: #cccccc;line-break: anywhere;word-break: normal;overflow: hidden;white-space: nowrap;text-overflow: ellipsis; font-family: Interstate,Lucida Grande,Lucida Sans Unicode,Lucida Sans,Garuda,Verdana,Tahoma,sans-serif;font-weight: 100;\"><a href=\"https:\/\/soundcloud.com\/fmreflejos-103-7\" title=\"fmreflejos 103.7\" target=\"_blank\" style=\"color: #cccccc; text-decoration: none;\" rel=\"noopener\">fmreflejos 103.7<\/a> \u00b7 <a href=\"https:\/\/soundcloud.com\/fmreflejos-103-7\/paula-goldin-419369848\" title=\"Paula Goldin\" target=\"_blank\" style=\"color: #cccccc; text-decoration: none;\" rel=\"noopener\">Paula Goldin<\/a><\/div>\n","protected":false},"excerpt":{"rendered":"<p>En el arranque del mes de marzo la abogada se refiri\u00f3 a los problemas habituales que surgen con lotes o propiedades que por diversas circunstancias no han sido escrituradas en tiempo y forma.<\/p>\n","protected":false},"author":3,"featured_media":65060,"comment_status":"closed","ping_status":"closed","sticky":false,"template":"","format":"standard","meta":{"footnotes":""},"categories":[57,26],"tags":[48],"class_list":["post-84848","post","type-post","status-publish","format-standard","has-post-thumbnail","hentry","category-judiciales","category-sociedad","tag-destacada"],"yoast_head":"<!-- This site is optimized with the Yoast SEO plugin v25.9 - https:\/\/yoast.com\/wordpress\/plugins\/seo\/ -->\n<title>Paula Goldin: \u201cLas propiedades con falta de papeles tienen soluci\u00f3n\u201d - Noticias Radio Reflejos<\/title>\n<meta name=\"robots\" content=\"index, follow, max-snippet:-1, max-image-preview:large, max-video-preview:-1\" \/>\n<link rel=\"canonical\" href=\"https:\/\/www.noticiasradioreflejos.com.ar\/2021\/paula-goldin-las-propiedades-con-falta-de-papeles-tienen-solucion\/\" \/>\n<meta property=\"og:locale\" content=\"es_ES\" \/>\n<meta property=\"og:type\" content=\"article\" \/>\n<meta property=\"og:title\" content=\"Paula Goldin: \u201cLas propiedades con falta de papeles tienen soluci\u00f3n\u201d - Noticias Radio Reflejos\" \/>\n<meta property=\"og:description\" content=\"En el arranque del mes de marzo la abogada se refiri\u00f3 a los problemas habituales que surgen con lotes o propiedades que por diversas circunstancias no han sido escrituradas en tiempo y forma.\" \/>\n<meta property=\"og:url\" content=\"https:\/\/www.noticiasradioreflejos.com.ar\/2021\/paula-goldin-las-propiedades-con-falta-de-papeles-tienen-solucion\/\" \/>\n<meta property=\"og:site_name\" content=\"Noticias Radio Reflejos\" \/>\n<meta property=\"article:published_time\" content=\"2023-03-01T17:12:42+00:00\" \/>\n<meta property=\"og:image\" content=\"https:\/\/www.noticiasradioreflejos.com.ar\/2021\/wp-content\/uploads\/2021\/11\/usucapion.jpg\" \/>\n\t<meta property=\"og:image:width\" content=\"663\" \/>\n\t<meta property=\"og:image:height\" content=\"378\" \/>\n\t<meta property=\"og:image:type\" content=\"image\/jpeg\" \/>\n<meta name=\"author\" content=\"Arnaldo Botto\" \/>\n<meta name=\"twitter:card\" content=\"summary_large_image\" \/>\n<script type=\"application\/ld+json\" class=\"yoast-schema-graph\">{\"@context\":\"https:\/\/schema.org\",\"@graph\":[{\"@type\":\"WebPage\",\"@id\":\"https:\/\/www.noticiasradioreflejos.com.ar\/2021\/paula-goldin-las-propiedades-con-falta-de-papeles-tienen-solucion\/\",\"url\":\"https:\/\/www.noticiasradioreflejos.com.ar\/2021\/paula-goldin-las-propiedades-con-falta-de-papeles-tienen-solucion\/\",\"name\":\"Paula Goldin: \u201cLas propiedades con falta de papeles tienen soluci\u00f3n\u201d - Noticias Radio Reflejos\",\"isPartOf\":{\"@id\":\"https:\/\/www.noticiasradioreflejos.com.ar\/2021\/#website\"},\"primaryImageOfPage\":{\"@id\":\"https:\/\/www.noticiasradioreflejos.com.ar\/2021\/paula-goldin-las-propiedades-con-falta-de-papeles-tienen-solucion\/#primaryimage\"},\"image\":{\"@id\":\"https:\/\/www.noticiasradioreflejos.com.ar\/2021\/paula-goldin-las-propiedades-con-falta-de-papeles-tienen-solucion\/#primaryimage\"},\"thumbnailUrl\":\"https:\/\/www.noticiasradioreflejos.com.ar\/2021\/wp-content\/uploads\/2021\/11\/usucapion.jpg\",\"datePublished\":\"2023-03-01T17:12:42+00:00\",\"author\":{\"@id\":\"https:\/\/www.noticiasradioreflejos.com.ar\/2021\/#\/schema\/person\/ad82545263dcc5ec0996818884fd5fb1\"},\"breadcrumb\":{\"@id\":\"https:\/\/www.noticiasradioreflejos.com.ar\/2021\/paula-goldin-las-propiedades-con-falta-de-papeles-tienen-solucion\/#breadcrumb\"},\"inLanguage\":\"es\",\"potentialAction\":[{\"@type\":\"ReadAction\",\"target\":[\"https:\/\/www.noticiasradioreflejos.com.ar\/2021\/paula-goldin-las-propiedades-con-falta-de-papeles-tienen-solucion\/\"]}]},{\"@type\":\"ImageObject\",\"inLanguage\":\"es\",\"@id\":\"https:\/\/www.noticiasradioreflejos.com.ar\/2021\/paula-goldin-las-propiedades-con-falta-de-papeles-tienen-solucion\/#primaryimage\",\"url\":\"https:\/\/www.noticiasradioreflejos.com.ar\/2021\/wp-content\/uploads\/2021\/11\/usucapion.jpg\",\"contentUrl\":\"https:\/\/www.noticiasradioreflejos.com.ar\/2021\/wp-content\/uploads\/2021\/11\/usucapion.jpg\",\"width\":663,\"height\":378},{\"@type\":\"BreadcrumbList\",\"@id\":\"https:\/\/www.noticiasradioreflejos.com.ar\/2021\/paula-goldin-las-propiedades-con-falta-de-papeles-tienen-solucion\/#breadcrumb\",\"itemListElement\":[{\"@type\":\"ListItem\",\"position\":1,\"name\":\"Portada\",\"item\":\"https:\/\/www.noticiasradioreflejos.com.ar\/2021\/\"},{\"@type\":\"ListItem\",\"position\":2,\"name\":\"Paula Goldin: \u201cLas propiedades con falta de papeles tienen soluci\u00f3n\u201d\"}]},{\"@type\":\"WebSite\",\"@id\":\"https:\/\/www.noticiasradioreflejos.com.ar\/2021\/#website\",\"url\":\"https:\/\/www.noticiasradioreflejos.com.ar\/2021\/\",\"name\":\"Noticias Radio Reflejos\",\"description\":\"Las noticias de mi comarca\",\"potentialAction\":[{\"@type\":\"SearchAction\",\"target\":{\"@type\":\"EntryPoint\",\"urlTemplate\":\"https:\/\/www.noticiasradioreflejos.com.ar\/2021\/?s={search_term_string}\"},\"query-input\":{\"@type\":\"PropertyValueSpecification\",\"valueRequired\":true,\"valueName\":\"search_term_string\"}}],\"inLanguage\":\"es\"},{\"@type\":\"Person\",\"@id\":\"https:\/\/www.noticiasradioreflejos.com.ar\/2021\/#\/schema\/person\/ad82545263dcc5ec0996818884fd5fb1\",\"name\":\"Arnaldo Botto\",\"image\":{\"@type\":\"ImageObject\",\"inLanguage\":\"es\",\"@id\":\"https:\/\/www.noticiasradioreflejos.com.ar\/2021\/#\/schema\/person\/image\/\",\"url\":\"https:\/\/secure.gravatar.com\/avatar\/55cb5e37c1efa326397366e6974cb338056df65cb50e7d64d1cf314e87504837?s=96&d=mm&r=g\",\"contentUrl\":\"https:\/\/secure.gravatar.com\/avatar\/55cb5e37c1efa326397366e6974cb338056df65cb50e7d64d1cf314e87504837?s=96&d=mm&r=g\",\"caption\":\"Arnaldo Botto\"},\"url\":\"https:\/\/www.noticiasradioreflejos.com.ar\/2021\/author\/arnaldo\/\"}]}<\/script>\n<!-- \/ Yoast SEO plugin. -->","yoast_head_json":{"title":"Paula Goldin: \u201cLas propiedades con falta de papeles tienen soluci\u00f3n\u201d - Noticias Radio Reflejos","robots":{"index":"index","follow":"follow","max-snippet":"max-snippet:-1","max-image-preview":"max-image-preview:large","max-video-preview":"max-video-preview:-1"},"canonical":"https:\/\/www.noticiasradioreflejos.com.ar\/2021\/paula-goldin-las-propiedades-con-falta-de-papeles-tienen-solucion\/","og_locale":"es_ES","og_type":"article","og_title":"Paula Goldin: \u201cLas propiedades con falta de papeles tienen soluci\u00f3n\u201d - Noticias Radio Reflejos","og_description":"En el arranque del mes de marzo la abogada se refiri\u00f3 a los problemas habituales que surgen con lotes o propiedades que por diversas circunstancias no han sido escrituradas en tiempo y forma.","og_url":"https:\/\/www.noticiasradioreflejos.com.ar\/2021\/paula-goldin-las-propiedades-con-falta-de-papeles-tienen-solucion\/","og_site_name":"Noticias Radio Reflejos","article_published_time":"2023-03-01T17:12:42+00:00","og_image":[{"width":663,"height":378,"url":"https:\/\/www.noticiasradioreflejos.com.ar\/2021\/wp-content\/uploads\/2021\/11\/usucapion.jpg","type":"image\/jpeg"}],"author":"Arnaldo Botto","twitter_card":"summary_large_image","schema":{"@context":"https:\/\/schema.org","@graph":[{"@type":"WebPage","@id":"https:\/\/www.noticiasradioreflejos.com.ar\/2021\/paula-goldin-las-propiedades-con-falta-de-papeles-tienen-solucion\/","url":"https:\/\/www.noticiasradioreflejos.com.ar\/2021\/paula-goldin-las-propiedades-con-falta-de-papeles-tienen-solucion\/","name":"Paula Goldin: \u201cLas propiedades con falta de papeles tienen soluci\u00f3n\u201d - Noticias Radio Reflejos","isPartOf":{"@id":"https:\/\/www.noticiasradioreflejos.com.ar\/2021\/#website"},"primaryImageOfPage":{"@id":"https:\/\/www.noticiasradioreflejos.com.ar\/2021\/paula-goldin-las-propiedades-con-falta-de-papeles-tienen-solucion\/#primaryimage"},"image":{"@id":"https:\/\/www.noticiasradioreflejos.com.ar\/2021\/paula-goldin-las-propiedades-con-falta-de-papeles-tienen-solucion\/#primaryimage"},"thumbnailUrl":"https:\/\/www.noticiasradioreflejos.com.ar\/2021\/wp-content\/uploads\/2021\/11\/usucapion.jpg","datePublished":"2023-03-01T17:12:42+00:00","author":{"@id":"https:\/\/www.noticiasradioreflejos.com.ar\/2021\/#\/schema\/person\/ad82545263dcc5ec0996818884fd5fb1"},"breadcrumb":{"@id":"https:\/\/www.noticiasradioreflejos.com.ar\/2021\/paula-goldin-las-propiedades-con-falta-de-papeles-tienen-solucion\/#breadcrumb"},"inLanguage":"es","potentialAction":[{"@type":"ReadAction","target":["https:\/\/www.noticiasradioreflejos.com.ar\/2021\/paula-goldin-las-propiedades-con-falta-de-papeles-tienen-solucion\/"]}]},{"@type":"ImageObject","inLanguage":"es","@id":"https:\/\/www.noticiasradioreflejos.com.ar\/2021\/paula-goldin-las-propiedades-con-falta-de-papeles-tienen-solucion\/#primaryimage","url":"https:\/\/www.noticiasradioreflejos.com.ar\/2021\/wp-content\/uploads\/2021\/11\/usucapion.jpg","contentUrl":"https:\/\/www.noticiasradioreflejos.com.ar\/2021\/wp-content\/uploads\/2021\/11\/usucapion.jpg","width":663,"height":378},{"@type":"BreadcrumbList","@id":"https:\/\/www.noticiasradioreflejos.com.ar\/2021\/paula-goldin-las-propiedades-con-falta-de-papeles-tienen-solucion\/#breadcrumb","itemListElement":[{"@type":"ListItem","position":1,"name":"Portada","item":"https:\/\/www.noticiasradioreflejos.com.ar\/2021\/"},{"@type":"ListItem","position":2,"name":"Paula Goldin: \u201cLas propiedades con falta de papeles tienen soluci\u00f3n\u201d"}]},{"@type":"WebSite","@id":"https:\/\/www.noticiasradioreflejos.com.ar\/2021\/#website","url":"https:\/\/www.noticiasradioreflejos.com.ar\/2021\/","name":"Noticias Radio Reflejos","description":"Las noticias de mi comarca","potentialAction":[{"@type":"SearchAction","target":{"@type":"EntryPoint","urlTemplate":"https:\/\/www.noticiasradioreflejos.com.ar\/2021\/?s={search_term_string}"},"query-input":{"@type":"PropertyValueSpecification","valueRequired":true,"valueName":"search_term_string"}}],"inLanguage":"es"},{"@type":"Person","@id":"https:\/\/www.noticiasradioreflejos.com.ar\/2021\/#\/schema\/person\/ad82545263dcc5ec0996818884fd5fb1","name":"Arnaldo Botto","image":{"@type":"ImageObject","inLanguage":"es","@id":"https:\/\/www.noticiasradioreflejos.com.ar\/2021\/#\/schema\/person\/image\/","url":"https:\/\/secure.gravatar.com\/avatar\/55cb5e37c1efa326397366e6974cb338056df65cb50e7d64d1cf314e87504837?s=96&d=mm&r=g","contentUrl":"https:\/\/secure.gravatar.com\/avatar\/55cb5e37c1efa326397366e6974cb338056df65cb50e7d64d1cf314e87504837?s=96&d=mm&r=g","caption":"Arnaldo Botto"},"url":"https:\/\/www.noticiasradioreflejos.com.ar\/2021\/author\/arnaldo\/"}]}},"_links":{"self":[{"href":"https:\/\/www.noticiasradioreflejos.com.ar\/2021\/wp-json\/wp\/v2\/posts\/84848","targetHints":{"allow":["GET"]}}],"collection":[{"href":"https:\/\/www.noticiasradioreflejos.com.ar\/2021\/wp-json\/wp\/v2\/posts"}],"about":[{"href":"https:\/\/www.noticiasradioreflejos.com.ar\/2021\/wp-json\/wp\/v2\/types\/post"}],"author":[{"embeddable":true,"href":"https:\/\/www.noticiasradioreflejos.com.ar\/2021\/wp-json\/wp\/v2\/users\/3"}],"replies":[{"embeddable":true,"href":"https:\/\/www.noticiasradioreflejos.com.ar\/2021\/wp-json\/wp\/v2\/comments?post=84848"}],"version-history":[{"count":2,"href":"https:\/\/www.noticiasradioreflejos.com.ar\/2021\/wp-json\/wp\/v2\/posts\/84848\/revisions"}],"predecessor-version":[{"id":84864,"href":"https:\/\/www.noticiasradioreflejos.com.ar\/2021\/wp-json\/wp\/v2\/posts\/84848\/revisions\/84864"}],"wp:featuredmedia":[{"embeddable":true,"href":"https:\/\/www.noticiasradioreflejos.com.ar\/2021\/wp-json\/wp\/v2\/media\/65060"}],"wp:attachment":[{"href":"https:\/\/www.noticiasradioreflejos.com.ar\/2021\/wp-json\/wp\/v2\/media?parent=84848"}],"wp:term":[{"taxonomy":"category","embeddable":true,"href":"https:\/\/www.noticiasradioreflejos.com.ar\/2021\/wp-json\/wp\/v2\/categories?post=84848"},{"taxonomy":"post_tag","embeddable":true,"href":"https:\/\/www.noticiasradioreflejos.com.ar\/2021\/wp-json\/wp\/v2\/tags?post=84848"}],"curies":[{"name":"wp","href":"https:\/\/api.w.org\/{rel}","templated":true}]}}