{"id":84845,"date":"2023-03-01T12:35:19","date_gmt":"2023-03-01T12:35:19","guid":{"rendered":"https:\/\/www.noticiasradioreflejos.com.ar\/2021\/?p=84845"},"modified":"2023-03-01T12:35:19","modified_gmt":"2023-03-01T12:35:19","slug":"solidaridad-de-femeba-con-los-medicos-de-la-asociacion-de-medicos-municipales","status":"publish","type":"post","link":"https:\/\/www.noticiasradioreflejos.com.ar\/2021\/solidaridad-de-femeba-con-los-medicos-de-la-asociacion-de-medicos-municipales\/","title":{"rendered":"Solidaridad de FEMEBA con los M\u00e9dicos de la Asociaci\u00f3n de M\u00e9dicos Municipales"},"content":{"rendered":"<p>La Federaci\u00f3n M\u00e9dica de la provincia de Buenos Aires (FEMEBA) se solidariza con el reclamo de los colegas de la Asociaci\u00f3n de M\u00e9dicos Municipales de la Ciudad de Buenos Aires, ante los reiterados hechos de violencia contra profesionales de la salud, a los que suma la brutal agresi\u00f3n contra una m\u00e9dica de la Unidad de Terapia Intensiva del Hospital Fern\u00e1ndez el s\u00e1bado pasado.<!--more--><\/p>\n<p>La presente problem\u00e1tica es una preocupaci\u00f3n permanente de FEMEBA. Desde 2016 tomamos el compromiso de llevar delante de manera ininterrumpida un programa espec\u00edfico: Programa de prevenci\u00f3n y abordaje de la violencia sanitaria externa.<\/p>\n<p>Esta Federaci\u00f3n se suma al reclamo por acciones positivas concretas que resguarden a los trabajadores de la salud, requiriendo la sanci\u00f3n de legislaci\u00f3n espec\u00edfica en la materia en la provincia de Buenos Aires siguiendo el camino ya iniciado por diversas provincias, como C\u00f3rdoba, Neuqu\u00e9n y Tucum\u00e1n.<\/p>\n<p><a href=\"http:\/\/www.femeba.org.ar\/femebaHoy\/notas\/1767-programa-de-prevencion-de-violencia.htm\">http:\/\/www.femeba.org.ar\/femebaHoy\/notas\/1767-programa-de-prevencion-de-violencia.htm<\/a><\/p>\n<p>&nbsp;<\/p>\n","protected":false},"excerpt":{"rendered":"<p>La Federaci\u00f3n M\u00e9dica de la provincia de Buenos Aires (FEMEBA) se solidariza con el reclamo de los colegas de la Asociaci\u00f3n de M\u00e9dicos Municipales de la Ciudad de Buenos Aires, ante los reiterados hechos de violencia contra profesionales de la salud, a los que suma la brutal agresi\u00f3n contra una m\u00e9dica de la Unidad de [&hellip;]<\/p>\n","protected":false},"author":3,"featured_media":0,"comment_status":"closed","ping_status":"closed","sticky":false,"template":"","format":"standard","meta":{"footnotes":""},"categories":[24,26],"tags":[],"class_list":["post-84845","post","type-post","status-publish","format-standard","hentry","category-politica","category-sociedad"],"yoast_head":"<!-- This site is optimized with the Yoast SEO plugin v25.9 - https:\/\/yoast.com\/wordpress\/plugins\/seo\/ -->\n<title>Solidaridad de FEMEBA con los M\u00e9dicos de la Asociaci\u00f3n de M\u00e9dicos Municipales - Noticias Radio Reflejos<\/title>\n<meta name=\"robots\" content=\"index, follow, max-snippet:-1, max-image-preview:large, max-video-preview:-1\" \/>\n<link rel=\"canonical\" href=\"https:\/\/www.noticiasradioreflejos.com.ar\/2021\/solidaridad-de-femeba-con-los-medicos-de-la-asociacion-de-medicos-municipales\/\" \/>\n<meta property=\"og:locale\" content=\"es_ES\" \/>\n<meta property=\"og:type\" content=\"article\" \/>\n<meta property=\"og:title\" content=\"Solidaridad de FEMEBA con los M\u00e9dicos de la Asociaci\u00f3n de M\u00e9dicos Municipales - Noticias Radio Reflejos\" \/>\n<meta property=\"og:description\" content=\"La Federaci\u00f3n M\u00e9dica de la provincia de Buenos Aires (FEMEBA) se solidariza con el reclamo de los colegas de la Asociaci\u00f3n de M\u00e9dicos Municipales de la Ciudad de Buenos Aires, ante los reiterados hechos de violencia contra profesionales de la salud, a los que suma la brutal agresi\u00f3n contra una m\u00e9dica de la Unidad de [&hellip;]\" \/>\n<meta property=\"og:url\" content=\"https:\/\/www.noticiasradioreflejos.com.ar\/2021\/solidaridad-de-femeba-con-los-medicos-de-la-asociacion-de-medicos-municipales\/\" \/>\n<meta property=\"og:site_name\" content=\"Noticias Radio Reflejos\" \/>\n<meta property=\"article:published_time\" content=\"2023-03-01T12:35:19+00:00\" \/>\n<meta property=\"og:image\" content=\"https:\/\/www.noticiasradioreflejos.com.ar\/2021\/wp-content\/uploads\/2021\/07\/logosol300x200.png\" \/>\n\t<meta property=\"og:image:width\" content=\"300\" \/>\n\t<meta property=\"og:image:height\" content=\"200\" \/>\n\t<meta property=\"og:image:type\" content=\"image\/png\" \/>\n<meta name=\"author\" content=\"Arnaldo Botto\" \/>\n<meta name=\"twitter:card\" content=\"summary_large_image\" \/>\n<script type=\"application\/ld+json\" class=\"yoast-schema-graph\">{\"@context\":\"https:\/\/schema.org\",\"@graph\":[{\"@type\":\"WebPage\",\"@id\":\"https:\/\/www.noticiasradioreflejos.com.ar\/2021\/solidaridad-de-femeba-con-los-medicos-de-la-asociacion-de-medicos-municipales\/\",\"url\":\"https:\/\/www.noticiasradioreflejos.com.ar\/2021\/solidaridad-de-femeba-con-los-medicos-de-la-asociacion-de-medicos-municipales\/\",\"name\":\"Solidaridad de FEMEBA con los M\u00e9dicos de la Asociaci\u00f3n de M\u00e9dicos Municipales - Noticias Radio Reflejos\",\"isPartOf\":{\"@id\":\"https:\/\/www.noticiasradioreflejos.com.ar\/2021\/#website\"},\"datePublished\":\"2023-03-01T12:35:19+00:00\",\"author\":{\"@id\":\"https:\/\/www.noticiasradioreflejos.com.ar\/2021\/#\/schema\/person\/ad82545263dcc5ec0996818884fd5fb1\"},\"breadcrumb\":{\"@id\":\"https:\/\/www.noticiasradioreflejos.com.ar\/2021\/solidaridad-de-femeba-con-los-medicos-de-la-asociacion-de-medicos-municipales\/#breadcrumb\"},\"inLanguage\":\"es\",\"potentialAction\":[{\"@type\":\"ReadAction\",\"target\":[\"https:\/\/www.noticiasradioreflejos.com.ar\/2021\/solidaridad-de-femeba-con-los-medicos-de-la-asociacion-de-medicos-municipales\/\"]}]},{\"@type\":\"BreadcrumbList\",\"@id\":\"https:\/\/www.noticiasradioreflejos.com.ar\/2021\/solidaridad-de-femeba-con-los-medicos-de-la-asociacion-de-medicos-municipales\/#breadcrumb\",\"itemListElement\":[{\"@type\":\"ListItem\",\"position\":1,\"name\":\"Portada\",\"item\":\"https:\/\/www.noticiasradioreflejos.com.ar\/2021\/\"},{\"@type\":\"ListItem\",\"position\":2,\"name\":\"Solidaridad de FEMEBA con los M\u00e9dicos de la Asociaci\u00f3n de M\u00e9dicos Municipales\"}]},{\"@type\":\"WebSite\",\"@id\":\"https:\/\/www.noticiasradioreflejos.com.ar\/2021\/#website\",\"url\":\"https:\/\/www.noticiasradioreflejos.com.ar\/2021\/\",\"name\":\"Noticias Radio Reflejos\",\"description\":\"Las noticias de mi comarca\",\"potentialAction\":[{\"@type\":\"SearchAction\",\"target\":{\"@type\":\"EntryPoint\",\"urlTemplate\":\"https:\/\/www.noticiasradioreflejos.com.ar\/2021\/?s={search_term_string}\"},\"query-input\":{\"@type\":\"PropertyValueSpecification\",\"valueRequired\":true,\"valueName\":\"search_term_string\"}}],\"inLanguage\":\"es\"},{\"@type\":\"Person\",\"@id\":\"https:\/\/www.noticiasradioreflejos.com.ar\/2021\/#\/schema\/person\/ad82545263dcc5ec0996818884fd5fb1\",\"name\":\"Arnaldo Botto\",\"image\":{\"@type\":\"ImageObject\",\"inLanguage\":\"es\",\"@id\":\"https:\/\/www.noticiasradioreflejos.com.ar\/2021\/#\/schema\/person\/image\/\",\"url\":\"https:\/\/secure.gravatar.com\/avatar\/55cb5e37c1efa326397366e6974cb338056df65cb50e7d64d1cf314e87504837?s=96&d=mm&r=g\",\"contentUrl\":\"https:\/\/secure.gravatar.com\/avatar\/55cb5e37c1efa326397366e6974cb338056df65cb50e7d64d1cf314e87504837?s=96&d=mm&r=g\",\"caption\":\"Arnaldo Botto\"},\"url\":\"https:\/\/www.noticiasradioreflejos.com.ar\/2021\/author\/arnaldo\/\"}]}<\/script>\n<!-- \/ Yoast SEO plugin. -->","yoast_head_json":{"title":"Solidaridad de FEMEBA con los M\u00e9dicos de la Asociaci\u00f3n de M\u00e9dicos Municipales - Noticias Radio Reflejos","robots":{"index":"index","follow":"follow","max-snippet":"max-snippet:-1","max-image-preview":"max-image-preview:large","max-video-preview":"max-video-preview:-1"},"canonical":"https:\/\/www.noticiasradioreflejos.com.ar\/2021\/solidaridad-de-femeba-con-los-medicos-de-la-asociacion-de-medicos-municipales\/","og_locale":"es_ES","og_type":"article","og_title":"Solidaridad de FEMEBA con los M\u00e9dicos de la Asociaci\u00f3n de M\u00e9dicos Municipales - Noticias Radio Reflejos","og_description":"La Federaci\u00f3n M\u00e9dica de la provincia de Buenos Aires (FEMEBA) se solidariza con el reclamo de los colegas de la Asociaci\u00f3n de M\u00e9dicos Municipales de la Ciudad de Buenos Aires, ante los reiterados hechos de violencia contra profesionales de la salud, a los que suma la brutal agresi\u00f3n contra una m\u00e9dica de la Unidad de [&hellip;]","og_url":"https:\/\/www.noticiasradioreflejos.com.ar\/2021\/solidaridad-de-femeba-con-los-medicos-de-la-asociacion-de-medicos-municipales\/","og_site_name":"Noticias Radio Reflejos","article_published_time":"2023-03-01T12:35:19+00:00","og_image":[{"width":300,"height":200,"url":"https:\/\/www.noticiasradioreflejos.com.ar\/2021\/wp-content\/uploads\/2021\/07\/logosol300x200.png","type":"image\/png"}],"author":"Arnaldo Botto","twitter_card":"summary_large_image","schema":{"@context":"https:\/\/schema.org","@graph":[{"@type":"WebPage","@id":"https:\/\/www.noticiasradioreflejos.com.ar\/2021\/solidaridad-de-femeba-con-los-medicos-de-la-asociacion-de-medicos-municipales\/","url":"https:\/\/www.noticiasradioreflejos.com.ar\/2021\/solidaridad-de-femeba-con-los-medicos-de-la-asociacion-de-medicos-municipales\/","name":"Solidaridad de FEMEBA con los M\u00e9dicos de la Asociaci\u00f3n de M\u00e9dicos Municipales - Noticias Radio Reflejos","isPartOf":{"@id":"https:\/\/www.noticiasradioreflejos.com.ar\/2021\/#website"},"datePublished":"2023-03-01T12:35:19+00:00","author":{"@id":"https:\/\/www.noticiasradioreflejos.com.ar\/2021\/#\/schema\/person\/ad82545263dcc5ec0996818884fd5fb1"},"breadcrumb":{"@id":"https:\/\/www.noticiasradioreflejos.com.ar\/2021\/solidaridad-de-femeba-con-los-medicos-de-la-asociacion-de-medicos-municipales\/#breadcrumb"},"inLanguage":"es","potentialAction":[{"@type":"ReadAction","target":["https:\/\/www.noticiasradioreflejos.com.ar\/2021\/solidaridad-de-femeba-con-los-medicos-de-la-asociacion-de-medicos-municipales\/"]}]},{"@type":"BreadcrumbList","@id":"https:\/\/www.noticiasradioreflejos.com.ar\/2021\/solidaridad-de-femeba-con-los-medicos-de-la-asociacion-de-medicos-municipales\/#breadcrumb","itemListElement":[{"@type":"ListItem","position":1,"name":"Portada","item":"https:\/\/www.noticiasradioreflejos.com.ar\/2021\/"},{"@type":"ListItem","position":2,"name":"Solidaridad de FEMEBA con los M\u00e9dicos de la Asociaci\u00f3n de M\u00e9dicos Municipales"}]},{"@type":"WebSite","@id":"https:\/\/www.noticiasradioreflejos.com.ar\/2021\/#website","url":"https:\/\/www.noticiasradioreflejos.com.ar\/2021\/","name":"Noticias Radio Reflejos","description":"Las noticias de mi comarca","potentialAction":[{"@type":"SearchAction","target":{"@type":"EntryPoint","urlTemplate":"https:\/\/www.noticiasradioreflejos.com.ar\/2021\/?s={search_term_string}"},"query-input":{"@type":"PropertyValueSpecification","valueRequired":true,"valueName":"search_term_string"}}],"inLanguage":"es"},{"@type":"Person","@id":"https:\/\/www.noticiasradioreflejos.com.ar\/2021\/#\/schema\/person\/ad82545263dcc5ec0996818884fd5fb1","name":"Arnaldo Botto","image":{"@type":"ImageObject","inLanguage":"es","@id":"https:\/\/www.noticiasradioreflejos.com.ar\/2021\/#\/schema\/person\/image\/","url":"https:\/\/secure.gravatar.com\/avatar\/55cb5e37c1efa326397366e6974cb338056df65cb50e7d64d1cf314e87504837?s=96&d=mm&r=g","contentUrl":"https:\/\/secure.gravatar.com\/avatar\/55cb5e37c1efa326397366e6974cb338056df65cb50e7d64d1cf314e87504837?s=96&d=mm&r=g","caption":"Arnaldo Botto"},"url":"https:\/\/www.noticiasradioreflejos.com.ar\/2021\/author\/arnaldo\/"}]}},"_links":{"self":[{"href":"https:\/\/www.noticiasradioreflejos.com.ar\/2021\/wp-json\/wp\/v2\/posts\/84845","targetHints":{"allow":["GET"]}}],"collection":[{"href":"https:\/\/www.noticiasradioreflejos.com.ar\/2021\/wp-json\/wp\/v2\/posts"}],"about":[{"href":"https:\/\/www.noticiasradioreflejos.com.ar\/2021\/wp-json\/wp\/v2\/types\/post"}],"author":[{"embeddable":true,"href":"https:\/\/www.noticiasradioreflejos.com.ar\/2021\/wp-json\/wp\/v2\/users\/3"}],"replies":[{"embeddable":true,"href":"https:\/\/www.noticiasradioreflejos.com.ar\/2021\/wp-json\/wp\/v2\/comments?post=84845"}],"version-history":[{"count":1,"href":"https:\/\/www.noticiasradioreflejos.com.ar\/2021\/wp-json\/wp\/v2\/posts\/84845\/revisions"}],"predecessor-version":[{"id":84846,"href":"https:\/\/www.noticiasradioreflejos.com.ar\/2021\/wp-json\/wp\/v2\/posts\/84845\/revisions\/84846"}],"wp:attachment":[{"href":"https:\/\/www.noticiasradioreflejos.com.ar\/2021\/wp-json\/wp\/v2\/media?parent=84845"}],"wp:term":[{"taxonomy":"category","embeddable":true,"href":"https:\/\/www.noticiasradioreflejos.com.ar\/2021\/wp-json\/wp\/v2\/categories?post=84845"},{"taxonomy":"post_tag","embeddable":true,"href":"https:\/\/www.noticiasradioreflejos.com.ar\/2021\/wp-json\/wp\/v2\/tags?post=84845"}],"curies":[{"name":"wp","href":"https:\/\/api.w.org\/{rel}","templated":true}]}}