{"id":84842,"date":"2023-03-01T12:18:50","date_gmt":"2023-03-01T12:18:50","guid":{"rendered":"https:\/\/www.noticiasradioreflejos.com.ar\/2021\/?p=84842"},"modified":"2023-03-01T12:18:50","modified_gmt":"2023-03-01T12:18:50","slug":"gran-parte-del-pais-con-alertas-amarillas-por-altas-temperaturas-tormentas-y-vientos","status":"publish","type":"post","link":"https:\/\/www.noticiasradioreflejos.com.ar\/2021\/gran-parte-del-pais-con-alertas-amarillas-por-altas-temperaturas-tormentas-y-vientos\/","title":{"rendered":"Gran parte del pa\u00eds con alertas amarillas por altas temperaturas, tormentas y vientos"},"content":{"rendered":"<div id=\"div_cuerpo\" class=\"content cable-content\">Gran parte del pa\u00eds se encuentra bajo alerta amarilla por altas temperaturas por calor, que llegar\u00e1n hasta los 36 grados de m\u00e1xima, mientras rigen otras advertencias por fuertes vientos para el sur del pa\u00eds y por tormentas en el centro y norte, inform\u00f3 hoy el Servicio Meteorol\u00f3gico Nacional (SMN).<br \/>\n<!--more--><\/p>\n<p>Las provincias Corrientes, Entre R\u00edos, Santiago del Estero, Santa Fe, C\u00f3rdoba, San Luis, La Pampa, Mendoza, San Juan, Neuqu\u00e9n, Jujuy, Salta y provincia y ciudad de Buenos Aires est\u00e1n afectadas por altas temperaturas que pueden generar un efecto de leve a moderado en la salud, lo que significa que son \u00abpeligrosas, sobre todo para los grupos de riesgo, como ni\u00f1os y ni\u00f1as, personas mayores de 65 a\u00f1os, con enfermedades cr\u00f3nicas\u00bb.<\/p>\n<p>Las temperaturas en estas zonas llegar\u00e1n a m\u00e1ximas de 36 grados, como en Rosario, Santa Fe y en La Pampa; en San Juan, 35; mientras que en Mendoza, Entre R\u00edos y ciudad de Buenos Aires se esperan m\u00e1ximas de 34 grados; en C\u00f3rdoba, San Luis y La Plata, 33; y en Corrientes, 32.<\/p>\n<p>En tanto, el organismo emiti\u00f3 alerta amarilla por tormentas en 10 provincias del centro y norte del pa\u00eds, donde se esperan valores de precipitaci\u00f3n acumulada entre 15 y 50 mil\u00edmetros, pudiendo ser superados en forma puntual.<\/p>\n<p>La advertencia rige para el noroeste de C\u00f3rdoba, el este de La Rioja y sudeste de Catamarca, las provincias de Tucum\u00e1n y Santiago del Estero, el noroeste de Santa Fe, gran parte de Chaco, Formosa y Salta y el sureste de Jujuy.<\/p>\n<p>En estas zonas, el SMN recomend\u00f3 no sacar la basura, retirar objetos que impidan que el agua escurra, evitar actividades al aire libre, no refugiarse cerca de \u00e1rboles y postes de electricidad que puedan caerse y no permanecer en playas, r\u00edos, lagunas o piletas para minimizar el riesgo de ser alcanzado por un rayo.<\/p>\n<p>Adem\u00e1s, estar atento ante la posible ca\u00edda de granizo, informarse por las autoridades y tener siempre lista una mochila de emergencias con linterna, radio, documentos y tel\u00e9fono.<\/p>\n<p>Por \u00faltimo, rigen alertas amarillas por vientos del sector oeste con velocidades entre 50 y 70 kil\u00f3metros por hora y r\u00e1fagas de hasta 90 kil\u00f3metros por hora para el sur de Chubut y toda la provincia de Santa Cruz.<\/p>\n<p>En este sector, el SMN recomend\u00f3 a los pobladores que eviten actividades al aire libre y aseguren los elementos que puedan volarse.<\/p><\/div>\n<p><!--more--><\/p>\n","protected":false},"excerpt":{"rendered":"<p>Gran parte del pa\u00eds se encuentra bajo alerta amarilla por altas temperaturas por calor, que llegar\u00e1n hasta los 36 grados de m\u00e1xima, mientras rigen otras advertencias por fuertes vientos para el sur del pa\u00eds y por tormentas en el centro y norte, inform\u00f3 hoy el Servicio Meteorol\u00f3gico Nacional (SMN).<\/p>\n","protected":false},"author":3,"featured_media":0,"comment_status":"closed","ping_status":"closed","sticky":false,"template":"","format":"standard","meta":{"footnotes":""},"categories":[46],"tags":[],"class_list":["post-84842","post","type-post","status-publish","format-standard","hentry","category-ciencia-y-tecnologia"],"yoast_head":"<!-- This site is optimized with the Yoast SEO plugin v25.9 - https:\/\/yoast.com\/wordpress\/plugins\/seo\/ -->\n<title>Gran parte del pa\u00eds con alertas amarillas por altas temperaturas, tormentas y vientos - Noticias Radio Reflejos<\/title>\n<meta name=\"robots\" content=\"index, follow, max-snippet:-1, max-image-preview:large, max-video-preview:-1\" \/>\n<link rel=\"canonical\" href=\"https:\/\/www.noticiasradioreflejos.com.ar\/2021\/gran-parte-del-pais-con-alertas-amarillas-por-altas-temperaturas-tormentas-y-vientos\/\" \/>\n<meta property=\"og:locale\" content=\"es_ES\" \/>\n<meta property=\"og:type\" content=\"article\" \/>\n<meta property=\"og:title\" content=\"Gran parte del pa\u00eds con alertas amarillas por altas temperaturas, tormentas y vientos - Noticias Radio Reflejos\" \/>\n<meta property=\"og:description\" content=\"Gran parte del pa\u00eds se encuentra bajo alerta amarilla por altas temperaturas por calor, que llegar\u00e1n hasta los 36 grados de m\u00e1xima, mientras rigen otras advertencias por fuertes vientos para el sur del pa\u00eds y por tormentas en el centro y norte, inform\u00f3 hoy el Servicio Meteorol\u00f3gico Nacional (SMN).\" \/>\n<meta property=\"og:url\" content=\"https:\/\/www.noticiasradioreflejos.com.ar\/2021\/gran-parte-del-pais-con-alertas-amarillas-por-altas-temperaturas-tormentas-y-vientos\/\" \/>\n<meta property=\"og:site_name\" content=\"Noticias Radio Reflejos\" \/>\n<meta property=\"article:published_time\" content=\"2023-03-01T12:18:50+00:00\" \/>\n<meta property=\"og:image\" content=\"https:\/\/www.noticiasradioreflejos.com.ar\/2021\/wp-content\/uploads\/2021\/07\/logosol300x200.png\" \/>\n\t<meta property=\"og:image:width\" content=\"300\" \/>\n\t<meta property=\"og:image:height\" content=\"200\" \/>\n\t<meta property=\"og:image:type\" content=\"image\/png\" \/>\n<meta name=\"author\" content=\"Arnaldo Botto\" \/>\n<meta name=\"twitter:card\" content=\"summary_large_image\" \/>\n<script type=\"application\/ld+json\" class=\"yoast-schema-graph\">{\"@context\":\"https:\/\/schema.org\",\"@graph\":[{\"@type\":\"WebPage\",\"@id\":\"https:\/\/www.noticiasradioreflejos.com.ar\/2021\/gran-parte-del-pais-con-alertas-amarillas-por-altas-temperaturas-tormentas-y-vientos\/\",\"url\":\"https:\/\/www.noticiasradioreflejos.com.ar\/2021\/gran-parte-del-pais-con-alertas-amarillas-por-altas-temperaturas-tormentas-y-vientos\/\",\"name\":\"Gran parte del pa\u00eds con alertas amarillas por altas temperaturas, tormentas y vientos - Noticias Radio Reflejos\",\"isPartOf\":{\"@id\":\"https:\/\/www.noticiasradioreflejos.com.ar\/2021\/#website\"},\"datePublished\":\"2023-03-01T12:18:50+00:00\",\"author\":{\"@id\":\"https:\/\/www.noticiasradioreflejos.com.ar\/2021\/#\/schema\/person\/ad82545263dcc5ec0996818884fd5fb1\"},\"breadcrumb\":{\"@id\":\"https:\/\/www.noticiasradioreflejos.com.ar\/2021\/gran-parte-del-pais-con-alertas-amarillas-por-altas-temperaturas-tormentas-y-vientos\/#breadcrumb\"},\"inLanguage\":\"es\",\"potentialAction\":[{\"@type\":\"ReadAction\",\"target\":[\"https:\/\/www.noticiasradioreflejos.com.ar\/2021\/gran-parte-del-pais-con-alertas-amarillas-por-altas-temperaturas-tormentas-y-vientos\/\"]}]},{\"@type\":\"BreadcrumbList\",\"@id\":\"https:\/\/www.noticiasradioreflejos.com.ar\/2021\/gran-parte-del-pais-con-alertas-amarillas-por-altas-temperaturas-tormentas-y-vientos\/#breadcrumb\",\"itemListElement\":[{\"@type\":\"ListItem\",\"position\":1,\"name\":\"Portada\",\"item\":\"https:\/\/www.noticiasradioreflejos.com.ar\/2021\/\"},{\"@type\":\"ListItem\",\"position\":2,\"name\":\"Gran parte del pa\u00eds con alertas amarillas por altas temperaturas, tormentas y vientos\"}]},{\"@type\":\"WebSite\",\"@id\":\"https:\/\/www.noticiasradioreflejos.com.ar\/2021\/#website\",\"url\":\"https:\/\/www.noticiasradioreflejos.com.ar\/2021\/\",\"name\":\"Noticias Radio Reflejos\",\"description\":\"Las noticias de mi comarca\",\"potentialAction\":[{\"@type\":\"SearchAction\",\"target\":{\"@type\":\"EntryPoint\",\"urlTemplate\":\"https:\/\/www.noticiasradioreflejos.com.ar\/2021\/?s={search_term_string}\"},\"query-input\":{\"@type\":\"PropertyValueSpecification\",\"valueRequired\":true,\"valueName\":\"search_term_string\"}}],\"inLanguage\":\"es\"},{\"@type\":\"Person\",\"@id\":\"https:\/\/www.noticiasradioreflejos.com.ar\/2021\/#\/schema\/person\/ad82545263dcc5ec0996818884fd5fb1\",\"name\":\"Arnaldo Botto\",\"image\":{\"@type\":\"ImageObject\",\"inLanguage\":\"es\",\"@id\":\"https:\/\/www.noticiasradioreflejos.com.ar\/2021\/#\/schema\/person\/image\/\",\"url\":\"https:\/\/secure.gravatar.com\/avatar\/55cb5e37c1efa326397366e6974cb338056df65cb50e7d64d1cf314e87504837?s=96&d=mm&r=g\",\"contentUrl\":\"https:\/\/secure.gravatar.com\/avatar\/55cb5e37c1efa326397366e6974cb338056df65cb50e7d64d1cf314e87504837?s=96&d=mm&r=g\",\"caption\":\"Arnaldo Botto\"},\"url\":\"https:\/\/www.noticiasradioreflejos.com.ar\/2021\/author\/arnaldo\/\"}]}<\/script>\n<!-- \/ Yoast SEO plugin. -->","yoast_head_json":{"title":"Gran parte del pa\u00eds con alertas amarillas por altas temperaturas, tormentas y vientos - Noticias Radio Reflejos","robots":{"index":"index","follow":"follow","max-snippet":"max-snippet:-1","max-image-preview":"max-image-preview:large","max-video-preview":"max-video-preview:-1"},"canonical":"https:\/\/www.noticiasradioreflejos.com.ar\/2021\/gran-parte-del-pais-con-alertas-amarillas-por-altas-temperaturas-tormentas-y-vientos\/","og_locale":"es_ES","og_type":"article","og_title":"Gran parte del pa\u00eds con alertas amarillas por altas temperaturas, tormentas y vientos - Noticias Radio Reflejos","og_description":"Gran parte del pa\u00eds se encuentra bajo alerta amarilla por altas temperaturas por calor, que llegar\u00e1n hasta los 36 grados de m\u00e1xima, mientras rigen otras advertencias por fuertes vientos para el sur del pa\u00eds y por tormentas en el centro y norte, inform\u00f3 hoy el Servicio Meteorol\u00f3gico Nacional (SMN).","og_url":"https:\/\/www.noticiasradioreflejos.com.ar\/2021\/gran-parte-del-pais-con-alertas-amarillas-por-altas-temperaturas-tormentas-y-vientos\/","og_site_name":"Noticias Radio Reflejos","article_published_time":"2023-03-01T12:18:50+00:00","og_image":[{"width":300,"height":200,"url":"https:\/\/www.noticiasradioreflejos.com.ar\/2021\/wp-content\/uploads\/2021\/07\/logosol300x200.png","type":"image\/png"}],"author":"Arnaldo Botto","twitter_card":"summary_large_image","schema":{"@context":"https:\/\/schema.org","@graph":[{"@type":"WebPage","@id":"https:\/\/www.noticiasradioreflejos.com.ar\/2021\/gran-parte-del-pais-con-alertas-amarillas-por-altas-temperaturas-tormentas-y-vientos\/","url":"https:\/\/www.noticiasradioreflejos.com.ar\/2021\/gran-parte-del-pais-con-alertas-amarillas-por-altas-temperaturas-tormentas-y-vientos\/","name":"Gran parte del pa\u00eds con alertas amarillas por altas temperaturas, tormentas y vientos - Noticias Radio Reflejos","isPartOf":{"@id":"https:\/\/www.noticiasradioreflejos.com.ar\/2021\/#website"},"datePublished":"2023-03-01T12:18:50+00:00","author":{"@id":"https:\/\/www.noticiasradioreflejos.com.ar\/2021\/#\/schema\/person\/ad82545263dcc5ec0996818884fd5fb1"},"breadcrumb":{"@id":"https:\/\/www.noticiasradioreflejos.com.ar\/2021\/gran-parte-del-pais-con-alertas-amarillas-por-altas-temperaturas-tormentas-y-vientos\/#breadcrumb"},"inLanguage":"es","potentialAction":[{"@type":"ReadAction","target":["https:\/\/www.noticiasradioreflejos.com.ar\/2021\/gran-parte-del-pais-con-alertas-amarillas-por-altas-temperaturas-tormentas-y-vientos\/"]}]},{"@type":"BreadcrumbList","@id":"https:\/\/www.noticiasradioreflejos.com.ar\/2021\/gran-parte-del-pais-con-alertas-amarillas-por-altas-temperaturas-tormentas-y-vientos\/#breadcrumb","itemListElement":[{"@type":"ListItem","position":1,"name":"Portada","item":"https:\/\/www.noticiasradioreflejos.com.ar\/2021\/"},{"@type":"ListItem","position":2,"name":"Gran parte del pa\u00eds con alertas amarillas por altas temperaturas, tormentas y vientos"}]},{"@type":"WebSite","@id":"https:\/\/www.noticiasradioreflejos.com.ar\/2021\/#website","url":"https:\/\/www.noticiasradioreflejos.com.ar\/2021\/","name":"Noticias Radio Reflejos","description":"Las noticias de mi comarca","potentialAction":[{"@type":"SearchAction","target":{"@type":"EntryPoint","urlTemplate":"https:\/\/www.noticiasradioreflejos.com.ar\/2021\/?s={search_term_string}"},"query-input":{"@type":"PropertyValueSpecification","valueRequired":true,"valueName":"search_term_string"}}],"inLanguage":"es"},{"@type":"Person","@id":"https:\/\/www.noticiasradioreflejos.com.ar\/2021\/#\/schema\/person\/ad82545263dcc5ec0996818884fd5fb1","name":"Arnaldo Botto","image":{"@type":"ImageObject","inLanguage":"es","@id":"https:\/\/www.noticiasradioreflejos.com.ar\/2021\/#\/schema\/person\/image\/","url":"https:\/\/secure.gravatar.com\/avatar\/55cb5e37c1efa326397366e6974cb338056df65cb50e7d64d1cf314e87504837?s=96&d=mm&r=g","contentUrl":"https:\/\/secure.gravatar.com\/avatar\/55cb5e37c1efa326397366e6974cb338056df65cb50e7d64d1cf314e87504837?s=96&d=mm&r=g","caption":"Arnaldo Botto"},"url":"https:\/\/www.noticiasradioreflejos.com.ar\/2021\/author\/arnaldo\/"}]}},"_links":{"self":[{"href":"https:\/\/www.noticiasradioreflejos.com.ar\/2021\/wp-json\/wp\/v2\/posts\/84842","targetHints":{"allow":["GET"]}}],"collection":[{"href":"https:\/\/www.noticiasradioreflejos.com.ar\/2021\/wp-json\/wp\/v2\/posts"}],"about":[{"href":"https:\/\/www.noticiasradioreflejos.com.ar\/2021\/wp-json\/wp\/v2\/types\/post"}],"author":[{"embeddable":true,"href":"https:\/\/www.noticiasradioreflejos.com.ar\/2021\/wp-json\/wp\/v2\/users\/3"}],"replies":[{"embeddable":true,"href":"https:\/\/www.noticiasradioreflejos.com.ar\/2021\/wp-json\/wp\/v2\/comments?post=84842"}],"version-history":[{"count":1,"href":"https:\/\/www.noticiasradioreflejos.com.ar\/2021\/wp-json\/wp\/v2\/posts\/84842\/revisions"}],"predecessor-version":[{"id":84844,"href":"https:\/\/www.noticiasradioreflejos.com.ar\/2021\/wp-json\/wp\/v2\/posts\/84842\/revisions\/84844"}],"wp:attachment":[{"href":"https:\/\/www.noticiasradioreflejos.com.ar\/2021\/wp-json\/wp\/v2\/media?parent=84842"}],"wp:term":[{"taxonomy":"category","embeddable":true,"href":"https:\/\/www.noticiasradioreflejos.com.ar\/2021\/wp-json\/wp\/v2\/categories?post=84842"},{"taxonomy":"post_tag","embeddable":true,"href":"https:\/\/www.noticiasradioreflejos.com.ar\/2021\/wp-json\/wp\/v2\/tags?post=84842"}],"curies":[{"name":"wp","href":"https:\/\/api.w.org\/{rel}","templated":true}]}}