{"id":84837,"date":"2023-03-01T11:10:15","date_gmt":"2023-03-01T11:10:15","guid":{"rendered":"https:\/\/www.noticiasradioreflejos.com.ar\/2021\/?p=84837"},"modified":"2023-03-01T11:34:33","modified_gmt":"2023-03-01T11:34:33","slug":"asumieron-las-nuevas-autoridades-de-la-ucr-presididas-por-manuel-castro","status":"publish","type":"post","link":"https:\/\/www.noticiasradioreflejos.com.ar\/2021\/asumieron-las-nuevas-autoridades-de-la-ucr-presididas-por-manuel-castro\/","title":{"rendered":"Asumieron las nuevas autoridades de la UCR presididas por Manuel Castro"},"content":{"rendered":"<div class=\"adelanto\">\n<p><strong>Manuel Castro<\/strong>, actual secretario legislativo del Honorable Concejo Deliberante, asumi\u00f3 este martes como nuevo presidente del comit\u00e9 local de la Uni\u00f3n C\u00edvica Radical de Tornquist.<\/p>\n<\/div>\n<p><!--more--><\/p>\n<div class=\"text\">\n<p>(NT) &#8211; Castro tiene 30 a\u00f1os y reemplaza en el cargo a la hist\u00f3rica dirigente Silvia Pessolani que ahora ocupar\u00e1 la vicepresidencia.<\/p>\n<p>Durante la presentaci\u00f3n se nombraron a todos los integrantes del comit\u00e9 e inclusive a los miembros de los sub comit\u00e9 de Saldungaray, Sierra de la Ventana y la Juventud Radical.<\/p>\n<p>Silvia Pessolani, se despidi\u00f3 de la titularidad del comit\u00e9 agradeciendo a todos por el gran apoyo y lo propio hizo el entrante Manuel Castro que volvi\u00f3 a ratificar que el pr\u00f3ximo Intendente ser\u00e1 de la UCR.<\/p>\n<p>Acompa\u00f1aron adem\u00e1s Nerina Neumann, dirigente de Coronel Suarez , la Presidente del Comit\u00e9 de Coronel Su\u00e1rez Carolina Cerri, actual concejal y viajaron desde Bahia Blanca entre otros Pablo Daguerre (Concejal y Presidente del comit\u00e9 UCR) junto a Silvia Cabir\u00f3n y otros referentes.<\/p>\n<p>Tambi\u00e9n se vio a los precandidatos a Intendente Sandra Kifer y Federico Labarthe<\/p>\n<\/div>\n<p><iframe loading=\"lazy\" src=\"https:\/\/w.soundcloud.com\/player\/?url=https%3A\/\/api.soundcloud.com\/tracks\/1458719758&amp;color=%23ff5500&amp;auto_play=false&amp;hide_related=false&amp;show_comments=true&amp;show_user=true&amp;show_reposts=false&amp;show_teaser=true\" width=\"100%\" height=\"166\" frameborder=\"no\" scrolling=\"no\"><\/iframe><\/p>\n<div style=\"font-size: 10px; color: #cccccc; line-break: anywhere; word-break: normal; overflow: hidden; white-space: nowrap; text-overflow: ellipsis; font-family: Interstate,Lucida Grande,Lucida Sans Unicode,Lucida Sans,Garuda,Verdana,Tahoma,sans-serif; font-weight: 100;\"><a style=\"color: #cccccc; text-decoration: none;\" title=\"fmreflejos 103.7\" href=\"https:\/\/soundcloud.com\/fmreflejos-103-7\" target=\"_blank\" rel=\"noopener\">fmreflejos 103.7<\/a> \u00b7 <a style=\"color: #cccccc; text-decoration: none;\" title=\"Silvia Pesolani\" href=\"https:\/\/soundcloud.com\/fmreflejos-103-7\/silvia-pesolani\" target=\"_blank\" rel=\"noopener\">Silvia Pesolani<\/a><\/div>\n<p>&nbsp;<\/p>\n<p><iframe loading=\"lazy\" src=\"https:\/\/w.soundcloud.com\/player\/?url=https%3A\/\/api.soundcloud.com\/tracks\/1458719764&amp;color=%23ff5500&amp;auto_play=false&amp;hide_related=false&amp;show_comments=true&amp;show_user=true&amp;show_reposts=false&amp;show_teaser=true\" width=\"100%\" height=\"166\" frameborder=\"no\" scrolling=\"no\"><\/iframe><\/p>\n<div style=\"font-size: 10px; color: #cccccc; line-break: anywhere; word-break: normal; overflow: hidden; white-space: nowrap; text-overflow: ellipsis; font-family: Interstate,Lucida Grande,Lucida Sans Unicode,Lucida Sans,Garuda,Verdana,Tahoma,sans-serif; font-weight: 100;\"><a style=\"color: #cccccc; text-decoration: none;\" title=\"fmreflejos 103.7\" href=\"https:\/\/soundcloud.com\/fmreflejos-103-7\" target=\"_blank\" rel=\"noopener\">fmreflejos 103.7<\/a> \u00b7 <a style=\"color: #cccccc; text-decoration: none;\" title=\"Manuel Castro\" href=\"https:\/\/soundcloud.com\/fmreflejos-103-7\/manuel-castro-5\" target=\"_blank\" rel=\"noopener\">Manuel Castro<\/a><\/div>\n<div class=\"text\">\n<p><strong>Autoridades comit\u00e9 UCR<\/strong><\/p>\n<p><strong>Presidente : Manuel Castro<\/strong><\/p>\n<p>Vice: Silvia Pessolani<\/p>\n<p>Secretario General: Carlos Trejo<\/p>\n<p>Tesorera: Raquel Donnari<\/p>\n<p><strong>Vocales:\u00a0<\/strong><\/p>\n<p>Esteban Ferreira<\/p>\n<p>Susana Marcolini<\/p>\n<p>Walter Hoerr<\/p>\n<p>Silvina Osses<\/p>\n<p>Hugo Scabusso<\/p>\n<p>Susana Catani<\/p>\n<p><strong>Suplentes<\/strong><\/p>\n<p>Edgardo Laborde<\/p>\n<p>Haydee Rossini<\/p>\n<p>Jorge Diez<\/p>\n<p>Paula Alcaraz<\/p>\n<p><strong>Convencional Titular<\/strong><\/p>\n<p>Ariel Menna<\/p>\n<p><strong>Convencional Suplente<\/strong><\/p>\n<p>Adriana Muscillo<\/p>\n<p>&#8212;&#8212;&#8212;&#8212;&#8212;&#8212;&#8212;&#8212;&#8212;&#8212;&#8212;&#8212;&#8212;&#8212;&#8212;&#8212;&#8212;&#8212;&#8212;&#8212;&#8212;&#8212;-<\/p>\n<p><strong>Autoridades Sub Comit\u00e9 Saldungaray<\/strong><\/p>\n<p><strong>Presidente: Jos\u00e9\u00a0<\/strong><b>Fonfr\u00eda<\/b><\/p>\n<p>Vice: Andrea Ben\u00edtez<\/p>\n<p>Secretario General: Luciano Acu\u00f1a<\/p>\n<p>Tesorera: Maria Manuela Vergara<\/p>\n<p><strong>Vocales<\/strong><\/p>\n<p>Sergio Capella<\/p>\n<p>M\u00f3nica de Larena<\/p>\n<p>Ezequiel Marzialetti<\/p>\n<p>Monica Orazi<\/p>\n<p><strong>Suplentes<\/strong><\/p>\n<p>Sergio Abrego<\/p>\n<p>Maria Hesayne<\/p>\n<p>&#8212;&#8212;&#8212;&#8212;&#8212;&#8212;&#8212;&#8212;&#8212;&#8212;&#8212;&#8212;&#8212;&#8212;&#8212;&#8212;&#8212;&#8212;&#8212;&#8212;&#8212;<\/p>\n<p><strong>Sub Comit\u00e9 de Sierra de la Ventana<\/strong><\/p>\n<p><strong>Presidente: Carlos Dom\u00ednguez<\/strong><\/p>\n<p>Vice: Mar\u00eda Jes\u00fas Cortez<\/p>\n<p>Secretario General: Ra\u00fal Salerno<\/p>\n<p>Tesorera: Rosana Perez<\/p>\n<p><strong>Vocales<\/strong><\/p>\n<p>Gaston Gigoux<\/p>\n<p>Leticia Cardozo<\/p>\n<p>Carlos Dante San Jos\u00e9<\/p>\n<p>Margarita Rinc\u00f3n<\/p>\n<p><strong>Suplentes<\/strong><\/p>\n<p>V\u00edctor Sabella<\/p>\n<p>Ines Fernandez<\/p>\n<p>Oscar Micheleto<\/p>\n<p>&#8212;&#8212;&#8212;&#8212;&#8212;&#8212;&#8212;&#8212;&#8212;&#8212;&#8212;&#8212;&#8212;&#8212;&#8212;&#8212;&#8212;&#8212;-<\/p>\n<p><strong>Juventud Radical<\/strong><\/p>\n<p><strong>Presidente: Angela Naz\u00f3n<\/strong><\/p>\n<p>Vice: Facundo Sabella<\/p>\n<p>Secretaria: Ainara Echegu\u00eda<\/p>\n<p><strong>Vocales:<\/strong><\/p>\n<p>Orlando Lloret<\/p>\n<p>Catarina Menna<\/p>\n<p>I\u00f1aki Labarthe<\/p>\n<p>Manuela Lopez<\/p>\n<p>Mims Axel<\/p>\n<p>Johann Dorregaray<\/p>\n<p>Nicolas Mazzieri<\/p>\n<p>Natalia Scheopff<\/p>\n<p>Vladimir Dorregaray<\/p>\n<p><strong><a href=\"https:\/\/www.facebook.com\/noticastornquist\/posts\/pfbid08L9wwhvAUJrc1GE2xvYpc4Qokg95esUqa9JEVf85o5pLR19HSKn4DBBRPvt9Eqpil\">FOTOS<\/a><\/strong><\/p>\n<\/div>\n<div>\n<hr \/>\n<p><img decoding=\"async\" src=\"https:\/\/www.noticiastornquist.com.ar\/imagen.php?imagen=2023-02\/dsc0002-1280x768-2.jpg\" \/><\/p>\n<div><\/div>\n<hr \/>\n<p><img decoding=\"async\" src=\"https:\/\/www.noticiastornquist.com.ar\/imagen.php?imagen=2023-02\/dsc0003-1280x768.jpg\" \/><\/p>\n<div><\/div>\n<hr \/>\n<p><img decoding=\"async\" src=\"https:\/\/www.noticiastornquist.com.ar\/imagen.php?imagen=2023-02\/dsc0004-1280x768-1.jpg\" \/><\/p>\n<div><\/div>\n<hr \/>\n<p><img decoding=\"async\" src=\"https:\/\/www.noticiastornquist.com.ar\/imagen.php?imagen=2023-02\/dsc0005-1280x768.jpg\" \/><\/p>\n<div><\/div>\n<hr \/>\n<p><img decoding=\"async\" src=\"https:\/\/www.noticiastornquist.com.ar\/imagen.php?imagen=2023-02\/dsc0010-1280x768-1.jpg\" \/><\/p>\n<div><\/div>\n<hr \/>\n<p><img decoding=\"async\" src=\"https:\/\/www.noticiastornquist.com.ar\/imagen.php?imagen=2023-02\/dsc0011-1280x768.jpg\" \/><\/p>\n<div><\/div>\n<hr \/>\n<p><img decoding=\"async\" src=\"https:\/\/www.noticiastornquist.com.ar\/imagen.php?imagen=2023-02\/dsc0012-1280x768-1.jpg\" \/><\/p>\n<div><\/div>\n<hr \/>\n<p><img decoding=\"async\" src=\"https:\/\/www.noticiastornquist.com.ar\/imagen.php?imagen=2023-02\/dsc0013-1280x768.jpg\" \/><\/p>\n<div><\/div>\n<hr \/>\n<p><img decoding=\"async\" src=\"https:\/\/www.noticiastornquist.com.ar\/imagen.php?imagen=2023-02\/dsc0014-1280x768.jpg\" \/><\/p>\n<div><\/div>\n<hr \/>\n<p><img decoding=\"async\" src=\"https:\/\/www.noticiastornquist.com.ar\/imagen.php?imagen=2023-02\/dsc0016-1280x768.jpg\" \/><\/p>\n<\/div>\n<div><\/div>\n<div><\/div>\n<div><strong>Material de Noticias Tornquist<\/strong><\/div>\n","protected":false},"excerpt":{"rendered":"<p>Manuel Castro, actual secretario legislativo del Honorable Concejo Deliberante, asumi\u00f3 este martes como nuevo presidente del comit\u00e9 local de la Uni\u00f3n C\u00edvica Radical de Tornquist.<\/p>\n","protected":false},"author":3,"featured_media":0,"comment_status":"closed","ping_status":"closed","sticky":false,"template":"","format":"standard","meta":{"footnotes":""},"categories":[24],"tags":[],"class_list":["post-84837","post","type-post","status-publish","format-standard","hentry","category-politica"],"yoast_head":"<!-- This site is optimized with the Yoast SEO plugin v25.9 - https:\/\/yoast.com\/wordpress\/plugins\/seo\/ -->\n<title>Asumieron las nuevas autoridades de la UCR presididas por Manuel Castro - Noticias Radio Reflejos<\/title>\n<meta name=\"robots\" content=\"index, follow, max-snippet:-1, max-image-preview:large, max-video-preview:-1\" \/>\n<link rel=\"canonical\" href=\"https:\/\/www.noticiasradioreflejos.com.ar\/2021\/asumieron-las-nuevas-autoridades-de-la-ucr-presididas-por-manuel-castro\/\" \/>\n<meta property=\"og:locale\" content=\"es_ES\" \/>\n<meta property=\"og:type\" content=\"article\" \/>\n<meta property=\"og:title\" content=\"Asumieron las nuevas autoridades de la UCR presididas por Manuel Castro - Noticias Radio Reflejos\" \/>\n<meta property=\"og:description\" content=\"Manuel Castro, actual secretario legislativo del Honorable Concejo Deliberante, asumi\u00f3 este martes como nuevo presidente del comit\u00e9 local de la Uni\u00f3n C\u00edvica Radical de Tornquist.\" \/>\n<meta property=\"og:url\" content=\"https:\/\/www.noticiasradioreflejos.com.ar\/2021\/asumieron-las-nuevas-autoridades-de-la-ucr-presididas-por-manuel-castro\/\" \/>\n<meta property=\"og:site_name\" content=\"Noticias Radio Reflejos\" \/>\n<meta property=\"article:published_time\" content=\"2023-03-01T11:10:15+00:00\" \/>\n<meta property=\"article:modified_time\" content=\"2023-03-01T11:34:33+00:00\" \/>\n<meta property=\"og:image\" content=\"https:\/\/www.noticiastornquist.com.ar\/imagen.php?imagen=2023-02\/dsc0002-1280x768-2.jpg\" \/>\n<meta name=\"author\" content=\"Arnaldo Botto\" \/>\n<meta name=\"twitter:card\" content=\"summary_large_image\" \/>\n<script type=\"application\/ld+json\" class=\"yoast-schema-graph\">{\"@context\":\"https:\/\/schema.org\",\"@graph\":[{\"@type\":\"WebPage\",\"@id\":\"https:\/\/www.noticiasradioreflejos.com.ar\/2021\/asumieron-las-nuevas-autoridades-de-la-ucr-presididas-por-manuel-castro\/\",\"url\":\"https:\/\/www.noticiasradioreflejos.com.ar\/2021\/asumieron-las-nuevas-autoridades-de-la-ucr-presididas-por-manuel-castro\/\",\"name\":\"Asumieron las nuevas autoridades de la UCR presididas por Manuel Castro - Noticias Radio Reflejos\",\"isPartOf\":{\"@id\":\"https:\/\/www.noticiasradioreflejos.com.ar\/2021\/#website\"},\"primaryImageOfPage\":{\"@id\":\"https:\/\/www.noticiasradioreflejos.com.ar\/2021\/asumieron-las-nuevas-autoridades-de-la-ucr-presididas-por-manuel-castro\/#primaryimage\"},\"image\":{\"@id\":\"https:\/\/www.noticiasradioreflejos.com.ar\/2021\/asumieron-las-nuevas-autoridades-de-la-ucr-presididas-por-manuel-castro\/#primaryimage\"},\"thumbnailUrl\":\"https:\/\/www.noticiastornquist.com.ar\/imagen.php?imagen=2023-02\/dsc0002-1280x768-2.jpg\",\"datePublished\":\"2023-03-01T11:10:15+00:00\",\"dateModified\":\"2023-03-01T11:34:33+00:00\",\"author\":{\"@id\":\"https:\/\/www.noticiasradioreflejos.com.ar\/2021\/#\/schema\/person\/ad82545263dcc5ec0996818884fd5fb1\"},\"breadcrumb\":{\"@id\":\"https:\/\/www.noticiasradioreflejos.com.ar\/2021\/asumieron-las-nuevas-autoridades-de-la-ucr-presididas-por-manuel-castro\/#breadcrumb\"},\"inLanguage\":\"es\",\"potentialAction\":[{\"@type\":\"ReadAction\",\"target\":[\"https:\/\/www.noticiasradioreflejos.com.ar\/2021\/asumieron-las-nuevas-autoridades-de-la-ucr-presididas-por-manuel-castro\/\"]}]},{\"@type\":\"ImageObject\",\"inLanguage\":\"es\",\"@id\":\"https:\/\/www.noticiasradioreflejos.com.ar\/2021\/asumieron-las-nuevas-autoridades-de-la-ucr-presididas-por-manuel-castro\/#primaryimage\",\"url\":\"https:\/\/www.noticiastornquist.com.ar\/imagen.php?imagen=2023-02\/dsc0002-1280x768-2.jpg\",\"contentUrl\":\"https:\/\/www.noticiastornquist.com.ar\/imagen.php?imagen=2023-02\/dsc0002-1280x768-2.jpg\"},{\"@type\":\"BreadcrumbList\",\"@id\":\"https:\/\/www.noticiasradioreflejos.com.ar\/2021\/asumieron-las-nuevas-autoridades-de-la-ucr-presididas-por-manuel-castro\/#breadcrumb\",\"itemListElement\":[{\"@type\":\"ListItem\",\"position\":1,\"name\":\"Portada\",\"item\":\"https:\/\/www.noticiasradioreflejos.com.ar\/2021\/\"},{\"@type\":\"ListItem\",\"position\":2,\"name\":\"Asumieron las nuevas autoridades de la UCR presididas por Manuel Castro\"}]},{\"@type\":\"WebSite\",\"@id\":\"https:\/\/www.noticiasradioreflejos.com.ar\/2021\/#website\",\"url\":\"https:\/\/www.noticiasradioreflejos.com.ar\/2021\/\",\"name\":\"Noticias Radio Reflejos\",\"description\":\"Las noticias de mi comarca\",\"potentialAction\":[{\"@type\":\"SearchAction\",\"target\":{\"@type\":\"EntryPoint\",\"urlTemplate\":\"https:\/\/www.noticiasradioreflejos.com.ar\/2021\/?s={search_term_string}\"},\"query-input\":{\"@type\":\"PropertyValueSpecification\",\"valueRequired\":true,\"valueName\":\"search_term_string\"}}],\"inLanguage\":\"es\"},{\"@type\":\"Person\",\"@id\":\"https:\/\/www.noticiasradioreflejos.com.ar\/2021\/#\/schema\/person\/ad82545263dcc5ec0996818884fd5fb1\",\"name\":\"Arnaldo Botto\",\"image\":{\"@type\":\"ImageObject\",\"inLanguage\":\"es\",\"@id\":\"https:\/\/www.noticiasradioreflejos.com.ar\/2021\/#\/schema\/person\/image\/\",\"url\":\"https:\/\/secure.gravatar.com\/avatar\/55cb5e37c1efa326397366e6974cb338056df65cb50e7d64d1cf314e87504837?s=96&d=mm&r=g\",\"contentUrl\":\"https:\/\/secure.gravatar.com\/avatar\/55cb5e37c1efa326397366e6974cb338056df65cb50e7d64d1cf314e87504837?s=96&d=mm&r=g\",\"caption\":\"Arnaldo Botto\"},\"url\":\"https:\/\/www.noticiasradioreflejos.com.ar\/2021\/author\/arnaldo\/\"}]}<\/script>\n<!-- \/ Yoast SEO plugin. -->","yoast_head_json":{"title":"Asumieron las nuevas autoridades de la UCR presididas por Manuel Castro - Noticias Radio Reflejos","robots":{"index":"index","follow":"follow","max-snippet":"max-snippet:-1","max-image-preview":"max-image-preview:large","max-video-preview":"max-video-preview:-1"},"canonical":"https:\/\/www.noticiasradioreflejos.com.ar\/2021\/asumieron-las-nuevas-autoridades-de-la-ucr-presididas-por-manuel-castro\/","og_locale":"es_ES","og_type":"article","og_title":"Asumieron las nuevas autoridades de la UCR presididas por Manuel Castro - Noticias Radio Reflejos","og_description":"Manuel Castro, actual secretario legislativo del Honorable Concejo Deliberante, asumi\u00f3 este martes como nuevo presidente del comit\u00e9 local de la Uni\u00f3n C\u00edvica Radical de Tornquist.","og_url":"https:\/\/www.noticiasradioreflejos.com.ar\/2021\/asumieron-las-nuevas-autoridades-de-la-ucr-presididas-por-manuel-castro\/","og_site_name":"Noticias Radio Reflejos","article_published_time":"2023-03-01T11:10:15+00:00","article_modified_time":"2023-03-01T11:34:33+00:00","og_image":[{"url":"https:\/\/www.noticiastornquist.com.ar\/imagen.php?imagen=2023-02\/dsc0002-1280x768-2.jpg","type":"","width":"","height":""}],"author":"Arnaldo Botto","twitter_card":"summary_large_image","schema":{"@context":"https:\/\/schema.org","@graph":[{"@type":"WebPage","@id":"https:\/\/www.noticiasradioreflejos.com.ar\/2021\/asumieron-las-nuevas-autoridades-de-la-ucr-presididas-por-manuel-castro\/","url":"https:\/\/www.noticiasradioreflejos.com.ar\/2021\/asumieron-las-nuevas-autoridades-de-la-ucr-presididas-por-manuel-castro\/","name":"Asumieron las nuevas autoridades de la UCR presididas por Manuel Castro - Noticias Radio Reflejos","isPartOf":{"@id":"https:\/\/www.noticiasradioreflejos.com.ar\/2021\/#website"},"primaryImageOfPage":{"@id":"https:\/\/www.noticiasradioreflejos.com.ar\/2021\/asumieron-las-nuevas-autoridades-de-la-ucr-presididas-por-manuel-castro\/#primaryimage"},"image":{"@id":"https:\/\/www.noticiasradioreflejos.com.ar\/2021\/asumieron-las-nuevas-autoridades-de-la-ucr-presididas-por-manuel-castro\/#primaryimage"},"thumbnailUrl":"https:\/\/www.noticiastornquist.com.ar\/imagen.php?imagen=2023-02\/dsc0002-1280x768-2.jpg","datePublished":"2023-03-01T11:10:15+00:00","dateModified":"2023-03-01T11:34:33+00:00","author":{"@id":"https:\/\/www.noticiasradioreflejos.com.ar\/2021\/#\/schema\/person\/ad82545263dcc5ec0996818884fd5fb1"},"breadcrumb":{"@id":"https:\/\/www.noticiasradioreflejos.com.ar\/2021\/asumieron-las-nuevas-autoridades-de-la-ucr-presididas-por-manuel-castro\/#breadcrumb"},"inLanguage":"es","potentialAction":[{"@type":"ReadAction","target":["https:\/\/www.noticiasradioreflejos.com.ar\/2021\/asumieron-las-nuevas-autoridades-de-la-ucr-presididas-por-manuel-castro\/"]}]},{"@type":"ImageObject","inLanguage":"es","@id":"https:\/\/www.noticiasradioreflejos.com.ar\/2021\/asumieron-las-nuevas-autoridades-de-la-ucr-presididas-por-manuel-castro\/#primaryimage","url":"https:\/\/www.noticiastornquist.com.ar\/imagen.php?imagen=2023-02\/dsc0002-1280x768-2.jpg","contentUrl":"https:\/\/www.noticiastornquist.com.ar\/imagen.php?imagen=2023-02\/dsc0002-1280x768-2.jpg"},{"@type":"BreadcrumbList","@id":"https:\/\/www.noticiasradioreflejos.com.ar\/2021\/asumieron-las-nuevas-autoridades-de-la-ucr-presididas-por-manuel-castro\/#breadcrumb","itemListElement":[{"@type":"ListItem","position":1,"name":"Portada","item":"https:\/\/www.noticiasradioreflejos.com.ar\/2021\/"},{"@type":"ListItem","position":2,"name":"Asumieron las nuevas autoridades de la UCR presididas por Manuel Castro"}]},{"@type":"WebSite","@id":"https:\/\/www.noticiasradioreflejos.com.ar\/2021\/#website","url":"https:\/\/www.noticiasradioreflejos.com.ar\/2021\/","name":"Noticias Radio Reflejos","description":"Las noticias de mi comarca","potentialAction":[{"@type":"SearchAction","target":{"@type":"EntryPoint","urlTemplate":"https:\/\/www.noticiasradioreflejos.com.ar\/2021\/?s={search_term_string}"},"query-input":{"@type":"PropertyValueSpecification","valueRequired":true,"valueName":"search_term_string"}}],"inLanguage":"es"},{"@type":"Person","@id":"https:\/\/www.noticiasradioreflejos.com.ar\/2021\/#\/schema\/person\/ad82545263dcc5ec0996818884fd5fb1","name":"Arnaldo Botto","image":{"@type":"ImageObject","inLanguage":"es","@id":"https:\/\/www.noticiasradioreflejos.com.ar\/2021\/#\/schema\/person\/image\/","url":"https:\/\/secure.gravatar.com\/avatar\/55cb5e37c1efa326397366e6974cb338056df65cb50e7d64d1cf314e87504837?s=96&d=mm&r=g","contentUrl":"https:\/\/secure.gravatar.com\/avatar\/55cb5e37c1efa326397366e6974cb338056df65cb50e7d64d1cf314e87504837?s=96&d=mm&r=g","caption":"Arnaldo Botto"},"url":"https:\/\/www.noticiasradioreflejos.com.ar\/2021\/author\/arnaldo\/"}]}},"_links":{"self":[{"href":"https:\/\/www.noticiasradioreflejos.com.ar\/2021\/wp-json\/wp\/v2\/posts\/84837","targetHints":{"allow":["GET"]}}],"collection":[{"href":"https:\/\/www.noticiasradioreflejos.com.ar\/2021\/wp-json\/wp\/v2\/posts"}],"about":[{"href":"https:\/\/www.noticiasradioreflejos.com.ar\/2021\/wp-json\/wp\/v2\/types\/post"}],"author":[{"embeddable":true,"href":"https:\/\/www.noticiasradioreflejos.com.ar\/2021\/wp-json\/wp\/v2\/users\/3"}],"replies":[{"embeddable":true,"href":"https:\/\/www.noticiasradioreflejos.com.ar\/2021\/wp-json\/wp\/v2\/comments?post=84837"}],"version-history":[{"count":3,"href":"https:\/\/www.noticiasradioreflejos.com.ar\/2021\/wp-json\/wp\/v2\/posts\/84837\/revisions"}],"predecessor-version":[{"id":84841,"href":"https:\/\/www.noticiasradioreflejos.com.ar\/2021\/wp-json\/wp\/v2\/posts\/84837\/revisions\/84841"}],"wp:attachment":[{"href":"https:\/\/www.noticiasradioreflejos.com.ar\/2021\/wp-json\/wp\/v2\/media?parent=84837"}],"wp:term":[{"taxonomy":"category","embeddable":true,"href":"https:\/\/www.noticiasradioreflejos.com.ar\/2021\/wp-json\/wp\/v2\/categories?post=84837"},{"taxonomy":"post_tag","embeddable":true,"href":"https:\/\/www.noticiasradioreflejos.com.ar\/2021\/wp-json\/wp\/v2\/tags?post=84837"}],"curies":[{"name":"wp","href":"https:\/\/api.w.org\/{rel}","templated":true}]}}