{"id":84832,"date":"2023-03-01T11:01:18","date_gmt":"2023-03-01T11:01:18","guid":{"rendered":"https:\/\/www.noticiasradioreflejos.com.ar\/2021\/?p=84832"},"modified":"2023-03-01T11:03:39","modified_gmt":"2023-03-01T11:03:39","slug":"tornquist-un-fenomenal-rayo-inicio-un-incendio-en-el-parque-apicola","status":"publish","type":"post","link":"https:\/\/www.noticiasradioreflejos.com.ar\/2021\/tornquist-un-fenomenal-rayo-inicio-un-incendio-en-el-parque-apicola\/","title":{"rendered":"Tornquist: Un fenomenal rayo inici\u00f3 un incendio en el parque ap\u00edcola"},"content":{"rendered":"<p>Los bomberos voluntarios de Tornquist, debieron concurrir cerca de las 22 horas de este martes al sector del Parque Ap\u00edcola, ubicado en lotes detr\u00e1s de la Escuela T\u00e9cnica N\u00ba 1, en el acceso a Tornquist, por ruta provincial 76.<!--more--><br \/>\nComo bien lo capto la fotograf\u00eda de portada, un temerario rayo inici\u00f3 el fuego que afect\u00f3 material ap\u00edcola depositado en el lugar como alzas y cuadros pero adem\u00e1s ardieron dos pinos.<\/p>\n<p>Los servidores p\u00fablicos a pesar de la tormenta el\u00e9ctrica lograron sofocar el mismo y procedieron a enfriar toda la zona, mientras la lluvia tambi\u00e9n ayud\u00f3.<\/p>\n<p>Tambi\u00e9n Malvina, una de las propietarias de colmenas, indic\u00f3 que se perdieron 300 alzas, pisos, c\u00e1maras y techos.<\/p>\n<p>&nbsp;<\/p>\n<p><span style=\"color: #ff6600;\"><em><strong>Foto de portada de Mariela Bentosela<\/strong><\/em><\/span><br \/>\n<a title=\"rayo parque ap\u00edcola (1)\" href=\"https:\/\/www.flickr.com\/photos\/182279889@N02\/52719048016\/in\/dateposted-public\/\" data-flickr-embed=\"true\"><img loading=\"lazy\" decoding=\"async\" src=\"https:\/\/live.staticflickr.com\/65535\/52719048016_3338001219_c.jpg\" alt=\"rayo parque ap\u00edcola (1)\" width=\"600\" height=\"800\" \/><\/a><script async src=\"\/\/embedr.flickr.com\/assets\/client-code.js\" charset=\"utf-8\"><\/script><\/p>\n<div class=\"text\">\n<p><strong><em>Video: Gentileza Malvina Steinbach<\/em><\/strong><\/p>\n<p><iframe loading=\"lazy\" title=\"Incendio Parque Apicola Tornquist\" src=\"https:\/\/www.youtube.com\/embed\/dITQ6I4pptA\" width=\"378\" height=\"672\" frameborder=\"0\" allowfullscreen=\"allowfullscreen\" data-mce-fragment=\"1\"><\/iframe><\/p>\n<\/div>\n<div>\n<p><img decoding=\"async\" src=\"https:\/\/www.noticiastornquist.com.ar\/imagen.php?imagen=2023-02\/otra-va.png\" \/><\/p>\n<div><\/div>\n<hr \/>\n<p><img decoding=\"async\" src=\"https:\/\/www.noticiastornquist.com.ar\/imagen.php?imagen=2023-02\/dos.png\" \/><\/p>\n<div><\/div>\n<hr \/>\n<p><img decoding=\"async\" src=\"https:\/\/www.noticiastornquist.com.ar\/imagen.php?imagen=2023-02\/sin-titulo-2.png\" \/><\/p>\n<\/div>\n","protected":false},"excerpt":{"rendered":"<p>Los bomberos voluntarios de Tornquist, debieron concurrir cerca de las 22 horas de este martes al sector del Parque Ap\u00edcola, ubicado en lotes detr\u00e1s de la Escuela T\u00e9cnica N\u00ba 1, en el acceso a Tornquist, por ruta provincial 76.<\/p>\n","protected":false},"author":3,"featured_media":84833,"comment_status":"closed","ping_status":"closed","sticky":false,"template":"","format":"standard","meta":{"footnotes":""},"categories":[46,29],"tags":[48],"class_list":["post-84832","post","type-post","status-publish","format-standard","has-post-thumbnail","hentry","category-ciencia-y-tecnologia","category-policiales","tag-destacada"],"yoast_head":"<!-- This site is optimized with the Yoast SEO plugin v25.9 - https:\/\/yoast.com\/wordpress\/plugins\/seo\/ -->\n<title>Tornquist: Un fenomenal rayo inici\u00f3 un incendio en el parque ap\u00edcola - Noticias Radio Reflejos<\/title>\n<meta name=\"robots\" content=\"index, follow, max-snippet:-1, max-image-preview:large, max-video-preview:-1\" \/>\n<link rel=\"canonical\" href=\"https:\/\/www.noticiasradioreflejos.com.ar\/2021\/tornquist-un-fenomenal-rayo-inicio-un-incendio-en-el-parque-apicola\/\" \/>\n<meta property=\"og:locale\" content=\"es_ES\" \/>\n<meta property=\"og:type\" content=\"article\" \/>\n<meta property=\"og:title\" content=\"Tornquist: Un fenomenal rayo inici\u00f3 un incendio en el parque ap\u00edcola - Noticias Radio Reflejos\" \/>\n<meta property=\"og:description\" content=\"Los bomberos voluntarios de Tornquist, debieron concurrir cerca de las 22 horas de este martes al sector del Parque Ap\u00edcola, ubicado en lotes detr\u00e1s de la Escuela T\u00e9cnica N\u00ba 1, en el acceso a Tornquist, por ruta provincial 76.\" \/>\n<meta property=\"og:url\" content=\"https:\/\/www.noticiasradioreflejos.com.ar\/2021\/tornquist-un-fenomenal-rayo-inicio-un-incendio-en-el-parque-apicola\/\" \/>\n<meta property=\"og:site_name\" content=\"Noticias Radio Reflejos\" \/>\n<meta property=\"article:published_time\" content=\"2023-03-01T11:01:18+00:00\" \/>\n<meta property=\"article:modified_time\" content=\"2023-03-01T11:03:39+00:00\" \/>\n<meta property=\"og:image\" content=\"https:\/\/www.noticiasradioreflejos.com.ar\/2021\/wp-content\/uploads\/2023\/03\/rayo-parque-apicola-2.jpeg\" \/>\n\t<meta property=\"og:image:width\" content=\"960\" \/>\n\t<meta property=\"og:image:height\" content=\"1146\" \/>\n\t<meta property=\"og:image:type\" content=\"image\/jpeg\" \/>\n<meta name=\"author\" content=\"Arnaldo Botto\" \/>\n<meta name=\"twitter:card\" content=\"summary_large_image\" \/>\n<script type=\"application\/ld+json\" class=\"yoast-schema-graph\">{\"@context\":\"https:\/\/schema.org\",\"@graph\":[{\"@type\":\"WebPage\",\"@id\":\"https:\/\/www.noticiasradioreflejos.com.ar\/2021\/tornquist-un-fenomenal-rayo-inicio-un-incendio-en-el-parque-apicola\/\",\"url\":\"https:\/\/www.noticiasradioreflejos.com.ar\/2021\/tornquist-un-fenomenal-rayo-inicio-un-incendio-en-el-parque-apicola\/\",\"name\":\"Tornquist: Un fenomenal rayo inici\u00f3 un incendio en el parque ap\u00edcola - Noticias Radio Reflejos\",\"isPartOf\":{\"@id\":\"https:\/\/www.noticiasradioreflejos.com.ar\/2021\/#website\"},\"primaryImageOfPage\":{\"@id\":\"https:\/\/www.noticiasradioreflejos.com.ar\/2021\/tornquist-un-fenomenal-rayo-inicio-un-incendio-en-el-parque-apicola\/#primaryimage\"},\"image\":{\"@id\":\"https:\/\/www.noticiasradioreflejos.com.ar\/2021\/tornquist-un-fenomenal-rayo-inicio-un-incendio-en-el-parque-apicola\/#primaryimage\"},\"thumbnailUrl\":\"https:\/\/www.noticiasradioreflejos.com.ar\/2021\/wp-content\/uploads\/2023\/03\/rayo-parque-apicola-2.jpeg\",\"datePublished\":\"2023-03-01T11:01:18+00:00\",\"dateModified\":\"2023-03-01T11:03:39+00:00\",\"author\":{\"@id\":\"https:\/\/www.noticiasradioreflejos.com.ar\/2021\/#\/schema\/person\/ad82545263dcc5ec0996818884fd5fb1\"},\"breadcrumb\":{\"@id\":\"https:\/\/www.noticiasradioreflejos.com.ar\/2021\/tornquist-un-fenomenal-rayo-inicio-un-incendio-en-el-parque-apicola\/#breadcrumb\"},\"inLanguage\":\"es\",\"potentialAction\":[{\"@type\":\"ReadAction\",\"target\":[\"https:\/\/www.noticiasradioreflejos.com.ar\/2021\/tornquist-un-fenomenal-rayo-inicio-un-incendio-en-el-parque-apicola\/\"]}]},{\"@type\":\"ImageObject\",\"inLanguage\":\"es\",\"@id\":\"https:\/\/www.noticiasradioreflejos.com.ar\/2021\/tornquist-un-fenomenal-rayo-inicio-un-incendio-en-el-parque-apicola\/#primaryimage\",\"url\":\"https:\/\/www.noticiasradioreflejos.com.ar\/2021\/wp-content\/uploads\/2023\/03\/rayo-parque-apicola-2.jpeg\",\"contentUrl\":\"https:\/\/www.noticiasradioreflejos.com.ar\/2021\/wp-content\/uploads\/2023\/03\/rayo-parque-apicola-2.jpeg\",\"width\":960,\"height\":1146},{\"@type\":\"BreadcrumbList\",\"@id\":\"https:\/\/www.noticiasradioreflejos.com.ar\/2021\/tornquist-un-fenomenal-rayo-inicio-un-incendio-en-el-parque-apicola\/#breadcrumb\",\"itemListElement\":[{\"@type\":\"ListItem\",\"position\":1,\"name\":\"Portada\",\"item\":\"https:\/\/www.noticiasradioreflejos.com.ar\/2021\/\"},{\"@type\":\"ListItem\",\"position\":2,\"name\":\"Tornquist: Un fenomenal rayo inici\u00f3 un incendio en el parque ap\u00edcola\"}]},{\"@type\":\"WebSite\",\"@id\":\"https:\/\/www.noticiasradioreflejos.com.ar\/2021\/#website\",\"url\":\"https:\/\/www.noticiasradioreflejos.com.ar\/2021\/\",\"name\":\"Noticias Radio Reflejos\",\"description\":\"Las noticias de mi comarca\",\"potentialAction\":[{\"@type\":\"SearchAction\",\"target\":{\"@type\":\"EntryPoint\",\"urlTemplate\":\"https:\/\/www.noticiasradioreflejos.com.ar\/2021\/?s={search_term_string}\"},\"query-input\":{\"@type\":\"PropertyValueSpecification\",\"valueRequired\":true,\"valueName\":\"search_term_string\"}}],\"inLanguage\":\"es\"},{\"@type\":\"Person\",\"@id\":\"https:\/\/www.noticiasradioreflejos.com.ar\/2021\/#\/schema\/person\/ad82545263dcc5ec0996818884fd5fb1\",\"name\":\"Arnaldo Botto\",\"image\":{\"@type\":\"ImageObject\",\"inLanguage\":\"es\",\"@id\":\"https:\/\/www.noticiasradioreflejos.com.ar\/2021\/#\/schema\/person\/image\/\",\"url\":\"https:\/\/secure.gravatar.com\/avatar\/55cb5e37c1efa326397366e6974cb338056df65cb50e7d64d1cf314e87504837?s=96&d=mm&r=g\",\"contentUrl\":\"https:\/\/secure.gravatar.com\/avatar\/55cb5e37c1efa326397366e6974cb338056df65cb50e7d64d1cf314e87504837?s=96&d=mm&r=g\",\"caption\":\"Arnaldo Botto\"},\"url\":\"https:\/\/www.noticiasradioreflejos.com.ar\/2021\/author\/arnaldo\/\"}]}<\/script>\n<!-- \/ Yoast SEO plugin. -->","yoast_head_json":{"title":"Tornquist: Un fenomenal rayo inici\u00f3 un incendio en el parque ap\u00edcola - Noticias Radio Reflejos","robots":{"index":"index","follow":"follow","max-snippet":"max-snippet:-1","max-image-preview":"max-image-preview:large","max-video-preview":"max-video-preview:-1"},"canonical":"https:\/\/www.noticiasradioreflejos.com.ar\/2021\/tornquist-un-fenomenal-rayo-inicio-un-incendio-en-el-parque-apicola\/","og_locale":"es_ES","og_type":"article","og_title":"Tornquist: Un fenomenal rayo inici\u00f3 un incendio en el parque ap\u00edcola - Noticias Radio Reflejos","og_description":"Los bomberos voluntarios de Tornquist, debieron concurrir cerca de las 22 horas de este martes al sector del Parque Ap\u00edcola, ubicado en lotes detr\u00e1s de la Escuela T\u00e9cnica N\u00ba 1, en el acceso a Tornquist, por ruta provincial 76.","og_url":"https:\/\/www.noticiasradioreflejos.com.ar\/2021\/tornquist-un-fenomenal-rayo-inicio-un-incendio-en-el-parque-apicola\/","og_site_name":"Noticias Radio Reflejos","article_published_time":"2023-03-01T11:01:18+00:00","article_modified_time":"2023-03-01T11:03:39+00:00","og_image":[{"width":960,"height":1146,"url":"https:\/\/www.noticiasradioreflejos.com.ar\/2021\/wp-content\/uploads\/2023\/03\/rayo-parque-apicola-2.jpeg","type":"image\/jpeg"}],"author":"Arnaldo Botto","twitter_card":"summary_large_image","schema":{"@context":"https:\/\/schema.org","@graph":[{"@type":"WebPage","@id":"https:\/\/www.noticiasradioreflejos.com.ar\/2021\/tornquist-un-fenomenal-rayo-inicio-un-incendio-en-el-parque-apicola\/","url":"https:\/\/www.noticiasradioreflejos.com.ar\/2021\/tornquist-un-fenomenal-rayo-inicio-un-incendio-en-el-parque-apicola\/","name":"Tornquist: Un fenomenal rayo inici\u00f3 un incendio en el parque ap\u00edcola - Noticias Radio Reflejos","isPartOf":{"@id":"https:\/\/www.noticiasradioreflejos.com.ar\/2021\/#website"},"primaryImageOfPage":{"@id":"https:\/\/www.noticiasradioreflejos.com.ar\/2021\/tornquist-un-fenomenal-rayo-inicio-un-incendio-en-el-parque-apicola\/#primaryimage"},"image":{"@id":"https:\/\/www.noticiasradioreflejos.com.ar\/2021\/tornquist-un-fenomenal-rayo-inicio-un-incendio-en-el-parque-apicola\/#primaryimage"},"thumbnailUrl":"https:\/\/www.noticiasradioreflejos.com.ar\/2021\/wp-content\/uploads\/2023\/03\/rayo-parque-apicola-2.jpeg","datePublished":"2023-03-01T11:01:18+00:00","dateModified":"2023-03-01T11:03:39+00:00","author":{"@id":"https:\/\/www.noticiasradioreflejos.com.ar\/2021\/#\/schema\/person\/ad82545263dcc5ec0996818884fd5fb1"},"breadcrumb":{"@id":"https:\/\/www.noticiasradioreflejos.com.ar\/2021\/tornquist-un-fenomenal-rayo-inicio-un-incendio-en-el-parque-apicola\/#breadcrumb"},"inLanguage":"es","potentialAction":[{"@type":"ReadAction","target":["https:\/\/www.noticiasradioreflejos.com.ar\/2021\/tornquist-un-fenomenal-rayo-inicio-un-incendio-en-el-parque-apicola\/"]}]},{"@type":"ImageObject","inLanguage":"es","@id":"https:\/\/www.noticiasradioreflejos.com.ar\/2021\/tornquist-un-fenomenal-rayo-inicio-un-incendio-en-el-parque-apicola\/#primaryimage","url":"https:\/\/www.noticiasradioreflejos.com.ar\/2021\/wp-content\/uploads\/2023\/03\/rayo-parque-apicola-2.jpeg","contentUrl":"https:\/\/www.noticiasradioreflejos.com.ar\/2021\/wp-content\/uploads\/2023\/03\/rayo-parque-apicola-2.jpeg","width":960,"height":1146},{"@type":"BreadcrumbList","@id":"https:\/\/www.noticiasradioreflejos.com.ar\/2021\/tornquist-un-fenomenal-rayo-inicio-un-incendio-en-el-parque-apicola\/#breadcrumb","itemListElement":[{"@type":"ListItem","position":1,"name":"Portada","item":"https:\/\/www.noticiasradioreflejos.com.ar\/2021\/"},{"@type":"ListItem","position":2,"name":"Tornquist: Un fenomenal rayo inici\u00f3 un incendio en el parque ap\u00edcola"}]},{"@type":"WebSite","@id":"https:\/\/www.noticiasradioreflejos.com.ar\/2021\/#website","url":"https:\/\/www.noticiasradioreflejos.com.ar\/2021\/","name":"Noticias Radio Reflejos","description":"Las noticias de mi comarca","potentialAction":[{"@type":"SearchAction","target":{"@type":"EntryPoint","urlTemplate":"https:\/\/www.noticiasradioreflejos.com.ar\/2021\/?s={search_term_string}"},"query-input":{"@type":"PropertyValueSpecification","valueRequired":true,"valueName":"search_term_string"}}],"inLanguage":"es"},{"@type":"Person","@id":"https:\/\/www.noticiasradioreflejos.com.ar\/2021\/#\/schema\/person\/ad82545263dcc5ec0996818884fd5fb1","name":"Arnaldo Botto","image":{"@type":"ImageObject","inLanguage":"es","@id":"https:\/\/www.noticiasradioreflejos.com.ar\/2021\/#\/schema\/person\/image\/","url":"https:\/\/secure.gravatar.com\/avatar\/55cb5e37c1efa326397366e6974cb338056df65cb50e7d64d1cf314e87504837?s=96&d=mm&r=g","contentUrl":"https:\/\/secure.gravatar.com\/avatar\/55cb5e37c1efa326397366e6974cb338056df65cb50e7d64d1cf314e87504837?s=96&d=mm&r=g","caption":"Arnaldo Botto"},"url":"https:\/\/www.noticiasradioreflejos.com.ar\/2021\/author\/arnaldo\/"}]}},"_links":{"self":[{"href":"https:\/\/www.noticiasradioreflejos.com.ar\/2021\/wp-json\/wp\/v2\/posts\/84832","targetHints":{"allow":["GET"]}}],"collection":[{"href":"https:\/\/www.noticiasradioreflejos.com.ar\/2021\/wp-json\/wp\/v2\/posts"}],"about":[{"href":"https:\/\/www.noticiasradioreflejos.com.ar\/2021\/wp-json\/wp\/v2\/types\/post"}],"author":[{"embeddable":true,"href":"https:\/\/www.noticiasradioreflejos.com.ar\/2021\/wp-json\/wp\/v2\/users\/3"}],"replies":[{"embeddable":true,"href":"https:\/\/www.noticiasradioreflejos.com.ar\/2021\/wp-json\/wp\/v2\/comments?post=84832"}],"version-history":[{"count":3,"href":"https:\/\/www.noticiasradioreflejos.com.ar\/2021\/wp-json\/wp\/v2\/posts\/84832\/revisions"}],"predecessor-version":[{"id":84836,"href":"https:\/\/www.noticiasradioreflejos.com.ar\/2021\/wp-json\/wp\/v2\/posts\/84832\/revisions\/84836"}],"wp:featuredmedia":[{"embeddable":true,"href":"https:\/\/www.noticiasradioreflejos.com.ar\/2021\/wp-json\/wp\/v2\/media\/84833"}],"wp:attachment":[{"href":"https:\/\/www.noticiasradioreflejos.com.ar\/2021\/wp-json\/wp\/v2\/media?parent=84832"}],"wp:term":[{"taxonomy":"category","embeddable":true,"href":"https:\/\/www.noticiasradioreflejos.com.ar\/2021\/wp-json\/wp\/v2\/categories?post=84832"},{"taxonomy":"post_tag","embeddable":true,"href":"https:\/\/www.noticiasradioreflejos.com.ar\/2021\/wp-json\/wp\/v2\/tags?post=84832"}],"curies":[{"name":"wp","href":"https:\/\/api.w.org\/{rel}","templated":true}]}}