{"id":84634,"date":"2023-02-24T19:19:43","date_gmt":"2023-02-24T19:19:43","guid":{"rendered":"https:\/\/www.noticiasradioreflejos.com.ar\/2021\/?p=84634"},"modified":"2023-02-24T19:19:43","modified_gmt":"2023-02-24T19:19:43","slug":"sandra-kifer-asistio-a-un-encuentro-de-la-ucr-en-capital","status":"publish","type":"post","link":"https:\/\/www.noticiasradioreflejos.com.ar\/2021\/sandra-kifer-asistio-a-un-encuentro-de-la-ucr-en-capital\/","title":{"rendered":"Sandra Kifer asisti\u00f3 a un encuentro de la UCR en Capital"},"content":{"rendered":"<p>Metida de lleno en la campa\u00f1a 2023, la actual presidenta del HCD Tornquist fue parte de la reuni\u00f3n que encabez\u00f3 el precandidato a presidente Gerardo Morales.<!--more--><\/p>\n<p>El verano a\u00fan no se fue, para marzo restan algunos d\u00edas pero el modo campa\u00f1a ya inici\u00f3 hace algunas semanas en todos los espacios pol\u00edticos.<\/p>\n<p>Una de las que pic\u00f3 en punta en el pago chico es la actual presidenta del Honorable Concejo Deliberante, Sandra Kifer, la cual cada vez se muestra m\u00e1s activa en la b\u00fasqueda de su posicionamiento.<\/p>\n<p>Al respecto, en los \u00faltimos d\u00edas particip\u00f3 de una reuni\u00f3n importante en Capital Federal, en la cual se dieron cita ocho secciones electorales de la provincia, adem\u00e1s de los referentes Federico Storani (Corriente de Opini\u00f3n Nacional) y Gerardo Morales, este \u00faltimo ya lanzado como precandidato a presidente por la UCR.<\/p>\n<p>Teniendo el sal\u00f3n Dr. Ra\u00fal Alfonsin como escenario, todo gir\u00f3 en torno a las elecciones; desde ratificar que la UCR deber\u00e1 presentar candidatos en cada uno de los estratos de las boletas, como as\u00ed tambi\u00e9n confirmar que el 15 de marzo se har\u00e1 formalmente el lanzamiento de Morales presidente.<\/p>\n<p>Un dato no menor, que ya fue abordado en El Espejo semanas atr\u00e1s, es que se comenz\u00f3 a trabajar sobre la idea de qu\u00e9 hacer en caso de que la UCR tenga m\u00e1s de un candidato por distrito.<\/p>\n<p>De igual forma se ratific\u00f3 que ser\u00e1n lanzados 24 comit\u00e9s de campa\u00f1a, uno por provincia, y que en suelo bonaerense el mismo se establecer\u00e1 en La Matanza el d\u00eda 3 de marzo.<\/p>\n<p>Al mismo tiempo se establecieron las bases del encuentro que se desarrollar\u00e1 durante el mes de abril en C\u00f3rdoba, en donde se volcar\u00e1n las ideas generales para contar con un programa de gobierno.<\/p>\n","protected":false},"excerpt":{"rendered":"<p>Metida de lleno en la campa\u00f1a 2023, la actual presidenta del HCD Tornquist fue parte de la reuni\u00f3n que encabez\u00f3 el precandidato a presidente Gerardo Morales.<\/p>\n","protected":false},"author":3,"featured_media":0,"comment_status":"closed","ping_status":"closed","sticky":false,"template":"","format":"standard","meta":{"footnotes":""},"categories":[24],"tags":[],"class_list":["post-84634","post","type-post","status-publish","format-standard","hentry","category-politica"],"yoast_head":"<!-- This site is optimized with the Yoast SEO plugin v25.9 - https:\/\/yoast.com\/wordpress\/plugins\/seo\/ -->\n<title>Sandra Kifer asisti\u00f3 a un encuentro de la UCR en Capital - Noticias Radio Reflejos<\/title>\n<meta name=\"robots\" content=\"index, follow, max-snippet:-1, max-image-preview:large, max-video-preview:-1\" \/>\n<link rel=\"canonical\" href=\"https:\/\/www.noticiasradioreflejos.com.ar\/2021\/sandra-kifer-asistio-a-un-encuentro-de-la-ucr-en-capital\/\" \/>\n<meta property=\"og:locale\" content=\"es_ES\" \/>\n<meta property=\"og:type\" content=\"article\" \/>\n<meta property=\"og:title\" content=\"Sandra Kifer asisti\u00f3 a un encuentro de la UCR en Capital - Noticias Radio Reflejos\" \/>\n<meta property=\"og:description\" content=\"Metida de lleno en la campa\u00f1a 2023, la actual presidenta del HCD Tornquist fue parte de la reuni\u00f3n que encabez\u00f3 el precandidato a presidente Gerardo Morales.\" \/>\n<meta property=\"og:url\" content=\"https:\/\/www.noticiasradioreflejos.com.ar\/2021\/sandra-kifer-asistio-a-un-encuentro-de-la-ucr-en-capital\/\" \/>\n<meta property=\"og:site_name\" content=\"Noticias Radio Reflejos\" \/>\n<meta property=\"article:published_time\" content=\"2023-02-24T19:19:43+00:00\" \/>\n<meta property=\"og:image\" content=\"https:\/\/www.noticiasradioreflejos.com.ar\/2021\/wp-content\/uploads\/2021\/07\/logosol300x200.png\" \/>\n\t<meta property=\"og:image:width\" content=\"300\" \/>\n\t<meta property=\"og:image:height\" content=\"200\" \/>\n\t<meta property=\"og:image:type\" content=\"image\/png\" \/>\n<meta name=\"author\" content=\"Arnaldo Botto\" \/>\n<meta name=\"twitter:card\" content=\"summary_large_image\" \/>\n<script type=\"application\/ld+json\" class=\"yoast-schema-graph\">{\"@context\":\"https:\/\/schema.org\",\"@graph\":[{\"@type\":\"WebPage\",\"@id\":\"https:\/\/www.noticiasradioreflejos.com.ar\/2021\/sandra-kifer-asistio-a-un-encuentro-de-la-ucr-en-capital\/\",\"url\":\"https:\/\/www.noticiasradioreflejos.com.ar\/2021\/sandra-kifer-asistio-a-un-encuentro-de-la-ucr-en-capital\/\",\"name\":\"Sandra Kifer asisti\u00f3 a un encuentro de la UCR en Capital - Noticias Radio Reflejos\",\"isPartOf\":{\"@id\":\"https:\/\/www.noticiasradioreflejos.com.ar\/2021\/#website\"},\"datePublished\":\"2023-02-24T19:19:43+00:00\",\"author\":{\"@id\":\"https:\/\/www.noticiasradioreflejos.com.ar\/2021\/#\/schema\/person\/ad82545263dcc5ec0996818884fd5fb1\"},\"breadcrumb\":{\"@id\":\"https:\/\/www.noticiasradioreflejos.com.ar\/2021\/sandra-kifer-asistio-a-un-encuentro-de-la-ucr-en-capital\/#breadcrumb\"},\"inLanguage\":\"es\",\"potentialAction\":[{\"@type\":\"ReadAction\",\"target\":[\"https:\/\/www.noticiasradioreflejos.com.ar\/2021\/sandra-kifer-asistio-a-un-encuentro-de-la-ucr-en-capital\/\"]}]},{\"@type\":\"BreadcrumbList\",\"@id\":\"https:\/\/www.noticiasradioreflejos.com.ar\/2021\/sandra-kifer-asistio-a-un-encuentro-de-la-ucr-en-capital\/#breadcrumb\",\"itemListElement\":[{\"@type\":\"ListItem\",\"position\":1,\"name\":\"Portada\",\"item\":\"https:\/\/www.noticiasradioreflejos.com.ar\/2021\/\"},{\"@type\":\"ListItem\",\"position\":2,\"name\":\"Sandra Kifer asisti\u00f3 a un encuentro de la UCR en Capital\"}]},{\"@type\":\"WebSite\",\"@id\":\"https:\/\/www.noticiasradioreflejos.com.ar\/2021\/#website\",\"url\":\"https:\/\/www.noticiasradioreflejos.com.ar\/2021\/\",\"name\":\"Noticias Radio Reflejos\",\"description\":\"Las noticias de mi comarca\",\"potentialAction\":[{\"@type\":\"SearchAction\",\"target\":{\"@type\":\"EntryPoint\",\"urlTemplate\":\"https:\/\/www.noticiasradioreflejos.com.ar\/2021\/?s={search_term_string}\"},\"query-input\":{\"@type\":\"PropertyValueSpecification\",\"valueRequired\":true,\"valueName\":\"search_term_string\"}}],\"inLanguage\":\"es\"},{\"@type\":\"Person\",\"@id\":\"https:\/\/www.noticiasradioreflejos.com.ar\/2021\/#\/schema\/person\/ad82545263dcc5ec0996818884fd5fb1\",\"name\":\"Arnaldo Botto\",\"image\":{\"@type\":\"ImageObject\",\"inLanguage\":\"es\",\"@id\":\"https:\/\/www.noticiasradioreflejos.com.ar\/2021\/#\/schema\/person\/image\/\",\"url\":\"https:\/\/secure.gravatar.com\/avatar\/55cb5e37c1efa326397366e6974cb338056df65cb50e7d64d1cf314e87504837?s=96&d=mm&r=g\",\"contentUrl\":\"https:\/\/secure.gravatar.com\/avatar\/55cb5e37c1efa326397366e6974cb338056df65cb50e7d64d1cf314e87504837?s=96&d=mm&r=g\",\"caption\":\"Arnaldo Botto\"},\"url\":\"https:\/\/www.noticiasradioreflejos.com.ar\/2021\/author\/arnaldo\/\"}]}<\/script>\n<!-- \/ Yoast SEO plugin. -->","yoast_head_json":{"title":"Sandra Kifer asisti\u00f3 a un encuentro de la UCR en Capital - Noticias Radio Reflejos","robots":{"index":"index","follow":"follow","max-snippet":"max-snippet:-1","max-image-preview":"max-image-preview:large","max-video-preview":"max-video-preview:-1"},"canonical":"https:\/\/www.noticiasradioreflejos.com.ar\/2021\/sandra-kifer-asistio-a-un-encuentro-de-la-ucr-en-capital\/","og_locale":"es_ES","og_type":"article","og_title":"Sandra Kifer asisti\u00f3 a un encuentro de la UCR en Capital - Noticias Radio Reflejos","og_description":"Metida de lleno en la campa\u00f1a 2023, la actual presidenta del HCD Tornquist fue parte de la reuni\u00f3n que encabez\u00f3 el precandidato a presidente Gerardo Morales.","og_url":"https:\/\/www.noticiasradioreflejos.com.ar\/2021\/sandra-kifer-asistio-a-un-encuentro-de-la-ucr-en-capital\/","og_site_name":"Noticias Radio Reflejos","article_published_time":"2023-02-24T19:19:43+00:00","og_image":[{"width":300,"height":200,"url":"https:\/\/www.noticiasradioreflejos.com.ar\/2021\/wp-content\/uploads\/2021\/07\/logosol300x200.png","type":"image\/png"}],"author":"Arnaldo Botto","twitter_card":"summary_large_image","schema":{"@context":"https:\/\/schema.org","@graph":[{"@type":"WebPage","@id":"https:\/\/www.noticiasradioreflejos.com.ar\/2021\/sandra-kifer-asistio-a-un-encuentro-de-la-ucr-en-capital\/","url":"https:\/\/www.noticiasradioreflejos.com.ar\/2021\/sandra-kifer-asistio-a-un-encuentro-de-la-ucr-en-capital\/","name":"Sandra Kifer asisti\u00f3 a un encuentro de la UCR en Capital - Noticias Radio Reflejos","isPartOf":{"@id":"https:\/\/www.noticiasradioreflejos.com.ar\/2021\/#website"},"datePublished":"2023-02-24T19:19:43+00:00","author":{"@id":"https:\/\/www.noticiasradioreflejos.com.ar\/2021\/#\/schema\/person\/ad82545263dcc5ec0996818884fd5fb1"},"breadcrumb":{"@id":"https:\/\/www.noticiasradioreflejos.com.ar\/2021\/sandra-kifer-asistio-a-un-encuentro-de-la-ucr-en-capital\/#breadcrumb"},"inLanguage":"es","potentialAction":[{"@type":"ReadAction","target":["https:\/\/www.noticiasradioreflejos.com.ar\/2021\/sandra-kifer-asistio-a-un-encuentro-de-la-ucr-en-capital\/"]}]},{"@type":"BreadcrumbList","@id":"https:\/\/www.noticiasradioreflejos.com.ar\/2021\/sandra-kifer-asistio-a-un-encuentro-de-la-ucr-en-capital\/#breadcrumb","itemListElement":[{"@type":"ListItem","position":1,"name":"Portada","item":"https:\/\/www.noticiasradioreflejos.com.ar\/2021\/"},{"@type":"ListItem","position":2,"name":"Sandra Kifer asisti\u00f3 a un encuentro de la UCR en Capital"}]},{"@type":"WebSite","@id":"https:\/\/www.noticiasradioreflejos.com.ar\/2021\/#website","url":"https:\/\/www.noticiasradioreflejos.com.ar\/2021\/","name":"Noticias Radio Reflejos","description":"Las noticias de mi comarca","potentialAction":[{"@type":"SearchAction","target":{"@type":"EntryPoint","urlTemplate":"https:\/\/www.noticiasradioreflejos.com.ar\/2021\/?s={search_term_string}"},"query-input":{"@type":"PropertyValueSpecification","valueRequired":true,"valueName":"search_term_string"}}],"inLanguage":"es"},{"@type":"Person","@id":"https:\/\/www.noticiasradioreflejos.com.ar\/2021\/#\/schema\/person\/ad82545263dcc5ec0996818884fd5fb1","name":"Arnaldo Botto","image":{"@type":"ImageObject","inLanguage":"es","@id":"https:\/\/www.noticiasradioreflejos.com.ar\/2021\/#\/schema\/person\/image\/","url":"https:\/\/secure.gravatar.com\/avatar\/55cb5e37c1efa326397366e6974cb338056df65cb50e7d64d1cf314e87504837?s=96&d=mm&r=g","contentUrl":"https:\/\/secure.gravatar.com\/avatar\/55cb5e37c1efa326397366e6974cb338056df65cb50e7d64d1cf314e87504837?s=96&d=mm&r=g","caption":"Arnaldo Botto"},"url":"https:\/\/www.noticiasradioreflejos.com.ar\/2021\/author\/arnaldo\/"}]}},"_links":{"self":[{"href":"https:\/\/www.noticiasradioreflejos.com.ar\/2021\/wp-json\/wp\/v2\/posts\/84634","targetHints":{"allow":["GET"]}}],"collection":[{"href":"https:\/\/www.noticiasradioreflejos.com.ar\/2021\/wp-json\/wp\/v2\/posts"}],"about":[{"href":"https:\/\/www.noticiasradioreflejos.com.ar\/2021\/wp-json\/wp\/v2\/types\/post"}],"author":[{"embeddable":true,"href":"https:\/\/www.noticiasradioreflejos.com.ar\/2021\/wp-json\/wp\/v2\/users\/3"}],"replies":[{"embeddable":true,"href":"https:\/\/www.noticiasradioreflejos.com.ar\/2021\/wp-json\/wp\/v2\/comments?post=84634"}],"version-history":[{"count":2,"href":"https:\/\/www.noticiasradioreflejos.com.ar\/2021\/wp-json\/wp\/v2\/posts\/84634\/revisions"}],"predecessor-version":[{"id":84639,"href":"https:\/\/www.noticiasradioreflejos.com.ar\/2021\/wp-json\/wp\/v2\/posts\/84634\/revisions\/84639"}],"wp:attachment":[{"href":"https:\/\/www.noticiasradioreflejos.com.ar\/2021\/wp-json\/wp\/v2\/media?parent=84634"}],"wp:term":[{"taxonomy":"category","embeddable":true,"href":"https:\/\/www.noticiasradioreflejos.com.ar\/2021\/wp-json\/wp\/v2\/categories?post=84634"},{"taxonomy":"post_tag","embeddable":true,"href":"https:\/\/www.noticiasradioreflejos.com.ar\/2021\/wp-json\/wp\/v2\/tags?post=84634"}],"curies":[{"name":"wp","href":"https:\/\/api.w.org\/{rel}","templated":true}]}}