{"id":84631,"date":"2023-02-24T17:43:25","date_gmt":"2023-02-24T17:43:25","guid":{"rendered":"https:\/\/www.noticiasradioreflejos.com.ar\/2021\/?p=84631"},"modified":"2023-02-24T17:43:25","modified_gmt":"2023-02-24T17:43:25","slug":"la-deforestacion-en-la-amazonia-brasilena-batio-un-nuevo-record","status":"publish","type":"post","link":"https:\/\/www.noticiasradioreflejos.com.ar\/2021\/la-deforestacion-en-la-amazonia-brasilena-batio-un-nuevo-record\/","title":{"rendered":"La deforestaci\u00f3n en la Amazonia brasile\u00f1a bati\u00f3 un nuevo r\u00e9cord"},"content":{"rendered":"<p>La deforestaci\u00f3n en la Amazonia brasile\u00f1a marc\u00f3 un r\u00e9cord en febrero, seg\u00fan datos oficiales actualizados, que contemplan poco m\u00e1s de la mitad del mes, segundo del a\u00f1o y de gobierno del presidente Luiz In\u00e1cio Lula da Silva,<!--more--><\/p>\n<p>El monitoreo satelital detect\u00f3 209 kil\u00f3metros cuadrados de bosques destruidos en la parte brasile\u00f1a de la mayor selva tropical del mundo, seg\u00fan datos preliminares del sistema de vigilancia DETER, del Instituto Nacional de Investigaciones Espaciales (INPE) citados por la agencia de noticias AFP.<\/p>\n<p>Aunque el \u00e1rea, que equivale a m\u00e1s de 29.000 canchas de f\u00fatbol, s\u00f3lo contempla datos hasta el 17 de febrero, representa un alza en relaci\u00f3n con el r\u00e9cord anterior, de 199 kil\u00f3metros cuadrados destruidos en todo el mes febrero de 2021, \u00faltimo a\u00f1o del gobierno del ultraderechista Jair Bolsonaro. <\/p>\n<p>El mes pasado, el monitoreo satelital hab\u00eda reportado una ca\u00edda de 61% en relaci\u00f3n con el mismo per\u00edodo de 2022, aunque organizaciones ambientalistas hab\u00edan alertado que era prematuro hablar de una \u00abreversi\u00f3n de tendencia\u00bb, ya que parte de la ca\u00edda pod\u00eda atribuirse a una mayor cobertura de nubes que perjudicaron los c\u00e1lculos. <\/p>\n<p>\u00abEl aumento de la deforestaci\u00f3n puede ser un reflejo de la limitaci\u00f3n en la detecci\u00f3n el mes pasado debido a la cobertura de nubes, y lo que se est\u00e1 observando ahora tal vez contemple tanto el \u00e1rea destruida este mes como tambi\u00e9n de enero\u00bb, dijo Daniel Silva, especialista en conservaci\u00f3n de la ONG WWF-Brasil. <\/p>\n<p>Bajo el anterior gobierno de Bolsonaro, un aliado de la agroindustria y negacionista del cambio clim\u00e1tico, la deforestaci\u00f3n anual promedio en la Amazonia brasile\u00f1a aument\u00f3 75,5% con respecto a la d\u00e9cada anterior.<\/p>\n<p>Expertos aseguran que la destrucci\u00f3n se debe principalmente al avance de las granjas y los usurpadores de tierras que talan la selva para ganader\u00eda y cultivos.<\/p>\n<p>Lula, de 77 a\u00f1os, asumi\u00f3 al comenzar este a\u00f1o por tercera vez la presidencia de Brasil con la protecci\u00f3n de la selva como una de sus principales banderas para permitir que Brasil deje de ser un \u00abparia\u00bb en temas clim\u00e1ticos.<\/p>\n<p>El mandatario de izquierda nombr\u00f3 al frente del ministerio de Medio Ambiente a Marina Silva, una reconocida ambientalista que estuvo al frente de esa cartera entre 2003 y 2008, cuando Brasil logr\u00f3 disminuir sensiblemente la deforestaci\u00f3n.<\/p>\n<p>El 24 de enero, Silva reconoci\u00f3 que la realidad ambiental de Brasil es \u00abmucho peor\u00bb de lo esperado.<\/p>\n<p>\u00abSabemos que existe un empe\u00f1o del nuevo gobierno para controlar la deforestaci\u00f3n, pero los resultados concretos deben demorar un tiempo para ser observados\u00bb, agreg\u00f3 el experto de la WWF-Brasil. <\/p>\n","protected":false},"excerpt":{"rendered":"<p>La deforestaci\u00f3n en la Amazonia brasile\u00f1a marc\u00f3 un r\u00e9cord en febrero, seg\u00fan datos oficiales actualizados, que contemplan poco m\u00e1s de la mitad del mes, segundo del a\u00f1o y de gobierno del presidente Luiz In\u00e1cio Lula da Silva,<\/p>\n","protected":false},"author":3,"featured_media":0,"comment_status":"closed","ping_status":"closed","sticky":false,"template":"","format":"standard","meta":{"footnotes":""},"categories":[46],"tags":[],"class_list":["post-84631","post","type-post","status-publish","format-standard","hentry","category-ciencia-y-tecnologia"],"yoast_head":"<!-- This site is optimized with the Yoast SEO plugin v25.9 - https:\/\/yoast.com\/wordpress\/plugins\/seo\/ -->\n<title>La deforestaci\u00f3n en la Amazonia brasile\u00f1a bati\u00f3 un nuevo r\u00e9cord - Noticias Radio Reflejos<\/title>\n<meta name=\"robots\" content=\"index, follow, max-snippet:-1, max-image-preview:large, max-video-preview:-1\" \/>\n<link rel=\"canonical\" href=\"https:\/\/www.noticiasradioreflejos.com.ar\/2021\/la-deforestacion-en-la-amazonia-brasilena-batio-un-nuevo-record\/\" \/>\n<meta property=\"og:locale\" content=\"es_ES\" \/>\n<meta property=\"og:type\" content=\"article\" \/>\n<meta property=\"og:title\" content=\"La deforestaci\u00f3n en la Amazonia brasile\u00f1a bati\u00f3 un nuevo r\u00e9cord - Noticias Radio Reflejos\" \/>\n<meta property=\"og:description\" content=\"La deforestaci\u00f3n en la Amazonia brasile\u00f1a marc\u00f3 un r\u00e9cord en febrero, seg\u00fan datos oficiales actualizados, que contemplan poco m\u00e1s de la mitad del mes, segundo del a\u00f1o y de gobierno del presidente Luiz In\u00e1cio Lula da Silva,\" \/>\n<meta property=\"og:url\" content=\"https:\/\/www.noticiasradioreflejos.com.ar\/2021\/la-deforestacion-en-la-amazonia-brasilena-batio-un-nuevo-record\/\" \/>\n<meta property=\"og:site_name\" content=\"Noticias Radio Reflejos\" \/>\n<meta property=\"article:published_time\" content=\"2023-02-24T17:43:25+00:00\" \/>\n<meta property=\"og:image\" content=\"https:\/\/www.noticiasradioreflejos.com.ar\/2021\/wp-content\/uploads\/2021\/07\/logosol300x200.png\" \/>\n\t<meta property=\"og:image:width\" content=\"300\" \/>\n\t<meta property=\"og:image:height\" content=\"200\" \/>\n\t<meta property=\"og:image:type\" content=\"image\/png\" \/>\n<meta name=\"author\" content=\"Arnaldo Botto\" \/>\n<meta name=\"twitter:card\" content=\"summary_large_image\" \/>\n<script type=\"application\/ld+json\" class=\"yoast-schema-graph\">{\"@context\":\"https:\/\/schema.org\",\"@graph\":[{\"@type\":\"WebPage\",\"@id\":\"https:\/\/www.noticiasradioreflejos.com.ar\/2021\/la-deforestacion-en-la-amazonia-brasilena-batio-un-nuevo-record\/\",\"url\":\"https:\/\/www.noticiasradioreflejos.com.ar\/2021\/la-deforestacion-en-la-amazonia-brasilena-batio-un-nuevo-record\/\",\"name\":\"La deforestaci\u00f3n en la Amazonia brasile\u00f1a bati\u00f3 un nuevo r\u00e9cord - Noticias Radio Reflejos\",\"isPartOf\":{\"@id\":\"https:\/\/www.noticiasradioreflejos.com.ar\/2021\/#website\"},\"datePublished\":\"2023-02-24T17:43:25+00:00\",\"author\":{\"@id\":\"https:\/\/www.noticiasradioreflejos.com.ar\/2021\/#\/schema\/person\/ad82545263dcc5ec0996818884fd5fb1\"},\"breadcrumb\":{\"@id\":\"https:\/\/www.noticiasradioreflejos.com.ar\/2021\/la-deforestacion-en-la-amazonia-brasilena-batio-un-nuevo-record\/#breadcrumb\"},\"inLanguage\":\"es\",\"potentialAction\":[{\"@type\":\"ReadAction\",\"target\":[\"https:\/\/www.noticiasradioreflejos.com.ar\/2021\/la-deforestacion-en-la-amazonia-brasilena-batio-un-nuevo-record\/\"]}]},{\"@type\":\"BreadcrumbList\",\"@id\":\"https:\/\/www.noticiasradioreflejos.com.ar\/2021\/la-deforestacion-en-la-amazonia-brasilena-batio-un-nuevo-record\/#breadcrumb\",\"itemListElement\":[{\"@type\":\"ListItem\",\"position\":1,\"name\":\"Portada\",\"item\":\"https:\/\/www.noticiasradioreflejos.com.ar\/2021\/\"},{\"@type\":\"ListItem\",\"position\":2,\"name\":\"La deforestaci\u00f3n en la Amazonia brasile\u00f1a bati\u00f3 un nuevo r\u00e9cord\"}]},{\"@type\":\"WebSite\",\"@id\":\"https:\/\/www.noticiasradioreflejos.com.ar\/2021\/#website\",\"url\":\"https:\/\/www.noticiasradioreflejos.com.ar\/2021\/\",\"name\":\"Noticias Radio Reflejos\",\"description\":\"Las noticias de mi comarca\",\"potentialAction\":[{\"@type\":\"SearchAction\",\"target\":{\"@type\":\"EntryPoint\",\"urlTemplate\":\"https:\/\/www.noticiasradioreflejos.com.ar\/2021\/?s={search_term_string}\"},\"query-input\":{\"@type\":\"PropertyValueSpecification\",\"valueRequired\":true,\"valueName\":\"search_term_string\"}}],\"inLanguage\":\"es\"},{\"@type\":\"Person\",\"@id\":\"https:\/\/www.noticiasradioreflejos.com.ar\/2021\/#\/schema\/person\/ad82545263dcc5ec0996818884fd5fb1\",\"name\":\"Arnaldo Botto\",\"image\":{\"@type\":\"ImageObject\",\"inLanguage\":\"es\",\"@id\":\"https:\/\/www.noticiasradioreflejos.com.ar\/2021\/#\/schema\/person\/image\/\",\"url\":\"https:\/\/secure.gravatar.com\/avatar\/55cb5e37c1efa326397366e6974cb338056df65cb50e7d64d1cf314e87504837?s=96&d=mm&r=g\",\"contentUrl\":\"https:\/\/secure.gravatar.com\/avatar\/55cb5e37c1efa326397366e6974cb338056df65cb50e7d64d1cf314e87504837?s=96&d=mm&r=g\",\"caption\":\"Arnaldo Botto\"},\"url\":\"https:\/\/www.noticiasradioreflejos.com.ar\/2021\/author\/arnaldo\/\"}]}<\/script>\n<!-- \/ Yoast SEO plugin. -->","yoast_head_json":{"title":"La deforestaci\u00f3n en la Amazonia brasile\u00f1a bati\u00f3 un nuevo r\u00e9cord - Noticias Radio Reflejos","robots":{"index":"index","follow":"follow","max-snippet":"max-snippet:-1","max-image-preview":"max-image-preview:large","max-video-preview":"max-video-preview:-1"},"canonical":"https:\/\/www.noticiasradioreflejos.com.ar\/2021\/la-deforestacion-en-la-amazonia-brasilena-batio-un-nuevo-record\/","og_locale":"es_ES","og_type":"article","og_title":"La deforestaci\u00f3n en la Amazonia brasile\u00f1a bati\u00f3 un nuevo r\u00e9cord - Noticias Radio Reflejos","og_description":"La deforestaci\u00f3n en la Amazonia brasile\u00f1a marc\u00f3 un r\u00e9cord en febrero, seg\u00fan datos oficiales actualizados, que contemplan poco m\u00e1s de la mitad del mes, segundo del a\u00f1o y de gobierno del presidente Luiz In\u00e1cio Lula da Silva,","og_url":"https:\/\/www.noticiasradioreflejos.com.ar\/2021\/la-deforestacion-en-la-amazonia-brasilena-batio-un-nuevo-record\/","og_site_name":"Noticias Radio Reflejos","article_published_time":"2023-02-24T17:43:25+00:00","og_image":[{"width":300,"height":200,"url":"https:\/\/www.noticiasradioreflejos.com.ar\/2021\/wp-content\/uploads\/2021\/07\/logosol300x200.png","type":"image\/png"}],"author":"Arnaldo Botto","twitter_card":"summary_large_image","schema":{"@context":"https:\/\/schema.org","@graph":[{"@type":"WebPage","@id":"https:\/\/www.noticiasradioreflejos.com.ar\/2021\/la-deforestacion-en-la-amazonia-brasilena-batio-un-nuevo-record\/","url":"https:\/\/www.noticiasradioreflejos.com.ar\/2021\/la-deforestacion-en-la-amazonia-brasilena-batio-un-nuevo-record\/","name":"La deforestaci\u00f3n en la Amazonia brasile\u00f1a bati\u00f3 un nuevo r\u00e9cord - Noticias Radio Reflejos","isPartOf":{"@id":"https:\/\/www.noticiasradioreflejos.com.ar\/2021\/#website"},"datePublished":"2023-02-24T17:43:25+00:00","author":{"@id":"https:\/\/www.noticiasradioreflejos.com.ar\/2021\/#\/schema\/person\/ad82545263dcc5ec0996818884fd5fb1"},"breadcrumb":{"@id":"https:\/\/www.noticiasradioreflejos.com.ar\/2021\/la-deforestacion-en-la-amazonia-brasilena-batio-un-nuevo-record\/#breadcrumb"},"inLanguage":"es","potentialAction":[{"@type":"ReadAction","target":["https:\/\/www.noticiasradioreflejos.com.ar\/2021\/la-deforestacion-en-la-amazonia-brasilena-batio-un-nuevo-record\/"]}]},{"@type":"BreadcrumbList","@id":"https:\/\/www.noticiasradioreflejos.com.ar\/2021\/la-deforestacion-en-la-amazonia-brasilena-batio-un-nuevo-record\/#breadcrumb","itemListElement":[{"@type":"ListItem","position":1,"name":"Portada","item":"https:\/\/www.noticiasradioreflejos.com.ar\/2021\/"},{"@type":"ListItem","position":2,"name":"La deforestaci\u00f3n en la Amazonia brasile\u00f1a bati\u00f3 un nuevo r\u00e9cord"}]},{"@type":"WebSite","@id":"https:\/\/www.noticiasradioreflejos.com.ar\/2021\/#website","url":"https:\/\/www.noticiasradioreflejos.com.ar\/2021\/","name":"Noticias Radio Reflejos","description":"Las noticias de mi comarca","potentialAction":[{"@type":"SearchAction","target":{"@type":"EntryPoint","urlTemplate":"https:\/\/www.noticiasradioreflejos.com.ar\/2021\/?s={search_term_string}"},"query-input":{"@type":"PropertyValueSpecification","valueRequired":true,"valueName":"search_term_string"}}],"inLanguage":"es"},{"@type":"Person","@id":"https:\/\/www.noticiasradioreflejos.com.ar\/2021\/#\/schema\/person\/ad82545263dcc5ec0996818884fd5fb1","name":"Arnaldo Botto","image":{"@type":"ImageObject","inLanguage":"es","@id":"https:\/\/www.noticiasradioreflejos.com.ar\/2021\/#\/schema\/person\/image\/","url":"https:\/\/secure.gravatar.com\/avatar\/55cb5e37c1efa326397366e6974cb338056df65cb50e7d64d1cf314e87504837?s=96&d=mm&r=g","contentUrl":"https:\/\/secure.gravatar.com\/avatar\/55cb5e37c1efa326397366e6974cb338056df65cb50e7d64d1cf314e87504837?s=96&d=mm&r=g","caption":"Arnaldo Botto"},"url":"https:\/\/www.noticiasradioreflejos.com.ar\/2021\/author\/arnaldo\/"}]}},"_links":{"self":[{"href":"https:\/\/www.noticiasradioreflejos.com.ar\/2021\/wp-json\/wp\/v2\/posts\/84631","targetHints":{"allow":["GET"]}}],"collection":[{"href":"https:\/\/www.noticiasradioreflejos.com.ar\/2021\/wp-json\/wp\/v2\/posts"}],"about":[{"href":"https:\/\/www.noticiasradioreflejos.com.ar\/2021\/wp-json\/wp\/v2\/types\/post"}],"author":[{"embeddable":true,"href":"https:\/\/www.noticiasradioreflejos.com.ar\/2021\/wp-json\/wp\/v2\/users\/3"}],"replies":[{"embeddable":true,"href":"https:\/\/www.noticiasradioreflejos.com.ar\/2021\/wp-json\/wp\/v2\/comments?post=84631"}],"version-history":[{"count":1,"href":"https:\/\/www.noticiasradioreflejos.com.ar\/2021\/wp-json\/wp\/v2\/posts\/84631\/revisions"}],"predecessor-version":[{"id":84633,"href":"https:\/\/www.noticiasradioreflejos.com.ar\/2021\/wp-json\/wp\/v2\/posts\/84631\/revisions\/84633"}],"wp:attachment":[{"href":"https:\/\/www.noticiasradioreflejos.com.ar\/2021\/wp-json\/wp\/v2\/media?parent=84631"}],"wp:term":[{"taxonomy":"category","embeddable":true,"href":"https:\/\/www.noticiasradioreflejos.com.ar\/2021\/wp-json\/wp\/v2\/categories?post=84631"},{"taxonomy":"post_tag","embeddable":true,"href":"https:\/\/www.noticiasradioreflejos.com.ar\/2021\/wp-json\/wp\/v2\/tags?post=84631"}],"curies":[{"name":"wp","href":"https:\/\/api.w.org\/{rel}","templated":true}]}}