{"id":84628,"date":"2023-02-24T17:36:53","date_gmt":"2023-02-24T17:36:53","guid":{"rendered":"https:\/\/www.noticiasradioreflejos.com.ar\/2021\/?p=84628"},"modified":"2023-02-24T17:36:53","modified_gmt":"2023-02-24T17:36:53","slug":"kicillof-defendio-la-reforma-educativa-integral-bonaerense-y-cuestiono-a-la-oposicion","status":"publish","type":"post","link":"https:\/\/www.noticiasradioreflejos.com.ar\/2021\/kicillof-defendio-la-reforma-educativa-integral-bonaerense-y-cuestiono-a-la-oposicion\/","title":{"rendered":"Kicillof defendi\u00f3 la \u00abreforma educativa integral\u00bb bonaerense y cuestion\u00f3 a la oposici\u00f3n"},"content":{"rendered":"<p>El gobernador de la provincia de Buenos Aires, Axel Kicillof, defendi\u00f3 hoy la \u00abreforma integral\u00bb del sistema educativo bonaerense y responsabiliz\u00f3 a la oposici\u00f3n de haber \u00abdestruido\u00bb el \u00e1rea y le sugiri\u00f3 que sea parte de \u00abun debate a fondo\u00bb y deje de lado las \u00abchicanas\u00bb.<!--more--><\/p>\n<p>(T\u00e9lam) &#8211; \u00abVengo a bancar y a acompa\u00f1ar la reforma a nivel secundario porque es una reforma integral desde la inversi\u00f3n, la ampliaci\u00f3n en establecimientos, la mejora salarial y luego la discusi\u00f3n del r\u00e9gimen de aprobaci\u00f3n de materias, la discusi\u00f3n de todo esto\u00bb, declar\u00f3 Kicillof.<\/p>\n<p>Adem\u00e1s, el mandatario remarc\u00f3 que apoya un debate \u00aba fondo y no de manera cobarde y chicanera\u00bb como proponen \u00ablos grandes medios macristas de la Capital Federal\u00bb.<\/p>\n<p>\u00abParece que desde la ventanita del Obelisco tiran tosca hacia la provincia de Buenos Aires, tratan de embarrarla; esta transformaci\u00f3n que se est\u00e1 llevando adelante no se echa para atr\u00e1s; si quieren poner el grito en el cielo que lo pongan; es un r\u00e9gimen que se cambiar\u00eda a partir del a\u00f1o que viene y lo vamos a seguir discutiendo\u00bb, asegur\u00f3.<\/p>\n<p>Kicillof formul\u00f3 estos conceptos durante un breve contacto con la prensa en el estadio \u00fanico Diego Armando Maradona, de la ciudad de La Plata, donde encabez\u00f3 el acto de entrega de mobiliario escolar adquirido por la provincia para 15 distritos del conurbano bonaerense.<\/p>\n<p>Acompa\u00f1aron al Gobernador el ministro de Justicia y Derechos Humanos, Julio Alak; el director general de Cultura y Educaci\u00f3n, Alberto Sileoni, y del diputado Daniel Goll\u00e1n, entre otros funcionarios.<\/p>\n<p>Recibieron ese material para el equipamiento de 2.000 aulas con sillas y mesas los municipios de La Matanza, Lomas de Zamora, Quilmes, Berisso, San Fernando, Tigre, Pilar, Mor\u00f3n, Mercedes, Moreno, Jos\u00e9 C, Paz, Florencio Varela, Avellaneda, Malvinas Argentinas y Berazategui.<\/p>\n<p>\u00abEste es un d\u00eda important\u00edsimo. Es una cantidad infernal de muebles escolares de primera l\u00ednea, con nuevos dise\u00f1os y lo que estamos haciendo es comenzar una distribuci\u00f3n del equivalente a dos mil aulas, donde vamos a reemplazar con muebles nuevos\u00bb, afirm\u00f3.<\/p>\n<p>Kicillof record\u00f3 que en 2022 se reinaugur\u00f3 la f\u00e1brica de muebles de la provincia de Buenos Aires que sirve para la construcci\u00f3n de muebles escolares.<\/p>\n<p>\u00abEstaba cerrada, ahora tiene 150 trabajadores\u00bb, rese\u00f1\u00f3 e indic\u00f3 que \u00abcuenta con una f\u00e1brica m\u00f3vil tambi\u00e9n para ir arreglando los muebles y permite ahorrar recursos y seguir trabajando en las mejoras de las escuelas\u00bb.<\/p>\n","protected":false},"excerpt":{"rendered":"<p>El gobernador de la provincia de Buenos Aires, Axel Kicillof, defendi\u00f3 hoy la \u00abreforma integral\u00bb del sistema educativo bonaerense y responsabiliz\u00f3 a la oposici\u00f3n de haber \u00abdestruido\u00bb el \u00e1rea y le sugiri\u00f3 que sea parte de \u00abun debate a fondo\u00bb y deje de lado las \u00abchicanas\u00bb.<\/p>\n","protected":false},"author":3,"featured_media":0,"comment_status":"closed","ping_status":"closed","sticky":false,"template":"","format":"standard","meta":{"footnotes":""},"categories":[34,58,24],"tags":[],"class_list":["post-84628","post","type-post","status-publish","format-standard","hentry","category-educacion","category-gobierno","category-politica"],"yoast_head":"<!-- This site is optimized with the Yoast SEO plugin v25.9 - https:\/\/yoast.com\/wordpress\/plugins\/seo\/ -->\n<title>Kicillof defendi\u00f3 la &quot;reforma educativa integral&quot; bonaerense y cuestion\u00f3 a la oposici\u00f3n - Noticias Radio Reflejos<\/title>\n<meta name=\"robots\" content=\"index, follow, max-snippet:-1, max-image-preview:large, max-video-preview:-1\" \/>\n<link rel=\"canonical\" href=\"https:\/\/www.noticiasradioreflejos.com.ar\/2021\/kicillof-defendio-la-reforma-educativa-integral-bonaerense-y-cuestiono-a-la-oposicion\/\" \/>\n<meta property=\"og:locale\" content=\"es_ES\" \/>\n<meta property=\"og:type\" content=\"article\" \/>\n<meta property=\"og:title\" content=\"Kicillof defendi\u00f3 la &quot;reforma educativa integral&quot; bonaerense y cuestion\u00f3 a la oposici\u00f3n - Noticias Radio Reflejos\" \/>\n<meta property=\"og:description\" content=\"El gobernador de la provincia de Buenos Aires, Axel Kicillof, defendi\u00f3 hoy la \u00abreforma integral\u00bb del sistema educativo bonaerense y responsabiliz\u00f3 a la oposici\u00f3n de haber \u00abdestruido\u00bb el \u00e1rea y le sugiri\u00f3 que sea parte de \u00abun debate a fondo\u00bb y deje de lado las \u00abchicanas\u00bb.\" \/>\n<meta property=\"og:url\" content=\"https:\/\/www.noticiasradioreflejos.com.ar\/2021\/kicillof-defendio-la-reforma-educativa-integral-bonaerense-y-cuestiono-a-la-oposicion\/\" \/>\n<meta property=\"og:site_name\" content=\"Noticias Radio Reflejos\" \/>\n<meta property=\"article:published_time\" content=\"2023-02-24T17:36:53+00:00\" \/>\n<meta property=\"og:image\" content=\"https:\/\/www.noticiasradioreflejos.com.ar\/2021\/wp-content\/uploads\/2021\/07\/logosol300x200.png\" \/>\n\t<meta property=\"og:image:width\" content=\"300\" \/>\n\t<meta property=\"og:image:height\" content=\"200\" \/>\n\t<meta property=\"og:image:type\" content=\"image\/png\" \/>\n<meta name=\"author\" content=\"Arnaldo Botto\" \/>\n<meta name=\"twitter:card\" content=\"summary_large_image\" \/>\n<script type=\"application\/ld+json\" class=\"yoast-schema-graph\">{\"@context\":\"https:\/\/schema.org\",\"@graph\":[{\"@type\":\"WebPage\",\"@id\":\"https:\/\/www.noticiasradioreflejos.com.ar\/2021\/kicillof-defendio-la-reforma-educativa-integral-bonaerense-y-cuestiono-a-la-oposicion\/\",\"url\":\"https:\/\/www.noticiasradioreflejos.com.ar\/2021\/kicillof-defendio-la-reforma-educativa-integral-bonaerense-y-cuestiono-a-la-oposicion\/\",\"name\":\"Kicillof defendi\u00f3 la \\\"reforma educativa integral\\\" bonaerense y cuestion\u00f3 a la oposici\u00f3n - Noticias Radio Reflejos\",\"isPartOf\":{\"@id\":\"https:\/\/www.noticiasradioreflejos.com.ar\/2021\/#website\"},\"datePublished\":\"2023-02-24T17:36:53+00:00\",\"author\":{\"@id\":\"https:\/\/www.noticiasradioreflejos.com.ar\/2021\/#\/schema\/person\/ad82545263dcc5ec0996818884fd5fb1\"},\"breadcrumb\":{\"@id\":\"https:\/\/www.noticiasradioreflejos.com.ar\/2021\/kicillof-defendio-la-reforma-educativa-integral-bonaerense-y-cuestiono-a-la-oposicion\/#breadcrumb\"},\"inLanguage\":\"es\",\"potentialAction\":[{\"@type\":\"ReadAction\",\"target\":[\"https:\/\/www.noticiasradioreflejos.com.ar\/2021\/kicillof-defendio-la-reforma-educativa-integral-bonaerense-y-cuestiono-a-la-oposicion\/\"]}]},{\"@type\":\"BreadcrumbList\",\"@id\":\"https:\/\/www.noticiasradioreflejos.com.ar\/2021\/kicillof-defendio-la-reforma-educativa-integral-bonaerense-y-cuestiono-a-la-oposicion\/#breadcrumb\",\"itemListElement\":[{\"@type\":\"ListItem\",\"position\":1,\"name\":\"Portada\",\"item\":\"https:\/\/www.noticiasradioreflejos.com.ar\/2021\/\"},{\"@type\":\"ListItem\",\"position\":2,\"name\":\"Kicillof defendi\u00f3 la \u00abreforma educativa integral\u00bb bonaerense y cuestion\u00f3 a la oposici\u00f3n\"}]},{\"@type\":\"WebSite\",\"@id\":\"https:\/\/www.noticiasradioreflejos.com.ar\/2021\/#website\",\"url\":\"https:\/\/www.noticiasradioreflejos.com.ar\/2021\/\",\"name\":\"Noticias Radio Reflejos\",\"description\":\"Las noticias de mi comarca\",\"potentialAction\":[{\"@type\":\"SearchAction\",\"target\":{\"@type\":\"EntryPoint\",\"urlTemplate\":\"https:\/\/www.noticiasradioreflejos.com.ar\/2021\/?s={search_term_string}\"},\"query-input\":{\"@type\":\"PropertyValueSpecification\",\"valueRequired\":true,\"valueName\":\"search_term_string\"}}],\"inLanguage\":\"es\"},{\"@type\":\"Person\",\"@id\":\"https:\/\/www.noticiasradioreflejos.com.ar\/2021\/#\/schema\/person\/ad82545263dcc5ec0996818884fd5fb1\",\"name\":\"Arnaldo Botto\",\"image\":{\"@type\":\"ImageObject\",\"inLanguage\":\"es\",\"@id\":\"https:\/\/www.noticiasradioreflejos.com.ar\/2021\/#\/schema\/person\/image\/\",\"url\":\"https:\/\/secure.gravatar.com\/avatar\/55cb5e37c1efa326397366e6974cb338056df65cb50e7d64d1cf314e87504837?s=96&d=mm&r=g\",\"contentUrl\":\"https:\/\/secure.gravatar.com\/avatar\/55cb5e37c1efa326397366e6974cb338056df65cb50e7d64d1cf314e87504837?s=96&d=mm&r=g\",\"caption\":\"Arnaldo Botto\"},\"url\":\"https:\/\/www.noticiasradioreflejos.com.ar\/2021\/author\/arnaldo\/\"}]}<\/script>\n<!-- \/ Yoast SEO plugin. -->","yoast_head_json":{"title":"Kicillof defendi\u00f3 la \"reforma educativa integral\" bonaerense y cuestion\u00f3 a la oposici\u00f3n - Noticias Radio Reflejos","robots":{"index":"index","follow":"follow","max-snippet":"max-snippet:-1","max-image-preview":"max-image-preview:large","max-video-preview":"max-video-preview:-1"},"canonical":"https:\/\/www.noticiasradioreflejos.com.ar\/2021\/kicillof-defendio-la-reforma-educativa-integral-bonaerense-y-cuestiono-a-la-oposicion\/","og_locale":"es_ES","og_type":"article","og_title":"Kicillof defendi\u00f3 la \"reforma educativa integral\" bonaerense y cuestion\u00f3 a la oposici\u00f3n - Noticias Radio Reflejos","og_description":"El gobernador de la provincia de Buenos Aires, Axel Kicillof, defendi\u00f3 hoy la \u00abreforma integral\u00bb del sistema educativo bonaerense y responsabiliz\u00f3 a la oposici\u00f3n de haber \u00abdestruido\u00bb el \u00e1rea y le sugiri\u00f3 que sea parte de \u00abun debate a fondo\u00bb y deje de lado las \u00abchicanas\u00bb.","og_url":"https:\/\/www.noticiasradioreflejos.com.ar\/2021\/kicillof-defendio-la-reforma-educativa-integral-bonaerense-y-cuestiono-a-la-oposicion\/","og_site_name":"Noticias Radio Reflejos","article_published_time":"2023-02-24T17:36:53+00:00","og_image":[{"width":300,"height":200,"url":"https:\/\/www.noticiasradioreflejos.com.ar\/2021\/wp-content\/uploads\/2021\/07\/logosol300x200.png","type":"image\/png"}],"author":"Arnaldo Botto","twitter_card":"summary_large_image","schema":{"@context":"https:\/\/schema.org","@graph":[{"@type":"WebPage","@id":"https:\/\/www.noticiasradioreflejos.com.ar\/2021\/kicillof-defendio-la-reforma-educativa-integral-bonaerense-y-cuestiono-a-la-oposicion\/","url":"https:\/\/www.noticiasradioreflejos.com.ar\/2021\/kicillof-defendio-la-reforma-educativa-integral-bonaerense-y-cuestiono-a-la-oposicion\/","name":"Kicillof defendi\u00f3 la \"reforma educativa integral\" bonaerense y cuestion\u00f3 a la oposici\u00f3n - Noticias Radio Reflejos","isPartOf":{"@id":"https:\/\/www.noticiasradioreflejos.com.ar\/2021\/#website"},"datePublished":"2023-02-24T17:36:53+00:00","author":{"@id":"https:\/\/www.noticiasradioreflejos.com.ar\/2021\/#\/schema\/person\/ad82545263dcc5ec0996818884fd5fb1"},"breadcrumb":{"@id":"https:\/\/www.noticiasradioreflejos.com.ar\/2021\/kicillof-defendio-la-reforma-educativa-integral-bonaerense-y-cuestiono-a-la-oposicion\/#breadcrumb"},"inLanguage":"es","potentialAction":[{"@type":"ReadAction","target":["https:\/\/www.noticiasradioreflejos.com.ar\/2021\/kicillof-defendio-la-reforma-educativa-integral-bonaerense-y-cuestiono-a-la-oposicion\/"]}]},{"@type":"BreadcrumbList","@id":"https:\/\/www.noticiasradioreflejos.com.ar\/2021\/kicillof-defendio-la-reforma-educativa-integral-bonaerense-y-cuestiono-a-la-oposicion\/#breadcrumb","itemListElement":[{"@type":"ListItem","position":1,"name":"Portada","item":"https:\/\/www.noticiasradioreflejos.com.ar\/2021\/"},{"@type":"ListItem","position":2,"name":"Kicillof defendi\u00f3 la \u00abreforma educativa integral\u00bb bonaerense y cuestion\u00f3 a la oposici\u00f3n"}]},{"@type":"WebSite","@id":"https:\/\/www.noticiasradioreflejos.com.ar\/2021\/#website","url":"https:\/\/www.noticiasradioreflejos.com.ar\/2021\/","name":"Noticias Radio Reflejos","description":"Las noticias de mi comarca","potentialAction":[{"@type":"SearchAction","target":{"@type":"EntryPoint","urlTemplate":"https:\/\/www.noticiasradioreflejos.com.ar\/2021\/?s={search_term_string}"},"query-input":{"@type":"PropertyValueSpecification","valueRequired":true,"valueName":"search_term_string"}}],"inLanguage":"es"},{"@type":"Person","@id":"https:\/\/www.noticiasradioreflejos.com.ar\/2021\/#\/schema\/person\/ad82545263dcc5ec0996818884fd5fb1","name":"Arnaldo Botto","image":{"@type":"ImageObject","inLanguage":"es","@id":"https:\/\/www.noticiasradioreflejos.com.ar\/2021\/#\/schema\/person\/image\/","url":"https:\/\/secure.gravatar.com\/avatar\/55cb5e37c1efa326397366e6974cb338056df65cb50e7d64d1cf314e87504837?s=96&d=mm&r=g","contentUrl":"https:\/\/secure.gravatar.com\/avatar\/55cb5e37c1efa326397366e6974cb338056df65cb50e7d64d1cf314e87504837?s=96&d=mm&r=g","caption":"Arnaldo Botto"},"url":"https:\/\/www.noticiasradioreflejos.com.ar\/2021\/author\/arnaldo\/"}]}},"_links":{"self":[{"href":"https:\/\/www.noticiasradioreflejos.com.ar\/2021\/wp-json\/wp\/v2\/posts\/84628","targetHints":{"allow":["GET"]}}],"collection":[{"href":"https:\/\/www.noticiasradioreflejos.com.ar\/2021\/wp-json\/wp\/v2\/posts"}],"about":[{"href":"https:\/\/www.noticiasradioreflejos.com.ar\/2021\/wp-json\/wp\/v2\/types\/post"}],"author":[{"embeddable":true,"href":"https:\/\/www.noticiasradioreflejos.com.ar\/2021\/wp-json\/wp\/v2\/users\/3"}],"replies":[{"embeddable":true,"href":"https:\/\/www.noticiasradioreflejos.com.ar\/2021\/wp-json\/wp\/v2\/comments?post=84628"}],"version-history":[{"count":1,"href":"https:\/\/www.noticiasradioreflejos.com.ar\/2021\/wp-json\/wp\/v2\/posts\/84628\/revisions"}],"predecessor-version":[{"id":84630,"href":"https:\/\/www.noticiasradioreflejos.com.ar\/2021\/wp-json\/wp\/v2\/posts\/84628\/revisions\/84630"}],"wp:attachment":[{"href":"https:\/\/www.noticiasradioreflejos.com.ar\/2021\/wp-json\/wp\/v2\/media?parent=84628"}],"wp:term":[{"taxonomy":"category","embeddable":true,"href":"https:\/\/www.noticiasradioreflejos.com.ar\/2021\/wp-json\/wp\/v2\/categories?post=84628"},{"taxonomy":"post_tag","embeddable":true,"href":"https:\/\/www.noticiasradioreflejos.com.ar\/2021\/wp-json\/wp\/v2\/tags?post=84628"}],"curies":[{"name":"wp","href":"https:\/\/api.w.org\/{rel}","templated":true}]}}