{"id":84615,"date":"2023-02-24T17:05:32","date_gmt":"2023-02-24T17:05:32","guid":{"rendered":"https:\/\/www.noticiasradioreflejos.com.ar\/2021\/?p=84615"},"modified":"2023-02-24T17:05:32","modified_gmt":"2023-02-24T17:05:32","slug":"bahia-blanca-continuara-detenido-hombre-acusado-de-haber-abusado-de-dos-menores-en-una-pileta","status":"publish","type":"post","link":"https:\/\/www.noticiasradioreflejos.com.ar\/2021\/bahia-blanca-continuara-detenido-hombre-acusado-de-haber-abusado-de-dos-menores-en-una-pileta\/","title":{"rendered":"Bah\u00eda Blanca: Continuar\u00e1 detenido hombre acusado de haber abusado de dos menores en una pileta"},"content":{"rendered":"<p>Un hombre de 38 a\u00f1os continuar\u00e1 detenido en el marco de una causa por la que fue acusado de haber abusado sexualmente de dos menores en momentos en que se hallaban en una pileta de nataci\u00f3n de un complejo de Petroqu\u00edmicos en la localidad bonaerense de General Daniel Cerri, pr\u00f3xima a la ciudad de Bah\u00eda Blanca, informaron hoy fuentes judiciales.<!--more--><\/p>\n<p>Se trata de Cristian Enrique Ochoa, quien fue aprehendido el 21 de febrero en la tarde acusado de haber tocado a dos menores cuando se encontraban en el predio que cuenta con pileta del Sindicato de Petroqu\u00edmicos en la causa caratulada como \u00ababuso sexual simple\u00bb.<\/p>\n<p>Desde el Ministerio P\u00fablico Fiscal se indic\u00f3 a T\u00e9lam que la jueza de Garant\u00edas 1, subrogante, Natalia Giombi, orden\u00f3 convertir en detenci\u00f3n la aprehensi\u00f3n del hombre tras un pedido de la fiscal Agustina Olgu\u00edn.<\/p>\n<p>\u00abOchoa cuenta con una condena unificada en la pena 3 a\u00f1os y 6 meses de prisi\u00f3n, del a\u00f1o 2017, donde una de las causas resulta ser por el delito de abuso sexual simple, violaci\u00f3n de domicilio y hurto\u00bb, afirmaron.<\/p>\n<p>Seg\u00fan se indic\u00f3 en el marco del expediente se encuentra en tr\u00e1mite una segunda denuncia respecto de una tercera menor de edad que hab\u00eda estado en el mismo lugar en el que acontecieron los hechos anteriores y que habr\u00eda sido v\u00edctima de un hecho similar.<\/p>\n<p>Seg\u00fan se indic\u00f3 esta persona hab\u00eda sido detenida en diciembre del 2015 en el balneario de Monte Hermoso, acusado de exhibirles sus partes \u00edntimas a una joven de 18 a\u00f1os en la playa y, minutos despu\u00e9s, ingresar a un domicilio, robar un tel\u00e9fono celular y abusar a otra mujer de 23 a\u00f1os.<\/p>\n","protected":false},"excerpt":{"rendered":"<p>Un hombre de 38 a\u00f1os continuar\u00e1 detenido en el marco de una causa por la que fue acusado de haber abusado sexualmente de dos menores en momentos en que se hallaban en una pileta de nataci\u00f3n de un complejo de Petroqu\u00edmicos en la localidad bonaerense de General Daniel Cerri, pr\u00f3xima a la ciudad de Bah\u00eda [&hellip;]<\/p>\n","protected":false},"author":3,"featured_media":0,"comment_status":"closed","ping_status":"closed","sticky":false,"template":"","format":"standard","meta":{"footnotes":""},"categories":[57],"tags":[],"class_list":["post-84615","post","type-post","status-publish","format-standard","hentry","category-judiciales"],"yoast_head":"<!-- This site is optimized with the Yoast SEO plugin v25.9 - https:\/\/yoast.com\/wordpress\/plugins\/seo\/ -->\n<title>Bah\u00eda Blanca: Continuar\u00e1 detenido hombre acusado de haber abusado de dos menores en una pileta - Noticias Radio Reflejos<\/title>\n<meta name=\"robots\" content=\"index, follow, max-snippet:-1, max-image-preview:large, max-video-preview:-1\" \/>\n<link rel=\"canonical\" href=\"https:\/\/www.noticiasradioreflejos.com.ar\/2021\/bahia-blanca-continuara-detenido-hombre-acusado-de-haber-abusado-de-dos-menores-en-una-pileta\/\" \/>\n<meta property=\"og:locale\" content=\"es_ES\" \/>\n<meta property=\"og:type\" content=\"article\" \/>\n<meta property=\"og:title\" content=\"Bah\u00eda Blanca: Continuar\u00e1 detenido hombre acusado de haber abusado de dos menores en una pileta - Noticias Radio Reflejos\" \/>\n<meta property=\"og:description\" content=\"Un hombre de 38 a\u00f1os continuar\u00e1 detenido en el marco de una causa por la que fue acusado de haber abusado sexualmente de dos menores en momentos en que se hallaban en una pileta de nataci\u00f3n de un complejo de Petroqu\u00edmicos en la localidad bonaerense de General Daniel Cerri, pr\u00f3xima a la ciudad de Bah\u00eda [&hellip;]\" \/>\n<meta property=\"og:url\" content=\"https:\/\/www.noticiasradioreflejos.com.ar\/2021\/bahia-blanca-continuara-detenido-hombre-acusado-de-haber-abusado-de-dos-menores-en-una-pileta\/\" \/>\n<meta property=\"og:site_name\" content=\"Noticias Radio Reflejos\" \/>\n<meta property=\"article:published_time\" content=\"2023-02-24T17:05:32+00:00\" \/>\n<meta property=\"og:image\" content=\"https:\/\/www.noticiasradioreflejos.com.ar\/2021\/wp-content\/uploads\/2021\/07\/logosol300x200.png\" \/>\n\t<meta property=\"og:image:width\" content=\"300\" \/>\n\t<meta property=\"og:image:height\" content=\"200\" \/>\n\t<meta property=\"og:image:type\" content=\"image\/png\" \/>\n<meta name=\"author\" content=\"Arnaldo Botto\" \/>\n<meta name=\"twitter:card\" content=\"summary_large_image\" \/>\n<script type=\"application\/ld+json\" class=\"yoast-schema-graph\">{\"@context\":\"https:\/\/schema.org\",\"@graph\":[{\"@type\":\"WebPage\",\"@id\":\"https:\/\/www.noticiasradioreflejos.com.ar\/2021\/bahia-blanca-continuara-detenido-hombre-acusado-de-haber-abusado-de-dos-menores-en-una-pileta\/\",\"url\":\"https:\/\/www.noticiasradioreflejos.com.ar\/2021\/bahia-blanca-continuara-detenido-hombre-acusado-de-haber-abusado-de-dos-menores-en-una-pileta\/\",\"name\":\"Bah\u00eda Blanca: Continuar\u00e1 detenido hombre acusado de haber abusado de dos menores en una pileta - Noticias Radio Reflejos\",\"isPartOf\":{\"@id\":\"https:\/\/www.noticiasradioreflejos.com.ar\/2021\/#website\"},\"datePublished\":\"2023-02-24T17:05:32+00:00\",\"author\":{\"@id\":\"https:\/\/www.noticiasradioreflejos.com.ar\/2021\/#\/schema\/person\/ad82545263dcc5ec0996818884fd5fb1\"},\"breadcrumb\":{\"@id\":\"https:\/\/www.noticiasradioreflejos.com.ar\/2021\/bahia-blanca-continuara-detenido-hombre-acusado-de-haber-abusado-de-dos-menores-en-una-pileta\/#breadcrumb\"},\"inLanguage\":\"es\",\"potentialAction\":[{\"@type\":\"ReadAction\",\"target\":[\"https:\/\/www.noticiasradioreflejos.com.ar\/2021\/bahia-blanca-continuara-detenido-hombre-acusado-de-haber-abusado-de-dos-menores-en-una-pileta\/\"]}]},{\"@type\":\"BreadcrumbList\",\"@id\":\"https:\/\/www.noticiasradioreflejos.com.ar\/2021\/bahia-blanca-continuara-detenido-hombre-acusado-de-haber-abusado-de-dos-menores-en-una-pileta\/#breadcrumb\",\"itemListElement\":[{\"@type\":\"ListItem\",\"position\":1,\"name\":\"Portada\",\"item\":\"https:\/\/www.noticiasradioreflejos.com.ar\/2021\/\"},{\"@type\":\"ListItem\",\"position\":2,\"name\":\"Bah\u00eda Blanca: Continuar\u00e1 detenido hombre acusado de haber abusado de dos menores en una pileta\"}]},{\"@type\":\"WebSite\",\"@id\":\"https:\/\/www.noticiasradioreflejos.com.ar\/2021\/#website\",\"url\":\"https:\/\/www.noticiasradioreflejos.com.ar\/2021\/\",\"name\":\"Noticias Radio Reflejos\",\"description\":\"Las noticias de mi comarca\",\"potentialAction\":[{\"@type\":\"SearchAction\",\"target\":{\"@type\":\"EntryPoint\",\"urlTemplate\":\"https:\/\/www.noticiasradioreflejos.com.ar\/2021\/?s={search_term_string}\"},\"query-input\":{\"@type\":\"PropertyValueSpecification\",\"valueRequired\":true,\"valueName\":\"search_term_string\"}}],\"inLanguage\":\"es\"},{\"@type\":\"Person\",\"@id\":\"https:\/\/www.noticiasradioreflejos.com.ar\/2021\/#\/schema\/person\/ad82545263dcc5ec0996818884fd5fb1\",\"name\":\"Arnaldo Botto\",\"image\":{\"@type\":\"ImageObject\",\"inLanguage\":\"es\",\"@id\":\"https:\/\/www.noticiasradioreflejos.com.ar\/2021\/#\/schema\/person\/image\/\",\"url\":\"https:\/\/secure.gravatar.com\/avatar\/55cb5e37c1efa326397366e6974cb338056df65cb50e7d64d1cf314e87504837?s=96&d=mm&r=g\",\"contentUrl\":\"https:\/\/secure.gravatar.com\/avatar\/55cb5e37c1efa326397366e6974cb338056df65cb50e7d64d1cf314e87504837?s=96&d=mm&r=g\",\"caption\":\"Arnaldo Botto\"},\"url\":\"https:\/\/www.noticiasradioreflejos.com.ar\/2021\/author\/arnaldo\/\"}]}<\/script>\n<!-- \/ Yoast SEO plugin. -->","yoast_head_json":{"title":"Bah\u00eda Blanca: Continuar\u00e1 detenido hombre acusado de haber abusado de dos menores en una pileta - Noticias Radio Reflejos","robots":{"index":"index","follow":"follow","max-snippet":"max-snippet:-1","max-image-preview":"max-image-preview:large","max-video-preview":"max-video-preview:-1"},"canonical":"https:\/\/www.noticiasradioreflejos.com.ar\/2021\/bahia-blanca-continuara-detenido-hombre-acusado-de-haber-abusado-de-dos-menores-en-una-pileta\/","og_locale":"es_ES","og_type":"article","og_title":"Bah\u00eda Blanca: Continuar\u00e1 detenido hombre acusado de haber abusado de dos menores en una pileta - Noticias Radio Reflejos","og_description":"Un hombre de 38 a\u00f1os continuar\u00e1 detenido en el marco de una causa por la que fue acusado de haber abusado sexualmente de dos menores en momentos en que se hallaban en una pileta de nataci\u00f3n de un complejo de Petroqu\u00edmicos en la localidad bonaerense de General Daniel Cerri, pr\u00f3xima a la ciudad de Bah\u00eda [&hellip;]","og_url":"https:\/\/www.noticiasradioreflejos.com.ar\/2021\/bahia-blanca-continuara-detenido-hombre-acusado-de-haber-abusado-de-dos-menores-en-una-pileta\/","og_site_name":"Noticias Radio Reflejos","article_published_time":"2023-02-24T17:05:32+00:00","og_image":[{"width":300,"height":200,"url":"https:\/\/www.noticiasradioreflejos.com.ar\/2021\/wp-content\/uploads\/2021\/07\/logosol300x200.png","type":"image\/png"}],"author":"Arnaldo Botto","twitter_card":"summary_large_image","schema":{"@context":"https:\/\/schema.org","@graph":[{"@type":"WebPage","@id":"https:\/\/www.noticiasradioreflejos.com.ar\/2021\/bahia-blanca-continuara-detenido-hombre-acusado-de-haber-abusado-de-dos-menores-en-una-pileta\/","url":"https:\/\/www.noticiasradioreflejos.com.ar\/2021\/bahia-blanca-continuara-detenido-hombre-acusado-de-haber-abusado-de-dos-menores-en-una-pileta\/","name":"Bah\u00eda Blanca: Continuar\u00e1 detenido hombre acusado de haber abusado de dos menores en una pileta - Noticias Radio Reflejos","isPartOf":{"@id":"https:\/\/www.noticiasradioreflejos.com.ar\/2021\/#website"},"datePublished":"2023-02-24T17:05:32+00:00","author":{"@id":"https:\/\/www.noticiasradioreflejos.com.ar\/2021\/#\/schema\/person\/ad82545263dcc5ec0996818884fd5fb1"},"breadcrumb":{"@id":"https:\/\/www.noticiasradioreflejos.com.ar\/2021\/bahia-blanca-continuara-detenido-hombre-acusado-de-haber-abusado-de-dos-menores-en-una-pileta\/#breadcrumb"},"inLanguage":"es","potentialAction":[{"@type":"ReadAction","target":["https:\/\/www.noticiasradioreflejos.com.ar\/2021\/bahia-blanca-continuara-detenido-hombre-acusado-de-haber-abusado-de-dos-menores-en-una-pileta\/"]}]},{"@type":"BreadcrumbList","@id":"https:\/\/www.noticiasradioreflejos.com.ar\/2021\/bahia-blanca-continuara-detenido-hombre-acusado-de-haber-abusado-de-dos-menores-en-una-pileta\/#breadcrumb","itemListElement":[{"@type":"ListItem","position":1,"name":"Portada","item":"https:\/\/www.noticiasradioreflejos.com.ar\/2021\/"},{"@type":"ListItem","position":2,"name":"Bah\u00eda Blanca: Continuar\u00e1 detenido hombre acusado de haber abusado de dos menores en una pileta"}]},{"@type":"WebSite","@id":"https:\/\/www.noticiasradioreflejos.com.ar\/2021\/#website","url":"https:\/\/www.noticiasradioreflejos.com.ar\/2021\/","name":"Noticias Radio Reflejos","description":"Las noticias de mi comarca","potentialAction":[{"@type":"SearchAction","target":{"@type":"EntryPoint","urlTemplate":"https:\/\/www.noticiasradioreflejos.com.ar\/2021\/?s={search_term_string}"},"query-input":{"@type":"PropertyValueSpecification","valueRequired":true,"valueName":"search_term_string"}}],"inLanguage":"es"},{"@type":"Person","@id":"https:\/\/www.noticiasradioreflejos.com.ar\/2021\/#\/schema\/person\/ad82545263dcc5ec0996818884fd5fb1","name":"Arnaldo Botto","image":{"@type":"ImageObject","inLanguage":"es","@id":"https:\/\/www.noticiasradioreflejos.com.ar\/2021\/#\/schema\/person\/image\/","url":"https:\/\/secure.gravatar.com\/avatar\/55cb5e37c1efa326397366e6974cb338056df65cb50e7d64d1cf314e87504837?s=96&d=mm&r=g","contentUrl":"https:\/\/secure.gravatar.com\/avatar\/55cb5e37c1efa326397366e6974cb338056df65cb50e7d64d1cf314e87504837?s=96&d=mm&r=g","caption":"Arnaldo Botto"},"url":"https:\/\/www.noticiasradioreflejos.com.ar\/2021\/author\/arnaldo\/"}]}},"_links":{"self":[{"href":"https:\/\/www.noticiasradioreflejos.com.ar\/2021\/wp-json\/wp\/v2\/posts\/84615","targetHints":{"allow":["GET"]}}],"collection":[{"href":"https:\/\/www.noticiasradioreflejos.com.ar\/2021\/wp-json\/wp\/v2\/posts"}],"about":[{"href":"https:\/\/www.noticiasradioreflejos.com.ar\/2021\/wp-json\/wp\/v2\/types\/post"}],"author":[{"embeddable":true,"href":"https:\/\/www.noticiasradioreflejos.com.ar\/2021\/wp-json\/wp\/v2\/users\/3"}],"replies":[{"embeddable":true,"href":"https:\/\/www.noticiasradioreflejos.com.ar\/2021\/wp-json\/wp\/v2\/comments?post=84615"}],"version-history":[{"count":1,"href":"https:\/\/www.noticiasradioreflejos.com.ar\/2021\/wp-json\/wp\/v2\/posts\/84615\/revisions"}],"predecessor-version":[{"id":84617,"href":"https:\/\/www.noticiasradioreflejos.com.ar\/2021\/wp-json\/wp\/v2\/posts\/84615\/revisions\/84617"}],"wp:attachment":[{"href":"https:\/\/www.noticiasradioreflejos.com.ar\/2021\/wp-json\/wp\/v2\/media?parent=84615"}],"wp:term":[{"taxonomy":"category","embeddable":true,"href":"https:\/\/www.noticiasradioreflejos.com.ar\/2021\/wp-json\/wp\/v2\/categories?post=84615"},{"taxonomy":"post_tag","embeddable":true,"href":"https:\/\/www.noticiasradioreflejos.com.ar\/2021\/wp-json\/wp\/v2\/tags?post=84615"}],"curies":[{"name":"wp","href":"https:\/\/api.w.org\/{rel}","templated":true}]}}