{"id":84609,"date":"2023-02-24T17:09:50","date_gmt":"2023-02-24T17:09:50","guid":{"rendered":"https:\/\/www.noticiasradioreflejos.com.ar\/2021\/?p=84609"},"modified":"2023-02-24T17:11:55","modified_gmt":"2023-02-24T17:11:55","slug":"gustavo-trankels-el-gobernador-tomo-la-decision-de-que-se-resuelva-el-tema-de-la-51","status":"publish","type":"post","link":"https:\/\/www.noticiasradioreflejos.com.ar\/2021\/gustavo-trankels-el-gobernador-tomo-la-decision-de-que-se-resuelva-el-tema-de-la-51\/","title":{"rendered":"Gustavo Trankels: \u201cel gobernador tom\u00f3 la decisi\u00f3n de que se resuelva el tema de la 51\u201d"},"content":{"rendered":"<p>El actual director del Distrito 19 de Vialidad Provincial dio un pantallazo de la visita de Kicillof por la comarca. Al mismo tiempo, y sobre su futuro pol\u00edtico, mencion\u00f3 que \u201cya llegar\u00e1 el momento de elegir\u201d.<!--more--><\/p>\n<p>El ex intendente y actual director del Distrito 19 de Vialidad Provincial, Gustavo Trankels, realiz\u00f3 un pantallazo con las conclusiones que dej\u00f3 la visita del gobernador Axel Kicillof el pasado mi\u00e9rcoles.<\/p>\n<p>Al respecto, sostuvo que \u201cla reuni\u00f3n fue muy productiva. Lo que Axel de juntarse con los sectores productivos no lo vimos antes. Adem\u00e1s, los resultados que dan estas reuniones. El a\u00f1o pasado se plante\u00f3 el problema de la energ\u00eda, y fruto a esa reuni\u00f3n de trabajo, hoy tenemos duplicado el caudal energ\u00e9tico. Estamos contentos porque se sigan haciendo este tipo de reuniones\u201d.<\/p>\n<p>En esa l\u00ednea, mencion\u00f3 que \u201chab\u00eda la expresi\u00f3n de distintos sectores, desde agr\u00edcola ganadero, hasta cultura o comercio. Lo que m\u00e1s nos llam\u00f3 la atenci\u00f3n fue la cantidad de reclamos de \u00edndole local. Situaciones que se resuelven con el municipio y no tanto con el gobernador, como las veredas, el estado de conservaci\u00f3n. Son cosas m\u00e1s municipales que provinciales. Dos intendentes pidieron la palabra para aclarar justamente eso; que depend\u00eda m\u00e1s de los intendentes que de un gobernador\u201d.<\/p>\n<p><a title=\"WhatsApp Image 2023-02-24 at 12.16.00\" href=\"https:\/\/www.flickr.com\/photos\/182279889@N02\/52708982623\/in\/dateposted-public\/\" data-flickr-embed=\"true\"><img loading=\"lazy\" decoding=\"async\" class=\"aligncenter\" src=\"https:\/\/live.staticflickr.com\/65535\/52708982623_8486b3d99d_c.jpg\" alt=\"WhatsApp Image 2023-02-24 at 12.16.00\" width=\"600\" height=\"800\" \/><\/a><\/p>\n<p>Al tiempo que<strong> \u201cs\u00ed se le plantearon las mejoras para las rutas 76 y 51.<\/strong> En la 76 ya se ven esas mejoras. Se ve f\u00e1cilmente. Resta el tramo que confluye con la 33. El propio gobernador dijo que ya se est\u00e1 trabajando en ese proyecto. Si sale todo bien, para mayo de este a\u00f1o saldr\u00eda la licitaci\u00f3n. Est\u00e1 incluida en el presupuesto de este a\u00f1o\u201d.<\/p>\n<p><strong>Mientras que \u201csobre la 51<\/strong> estuvimos hablando con el gobernador, que tom\u00f3 la decisi\u00f3n pol\u00edtica de que eso se resuelva. Al mismo tiempo desde Vialidad Provincial est\u00e1n renegociando el contrato para que eso se termine. Son 19 kil\u00f3metros que est\u00e1n freezados. La gente tiene raz\u00f3n en enojarse con eso. La empresa a\u00fan tiene el contrato asignado. Deber\u00e1n retomar los trabajos y concluir la tarea. La voluntad y la decisi\u00f3n est\u00e1 tomada. Se debe continuar y terminar. Una vez que se acomode el contrato, la deben terminar\u201d.<\/p>\n<p>De todas maneras Trankels reconoci\u00f3 que \u201cdurante las fiestas se detuvieron los trabajos en todas las obras. Se retomaron sobre el verano. Sobre la 33, por un tema estrat\u00e9gico financiero, la empresa se volc\u00f3 a la consolidaci\u00f3n de suelo, ensanchamiento, taludes, capas especiales\u2026 cuando el mercado est\u00e1 en mejores condiciones, van en b\u00fasqueda del asfalto para trabajar las carpetas. La obra est\u00e1 en marcha y sobre fines de marzo habr\u00e1 otra tanda de carpetas asf\u00e1lticas, que nos permitir\u00e1 habilitar del kil\u00f3metro del 18 al 11\u201d.<\/p>\n<p>En otro pasaje de la charla, y trazando un paralelismo, cont\u00f3 que \u201cScioli tambi\u00e9n recorri\u00f3 mucho la provincia. Estaba al tanto de las problem\u00e1ticas del partido y colabor\u00f3 con obras multimillonarias para la comarca, como el agua o las cloacas. La diferencia con Axel es que \u00e9l tiene la caracter\u00edstica de sentarse con los vecinos y con los hacedores de la producci\u00f3n. Incluso hubo gente que le agradeci\u00f3 determinadas cuestiones, y eso al gobernador le marca el rumbo de las cosas que est\u00e1n bien hechas. Fue un mi\u00e9rcoles muy productivo\u201d.<\/p>\n<p>Por \u00faltimo, y sobre su futuro pol\u00edtico, Gustavo Trankels asegur\u00f3 que \u201cpor ahora no hay sill\u00f3n. Lo que no para es el asiento de la camioneta que no para. Estoy muy concentrado en eso. Hay muchas obras. Pero obviamente hay charlas. Ya llegar\u00e1 el momento de elegir. Cuando se d\u00e9 esa resoluci\u00f3n pol\u00edtica, la vamos a estar compartiendo con los vecinos. Todav\u00eda no hay nada. Ning\u00fan sill\u00f3n preparado. Cuando nos asignen alguna tarea la estaremos comunicando\u201d.<\/p>\n<p>Mirando hacia arriba, reconoci\u00f3 que \u201cel gobernador hizo una tarea extraordinaria. No solo ordenando los n\u00fameros de la provincia, sino tambi\u00e9n por el despliegue que hizo de llegar a la gente, con caminar la provincia, abordar los temas y que las soluciones lleguen\u201d.<\/p>\n<p>En tanto que sobre Scioli admiti\u00f3 que \u201ces un dirigente que le dio mucho a la comarca y ojal\u00e1 le vaya muy bien en su postulaci\u00f3n\u201d.<\/p>\n<p><iframe loading=\"lazy\" src=\"https:\/\/w.soundcloud.com\/player\/?url=https%3A\/\/api.soundcloud.com\/tracks\/1454960137&amp;color=%23ff5500&amp;auto_play=false&amp;hide_related=false&amp;show_comments=true&amp;show_user=true&amp;show_reposts=false&amp;show_teaser=true\" width=\"100%\" height=\"166\" frameborder=\"no\" scrolling=\"no\"><\/iframe><\/p>\n<div style=\"font-size: 10px; color: #cccccc; line-break: anywhere; word-break: normal; overflow: hidden; white-space: nowrap; text-overflow: ellipsis; font-family: Interstate,Lucida Grande,Lucida Sans Unicode,Lucida Sans,Garuda,Verdana,Tahoma,sans-serif; font-weight: 100;\"><a style=\"color: #cccccc; text-decoration: none;\" title=\"fmreflejos 103.7\" href=\"https:\/\/soundcloud.com\/fmreflejos-103-7\" target=\"_blank\" rel=\"noopener\">fmreflejos 103.7<\/a> \u00b7 <a style=\"color: #cccccc; text-decoration: none;\" title=\"Trankels -. Visita De Axel\" href=\"https:\/\/soundcloud.com\/fmreflejos-103-7\/trankels-visita-de-axel\" target=\"_blank\" rel=\"noopener\">Trankels -. Visita De Axel<\/a><\/div>\n<p>&nbsp;<\/p>\n","protected":false},"excerpt":{"rendered":"<p>El actual director del Distrito 19 de Vialidad Provincial dio un pantallazo de la visita de Kicillof por la comarca. Al mismo tiempo, y sobre su futuro pol\u00edtico, mencion\u00f3 que \u201cya llegar\u00e1 el momento de elegir\u201d.<\/p>\n","protected":false},"author":3,"featured_media":0,"comment_status":"closed","ping_status":"closed","sticky":false,"template":"","format":"standard","meta":{"footnotes":""},"categories":[24],"tags":[48],"class_list":["post-84609","post","type-post","status-publish","format-standard","hentry","category-politica","tag-destacada"],"yoast_head":"<!-- This site is optimized with the Yoast SEO plugin v25.9 - https:\/\/yoast.com\/wordpress\/plugins\/seo\/ -->\n<title>Gustavo Trankels: \u201cel gobernador tom\u00f3 la decisi\u00f3n de que se resuelva el tema de la 51\u201d - Noticias Radio Reflejos<\/title>\n<meta name=\"robots\" content=\"index, follow, max-snippet:-1, max-image-preview:large, max-video-preview:-1\" \/>\n<link rel=\"canonical\" href=\"https:\/\/www.noticiasradioreflejos.com.ar\/2021\/gustavo-trankels-el-gobernador-tomo-la-decision-de-que-se-resuelva-el-tema-de-la-51\/\" \/>\n<meta property=\"og:locale\" content=\"es_ES\" \/>\n<meta property=\"og:type\" content=\"article\" \/>\n<meta property=\"og:title\" content=\"Gustavo Trankels: \u201cel gobernador tom\u00f3 la decisi\u00f3n de que se resuelva el tema de la 51\u201d - Noticias Radio Reflejos\" \/>\n<meta property=\"og:description\" content=\"El actual director del Distrito 19 de Vialidad Provincial dio un pantallazo de la visita de Kicillof por la comarca. Al mismo tiempo, y sobre su futuro pol\u00edtico, mencion\u00f3 que \u201cya llegar\u00e1 el momento de elegir\u201d.\" \/>\n<meta property=\"og:url\" content=\"https:\/\/www.noticiasradioreflejos.com.ar\/2021\/gustavo-trankels-el-gobernador-tomo-la-decision-de-que-se-resuelva-el-tema-de-la-51\/\" \/>\n<meta property=\"og:site_name\" content=\"Noticias Radio Reflejos\" \/>\n<meta property=\"article:published_time\" content=\"2023-02-24T17:09:50+00:00\" \/>\n<meta property=\"article:modified_time\" content=\"2023-02-24T17:11:55+00:00\" \/>\n<meta property=\"og:image\" content=\"https:\/\/live.staticflickr.com\/65535\/52708982623_8486b3d99d_c.jpg\" \/>\n<meta name=\"author\" content=\"Arnaldo Botto\" \/>\n<meta name=\"twitter:card\" content=\"summary_large_image\" \/>\n<script type=\"application\/ld+json\" class=\"yoast-schema-graph\">{\"@context\":\"https:\/\/schema.org\",\"@graph\":[{\"@type\":\"WebPage\",\"@id\":\"https:\/\/www.noticiasradioreflejos.com.ar\/2021\/gustavo-trankels-el-gobernador-tomo-la-decision-de-que-se-resuelva-el-tema-de-la-51\/\",\"url\":\"https:\/\/www.noticiasradioreflejos.com.ar\/2021\/gustavo-trankels-el-gobernador-tomo-la-decision-de-que-se-resuelva-el-tema-de-la-51\/\",\"name\":\"Gustavo Trankels: \u201cel gobernador tom\u00f3 la decisi\u00f3n de que se resuelva el tema de la 51\u201d - Noticias Radio Reflejos\",\"isPartOf\":{\"@id\":\"https:\/\/www.noticiasradioreflejos.com.ar\/2021\/#website\"},\"primaryImageOfPage\":{\"@id\":\"https:\/\/www.noticiasradioreflejos.com.ar\/2021\/gustavo-trankels-el-gobernador-tomo-la-decision-de-que-se-resuelva-el-tema-de-la-51\/#primaryimage\"},\"image\":{\"@id\":\"https:\/\/www.noticiasradioreflejos.com.ar\/2021\/gustavo-trankels-el-gobernador-tomo-la-decision-de-que-se-resuelva-el-tema-de-la-51\/#primaryimage\"},\"thumbnailUrl\":\"https:\/\/live.staticflickr.com\/65535\/52708982623_8486b3d99d_c.jpg\",\"datePublished\":\"2023-02-24T17:09:50+00:00\",\"dateModified\":\"2023-02-24T17:11:55+00:00\",\"author\":{\"@id\":\"https:\/\/www.noticiasradioreflejos.com.ar\/2021\/#\/schema\/person\/ad82545263dcc5ec0996818884fd5fb1\"},\"breadcrumb\":{\"@id\":\"https:\/\/www.noticiasradioreflejos.com.ar\/2021\/gustavo-trankels-el-gobernador-tomo-la-decision-de-que-se-resuelva-el-tema-de-la-51\/#breadcrumb\"},\"inLanguage\":\"es\",\"potentialAction\":[{\"@type\":\"ReadAction\",\"target\":[\"https:\/\/www.noticiasradioreflejos.com.ar\/2021\/gustavo-trankels-el-gobernador-tomo-la-decision-de-que-se-resuelva-el-tema-de-la-51\/\"]}]},{\"@type\":\"ImageObject\",\"inLanguage\":\"es\",\"@id\":\"https:\/\/www.noticiasradioreflejos.com.ar\/2021\/gustavo-trankels-el-gobernador-tomo-la-decision-de-que-se-resuelva-el-tema-de-la-51\/#primaryimage\",\"url\":\"https:\/\/live.staticflickr.com\/65535\/52708982623_8486b3d99d_c.jpg\",\"contentUrl\":\"https:\/\/live.staticflickr.com\/65535\/52708982623_8486b3d99d_c.jpg\"},{\"@type\":\"BreadcrumbList\",\"@id\":\"https:\/\/www.noticiasradioreflejos.com.ar\/2021\/gustavo-trankels-el-gobernador-tomo-la-decision-de-que-se-resuelva-el-tema-de-la-51\/#breadcrumb\",\"itemListElement\":[{\"@type\":\"ListItem\",\"position\":1,\"name\":\"Portada\",\"item\":\"https:\/\/www.noticiasradioreflejos.com.ar\/2021\/\"},{\"@type\":\"ListItem\",\"position\":2,\"name\":\"Gustavo Trankels: \u201cel gobernador tom\u00f3 la decisi\u00f3n de que se resuelva el tema de la 51\u201d\"}]},{\"@type\":\"WebSite\",\"@id\":\"https:\/\/www.noticiasradioreflejos.com.ar\/2021\/#website\",\"url\":\"https:\/\/www.noticiasradioreflejos.com.ar\/2021\/\",\"name\":\"Noticias Radio Reflejos\",\"description\":\"Las noticias de mi comarca\",\"potentialAction\":[{\"@type\":\"SearchAction\",\"target\":{\"@type\":\"EntryPoint\",\"urlTemplate\":\"https:\/\/www.noticiasradioreflejos.com.ar\/2021\/?s={search_term_string}\"},\"query-input\":{\"@type\":\"PropertyValueSpecification\",\"valueRequired\":true,\"valueName\":\"search_term_string\"}}],\"inLanguage\":\"es\"},{\"@type\":\"Person\",\"@id\":\"https:\/\/www.noticiasradioreflejos.com.ar\/2021\/#\/schema\/person\/ad82545263dcc5ec0996818884fd5fb1\",\"name\":\"Arnaldo Botto\",\"image\":{\"@type\":\"ImageObject\",\"inLanguage\":\"es\",\"@id\":\"https:\/\/www.noticiasradioreflejos.com.ar\/2021\/#\/schema\/person\/image\/\",\"url\":\"https:\/\/secure.gravatar.com\/avatar\/55cb5e37c1efa326397366e6974cb338056df65cb50e7d64d1cf314e87504837?s=96&d=mm&r=g\",\"contentUrl\":\"https:\/\/secure.gravatar.com\/avatar\/55cb5e37c1efa326397366e6974cb338056df65cb50e7d64d1cf314e87504837?s=96&d=mm&r=g\",\"caption\":\"Arnaldo Botto\"},\"url\":\"https:\/\/www.noticiasradioreflejos.com.ar\/2021\/author\/arnaldo\/\"}]}<\/script>\n<!-- \/ Yoast SEO plugin. -->","yoast_head_json":{"title":"Gustavo Trankels: \u201cel gobernador tom\u00f3 la decisi\u00f3n de que se resuelva el tema de la 51\u201d - Noticias Radio Reflejos","robots":{"index":"index","follow":"follow","max-snippet":"max-snippet:-1","max-image-preview":"max-image-preview:large","max-video-preview":"max-video-preview:-1"},"canonical":"https:\/\/www.noticiasradioreflejos.com.ar\/2021\/gustavo-trankels-el-gobernador-tomo-la-decision-de-que-se-resuelva-el-tema-de-la-51\/","og_locale":"es_ES","og_type":"article","og_title":"Gustavo Trankels: \u201cel gobernador tom\u00f3 la decisi\u00f3n de que se resuelva el tema de la 51\u201d - Noticias Radio Reflejos","og_description":"El actual director del Distrito 19 de Vialidad Provincial dio un pantallazo de la visita de Kicillof por la comarca. Al mismo tiempo, y sobre su futuro pol\u00edtico, mencion\u00f3 que \u201cya llegar\u00e1 el momento de elegir\u201d.","og_url":"https:\/\/www.noticiasradioreflejos.com.ar\/2021\/gustavo-trankels-el-gobernador-tomo-la-decision-de-que-se-resuelva-el-tema-de-la-51\/","og_site_name":"Noticias Radio Reflejos","article_published_time":"2023-02-24T17:09:50+00:00","article_modified_time":"2023-02-24T17:11:55+00:00","og_image":[{"url":"https:\/\/live.staticflickr.com\/65535\/52708982623_8486b3d99d_c.jpg","type":"","width":"","height":""}],"author":"Arnaldo Botto","twitter_card":"summary_large_image","schema":{"@context":"https:\/\/schema.org","@graph":[{"@type":"WebPage","@id":"https:\/\/www.noticiasradioreflejos.com.ar\/2021\/gustavo-trankels-el-gobernador-tomo-la-decision-de-que-se-resuelva-el-tema-de-la-51\/","url":"https:\/\/www.noticiasradioreflejos.com.ar\/2021\/gustavo-trankels-el-gobernador-tomo-la-decision-de-que-se-resuelva-el-tema-de-la-51\/","name":"Gustavo Trankels: \u201cel gobernador tom\u00f3 la decisi\u00f3n de que se resuelva el tema de la 51\u201d - Noticias Radio Reflejos","isPartOf":{"@id":"https:\/\/www.noticiasradioreflejos.com.ar\/2021\/#website"},"primaryImageOfPage":{"@id":"https:\/\/www.noticiasradioreflejos.com.ar\/2021\/gustavo-trankels-el-gobernador-tomo-la-decision-de-que-se-resuelva-el-tema-de-la-51\/#primaryimage"},"image":{"@id":"https:\/\/www.noticiasradioreflejos.com.ar\/2021\/gustavo-trankels-el-gobernador-tomo-la-decision-de-que-se-resuelva-el-tema-de-la-51\/#primaryimage"},"thumbnailUrl":"https:\/\/live.staticflickr.com\/65535\/52708982623_8486b3d99d_c.jpg","datePublished":"2023-02-24T17:09:50+00:00","dateModified":"2023-02-24T17:11:55+00:00","author":{"@id":"https:\/\/www.noticiasradioreflejos.com.ar\/2021\/#\/schema\/person\/ad82545263dcc5ec0996818884fd5fb1"},"breadcrumb":{"@id":"https:\/\/www.noticiasradioreflejos.com.ar\/2021\/gustavo-trankels-el-gobernador-tomo-la-decision-de-que-se-resuelva-el-tema-de-la-51\/#breadcrumb"},"inLanguage":"es","potentialAction":[{"@type":"ReadAction","target":["https:\/\/www.noticiasradioreflejos.com.ar\/2021\/gustavo-trankels-el-gobernador-tomo-la-decision-de-que-se-resuelva-el-tema-de-la-51\/"]}]},{"@type":"ImageObject","inLanguage":"es","@id":"https:\/\/www.noticiasradioreflejos.com.ar\/2021\/gustavo-trankels-el-gobernador-tomo-la-decision-de-que-se-resuelva-el-tema-de-la-51\/#primaryimage","url":"https:\/\/live.staticflickr.com\/65535\/52708982623_8486b3d99d_c.jpg","contentUrl":"https:\/\/live.staticflickr.com\/65535\/52708982623_8486b3d99d_c.jpg"},{"@type":"BreadcrumbList","@id":"https:\/\/www.noticiasradioreflejos.com.ar\/2021\/gustavo-trankels-el-gobernador-tomo-la-decision-de-que-se-resuelva-el-tema-de-la-51\/#breadcrumb","itemListElement":[{"@type":"ListItem","position":1,"name":"Portada","item":"https:\/\/www.noticiasradioreflejos.com.ar\/2021\/"},{"@type":"ListItem","position":2,"name":"Gustavo Trankels: \u201cel gobernador tom\u00f3 la decisi\u00f3n de que se resuelva el tema de la 51\u201d"}]},{"@type":"WebSite","@id":"https:\/\/www.noticiasradioreflejos.com.ar\/2021\/#website","url":"https:\/\/www.noticiasradioreflejos.com.ar\/2021\/","name":"Noticias Radio Reflejos","description":"Las noticias de mi comarca","potentialAction":[{"@type":"SearchAction","target":{"@type":"EntryPoint","urlTemplate":"https:\/\/www.noticiasradioreflejos.com.ar\/2021\/?s={search_term_string}"},"query-input":{"@type":"PropertyValueSpecification","valueRequired":true,"valueName":"search_term_string"}}],"inLanguage":"es"},{"@type":"Person","@id":"https:\/\/www.noticiasradioreflejos.com.ar\/2021\/#\/schema\/person\/ad82545263dcc5ec0996818884fd5fb1","name":"Arnaldo Botto","image":{"@type":"ImageObject","inLanguage":"es","@id":"https:\/\/www.noticiasradioreflejos.com.ar\/2021\/#\/schema\/person\/image\/","url":"https:\/\/secure.gravatar.com\/avatar\/55cb5e37c1efa326397366e6974cb338056df65cb50e7d64d1cf314e87504837?s=96&d=mm&r=g","contentUrl":"https:\/\/secure.gravatar.com\/avatar\/55cb5e37c1efa326397366e6974cb338056df65cb50e7d64d1cf314e87504837?s=96&d=mm&r=g","caption":"Arnaldo Botto"},"url":"https:\/\/www.noticiasradioreflejos.com.ar\/2021\/author\/arnaldo\/"}]}},"_links":{"self":[{"href":"https:\/\/www.noticiasradioreflejos.com.ar\/2021\/wp-json\/wp\/v2\/posts\/84609","targetHints":{"allow":["GET"]}}],"collection":[{"href":"https:\/\/www.noticiasradioreflejos.com.ar\/2021\/wp-json\/wp\/v2\/posts"}],"about":[{"href":"https:\/\/www.noticiasradioreflejos.com.ar\/2021\/wp-json\/wp\/v2\/types\/post"}],"author":[{"embeddable":true,"href":"https:\/\/www.noticiasradioreflejos.com.ar\/2021\/wp-json\/wp\/v2\/users\/3"}],"replies":[{"embeddable":true,"href":"https:\/\/www.noticiasradioreflejos.com.ar\/2021\/wp-json\/wp\/v2\/comments?post=84609"}],"version-history":[{"count":4,"href":"https:\/\/www.noticiasradioreflejos.com.ar\/2021\/wp-json\/wp\/v2\/posts\/84609\/revisions"}],"predecessor-version":[{"id":84622,"href":"https:\/\/www.noticiasradioreflejos.com.ar\/2021\/wp-json\/wp\/v2\/posts\/84609\/revisions\/84622"}],"wp:attachment":[{"href":"https:\/\/www.noticiasradioreflejos.com.ar\/2021\/wp-json\/wp\/v2\/media?parent=84609"}],"wp:term":[{"taxonomy":"category","embeddable":true,"href":"https:\/\/www.noticiasradioreflejos.com.ar\/2021\/wp-json\/wp\/v2\/categories?post=84609"},{"taxonomy":"post_tag","embeddable":true,"href":"https:\/\/www.noticiasradioreflejos.com.ar\/2021\/wp-json\/wp\/v2\/tags?post=84609"}],"curies":[{"name":"wp","href":"https:\/\/api.w.org\/{rel}","templated":true}]}}