{"id":84608,"date":"2023-02-24T15:27:26","date_gmt":"2023-02-24T15:27:26","guid":{"rendered":"https:\/\/www.noticiasradioreflejos.com.ar\/2021\/?p=84608"},"modified":"2023-02-24T15:27:26","modified_gmt":"2023-02-24T15:27:26","slug":"acuerdan-incorporar-el-futbol-femenino-en-las-clases-de-educacion-fisicas-de-las-escuelas","status":"publish","type":"post","link":"https:\/\/www.noticiasradioreflejos.com.ar\/2021\/acuerdan-incorporar-el-futbol-femenino-en-las-clases-de-educacion-fisicas-de-las-escuelas\/","title":{"rendered":"Acuerdan incorporar el f\u00fatbol femenino en las clases de educaci\u00f3n f\u00edsicas de las escuelas"},"content":{"rendered":"<p>El ministro de Educaci\u00f3n, Jaime Perczyk, y el titular de la Asociaci\u00f3n del F\u00fatbol Argentino (AFA), Claudio \u201cChiqui\u201d Tapia, acordaron hoy impulsar la incorporaci\u00f3n del f\u00fatbol femenino en las clases de educaci\u00f3n f\u00edsica de las escuelas de todo el pa\u00eds.<!--more--><\/p>\n<p>Perczyk y Tapia tambi\u00e9n firmaron un convenio de cooperaci\u00f3n para impulsar y promover la terminalidad de la educaci\u00f3n obligatoria de todas y todos los futbolistas, se inform\u00f3 en un comunicado de prensa.<\/p>\n<p>Bajo el lema \u201cEstudiar es tu mejor jugada\u201d, el acuerdo, al que adhiri\u00f3 tambi\u00e9n la Asociaci\u00f3n de Futbolistas Agremiados, contempla adem\u00e1s el dictado de cursos de oficio para favorecer la inserci\u00f3n laboral de los deportistas.<\/p>\n<p>Durante la firma de convenios, Perczyk sostuvo que \u201cel f\u00fatbol es una escuela para todas y todos y por eso vamos a impulsar que haya espacio para el f\u00fatbol femenino en todo el sistema educativo\u201d.<\/p>\n<p>\u201cTenemos que hacer que los miles de clubes de barrio y los de AFA formen tambi\u00e9n a las chicas en igualdad de condiciones. Que ellas quieran jugar al futbol para nosotros es una obligaci\u00f3n deportiva y tambi\u00e9n educativa\u201d, agreg\u00f3.<\/p>\n<p>El titular de la cartera educativa remarc\u00f3 que \u201cel f\u00fatbol femenino debe seguir desarroll\u00e1ndose y, para eso, necesitamos que todas nuestras jugadoras cuenten con un desarrollo integral, no solo en lo futbol\u00edstico, sino tambi\u00e9n en lo humano\u201d.<\/p>\n<p>Respecto a la terminalidad escolar de las y los futbolistas, el ministro sostuvo que \u201cdebemos acompa\u00f1ar a cada chico y chica a que termine el colegio primario y el ciclo secundario. Estas son cosas que nos van a llevar, en lo humano, a que se profesionalicen\u201d.<\/p>\n<p>Tras mencionar el ejemplo de Cristian Gabriel \u201cCuti\u201d Romero, que declar\u00f3 que estando en el exterior se dio cuenta de la importancia de culminar los estudios, Perczyk sostuvo que \u201ctodos sue\u00f1an con triunfar y salir campeones del mundo, pero son pocos los que tienen esa posibilidad; la educaci\u00f3n es una herramienta, un gran valor y todos debemos contribuir con ella\u201d.<\/p>\n<p>En cuanto a los cursos de inserci\u00f3n laboral para deportistas, el ministro advirti\u00f3 que \u201cla posibilidad de vivir del deporte es corta, por eso creemos que es importante terminar la escuela y eso es una obligaci\u00f3n del estado, de las familias y de los clubes<\/p>\n<p>Y aclar\u00f3 que \u201ctambi\u00e9n tenemos que ayudar a la formaci\u00f3n profesional, en oficios, y eso es para el que puede seguir siendo deportista y para el que tiene un l\u00edmite en su carrera\u201d.<\/p>\n<p>El convenio rubricado hoy tiene por objeto principal ejecutar acciones para incentivar, impulsar y brindar el acompa\u00f1amiento pedag\u00f3gico para promover la terminalidad educativa y el fortalecimiento en las trayectorias escolares de los y las futbolistas.<\/p>\n<p>La cartera educativa asignar\u00e1 material de apoyo, pedag\u00f3gico, did\u00e1ctico y\/o tecnol\u00f3gico destinado al acompa\u00f1amiento y fortalecimiento de las trayectorias escolares en los clubes indicados por la AFA.<\/p>\n<p>Tambi\u00e9n brindar\u00e1 asesoramiento a los Referentes Educativos designados por la AFA sobre los Programas de acompa\u00f1amiento de trayectorias escolares que lleva adelante el ministerio en todas las jurisdicciones.<\/p>\n<p>En tanto, la AFA se compromete a incluir como requisito obligatorio para los y las futbolistas de todas las divisiones inferiores de todos los clubes afiliados directa o indirectamente a la AFA, la acreditaci\u00f3n ante sus respectivos clubes, y \u00e9stos ante la AFA y\/o el Consejo Federal de F\u00fatbol, su condici\u00f3n de alumno regular del colegio primario\/secundario, o la acreditaci\u00f3n, de la finalizaci\u00f3n de los estudios secundarios.<\/p>\n<p>\u201cNo solo se sale campe\u00f3n del mundo jugando al f\u00fatbol. Este convenio que hemos firmado no hace m\u00e1s que ratificar la responsabilidad y el compromiso que tiene la Casa Madre del F\u00fatbol Argentino con la educaci\u00f3n\u00bb, subray\u00f3 Perczyk, seg\u00fan se inform\u00f3 en un comunicado.<\/p>\n<p>Del acto, que se realiz\u00f3 en la sede de la AFA participaron tambi\u00e9n el titular de Futbolistas Agremiados, Sergio Marchi; el Asesor Ejecutivo del Ministerio de Educaci\u00f3n, Mario Caputo; Marcelo Achille, vicepresidente de la AFA; el fundador de la Red Solidaria, Juan Carr; presidentas y presidentes de clubes y dirigentes de ligas del interior del pa\u00eds, entre otros.<\/p>\n","protected":false},"excerpt":{"rendered":"<p>El ministro de Educaci\u00f3n, Jaime Perczyk, y el titular de la Asociaci\u00f3n del F\u00fatbol Argentino (AFA), Claudio \u201cChiqui\u201d Tapia, acordaron hoy impulsar la incorporaci\u00f3n del f\u00fatbol femenino en las clases de educaci\u00f3n f\u00edsica de las escuelas de todo el pa\u00eds.<\/p>\n","protected":false},"author":3,"featured_media":0,"comment_status":"closed","ping_status":"closed","sticky":false,"template":"","format":"standard","meta":{"footnotes":""},"categories":[34],"tags":[],"class_list":["post-84608","post","type-post","status-publish","format-standard","hentry","category-educacion"],"yoast_head":"<!-- This site is optimized with the Yoast SEO plugin v25.9 - https:\/\/yoast.com\/wordpress\/plugins\/seo\/ -->\n<title>Acuerdan incorporar el f\u00fatbol femenino en las clases de educaci\u00f3n f\u00edsicas de las escuelas - Noticias Radio Reflejos<\/title>\n<meta name=\"robots\" content=\"index, follow, max-snippet:-1, max-image-preview:large, max-video-preview:-1\" \/>\n<link rel=\"canonical\" href=\"https:\/\/www.noticiasradioreflejos.com.ar\/2021\/acuerdan-incorporar-el-futbol-femenino-en-las-clases-de-educacion-fisicas-de-las-escuelas\/\" \/>\n<meta property=\"og:locale\" content=\"es_ES\" \/>\n<meta property=\"og:type\" content=\"article\" \/>\n<meta property=\"og:title\" content=\"Acuerdan incorporar el f\u00fatbol femenino en las clases de educaci\u00f3n f\u00edsicas de las escuelas - Noticias Radio Reflejos\" \/>\n<meta property=\"og:description\" content=\"El ministro de Educaci\u00f3n, Jaime Perczyk, y el titular de la Asociaci\u00f3n del F\u00fatbol Argentino (AFA), Claudio \u201cChiqui\u201d Tapia, acordaron hoy impulsar la incorporaci\u00f3n del f\u00fatbol femenino en las clases de educaci\u00f3n f\u00edsica de las escuelas de todo el pa\u00eds.\" \/>\n<meta property=\"og:url\" content=\"https:\/\/www.noticiasradioreflejos.com.ar\/2021\/acuerdan-incorporar-el-futbol-femenino-en-las-clases-de-educacion-fisicas-de-las-escuelas\/\" \/>\n<meta property=\"og:site_name\" content=\"Noticias Radio Reflejos\" \/>\n<meta property=\"article:published_time\" content=\"2023-02-24T15:27:26+00:00\" \/>\n<meta property=\"og:image\" content=\"https:\/\/www.noticiasradioreflejos.com.ar\/2021\/wp-content\/uploads\/2021\/07\/logosol300x200.png\" \/>\n\t<meta property=\"og:image:width\" content=\"300\" \/>\n\t<meta property=\"og:image:height\" content=\"200\" \/>\n\t<meta property=\"og:image:type\" content=\"image\/png\" \/>\n<meta name=\"author\" content=\"Arnaldo Botto\" \/>\n<meta name=\"twitter:card\" content=\"summary_large_image\" \/>\n<script type=\"application\/ld+json\" class=\"yoast-schema-graph\">{\"@context\":\"https:\/\/schema.org\",\"@graph\":[{\"@type\":\"WebPage\",\"@id\":\"https:\/\/www.noticiasradioreflejos.com.ar\/2021\/acuerdan-incorporar-el-futbol-femenino-en-las-clases-de-educacion-fisicas-de-las-escuelas\/\",\"url\":\"https:\/\/www.noticiasradioreflejos.com.ar\/2021\/acuerdan-incorporar-el-futbol-femenino-en-las-clases-de-educacion-fisicas-de-las-escuelas\/\",\"name\":\"Acuerdan incorporar el f\u00fatbol femenino en las clases de educaci\u00f3n f\u00edsicas de las escuelas - Noticias Radio Reflejos\",\"isPartOf\":{\"@id\":\"https:\/\/www.noticiasradioreflejos.com.ar\/2021\/#website\"},\"datePublished\":\"2023-02-24T15:27:26+00:00\",\"author\":{\"@id\":\"https:\/\/www.noticiasradioreflejos.com.ar\/2021\/#\/schema\/person\/ad82545263dcc5ec0996818884fd5fb1\"},\"breadcrumb\":{\"@id\":\"https:\/\/www.noticiasradioreflejos.com.ar\/2021\/acuerdan-incorporar-el-futbol-femenino-en-las-clases-de-educacion-fisicas-de-las-escuelas\/#breadcrumb\"},\"inLanguage\":\"es\",\"potentialAction\":[{\"@type\":\"ReadAction\",\"target\":[\"https:\/\/www.noticiasradioreflejos.com.ar\/2021\/acuerdan-incorporar-el-futbol-femenino-en-las-clases-de-educacion-fisicas-de-las-escuelas\/\"]}]},{\"@type\":\"BreadcrumbList\",\"@id\":\"https:\/\/www.noticiasradioreflejos.com.ar\/2021\/acuerdan-incorporar-el-futbol-femenino-en-las-clases-de-educacion-fisicas-de-las-escuelas\/#breadcrumb\",\"itemListElement\":[{\"@type\":\"ListItem\",\"position\":1,\"name\":\"Portada\",\"item\":\"https:\/\/www.noticiasradioreflejos.com.ar\/2021\/\"},{\"@type\":\"ListItem\",\"position\":2,\"name\":\"Acuerdan incorporar el f\u00fatbol femenino en las clases de educaci\u00f3n f\u00edsicas de las escuelas\"}]},{\"@type\":\"WebSite\",\"@id\":\"https:\/\/www.noticiasradioreflejos.com.ar\/2021\/#website\",\"url\":\"https:\/\/www.noticiasradioreflejos.com.ar\/2021\/\",\"name\":\"Noticias Radio Reflejos\",\"description\":\"Las noticias de mi comarca\",\"potentialAction\":[{\"@type\":\"SearchAction\",\"target\":{\"@type\":\"EntryPoint\",\"urlTemplate\":\"https:\/\/www.noticiasradioreflejos.com.ar\/2021\/?s={search_term_string}\"},\"query-input\":{\"@type\":\"PropertyValueSpecification\",\"valueRequired\":true,\"valueName\":\"search_term_string\"}}],\"inLanguage\":\"es\"},{\"@type\":\"Person\",\"@id\":\"https:\/\/www.noticiasradioreflejos.com.ar\/2021\/#\/schema\/person\/ad82545263dcc5ec0996818884fd5fb1\",\"name\":\"Arnaldo Botto\",\"image\":{\"@type\":\"ImageObject\",\"inLanguage\":\"es\",\"@id\":\"https:\/\/www.noticiasradioreflejos.com.ar\/2021\/#\/schema\/person\/image\/\",\"url\":\"https:\/\/secure.gravatar.com\/avatar\/55cb5e37c1efa326397366e6974cb338056df65cb50e7d64d1cf314e87504837?s=96&d=mm&r=g\",\"contentUrl\":\"https:\/\/secure.gravatar.com\/avatar\/55cb5e37c1efa326397366e6974cb338056df65cb50e7d64d1cf314e87504837?s=96&d=mm&r=g\",\"caption\":\"Arnaldo Botto\"},\"url\":\"https:\/\/www.noticiasradioreflejos.com.ar\/2021\/author\/arnaldo\/\"}]}<\/script>\n<!-- \/ Yoast SEO plugin. -->","yoast_head_json":{"title":"Acuerdan incorporar el f\u00fatbol femenino en las clases de educaci\u00f3n f\u00edsicas de las escuelas - Noticias Radio Reflejos","robots":{"index":"index","follow":"follow","max-snippet":"max-snippet:-1","max-image-preview":"max-image-preview:large","max-video-preview":"max-video-preview:-1"},"canonical":"https:\/\/www.noticiasradioreflejos.com.ar\/2021\/acuerdan-incorporar-el-futbol-femenino-en-las-clases-de-educacion-fisicas-de-las-escuelas\/","og_locale":"es_ES","og_type":"article","og_title":"Acuerdan incorporar el f\u00fatbol femenino en las clases de educaci\u00f3n f\u00edsicas de las escuelas - Noticias Radio Reflejos","og_description":"El ministro de Educaci\u00f3n, Jaime Perczyk, y el titular de la Asociaci\u00f3n del F\u00fatbol Argentino (AFA), Claudio \u201cChiqui\u201d Tapia, acordaron hoy impulsar la incorporaci\u00f3n del f\u00fatbol femenino en las clases de educaci\u00f3n f\u00edsica de las escuelas de todo el pa\u00eds.","og_url":"https:\/\/www.noticiasradioreflejos.com.ar\/2021\/acuerdan-incorporar-el-futbol-femenino-en-las-clases-de-educacion-fisicas-de-las-escuelas\/","og_site_name":"Noticias Radio Reflejos","article_published_time":"2023-02-24T15:27:26+00:00","og_image":[{"width":300,"height":200,"url":"https:\/\/www.noticiasradioreflejos.com.ar\/2021\/wp-content\/uploads\/2021\/07\/logosol300x200.png","type":"image\/png"}],"author":"Arnaldo Botto","twitter_card":"summary_large_image","schema":{"@context":"https:\/\/schema.org","@graph":[{"@type":"WebPage","@id":"https:\/\/www.noticiasradioreflejos.com.ar\/2021\/acuerdan-incorporar-el-futbol-femenino-en-las-clases-de-educacion-fisicas-de-las-escuelas\/","url":"https:\/\/www.noticiasradioreflejos.com.ar\/2021\/acuerdan-incorporar-el-futbol-femenino-en-las-clases-de-educacion-fisicas-de-las-escuelas\/","name":"Acuerdan incorporar el f\u00fatbol femenino en las clases de educaci\u00f3n f\u00edsicas de las escuelas - Noticias Radio Reflejos","isPartOf":{"@id":"https:\/\/www.noticiasradioreflejos.com.ar\/2021\/#website"},"datePublished":"2023-02-24T15:27:26+00:00","author":{"@id":"https:\/\/www.noticiasradioreflejos.com.ar\/2021\/#\/schema\/person\/ad82545263dcc5ec0996818884fd5fb1"},"breadcrumb":{"@id":"https:\/\/www.noticiasradioreflejos.com.ar\/2021\/acuerdan-incorporar-el-futbol-femenino-en-las-clases-de-educacion-fisicas-de-las-escuelas\/#breadcrumb"},"inLanguage":"es","potentialAction":[{"@type":"ReadAction","target":["https:\/\/www.noticiasradioreflejos.com.ar\/2021\/acuerdan-incorporar-el-futbol-femenino-en-las-clases-de-educacion-fisicas-de-las-escuelas\/"]}]},{"@type":"BreadcrumbList","@id":"https:\/\/www.noticiasradioreflejos.com.ar\/2021\/acuerdan-incorporar-el-futbol-femenino-en-las-clases-de-educacion-fisicas-de-las-escuelas\/#breadcrumb","itemListElement":[{"@type":"ListItem","position":1,"name":"Portada","item":"https:\/\/www.noticiasradioreflejos.com.ar\/2021\/"},{"@type":"ListItem","position":2,"name":"Acuerdan incorporar el f\u00fatbol femenino en las clases de educaci\u00f3n f\u00edsicas de las escuelas"}]},{"@type":"WebSite","@id":"https:\/\/www.noticiasradioreflejos.com.ar\/2021\/#website","url":"https:\/\/www.noticiasradioreflejos.com.ar\/2021\/","name":"Noticias Radio Reflejos","description":"Las noticias de mi comarca","potentialAction":[{"@type":"SearchAction","target":{"@type":"EntryPoint","urlTemplate":"https:\/\/www.noticiasradioreflejos.com.ar\/2021\/?s={search_term_string}"},"query-input":{"@type":"PropertyValueSpecification","valueRequired":true,"valueName":"search_term_string"}}],"inLanguage":"es"},{"@type":"Person","@id":"https:\/\/www.noticiasradioreflejos.com.ar\/2021\/#\/schema\/person\/ad82545263dcc5ec0996818884fd5fb1","name":"Arnaldo Botto","image":{"@type":"ImageObject","inLanguage":"es","@id":"https:\/\/www.noticiasradioreflejos.com.ar\/2021\/#\/schema\/person\/image\/","url":"https:\/\/secure.gravatar.com\/avatar\/55cb5e37c1efa326397366e6974cb338056df65cb50e7d64d1cf314e87504837?s=96&d=mm&r=g","contentUrl":"https:\/\/secure.gravatar.com\/avatar\/55cb5e37c1efa326397366e6974cb338056df65cb50e7d64d1cf314e87504837?s=96&d=mm&r=g","caption":"Arnaldo Botto"},"url":"https:\/\/www.noticiasradioreflejos.com.ar\/2021\/author\/arnaldo\/"}]}},"_links":{"self":[{"href":"https:\/\/www.noticiasradioreflejos.com.ar\/2021\/wp-json\/wp\/v2\/posts\/84608","targetHints":{"allow":["GET"]}}],"collection":[{"href":"https:\/\/www.noticiasradioreflejos.com.ar\/2021\/wp-json\/wp\/v2\/posts"}],"about":[{"href":"https:\/\/www.noticiasradioreflejos.com.ar\/2021\/wp-json\/wp\/v2\/types\/post"}],"author":[{"embeddable":true,"href":"https:\/\/www.noticiasradioreflejos.com.ar\/2021\/wp-json\/wp\/v2\/users\/3"}],"replies":[{"embeddable":true,"href":"https:\/\/www.noticiasradioreflejos.com.ar\/2021\/wp-json\/wp\/v2\/comments?post=84608"}],"version-history":[{"count":1,"href":"https:\/\/www.noticiasradioreflejos.com.ar\/2021\/wp-json\/wp\/v2\/posts\/84608\/revisions"}],"predecessor-version":[{"id":84612,"href":"https:\/\/www.noticiasradioreflejos.com.ar\/2021\/wp-json\/wp\/v2\/posts\/84608\/revisions\/84612"}],"wp:attachment":[{"href":"https:\/\/www.noticiasradioreflejos.com.ar\/2021\/wp-json\/wp\/v2\/media?parent=84608"}],"wp:term":[{"taxonomy":"category","embeddable":true,"href":"https:\/\/www.noticiasradioreflejos.com.ar\/2021\/wp-json\/wp\/v2\/categories?post=84608"},{"taxonomy":"post_tag","embeddable":true,"href":"https:\/\/www.noticiasradioreflejos.com.ar\/2021\/wp-json\/wp\/v2\/tags?post=84608"}],"curies":[{"name":"wp","href":"https:\/\/api.w.org\/{rel}","templated":true}]}}