{"id":84605,"date":"2023-02-24T11:58:13","date_gmt":"2023-02-24T11:58:13","guid":{"rendered":"https:\/\/www.noticiasradioreflejos.com.ar\/2021\/?p=84605"},"modified":"2023-02-24T11:58:13","modified_gmt":"2023-02-24T11:58:13","slug":"zonas-de-seis-provincias-bajo-alerta-amarilla-por-tormentas-y-fuertes-vientos","status":"publish","type":"post","link":"https:\/\/www.noticiasradioreflejos.com.ar\/2021\/zonas-de-seis-provincias-bajo-alerta-amarilla-por-tormentas-y-fuertes-vientos\/","title":{"rendered":"Zonas de seis provincias bajo alerta amarilla por tormentas y fuertes vientos"},"content":{"rendered":"<p>Localidades de seis provincias estaban esta ma\u00f1ana bajo alerta amarilla por tormentas y por vientos del sector oeste con velocidades entre 50 y 70 kil\u00f3metros por hora y r\u00e1fagas que pueden superar los 90 kil\u00f3metros por hora, inform\u00f3 el Servicio Meteorol\u00f3gico Nacional (SMN).<!--more--><\/p>\n<p>El \u00e1rea afectada incluye distritos del este de Corrientes, como Monte Caseros, General Alvear, Paso de los Libres, San Mart\u00edn y Santo Tom\u00e9; y del noreste de Entre R\u00edos, entre ellos Concordia, Federaci\u00f3n, Federal, Feliciano y San Salvador.<\/p>\n<p>En el caso de la provincia de Buenos Aires, est\u00e1n pronosticadas tormentas para Las Flores, Lobos, Monte, Navarro, Saladillo y el oeste de Castelli, de Chascom\u00fas, de Dolores y de Lezama, entre otras zonas del centro y del este.<\/p>\n<p>Se esperan tormentas de variada intensidad, que pueden estar acompa\u00f1adas de r\u00e1fagas, ocasional ca\u00edda de granizo, fuerte actividad el\u00e9ctrica y abundante ca\u00edda de agua en cortos per\u00edodos.<\/p>\n<p>Se estiman valores de precipitaci\u00f3n acumulada entre 20 y 50 mil\u00edmetros, pudiendo ser superados en forma puntual, indic\u00f3 el organismo meteorol\u00f3gico.<\/p>\n<p>En tanto, la alerta amarilla por vientos fuertes abarca Tierra del Fuego, Santa Cruz y el oeste y sur de Chubut, alcanzando las mesetas de Escalante y de R\u00edo Senguer, el sudoeste de Florentino Ameghino, Sarmiento y la zona cordillerana de Futaleuf\u00fa, de Langui\u00f1eo y de Tehuelches.<\/p>\n<p>El SMN recomend\u00f3 a los pobladores de estas \u00e1reas que eviten las actividades al aire libre y aseguren los elementos que puedan volarse.<\/p>\n","protected":false},"excerpt":{"rendered":"<p>Localidades de seis provincias estaban esta ma\u00f1ana bajo alerta amarilla por tormentas y por vientos del sector oeste con velocidades entre 50 y 70 kil\u00f3metros por hora y r\u00e1fagas que pueden superar los 90 kil\u00f3metros por hora, inform\u00f3 el Servicio Meteorol\u00f3gico Nacional (SMN).<\/p>\n","protected":false},"author":3,"featured_media":0,"comment_status":"closed","ping_status":"closed","sticky":false,"template":"","format":"standard","meta":{"footnotes":""},"categories":[46],"tags":[],"class_list":["post-84605","post","type-post","status-publish","format-standard","hentry","category-ciencia-y-tecnologia"],"yoast_head":"<!-- This site is optimized with the Yoast SEO plugin v25.9 - https:\/\/yoast.com\/wordpress\/plugins\/seo\/ -->\n<title>Zonas de seis provincias bajo alerta amarilla por tormentas y fuertes vientos - Noticias Radio Reflejos<\/title>\n<meta name=\"robots\" content=\"index, follow, max-snippet:-1, max-image-preview:large, max-video-preview:-1\" \/>\n<link rel=\"canonical\" href=\"https:\/\/www.noticiasradioreflejos.com.ar\/2021\/zonas-de-seis-provincias-bajo-alerta-amarilla-por-tormentas-y-fuertes-vientos\/\" \/>\n<meta property=\"og:locale\" content=\"es_ES\" \/>\n<meta property=\"og:type\" content=\"article\" \/>\n<meta property=\"og:title\" content=\"Zonas de seis provincias bajo alerta amarilla por tormentas y fuertes vientos - Noticias Radio Reflejos\" \/>\n<meta property=\"og:description\" content=\"Localidades de seis provincias estaban esta ma\u00f1ana bajo alerta amarilla por tormentas y por vientos del sector oeste con velocidades entre 50 y 70 kil\u00f3metros por hora y r\u00e1fagas que pueden superar los 90 kil\u00f3metros por hora, inform\u00f3 el Servicio Meteorol\u00f3gico Nacional (SMN).\" \/>\n<meta property=\"og:url\" content=\"https:\/\/www.noticiasradioreflejos.com.ar\/2021\/zonas-de-seis-provincias-bajo-alerta-amarilla-por-tormentas-y-fuertes-vientos\/\" \/>\n<meta property=\"og:site_name\" content=\"Noticias Radio Reflejos\" \/>\n<meta property=\"article:published_time\" content=\"2023-02-24T11:58:13+00:00\" \/>\n<meta property=\"og:image\" content=\"https:\/\/www.noticiasradioreflejos.com.ar\/2021\/wp-content\/uploads\/2021\/07\/logosol300x200.png\" \/>\n\t<meta property=\"og:image:width\" content=\"300\" \/>\n\t<meta property=\"og:image:height\" content=\"200\" \/>\n\t<meta property=\"og:image:type\" content=\"image\/png\" \/>\n<meta name=\"author\" content=\"Arnaldo Botto\" \/>\n<meta name=\"twitter:card\" content=\"summary_large_image\" \/>\n<script type=\"application\/ld+json\" class=\"yoast-schema-graph\">{\"@context\":\"https:\/\/schema.org\",\"@graph\":[{\"@type\":\"WebPage\",\"@id\":\"https:\/\/www.noticiasradioreflejos.com.ar\/2021\/zonas-de-seis-provincias-bajo-alerta-amarilla-por-tormentas-y-fuertes-vientos\/\",\"url\":\"https:\/\/www.noticiasradioreflejos.com.ar\/2021\/zonas-de-seis-provincias-bajo-alerta-amarilla-por-tormentas-y-fuertes-vientos\/\",\"name\":\"Zonas de seis provincias bajo alerta amarilla por tormentas y fuertes vientos - Noticias Radio Reflejos\",\"isPartOf\":{\"@id\":\"https:\/\/www.noticiasradioreflejos.com.ar\/2021\/#website\"},\"datePublished\":\"2023-02-24T11:58:13+00:00\",\"author\":{\"@id\":\"https:\/\/www.noticiasradioreflejos.com.ar\/2021\/#\/schema\/person\/ad82545263dcc5ec0996818884fd5fb1\"},\"breadcrumb\":{\"@id\":\"https:\/\/www.noticiasradioreflejos.com.ar\/2021\/zonas-de-seis-provincias-bajo-alerta-amarilla-por-tormentas-y-fuertes-vientos\/#breadcrumb\"},\"inLanguage\":\"es\",\"potentialAction\":[{\"@type\":\"ReadAction\",\"target\":[\"https:\/\/www.noticiasradioreflejos.com.ar\/2021\/zonas-de-seis-provincias-bajo-alerta-amarilla-por-tormentas-y-fuertes-vientos\/\"]}]},{\"@type\":\"BreadcrumbList\",\"@id\":\"https:\/\/www.noticiasradioreflejos.com.ar\/2021\/zonas-de-seis-provincias-bajo-alerta-amarilla-por-tormentas-y-fuertes-vientos\/#breadcrumb\",\"itemListElement\":[{\"@type\":\"ListItem\",\"position\":1,\"name\":\"Portada\",\"item\":\"https:\/\/www.noticiasradioreflejos.com.ar\/2021\/\"},{\"@type\":\"ListItem\",\"position\":2,\"name\":\"Zonas de seis provincias bajo alerta amarilla por tormentas y fuertes vientos\"}]},{\"@type\":\"WebSite\",\"@id\":\"https:\/\/www.noticiasradioreflejos.com.ar\/2021\/#website\",\"url\":\"https:\/\/www.noticiasradioreflejos.com.ar\/2021\/\",\"name\":\"Noticias Radio Reflejos\",\"description\":\"Las noticias de mi comarca\",\"potentialAction\":[{\"@type\":\"SearchAction\",\"target\":{\"@type\":\"EntryPoint\",\"urlTemplate\":\"https:\/\/www.noticiasradioreflejos.com.ar\/2021\/?s={search_term_string}\"},\"query-input\":{\"@type\":\"PropertyValueSpecification\",\"valueRequired\":true,\"valueName\":\"search_term_string\"}}],\"inLanguage\":\"es\"},{\"@type\":\"Person\",\"@id\":\"https:\/\/www.noticiasradioreflejos.com.ar\/2021\/#\/schema\/person\/ad82545263dcc5ec0996818884fd5fb1\",\"name\":\"Arnaldo Botto\",\"image\":{\"@type\":\"ImageObject\",\"inLanguage\":\"es\",\"@id\":\"https:\/\/www.noticiasradioreflejos.com.ar\/2021\/#\/schema\/person\/image\/\",\"url\":\"https:\/\/secure.gravatar.com\/avatar\/55cb5e37c1efa326397366e6974cb338056df65cb50e7d64d1cf314e87504837?s=96&d=mm&r=g\",\"contentUrl\":\"https:\/\/secure.gravatar.com\/avatar\/55cb5e37c1efa326397366e6974cb338056df65cb50e7d64d1cf314e87504837?s=96&d=mm&r=g\",\"caption\":\"Arnaldo Botto\"},\"url\":\"https:\/\/www.noticiasradioreflejos.com.ar\/2021\/author\/arnaldo\/\"}]}<\/script>\n<!-- \/ Yoast SEO plugin. -->","yoast_head_json":{"title":"Zonas de seis provincias bajo alerta amarilla por tormentas y fuertes vientos - Noticias Radio Reflejos","robots":{"index":"index","follow":"follow","max-snippet":"max-snippet:-1","max-image-preview":"max-image-preview:large","max-video-preview":"max-video-preview:-1"},"canonical":"https:\/\/www.noticiasradioreflejos.com.ar\/2021\/zonas-de-seis-provincias-bajo-alerta-amarilla-por-tormentas-y-fuertes-vientos\/","og_locale":"es_ES","og_type":"article","og_title":"Zonas de seis provincias bajo alerta amarilla por tormentas y fuertes vientos - Noticias Radio Reflejos","og_description":"Localidades de seis provincias estaban esta ma\u00f1ana bajo alerta amarilla por tormentas y por vientos del sector oeste con velocidades entre 50 y 70 kil\u00f3metros por hora y r\u00e1fagas que pueden superar los 90 kil\u00f3metros por hora, inform\u00f3 el Servicio Meteorol\u00f3gico Nacional (SMN).","og_url":"https:\/\/www.noticiasradioreflejos.com.ar\/2021\/zonas-de-seis-provincias-bajo-alerta-amarilla-por-tormentas-y-fuertes-vientos\/","og_site_name":"Noticias Radio Reflejos","article_published_time":"2023-02-24T11:58:13+00:00","og_image":[{"width":300,"height":200,"url":"https:\/\/www.noticiasradioreflejos.com.ar\/2021\/wp-content\/uploads\/2021\/07\/logosol300x200.png","type":"image\/png"}],"author":"Arnaldo Botto","twitter_card":"summary_large_image","schema":{"@context":"https:\/\/schema.org","@graph":[{"@type":"WebPage","@id":"https:\/\/www.noticiasradioreflejos.com.ar\/2021\/zonas-de-seis-provincias-bajo-alerta-amarilla-por-tormentas-y-fuertes-vientos\/","url":"https:\/\/www.noticiasradioreflejos.com.ar\/2021\/zonas-de-seis-provincias-bajo-alerta-amarilla-por-tormentas-y-fuertes-vientos\/","name":"Zonas de seis provincias bajo alerta amarilla por tormentas y fuertes vientos - Noticias Radio Reflejos","isPartOf":{"@id":"https:\/\/www.noticiasradioreflejos.com.ar\/2021\/#website"},"datePublished":"2023-02-24T11:58:13+00:00","author":{"@id":"https:\/\/www.noticiasradioreflejos.com.ar\/2021\/#\/schema\/person\/ad82545263dcc5ec0996818884fd5fb1"},"breadcrumb":{"@id":"https:\/\/www.noticiasradioreflejos.com.ar\/2021\/zonas-de-seis-provincias-bajo-alerta-amarilla-por-tormentas-y-fuertes-vientos\/#breadcrumb"},"inLanguage":"es","potentialAction":[{"@type":"ReadAction","target":["https:\/\/www.noticiasradioreflejos.com.ar\/2021\/zonas-de-seis-provincias-bajo-alerta-amarilla-por-tormentas-y-fuertes-vientos\/"]}]},{"@type":"BreadcrumbList","@id":"https:\/\/www.noticiasradioreflejos.com.ar\/2021\/zonas-de-seis-provincias-bajo-alerta-amarilla-por-tormentas-y-fuertes-vientos\/#breadcrumb","itemListElement":[{"@type":"ListItem","position":1,"name":"Portada","item":"https:\/\/www.noticiasradioreflejos.com.ar\/2021\/"},{"@type":"ListItem","position":2,"name":"Zonas de seis provincias bajo alerta amarilla por tormentas y fuertes vientos"}]},{"@type":"WebSite","@id":"https:\/\/www.noticiasradioreflejos.com.ar\/2021\/#website","url":"https:\/\/www.noticiasradioreflejos.com.ar\/2021\/","name":"Noticias Radio Reflejos","description":"Las noticias de mi comarca","potentialAction":[{"@type":"SearchAction","target":{"@type":"EntryPoint","urlTemplate":"https:\/\/www.noticiasradioreflejos.com.ar\/2021\/?s={search_term_string}"},"query-input":{"@type":"PropertyValueSpecification","valueRequired":true,"valueName":"search_term_string"}}],"inLanguage":"es"},{"@type":"Person","@id":"https:\/\/www.noticiasradioreflejos.com.ar\/2021\/#\/schema\/person\/ad82545263dcc5ec0996818884fd5fb1","name":"Arnaldo Botto","image":{"@type":"ImageObject","inLanguage":"es","@id":"https:\/\/www.noticiasradioreflejos.com.ar\/2021\/#\/schema\/person\/image\/","url":"https:\/\/secure.gravatar.com\/avatar\/55cb5e37c1efa326397366e6974cb338056df65cb50e7d64d1cf314e87504837?s=96&d=mm&r=g","contentUrl":"https:\/\/secure.gravatar.com\/avatar\/55cb5e37c1efa326397366e6974cb338056df65cb50e7d64d1cf314e87504837?s=96&d=mm&r=g","caption":"Arnaldo Botto"},"url":"https:\/\/www.noticiasradioreflejos.com.ar\/2021\/author\/arnaldo\/"}]}},"_links":{"self":[{"href":"https:\/\/www.noticiasradioreflejos.com.ar\/2021\/wp-json\/wp\/v2\/posts\/84605","targetHints":{"allow":["GET"]}}],"collection":[{"href":"https:\/\/www.noticiasradioreflejos.com.ar\/2021\/wp-json\/wp\/v2\/posts"}],"about":[{"href":"https:\/\/www.noticiasradioreflejos.com.ar\/2021\/wp-json\/wp\/v2\/types\/post"}],"author":[{"embeddable":true,"href":"https:\/\/www.noticiasradioreflejos.com.ar\/2021\/wp-json\/wp\/v2\/users\/3"}],"replies":[{"embeddable":true,"href":"https:\/\/www.noticiasradioreflejos.com.ar\/2021\/wp-json\/wp\/v2\/comments?post=84605"}],"version-history":[{"count":1,"href":"https:\/\/www.noticiasradioreflejos.com.ar\/2021\/wp-json\/wp\/v2\/posts\/84605\/revisions"}],"predecessor-version":[{"id":84607,"href":"https:\/\/www.noticiasradioreflejos.com.ar\/2021\/wp-json\/wp\/v2\/posts\/84605\/revisions\/84607"}],"wp:attachment":[{"href":"https:\/\/www.noticiasradioreflejos.com.ar\/2021\/wp-json\/wp\/v2\/media?parent=84605"}],"wp:term":[{"taxonomy":"category","embeddable":true,"href":"https:\/\/www.noticiasradioreflejos.com.ar\/2021\/wp-json\/wp\/v2\/categories?post=84605"},{"taxonomy":"post_tag","embeddable":true,"href":"https:\/\/www.noticiasradioreflejos.com.ar\/2021\/wp-json\/wp\/v2\/tags?post=84605"}],"curies":[{"name":"wp","href":"https:\/\/api.w.org\/{rel}","templated":true}]}}