{"id":84603,"date":"2023-02-24T11:34:01","date_gmt":"2023-02-24T11:34:01","guid":{"rendered":"https:\/\/www.noticiasradioreflejos.com.ar\/2021\/?p=84603"},"modified":"2023-02-24T11:34:01","modified_gmt":"2023-02-24T11:34:01","slug":"fomentistas-del-b-ceferino-recibieron-un-respuesta-del-ada","status":"publish","type":"post","link":"https:\/\/www.noticiasradioreflejos.com.ar\/2021\/fomentistas-del-b-ceferino-recibieron-un-respuesta-del-ada\/","title":{"rendered":"Fomentistas del B\u00b0 Ceferino recibieron un respuesta del ADA"},"content":{"rendered":"<p>La Autoridad de Agua ratifica la aptitud hidr\u00e1ulica para todo el macizo y deja constancia que esto no significa compromiso alguno para aprobaci\u00f3n del loteo. Sobre los metros siguientes a la l\u00ednea de ribera no se expidi\u00f3<!--more--><\/p>\n<p>Las autoridades de la ADA de la Provincia de Buenos Aires en el d\u00eda de la fecha notificaron formalmente el Informe IF-2023-06348721-GDEBA-ADA a la Asociaci\u00f3n de Fomento del Barrio Ceferino indicando con claridad que la aprobaci\u00f3n de la aptitud hidr\u00e1ulica otorgada por dicho organismo no significa compromiso alguno para la aprobaci\u00f3n del loteo de la fracci\u00f3n.<br \/>\nTextualmente el Informe dice: \u201cPor el mismo cuerpo administrativo, se tramit\u00f3 la constancia de aptitud hidr\u00e1ulica, otorg\u00e1ndose la misma mediante Resoluci\u00f3n ADA N\u00b01991\/2019 con fecha 1 de Noviembre de 2019, que en su art\u00edculo 6 dispuso: \u201cART\u00cdCULO 6\u00ba. Establecer que la constancia de aptitud hidr\u00e1ulica otorgada no significa compromiso alguno para la aprobaci\u00f3n del loteo de la fracci\u00f3n, la que estar\u00e1 supeditada al correcto mantenimiento de las obras que se aprueban y a las normas que rijan la materia en el momento de gestionarse la subdivisi\u00f3n.\u201d<\/p>\n<p style=\"margin: 12px auto 6px auto; font-family: Helvetica,Arial,Sans-serif; font-style: normal; font-variant: normal; font-weight: normal; font-size: 14px; line-height: normal; font-size-adjust: none; font-stretch: normal; -x-system-font: none; display: block;\"><a style=\"text-decoration: underline;\" title=\"View IF-2023-06348721-GDEBA-ADA on Scribd\" href=\"https:\/\/www.scribd.com\/document\/627693608\/IF-2023-06348721-GDEBA-ADA#from_embed\">IF-2023-06348721-GDEBA-ADA<\/a> by <a style=\"text-decoration: underline;\" title=\"View FM Reflejos Sierra de la Ventana's profile on Scribd\" href=\"https:\/\/es.scribd.com\/user\/128459674\/FM-Reflejos-Sierra-de-la-Ventana#from_embed\">FM Reflejos Sierra de la Ventana<\/a> on Scribd<\/p>\n<p><iframe loading=\"lazy\" id=\"doc_86788\" class=\"scribd_iframe_embed\" title=\"IF-2023-06348721-GDEBA-ADA\" src=\"https:\/\/es.scribd.com\/embeds\/627693608\/content?start_page=1&amp;view_mode=scroll&amp;access_key=key-rIQIx5UohZSq4BU5mbYY\" width=\"100%\" height=\"600\" frameborder=\"0\" scrolling=\"no\" data-auto-height=\"true\" data-aspect-ratio=\"0.7068965517241379\"><\/iframe><script type=\"text\/javascript\">(function() { var scribd = document.createElement(\"script\"); scribd.type = \"text\/javascript\"; scribd.async = true; scribd.src = \"https:\/\/es.scribd.com\/javascripts\/embed_code\/inject.js\"; var s = document.getElementsByTagName(\"script\")[0]; s.parentNode.insertBefore(scribd, s); })();<\/script><\/p>\n","protected":false},"excerpt":{"rendered":"<p>La Autoridad de Agua ratifica la aptitud hidr\u00e1ulica para todo el macizo y deja constancia que esto no significa compromiso alguno para aprobaci\u00f3n del loteo. Sobre los metros siguientes a la l\u00ednea de ribera no se expidi\u00f3<\/p>\n","protected":false},"author":3,"featured_media":68091,"comment_status":"closed","ping_status":"closed","sticky":false,"template":"","format":"standard","meta":{"footnotes":""},"categories":[24],"tags":[],"class_list":["post-84603","post","type-post","status-publish","format-standard","has-post-thumbnail","hentry","category-politica"],"yoast_head":"<!-- This site is optimized with the Yoast SEO plugin v25.9 - https:\/\/yoast.com\/wordpress\/plugins\/seo\/ -->\n<title>Fomentistas del B\u00b0 Ceferino recibieron un respuesta del ADA - Noticias Radio Reflejos<\/title>\n<meta name=\"robots\" content=\"index, follow, max-snippet:-1, max-image-preview:large, max-video-preview:-1\" \/>\n<link rel=\"canonical\" href=\"https:\/\/www.noticiasradioreflejos.com.ar\/2021\/fomentistas-del-b-ceferino-recibieron-un-respuesta-del-ada\/\" \/>\n<meta property=\"og:locale\" content=\"es_ES\" \/>\n<meta property=\"og:type\" content=\"article\" \/>\n<meta property=\"og:title\" content=\"Fomentistas del B\u00b0 Ceferino recibieron un respuesta del ADA - Noticias Radio Reflejos\" \/>\n<meta property=\"og:description\" content=\"La Autoridad de Agua ratifica la aptitud hidr\u00e1ulica para todo el macizo y deja constancia que esto no significa compromiso alguno para aprobaci\u00f3n del loteo. Sobre los metros siguientes a la l\u00ednea de ribera no se expidi\u00f3\" \/>\n<meta property=\"og:url\" content=\"https:\/\/www.noticiasradioreflejos.com.ar\/2021\/fomentistas-del-b-ceferino-recibieron-un-respuesta-del-ada\/\" \/>\n<meta property=\"og:site_name\" content=\"Noticias Radio Reflejos\" \/>\n<meta property=\"article:published_time\" content=\"2023-02-24T11:34:01+00:00\" \/>\n<meta property=\"og:image\" content=\"https:\/\/www.noticiasradioreflejos.com.ar\/2021\/wp-content\/uploads\/2022\/02\/Cerro-Ceferino.jpg\" \/>\n\t<meta property=\"og:image:width\" content=\"550\" \/>\n\t<meta property=\"og:image:height\" content=\"413\" \/>\n\t<meta property=\"og:image:type\" content=\"image\/jpeg\" \/>\n<meta name=\"author\" content=\"Arnaldo Botto\" \/>\n<meta name=\"twitter:card\" content=\"summary_large_image\" \/>\n<script type=\"application\/ld+json\" class=\"yoast-schema-graph\">{\"@context\":\"https:\/\/schema.org\",\"@graph\":[{\"@type\":\"WebPage\",\"@id\":\"https:\/\/www.noticiasradioreflejos.com.ar\/2021\/fomentistas-del-b-ceferino-recibieron-un-respuesta-del-ada\/\",\"url\":\"https:\/\/www.noticiasradioreflejos.com.ar\/2021\/fomentistas-del-b-ceferino-recibieron-un-respuesta-del-ada\/\",\"name\":\"Fomentistas del B\u00b0 Ceferino recibieron un respuesta del ADA - Noticias Radio Reflejos\",\"isPartOf\":{\"@id\":\"https:\/\/www.noticiasradioreflejos.com.ar\/2021\/#website\"},\"primaryImageOfPage\":{\"@id\":\"https:\/\/www.noticiasradioreflejos.com.ar\/2021\/fomentistas-del-b-ceferino-recibieron-un-respuesta-del-ada\/#primaryimage\"},\"image\":{\"@id\":\"https:\/\/www.noticiasradioreflejos.com.ar\/2021\/fomentistas-del-b-ceferino-recibieron-un-respuesta-del-ada\/#primaryimage\"},\"thumbnailUrl\":\"https:\/\/www.noticiasradioreflejos.com.ar\/2021\/wp-content\/uploads\/2022\/02\/Cerro-Ceferino.jpg\",\"datePublished\":\"2023-02-24T11:34:01+00:00\",\"author\":{\"@id\":\"https:\/\/www.noticiasradioreflejos.com.ar\/2021\/#\/schema\/person\/ad82545263dcc5ec0996818884fd5fb1\"},\"breadcrumb\":{\"@id\":\"https:\/\/www.noticiasradioreflejos.com.ar\/2021\/fomentistas-del-b-ceferino-recibieron-un-respuesta-del-ada\/#breadcrumb\"},\"inLanguage\":\"es\",\"potentialAction\":[{\"@type\":\"ReadAction\",\"target\":[\"https:\/\/www.noticiasradioreflejos.com.ar\/2021\/fomentistas-del-b-ceferino-recibieron-un-respuesta-del-ada\/\"]}]},{\"@type\":\"ImageObject\",\"inLanguage\":\"es\",\"@id\":\"https:\/\/www.noticiasradioreflejos.com.ar\/2021\/fomentistas-del-b-ceferino-recibieron-un-respuesta-del-ada\/#primaryimage\",\"url\":\"https:\/\/www.noticiasradioreflejos.com.ar\/2021\/wp-content\/uploads\/2022\/02\/Cerro-Ceferino.jpg\",\"contentUrl\":\"https:\/\/www.noticiasradioreflejos.com.ar\/2021\/wp-content\/uploads\/2022\/02\/Cerro-Ceferino.jpg\",\"width\":550,\"height\":413},{\"@type\":\"BreadcrumbList\",\"@id\":\"https:\/\/www.noticiasradioreflejos.com.ar\/2021\/fomentistas-del-b-ceferino-recibieron-un-respuesta-del-ada\/#breadcrumb\",\"itemListElement\":[{\"@type\":\"ListItem\",\"position\":1,\"name\":\"Portada\",\"item\":\"https:\/\/www.noticiasradioreflejos.com.ar\/2021\/\"},{\"@type\":\"ListItem\",\"position\":2,\"name\":\"Fomentistas del B\u00b0 Ceferino recibieron un respuesta del ADA\"}]},{\"@type\":\"WebSite\",\"@id\":\"https:\/\/www.noticiasradioreflejos.com.ar\/2021\/#website\",\"url\":\"https:\/\/www.noticiasradioreflejos.com.ar\/2021\/\",\"name\":\"Noticias Radio Reflejos\",\"description\":\"Las noticias de mi comarca\",\"potentialAction\":[{\"@type\":\"SearchAction\",\"target\":{\"@type\":\"EntryPoint\",\"urlTemplate\":\"https:\/\/www.noticiasradioreflejos.com.ar\/2021\/?s={search_term_string}\"},\"query-input\":{\"@type\":\"PropertyValueSpecification\",\"valueRequired\":true,\"valueName\":\"search_term_string\"}}],\"inLanguage\":\"es\"},{\"@type\":\"Person\",\"@id\":\"https:\/\/www.noticiasradioreflejos.com.ar\/2021\/#\/schema\/person\/ad82545263dcc5ec0996818884fd5fb1\",\"name\":\"Arnaldo Botto\",\"image\":{\"@type\":\"ImageObject\",\"inLanguage\":\"es\",\"@id\":\"https:\/\/www.noticiasradioreflejos.com.ar\/2021\/#\/schema\/person\/image\/\",\"url\":\"https:\/\/secure.gravatar.com\/avatar\/55cb5e37c1efa326397366e6974cb338056df65cb50e7d64d1cf314e87504837?s=96&d=mm&r=g\",\"contentUrl\":\"https:\/\/secure.gravatar.com\/avatar\/55cb5e37c1efa326397366e6974cb338056df65cb50e7d64d1cf314e87504837?s=96&d=mm&r=g\",\"caption\":\"Arnaldo Botto\"},\"url\":\"https:\/\/www.noticiasradioreflejos.com.ar\/2021\/author\/arnaldo\/\"}]}<\/script>\n<!-- \/ Yoast SEO plugin. -->","yoast_head_json":{"title":"Fomentistas del B\u00b0 Ceferino recibieron un respuesta del ADA - Noticias Radio Reflejos","robots":{"index":"index","follow":"follow","max-snippet":"max-snippet:-1","max-image-preview":"max-image-preview:large","max-video-preview":"max-video-preview:-1"},"canonical":"https:\/\/www.noticiasradioreflejos.com.ar\/2021\/fomentistas-del-b-ceferino-recibieron-un-respuesta-del-ada\/","og_locale":"es_ES","og_type":"article","og_title":"Fomentistas del B\u00b0 Ceferino recibieron un respuesta del ADA - Noticias Radio Reflejos","og_description":"La Autoridad de Agua ratifica la aptitud hidr\u00e1ulica para todo el macizo y deja constancia que esto no significa compromiso alguno para aprobaci\u00f3n del loteo. Sobre los metros siguientes a la l\u00ednea de ribera no se expidi\u00f3","og_url":"https:\/\/www.noticiasradioreflejos.com.ar\/2021\/fomentistas-del-b-ceferino-recibieron-un-respuesta-del-ada\/","og_site_name":"Noticias Radio Reflejos","article_published_time":"2023-02-24T11:34:01+00:00","og_image":[{"width":550,"height":413,"url":"https:\/\/www.noticiasradioreflejos.com.ar\/2021\/wp-content\/uploads\/2022\/02\/Cerro-Ceferino.jpg","type":"image\/jpeg"}],"author":"Arnaldo Botto","twitter_card":"summary_large_image","schema":{"@context":"https:\/\/schema.org","@graph":[{"@type":"WebPage","@id":"https:\/\/www.noticiasradioreflejos.com.ar\/2021\/fomentistas-del-b-ceferino-recibieron-un-respuesta-del-ada\/","url":"https:\/\/www.noticiasradioreflejos.com.ar\/2021\/fomentistas-del-b-ceferino-recibieron-un-respuesta-del-ada\/","name":"Fomentistas del B\u00b0 Ceferino recibieron un respuesta del ADA - Noticias Radio Reflejos","isPartOf":{"@id":"https:\/\/www.noticiasradioreflejos.com.ar\/2021\/#website"},"primaryImageOfPage":{"@id":"https:\/\/www.noticiasradioreflejos.com.ar\/2021\/fomentistas-del-b-ceferino-recibieron-un-respuesta-del-ada\/#primaryimage"},"image":{"@id":"https:\/\/www.noticiasradioreflejos.com.ar\/2021\/fomentistas-del-b-ceferino-recibieron-un-respuesta-del-ada\/#primaryimage"},"thumbnailUrl":"https:\/\/www.noticiasradioreflejos.com.ar\/2021\/wp-content\/uploads\/2022\/02\/Cerro-Ceferino.jpg","datePublished":"2023-02-24T11:34:01+00:00","author":{"@id":"https:\/\/www.noticiasradioreflejos.com.ar\/2021\/#\/schema\/person\/ad82545263dcc5ec0996818884fd5fb1"},"breadcrumb":{"@id":"https:\/\/www.noticiasradioreflejos.com.ar\/2021\/fomentistas-del-b-ceferino-recibieron-un-respuesta-del-ada\/#breadcrumb"},"inLanguage":"es","potentialAction":[{"@type":"ReadAction","target":["https:\/\/www.noticiasradioreflejos.com.ar\/2021\/fomentistas-del-b-ceferino-recibieron-un-respuesta-del-ada\/"]}]},{"@type":"ImageObject","inLanguage":"es","@id":"https:\/\/www.noticiasradioreflejos.com.ar\/2021\/fomentistas-del-b-ceferino-recibieron-un-respuesta-del-ada\/#primaryimage","url":"https:\/\/www.noticiasradioreflejos.com.ar\/2021\/wp-content\/uploads\/2022\/02\/Cerro-Ceferino.jpg","contentUrl":"https:\/\/www.noticiasradioreflejos.com.ar\/2021\/wp-content\/uploads\/2022\/02\/Cerro-Ceferino.jpg","width":550,"height":413},{"@type":"BreadcrumbList","@id":"https:\/\/www.noticiasradioreflejos.com.ar\/2021\/fomentistas-del-b-ceferino-recibieron-un-respuesta-del-ada\/#breadcrumb","itemListElement":[{"@type":"ListItem","position":1,"name":"Portada","item":"https:\/\/www.noticiasradioreflejos.com.ar\/2021\/"},{"@type":"ListItem","position":2,"name":"Fomentistas del B\u00b0 Ceferino recibieron un respuesta del ADA"}]},{"@type":"WebSite","@id":"https:\/\/www.noticiasradioreflejos.com.ar\/2021\/#website","url":"https:\/\/www.noticiasradioreflejos.com.ar\/2021\/","name":"Noticias Radio Reflejos","description":"Las noticias de mi comarca","potentialAction":[{"@type":"SearchAction","target":{"@type":"EntryPoint","urlTemplate":"https:\/\/www.noticiasradioreflejos.com.ar\/2021\/?s={search_term_string}"},"query-input":{"@type":"PropertyValueSpecification","valueRequired":true,"valueName":"search_term_string"}}],"inLanguage":"es"},{"@type":"Person","@id":"https:\/\/www.noticiasradioreflejos.com.ar\/2021\/#\/schema\/person\/ad82545263dcc5ec0996818884fd5fb1","name":"Arnaldo Botto","image":{"@type":"ImageObject","inLanguage":"es","@id":"https:\/\/www.noticiasradioreflejos.com.ar\/2021\/#\/schema\/person\/image\/","url":"https:\/\/secure.gravatar.com\/avatar\/55cb5e37c1efa326397366e6974cb338056df65cb50e7d64d1cf314e87504837?s=96&d=mm&r=g","contentUrl":"https:\/\/secure.gravatar.com\/avatar\/55cb5e37c1efa326397366e6974cb338056df65cb50e7d64d1cf314e87504837?s=96&d=mm&r=g","caption":"Arnaldo Botto"},"url":"https:\/\/www.noticiasradioreflejos.com.ar\/2021\/author\/arnaldo\/"}]}},"_links":{"self":[{"href":"https:\/\/www.noticiasradioreflejos.com.ar\/2021\/wp-json\/wp\/v2\/posts\/84603","targetHints":{"allow":["GET"]}}],"collection":[{"href":"https:\/\/www.noticiasradioreflejos.com.ar\/2021\/wp-json\/wp\/v2\/posts"}],"about":[{"href":"https:\/\/www.noticiasradioreflejos.com.ar\/2021\/wp-json\/wp\/v2\/types\/post"}],"author":[{"embeddable":true,"href":"https:\/\/www.noticiasradioreflejos.com.ar\/2021\/wp-json\/wp\/v2\/users\/3"}],"replies":[{"embeddable":true,"href":"https:\/\/www.noticiasradioreflejos.com.ar\/2021\/wp-json\/wp\/v2\/comments?post=84603"}],"version-history":[{"count":1,"href":"https:\/\/www.noticiasradioreflejos.com.ar\/2021\/wp-json\/wp\/v2\/posts\/84603\/revisions"}],"predecessor-version":[{"id":84604,"href":"https:\/\/www.noticiasradioreflejos.com.ar\/2021\/wp-json\/wp\/v2\/posts\/84603\/revisions\/84604"}],"wp:featuredmedia":[{"embeddable":true,"href":"https:\/\/www.noticiasradioreflejos.com.ar\/2021\/wp-json\/wp\/v2\/media\/68091"}],"wp:attachment":[{"href":"https:\/\/www.noticiasradioreflejos.com.ar\/2021\/wp-json\/wp\/v2\/media?parent=84603"}],"wp:term":[{"taxonomy":"category","embeddable":true,"href":"https:\/\/www.noticiasradioreflejos.com.ar\/2021\/wp-json\/wp\/v2\/categories?post=84603"},{"taxonomy":"post_tag","embeddable":true,"href":"https:\/\/www.noticiasradioreflejos.com.ar\/2021\/wp-json\/wp\/v2\/tags?post=84603"}],"curies":[{"name":"wp","href":"https:\/\/api.w.org\/{rel}","templated":true}]}}