{"id":84595,"date":"2023-02-24T10:54:50","date_gmt":"2023-02-24T10:54:50","guid":{"rendered":"https:\/\/www.noticiasradioreflejos.com.ar\/2021\/?p=84595"},"modified":"2023-02-24T10:54:50","modified_gmt":"2023-02-24T10:54:50","slug":"came-y-scioli-trabajan-para-la-insercion-de-las-pymes-argentinas-en-el-mercado-brasileno","status":"publish","type":"post","link":"https:\/\/www.noticiasradioreflejos.com.ar\/2021\/came-y-scioli-trabajan-para-la-insercion-de-las-pymes-argentinas-en-el-mercado-brasileno\/","title":{"rendered":"CAME y Scioli trabajan para la inserci\u00f3n de las pymes argentinas en el mercado brasile\u00f1o"},"content":{"rendered":"<p align=\"justify\"><span lang=\"ES\">La Confederaci\u00f3n Argentina de la Mediana Empresa (CAME) le present\u00f3 al embajador argentino en Brasil, Daniel Scioli, un plan para incrementar las exportaciones de las peque\u00f1as y medianas empresas locales al mercado brasile\u00f1o. \u201cColocar la producci\u00f3n de nuestras pymes en el pa\u00eds vecino es fundamental para facilitar el comercio de manera directa en un contexto de falta de divisas\u201d, dijo el presidente de CAME, Alfredo Gonz\u00e1lez.<!--more--><br \/>\n<\/span><\/p>\n<p align=\"center\"><img loading=\"lazy\" decoding=\"async\" class=\"CToWUd a6T\" tabindex=\"0\" src=\"https:\/\/ci4.googleusercontent.com\/proxy\/ia3Be2gVybqlOgze0HkjJOGaSf7cdW-CSzA6n6OckFpvbwNxlwh2N9t6V5YftoCcVIGEMH7nXSeTetSwHqA_lq2oq2lTt6xWjeD9C1bfyGxitrhXWJmJXtsS9l8JVrhHZH2Iut4QIFfDysK3-IAhcjoUl-zndwaEI8f7uKKGRPJdSEoPQ3n_HUFMRGRQXawGBet3Fvokj6hWt7b3pk4GXe6DJNzjig=s0-d-e1-ft#https:\/\/mailprensa.came.org.ar\/data\/1899c60d3e88c767f20949a98d5003460b14bf85\/media_files\/167\/original\/Dirigentes_pymes_junto_con_Daniel_Scioli.jpg\" width=\"1052\" height=\"701\" data-bit=\"iit\" \/><br \/>\n<i><span lang=\"ES\">Dirigentes pymes junto con Daniel Scioli<\/span><\/i><\/p>\n<p>&nbsp;<\/p>\n<p align=\"justify\"><span lang=\"ES\">En ese sentido, Scioli remarc\u00f3 que \u201cse est\u00e1 trabajando con las autoridades brasile\u00f1as para conseguir alg\u00fan tipo de alivio para la transacci\u00f3n de bienes y servicios. Necesitamos un esquema de integraci\u00f3n financiera con herramientas para el comercio entre ambas naciones\u201d. Adem\u00e1s, resalt\u00f3 la necesidad de mejorar la situaci\u00f3n actual debido a que las importaciones desde Brasil totalizan US$ 12.000 millones por a\u00f1o.<\/span><\/p>\n<p align=\"justify\"><span lang=\"ES\">\u201cA partir del acuerdo firmado entre los presidentes Alberto Fern\u00e1ndez y Lula Da Silva se estableci\u00f3 un clima favorable para incrementar el comercio bilateral. Nuestro trabajo diario es para que no se frene la industria nacional\u201d, agreg\u00f3 Scioli.<\/span><\/p>\n<p><span lang=\"ES\">Por eso, CAME inici\u00f3 un plan para apuntalar y potenciar las exportaciones de las pymes al estado de Paran\u00e1, en el sur de Brasil. Durante los d\u00edas 18, 19 y 20 de abril la entidad pyme participar\u00e1 con stand propio en la Expo Apras \u201923, la Feria y Convenci\u00f3n Paranaense de Supermercados. \u201cTambi\u00e9n estableceremos un showroom permanente para que las peque\u00f1as y medianas empresas puedan disponer sus productos de manera directa en suelo brasile\u00f1o\u201d, explic\u00f3 el secretario general de la entidad, Ricardo Diab.<\/span><\/p>\n<p><span lang=\"ES\">As\u00ed, CAME apuesta a sumar empresarios argentinos del rubro alimenticio al evento paranaense. Pymes de Buenos Aires, Chaco, C\u00f3rdoba, Entre R\u00edos, Jujuy, Mendoza, Misiones, San Juan, Santa Cruz y Santa Fe ya confirmaron su presencia. Adem\u00e1s, el gobernador santafesino, Omar Perotti, y el del Chaco, Jorge Capitanich, representar\u00e1n institucionalmente a sus provincias.<\/span><\/p>\n<p><span lang=\"ES\">\u201cLa asistencia de los mandatarios provinciales es clave. Al igual que el apoyo log\u00edstico e institucional de la embajada argentina, del consulado en Paran\u00e1 y de la Canciller\u00eda\u201d, enfatiz\u00f3 Scioli. Por \u00faltimo, Gonz\u00e1lez resalt\u00f3: \u201cLa feria paranaense es muy importante en Sudam\u00e9rica. CAME les dar\u00e1 la posibilidad a las pymes de toda la Argentina de mostrarse en un mercado como el paranaense, que tiene m\u00e1s de 11 millones de consumidores. Es un tama\u00f1o ideal para desarrollar el comercio\u201d.<\/span><\/p>\n<p>&nbsp;<\/p>\n<p align=\"center\"><img loading=\"lazy\" decoding=\"async\" class=\"CToWUd a6T\" tabindex=\"0\" src=\"https:\/\/ci5.googleusercontent.com\/proxy\/ldCrlyhlzjywYl1iM7WxUVI4jB-UUpWbbasG4j974iYYUIAVXF4lvFtfsE5t6kTD1aby-DXVcgHEXmyyWYqObMbptQ--tr0Ab-Jv9us6KnpPUxTc-Dfv696z26s9fYLCzINTjmQIt-6xEaO2AJw04LzRqIUlcT84w3uaZsmLSGuOGRLtlUvRakUCDSad0e8Rvc5cNaFf974Pmw=s0-d-e1-ft#https:\/\/mailprensa.came.org.ar\/data\/1899c60d3e88c767f20949a98d5003460b14bf85\/media_files\/166\/original\/Gonz%C3%A1lez__Scioli_y_Diab.jpg\" width=\"1052\" height=\"701\" data-bit=\"iit\" \/><\/p>\n<p align=\"center\"><i><span lang=\"ES\">Gonz\u00e1lez, Scioli y Diab<\/span><\/i><\/p>\n<p>&nbsp;<\/p>\n<p align=\"justify\"><span lang=\"ES\">Participaron de la reuni\u00f3n el secretario de Hacienda de la entidad, Blas Taladrid, el vicepresidente, Alberto Kahale, el secretario de Prensa, Salvador Femen\u00eda, el secretario de Interior, Gerardo D\u00edaz Beltr\u00e1n, y el director del sector de Comercio Exterior de CAME, Jos\u00e9 Luis Lopetegui.<\/span><\/p>\n","protected":false},"excerpt":{"rendered":"<p>La Confederaci\u00f3n Argentina de la Mediana Empresa (CAME) le present\u00f3 al embajador argentino en Brasil, Daniel Scioli, un plan para incrementar las exportaciones de las peque\u00f1as y medianas empresas locales al mercado brasile\u00f1o. \u201cColocar la producci\u00f3n de nuestras pymes en el pa\u00eds vecino es fundamental para facilitar el comercio de manera directa en un contexto [&hellip;]<\/p>\n","protected":false},"author":3,"featured_media":0,"comment_status":"closed","ping_status":"closed","sticky":false,"template":"","format":"standard","meta":{"footnotes":""},"categories":[36,24],"tags":[],"class_list":["post-84595","post","type-post","status-publish","format-standard","hentry","category-economia","category-politica"],"yoast_head":"<!-- This site is optimized with the Yoast SEO plugin v25.9 - https:\/\/yoast.com\/wordpress\/plugins\/seo\/ -->\n<title>CAME y Scioli trabajan para la inserci\u00f3n de las pymes argentinas en el mercado brasile\u00f1o - Noticias Radio Reflejos<\/title>\n<meta name=\"robots\" content=\"index, follow, max-snippet:-1, max-image-preview:large, max-video-preview:-1\" \/>\n<link rel=\"canonical\" href=\"https:\/\/www.noticiasradioreflejos.com.ar\/2021\/came-y-scioli-trabajan-para-la-insercion-de-las-pymes-argentinas-en-el-mercado-brasileno\/\" \/>\n<meta property=\"og:locale\" content=\"es_ES\" \/>\n<meta property=\"og:type\" content=\"article\" \/>\n<meta property=\"og:title\" content=\"CAME y Scioli trabajan para la inserci\u00f3n de las pymes argentinas en el mercado brasile\u00f1o - Noticias Radio Reflejos\" \/>\n<meta property=\"og:description\" content=\"La Confederaci\u00f3n Argentina de la Mediana Empresa (CAME) le present\u00f3 al embajador argentino en Brasil, Daniel Scioli, un plan para incrementar las exportaciones de las peque\u00f1as y medianas empresas locales al mercado brasile\u00f1o. \u201cColocar la producci\u00f3n de nuestras pymes en el pa\u00eds vecino es fundamental para facilitar el comercio de manera directa en un contexto [&hellip;]\" \/>\n<meta property=\"og:url\" content=\"https:\/\/www.noticiasradioreflejos.com.ar\/2021\/came-y-scioli-trabajan-para-la-insercion-de-las-pymes-argentinas-en-el-mercado-brasileno\/\" \/>\n<meta property=\"og:site_name\" content=\"Noticias Radio Reflejos\" \/>\n<meta property=\"article:published_time\" content=\"2023-02-24T10:54:50+00:00\" \/>\n<meta property=\"og:image\" content=\"https:\/\/ci4.googleusercontent.com\/proxy\/ia3Be2gVybqlOgze0HkjJOGaSf7cdW-CSzA6n6OckFpvbwNxlwh2N9t6V5YftoCcVIGEMH7nXSeTetSwHqA_lq2oq2lTt6xWjeD9C1bfyGxitrhXWJmJXtsS9l8JVrhHZH2Iut4QIFfDysK3-IAhcjoUl-zndwaEI8f7uKKGRPJdSEoPQ3n_HUFMRGRQXawGBet3Fvokj6hWt7b3pk4GXe6DJNzjig=s0-d-e1-ft#https:\/\/mailprensa.came.org.ar\/data\/1899c60d3e88c767f20949a98d5003460b14bf85\/media_files\/167\/original\/Dirigentes_pymes_junto_con_Daniel_Scioli.jpg\" \/>\n<meta name=\"author\" content=\"Arnaldo Botto\" \/>\n<meta name=\"twitter:card\" content=\"summary_large_image\" \/>\n<script type=\"application\/ld+json\" class=\"yoast-schema-graph\">{\"@context\":\"https:\/\/schema.org\",\"@graph\":[{\"@type\":\"WebPage\",\"@id\":\"https:\/\/www.noticiasradioreflejos.com.ar\/2021\/came-y-scioli-trabajan-para-la-insercion-de-las-pymes-argentinas-en-el-mercado-brasileno\/\",\"url\":\"https:\/\/www.noticiasradioreflejos.com.ar\/2021\/came-y-scioli-trabajan-para-la-insercion-de-las-pymes-argentinas-en-el-mercado-brasileno\/\",\"name\":\"CAME y Scioli trabajan para la inserci\u00f3n de las pymes argentinas en el mercado brasile\u00f1o - Noticias Radio Reflejos\",\"isPartOf\":{\"@id\":\"https:\/\/www.noticiasradioreflejos.com.ar\/2021\/#website\"},\"primaryImageOfPage\":{\"@id\":\"https:\/\/www.noticiasradioreflejos.com.ar\/2021\/came-y-scioli-trabajan-para-la-insercion-de-las-pymes-argentinas-en-el-mercado-brasileno\/#primaryimage\"},\"image\":{\"@id\":\"https:\/\/www.noticiasradioreflejos.com.ar\/2021\/came-y-scioli-trabajan-para-la-insercion-de-las-pymes-argentinas-en-el-mercado-brasileno\/#primaryimage\"},\"thumbnailUrl\":\"https:\/\/ci4.googleusercontent.com\/proxy\/ia3Be2gVybqlOgze0HkjJOGaSf7cdW-CSzA6n6OckFpvbwNxlwh2N9t6V5YftoCcVIGEMH7nXSeTetSwHqA_lq2oq2lTt6xWjeD9C1bfyGxitrhXWJmJXtsS9l8JVrhHZH2Iut4QIFfDysK3-IAhcjoUl-zndwaEI8f7uKKGRPJdSEoPQ3n_HUFMRGRQXawGBet3Fvokj6hWt7b3pk4GXe6DJNzjig=s0-d-e1-ft#https:\/\/mailprensa.came.org.ar\/data\/1899c60d3e88c767f20949a98d5003460b14bf85\/media_files\/167\/original\/Dirigentes_pymes_junto_con_Daniel_Scioli.jpg\",\"datePublished\":\"2023-02-24T10:54:50+00:00\",\"author\":{\"@id\":\"https:\/\/www.noticiasradioreflejos.com.ar\/2021\/#\/schema\/person\/ad82545263dcc5ec0996818884fd5fb1\"},\"breadcrumb\":{\"@id\":\"https:\/\/www.noticiasradioreflejos.com.ar\/2021\/came-y-scioli-trabajan-para-la-insercion-de-las-pymes-argentinas-en-el-mercado-brasileno\/#breadcrumb\"},\"inLanguage\":\"es\",\"potentialAction\":[{\"@type\":\"ReadAction\",\"target\":[\"https:\/\/www.noticiasradioreflejos.com.ar\/2021\/came-y-scioli-trabajan-para-la-insercion-de-las-pymes-argentinas-en-el-mercado-brasileno\/\"]}]},{\"@type\":\"ImageObject\",\"inLanguage\":\"es\",\"@id\":\"https:\/\/www.noticiasradioreflejos.com.ar\/2021\/came-y-scioli-trabajan-para-la-insercion-de-las-pymes-argentinas-en-el-mercado-brasileno\/#primaryimage\",\"url\":\"https:\/\/ci4.googleusercontent.com\/proxy\/ia3Be2gVybqlOgze0HkjJOGaSf7cdW-CSzA6n6OckFpvbwNxlwh2N9t6V5YftoCcVIGEMH7nXSeTetSwHqA_lq2oq2lTt6xWjeD9C1bfyGxitrhXWJmJXtsS9l8JVrhHZH2Iut4QIFfDysK3-IAhcjoUl-zndwaEI8f7uKKGRPJdSEoPQ3n_HUFMRGRQXawGBet3Fvokj6hWt7b3pk4GXe6DJNzjig=s0-d-e1-ft#https:\/\/mailprensa.came.org.ar\/data\/1899c60d3e88c767f20949a98d5003460b14bf85\/media_files\/167\/original\/Dirigentes_pymes_junto_con_Daniel_Scioli.jpg\",\"contentUrl\":\"https:\/\/ci4.googleusercontent.com\/proxy\/ia3Be2gVybqlOgze0HkjJOGaSf7cdW-CSzA6n6OckFpvbwNxlwh2N9t6V5YftoCcVIGEMH7nXSeTetSwHqA_lq2oq2lTt6xWjeD9C1bfyGxitrhXWJmJXtsS9l8JVrhHZH2Iut4QIFfDysK3-IAhcjoUl-zndwaEI8f7uKKGRPJdSEoPQ3n_HUFMRGRQXawGBet3Fvokj6hWt7b3pk4GXe6DJNzjig=s0-d-e1-ft#https:\/\/mailprensa.came.org.ar\/data\/1899c60d3e88c767f20949a98d5003460b14bf85\/media_files\/167\/original\/Dirigentes_pymes_junto_con_Daniel_Scioli.jpg\"},{\"@type\":\"BreadcrumbList\",\"@id\":\"https:\/\/www.noticiasradioreflejos.com.ar\/2021\/came-y-scioli-trabajan-para-la-insercion-de-las-pymes-argentinas-en-el-mercado-brasileno\/#breadcrumb\",\"itemListElement\":[{\"@type\":\"ListItem\",\"position\":1,\"name\":\"Portada\",\"item\":\"https:\/\/www.noticiasradioreflejos.com.ar\/2021\/\"},{\"@type\":\"ListItem\",\"position\":2,\"name\":\"CAME y Scioli trabajan para la inserci\u00f3n de las pymes argentinas en el mercado brasile\u00f1o\"}]},{\"@type\":\"WebSite\",\"@id\":\"https:\/\/www.noticiasradioreflejos.com.ar\/2021\/#website\",\"url\":\"https:\/\/www.noticiasradioreflejos.com.ar\/2021\/\",\"name\":\"Noticias Radio Reflejos\",\"description\":\"Las noticias de mi comarca\",\"potentialAction\":[{\"@type\":\"SearchAction\",\"target\":{\"@type\":\"EntryPoint\",\"urlTemplate\":\"https:\/\/www.noticiasradioreflejos.com.ar\/2021\/?s={search_term_string}\"},\"query-input\":{\"@type\":\"PropertyValueSpecification\",\"valueRequired\":true,\"valueName\":\"search_term_string\"}}],\"inLanguage\":\"es\"},{\"@type\":\"Person\",\"@id\":\"https:\/\/www.noticiasradioreflejos.com.ar\/2021\/#\/schema\/person\/ad82545263dcc5ec0996818884fd5fb1\",\"name\":\"Arnaldo Botto\",\"image\":{\"@type\":\"ImageObject\",\"inLanguage\":\"es\",\"@id\":\"https:\/\/www.noticiasradioreflejos.com.ar\/2021\/#\/schema\/person\/image\/\",\"url\":\"https:\/\/secure.gravatar.com\/avatar\/55cb5e37c1efa326397366e6974cb338056df65cb50e7d64d1cf314e87504837?s=96&d=mm&r=g\",\"contentUrl\":\"https:\/\/secure.gravatar.com\/avatar\/55cb5e37c1efa326397366e6974cb338056df65cb50e7d64d1cf314e87504837?s=96&d=mm&r=g\",\"caption\":\"Arnaldo Botto\"},\"url\":\"https:\/\/www.noticiasradioreflejos.com.ar\/2021\/author\/arnaldo\/\"}]}<\/script>\n<!-- \/ Yoast SEO plugin. -->","yoast_head_json":{"title":"CAME y Scioli trabajan para la inserci\u00f3n de las pymes argentinas en el mercado brasile\u00f1o - Noticias Radio Reflejos","robots":{"index":"index","follow":"follow","max-snippet":"max-snippet:-1","max-image-preview":"max-image-preview:large","max-video-preview":"max-video-preview:-1"},"canonical":"https:\/\/www.noticiasradioreflejos.com.ar\/2021\/came-y-scioli-trabajan-para-la-insercion-de-las-pymes-argentinas-en-el-mercado-brasileno\/","og_locale":"es_ES","og_type":"article","og_title":"CAME y Scioli trabajan para la inserci\u00f3n de las pymes argentinas en el mercado brasile\u00f1o - Noticias Radio Reflejos","og_description":"La Confederaci\u00f3n Argentina de la Mediana Empresa (CAME) le present\u00f3 al embajador argentino en Brasil, Daniel Scioli, un plan para incrementar las exportaciones de las peque\u00f1as y medianas empresas locales al mercado brasile\u00f1o. \u201cColocar la producci\u00f3n de nuestras pymes en el pa\u00eds vecino es fundamental para facilitar el comercio de manera directa en un contexto [&hellip;]","og_url":"https:\/\/www.noticiasradioreflejos.com.ar\/2021\/came-y-scioli-trabajan-para-la-insercion-de-las-pymes-argentinas-en-el-mercado-brasileno\/","og_site_name":"Noticias Radio Reflejos","article_published_time":"2023-02-24T10:54:50+00:00","og_image":[{"url":"https:\/\/ci4.googleusercontent.com\/proxy\/ia3Be2gVybqlOgze0HkjJOGaSf7cdW-CSzA6n6OckFpvbwNxlwh2N9t6V5YftoCcVIGEMH7nXSeTetSwHqA_lq2oq2lTt6xWjeD9C1bfyGxitrhXWJmJXtsS9l8JVrhHZH2Iut4QIFfDysK3-IAhcjoUl-zndwaEI8f7uKKGRPJdSEoPQ3n_HUFMRGRQXawGBet3Fvokj6hWt7b3pk4GXe6DJNzjig=s0-d-e1-ft#https:\/\/mailprensa.came.org.ar\/data\/1899c60d3e88c767f20949a98d5003460b14bf85\/media_files\/167\/original\/Dirigentes_pymes_junto_con_Daniel_Scioli.jpg","type":"","width":"","height":""}],"author":"Arnaldo Botto","twitter_card":"summary_large_image","schema":{"@context":"https:\/\/schema.org","@graph":[{"@type":"WebPage","@id":"https:\/\/www.noticiasradioreflejos.com.ar\/2021\/came-y-scioli-trabajan-para-la-insercion-de-las-pymes-argentinas-en-el-mercado-brasileno\/","url":"https:\/\/www.noticiasradioreflejos.com.ar\/2021\/came-y-scioli-trabajan-para-la-insercion-de-las-pymes-argentinas-en-el-mercado-brasileno\/","name":"CAME y Scioli trabajan para la inserci\u00f3n de las pymes argentinas en el mercado brasile\u00f1o - Noticias Radio Reflejos","isPartOf":{"@id":"https:\/\/www.noticiasradioreflejos.com.ar\/2021\/#website"},"primaryImageOfPage":{"@id":"https:\/\/www.noticiasradioreflejos.com.ar\/2021\/came-y-scioli-trabajan-para-la-insercion-de-las-pymes-argentinas-en-el-mercado-brasileno\/#primaryimage"},"image":{"@id":"https:\/\/www.noticiasradioreflejos.com.ar\/2021\/came-y-scioli-trabajan-para-la-insercion-de-las-pymes-argentinas-en-el-mercado-brasileno\/#primaryimage"},"thumbnailUrl":"https:\/\/ci4.googleusercontent.com\/proxy\/ia3Be2gVybqlOgze0HkjJOGaSf7cdW-CSzA6n6OckFpvbwNxlwh2N9t6V5YftoCcVIGEMH7nXSeTetSwHqA_lq2oq2lTt6xWjeD9C1bfyGxitrhXWJmJXtsS9l8JVrhHZH2Iut4QIFfDysK3-IAhcjoUl-zndwaEI8f7uKKGRPJdSEoPQ3n_HUFMRGRQXawGBet3Fvokj6hWt7b3pk4GXe6DJNzjig=s0-d-e1-ft#https:\/\/mailprensa.came.org.ar\/data\/1899c60d3e88c767f20949a98d5003460b14bf85\/media_files\/167\/original\/Dirigentes_pymes_junto_con_Daniel_Scioli.jpg","datePublished":"2023-02-24T10:54:50+00:00","author":{"@id":"https:\/\/www.noticiasradioreflejos.com.ar\/2021\/#\/schema\/person\/ad82545263dcc5ec0996818884fd5fb1"},"breadcrumb":{"@id":"https:\/\/www.noticiasradioreflejos.com.ar\/2021\/came-y-scioli-trabajan-para-la-insercion-de-las-pymes-argentinas-en-el-mercado-brasileno\/#breadcrumb"},"inLanguage":"es","potentialAction":[{"@type":"ReadAction","target":["https:\/\/www.noticiasradioreflejos.com.ar\/2021\/came-y-scioli-trabajan-para-la-insercion-de-las-pymes-argentinas-en-el-mercado-brasileno\/"]}]},{"@type":"ImageObject","inLanguage":"es","@id":"https:\/\/www.noticiasradioreflejos.com.ar\/2021\/came-y-scioli-trabajan-para-la-insercion-de-las-pymes-argentinas-en-el-mercado-brasileno\/#primaryimage","url":"https:\/\/ci4.googleusercontent.com\/proxy\/ia3Be2gVybqlOgze0HkjJOGaSf7cdW-CSzA6n6OckFpvbwNxlwh2N9t6V5YftoCcVIGEMH7nXSeTetSwHqA_lq2oq2lTt6xWjeD9C1bfyGxitrhXWJmJXtsS9l8JVrhHZH2Iut4QIFfDysK3-IAhcjoUl-zndwaEI8f7uKKGRPJdSEoPQ3n_HUFMRGRQXawGBet3Fvokj6hWt7b3pk4GXe6DJNzjig=s0-d-e1-ft#https:\/\/mailprensa.came.org.ar\/data\/1899c60d3e88c767f20949a98d5003460b14bf85\/media_files\/167\/original\/Dirigentes_pymes_junto_con_Daniel_Scioli.jpg","contentUrl":"https:\/\/ci4.googleusercontent.com\/proxy\/ia3Be2gVybqlOgze0HkjJOGaSf7cdW-CSzA6n6OckFpvbwNxlwh2N9t6V5YftoCcVIGEMH7nXSeTetSwHqA_lq2oq2lTt6xWjeD9C1bfyGxitrhXWJmJXtsS9l8JVrhHZH2Iut4QIFfDysK3-IAhcjoUl-zndwaEI8f7uKKGRPJdSEoPQ3n_HUFMRGRQXawGBet3Fvokj6hWt7b3pk4GXe6DJNzjig=s0-d-e1-ft#https:\/\/mailprensa.came.org.ar\/data\/1899c60d3e88c767f20949a98d5003460b14bf85\/media_files\/167\/original\/Dirigentes_pymes_junto_con_Daniel_Scioli.jpg"},{"@type":"BreadcrumbList","@id":"https:\/\/www.noticiasradioreflejos.com.ar\/2021\/came-y-scioli-trabajan-para-la-insercion-de-las-pymes-argentinas-en-el-mercado-brasileno\/#breadcrumb","itemListElement":[{"@type":"ListItem","position":1,"name":"Portada","item":"https:\/\/www.noticiasradioreflejos.com.ar\/2021\/"},{"@type":"ListItem","position":2,"name":"CAME y Scioli trabajan para la inserci\u00f3n de las pymes argentinas en el mercado brasile\u00f1o"}]},{"@type":"WebSite","@id":"https:\/\/www.noticiasradioreflejos.com.ar\/2021\/#website","url":"https:\/\/www.noticiasradioreflejos.com.ar\/2021\/","name":"Noticias Radio Reflejos","description":"Las noticias de mi comarca","potentialAction":[{"@type":"SearchAction","target":{"@type":"EntryPoint","urlTemplate":"https:\/\/www.noticiasradioreflejos.com.ar\/2021\/?s={search_term_string}"},"query-input":{"@type":"PropertyValueSpecification","valueRequired":true,"valueName":"search_term_string"}}],"inLanguage":"es"},{"@type":"Person","@id":"https:\/\/www.noticiasradioreflejos.com.ar\/2021\/#\/schema\/person\/ad82545263dcc5ec0996818884fd5fb1","name":"Arnaldo Botto","image":{"@type":"ImageObject","inLanguage":"es","@id":"https:\/\/www.noticiasradioreflejos.com.ar\/2021\/#\/schema\/person\/image\/","url":"https:\/\/secure.gravatar.com\/avatar\/55cb5e37c1efa326397366e6974cb338056df65cb50e7d64d1cf314e87504837?s=96&d=mm&r=g","contentUrl":"https:\/\/secure.gravatar.com\/avatar\/55cb5e37c1efa326397366e6974cb338056df65cb50e7d64d1cf314e87504837?s=96&d=mm&r=g","caption":"Arnaldo Botto"},"url":"https:\/\/www.noticiasradioreflejos.com.ar\/2021\/author\/arnaldo\/"}]}},"_links":{"self":[{"href":"https:\/\/www.noticiasradioreflejos.com.ar\/2021\/wp-json\/wp\/v2\/posts\/84595","targetHints":{"allow":["GET"]}}],"collection":[{"href":"https:\/\/www.noticiasradioreflejos.com.ar\/2021\/wp-json\/wp\/v2\/posts"}],"about":[{"href":"https:\/\/www.noticiasradioreflejos.com.ar\/2021\/wp-json\/wp\/v2\/types\/post"}],"author":[{"embeddable":true,"href":"https:\/\/www.noticiasradioreflejos.com.ar\/2021\/wp-json\/wp\/v2\/users\/3"}],"replies":[{"embeddable":true,"href":"https:\/\/www.noticiasradioreflejos.com.ar\/2021\/wp-json\/wp\/v2\/comments?post=84595"}],"version-history":[{"count":1,"href":"https:\/\/www.noticiasradioreflejos.com.ar\/2021\/wp-json\/wp\/v2\/posts\/84595\/revisions"}],"predecessor-version":[{"id":84597,"href":"https:\/\/www.noticiasradioreflejos.com.ar\/2021\/wp-json\/wp\/v2\/posts\/84595\/revisions\/84597"}],"wp:attachment":[{"href":"https:\/\/www.noticiasradioreflejos.com.ar\/2021\/wp-json\/wp\/v2\/media?parent=84595"}],"wp:term":[{"taxonomy":"category","embeddable":true,"href":"https:\/\/www.noticiasradioreflejos.com.ar\/2021\/wp-json\/wp\/v2\/categories?post=84595"},{"taxonomy":"post_tag","embeddable":true,"href":"https:\/\/www.noticiasradioreflejos.com.ar\/2021\/wp-json\/wp\/v2\/tags?post=84595"}],"curies":[{"name":"wp","href":"https:\/\/api.w.org\/{rel}","templated":true}]}}