{"id":84591,"date":"2023-02-23T19:52:19","date_gmt":"2023-02-23T19:52:19","guid":{"rendered":"https:\/\/www.noticiasradioreflejos.com.ar\/2021\/?p=84591"},"modified":"2023-02-23T19:52:44","modified_gmt":"2023-02-23T19:52:44","slug":"ninos-seguros-en-el-auto-camino-a-la-escuela","status":"publish","type":"post","link":"https:\/\/www.noticiasradioreflejos.com.ar\/2021\/ninos-seguros-en-el-auto-camino-a-la-escuela\/","title":{"rendered":"Ni\u00f1os seguros en el auto camino a la escuela."},"content":{"rendered":"<p>Entre los m\u00e1s vulnerables en el tr\u00e1nsito se encuentran los ni\u00f1os\u00a0y muchos de ellos mueren en el tr\u00e1nsito, en brazos de quienes m\u00e1s los quieren.<!--more--><\/p>\n<p>El pasado mi\u00e9rcoles 22 un fatal accidente ocurri\u00f3, durante la madrugada, en la ruta nacional 9, en Santiago del Estero. Una beb\u00e9 de 11 meses falleci\u00f3 y una ni\u00f1a de 5 a\u00f1os se encuentra en grave estado luego de que volcara el auto en el que viajaban en la entrada de la ciudad Yanda, en el departamento de Juan Francisco Borges.<\/p>\n<p><strong>\u00a0 \u00a0 \u00a0Comienzan las clases y ya sea que los ni\u00f1os vayan a la escuela caminando, en transporte p\u00fablico, micro escolar o en auto, su seguridad es prioritaria.<\/strong><\/p>\n<h4>Si el ni\u00f1o va en auto<\/h4>\n<p><strong>Es fundamental que viaje seguro.\u00a0<\/strong>Para el cuidado de sus vidas dentro del auto\u00a0<strong>es muy importante que los chicos viajen siempre<\/strong>, a\u00fan en los trayectos cortos cerca de casa, en todos los casos,\u00a0<strong>en los asientos traseros del veh\u00edculo, en su Sistema de Retenci\u00f3n Infantil (SRI),<\/strong>\u00a0correctamente instalado con el sistema de anclaje y sujeci\u00f3n del veh\u00edculo si lo tuviera, o de lo contrario, y si son mayores, con el cintur\u00f3n de seguridad del veh\u00edculo.<\/p>\n<p>Hasta los 2 a\u00f1os de edad, o durante el mayor tiempo posible, es recomendable que las butacas infantiles se instalen en el sentido contrario a la marcha del veh\u00edculo, o sea, los ni\u00f1os viajan mirando hacia atr\u00e1s. \u00a0Para los chicos m\u00e1s grandes, la indicaci\u00f3n es usar una butaca o booster con o sin respaldo, que tiene la finalidad de elevar el cuerpo y permitir que el cintur\u00f3n se ajuste cruzando sobre el medio de la clav\u00edcula y que calce en la cadera baja (sobre los huesos) y no por la cintura ni sobre el abdomen blando. Es fundamental tener en cuenta la relaci\u00f3n de la edad con la estatura, peso y desarrollo del ni\u00f1o, para elegir el asiento infantil adecuado para que cada ni\u00f1o viaje seguro.<\/p>\n<p>&nbsp;<\/p>\n<p>La Ley Nacional de Tr\u00e1nsito N\u00ba 24.449 (decreto reglamentario 32\/2018) dispone en su Art 40 g.1, que \u201clos menores de DIEZ (10) a\u00f1os deben viajar sujetos al asiento trasero, con el Sistema de Retenci\u00f3n Infantil homologado al efecto, en relaci\u00f3n a su peso y tama\u00f1o\u201d. En la Ciudad de Buenos Aires la legislaci\u00f3n establece la obligatoriedad del uso del SRI hasta los 12 a\u00f1os de edad y 1,50 m de estatura.<\/p>\n<p>&nbsp;<\/p>\n<p><a href=\"https:\/\/click.mlsend2.com\/link\/c\/YT0yMTU2ODMyMDUxNjM2OTk2NjA5JmM9aDJ6OSZlPTE5MjgmYj0xMDg5Mjg4Mzg3JmQ9ejBwNGg4Yw==.9ZCjcNEMH__ocMKbndmdwNI4EJ72PfmNGZgbT1fzbUM\" target=\"_blank\" rel=\"noopener\" data-saferedirecturl=\"https:\/\/www.google.com\/url?q=https:\/\/click.mlsend2.com\/link\/c\/YT0yMTU2ODMyMDUxNjM2OTk2NjA5JmM9aDJ6OSZlPTE5MjgmYj0xMDg5Mjg4Mzg3JmQ9ejBwNGg4Yw%3D%3D.9ZCjcNEMH__ocMKbndmdwNI4EJ72PfmNGZgbT1fzbUM&amp;source=gmail&amp;ust=1677267638087000&amp;usg=AOvVaw1w0YpNSX9TqTxKfaV3Kwk-\"><strong>Para ampliar la informaci\u00f3n sobre \u00abNi\u00f1os Seguros en el Veh\u00edculo\u201d<\/strong><\/a><\/p>\n<table class=\"m_4814124707597862131mlContentTable\" border=\"0\" width=\"640\" cellspacing=\"0\" cellpadding=\"0\" align=\"center\" bgcolor=\"#FFFFFF\">\n<tbody>\n<tr>\n<td class=\"m_4814124707597862131mlContentContainer m_4814124707597862131mlContentImage m_4814124707597862131mlContentHeight\" align=\"center\"><\/td>\n<\/tr>\n<\/tbody>\n<tbody>\n<tr>\n<td class=\"m_4814124707597862131mlContentContainer m_4814124707597862131mlContentImage m_4814124707597862131mlContentHeight\" align=\"center\"><img decoding=\"async\" class=\"m_4814124707597862131mlContentImage CToWUd a6T aligncenter\" tabindex=\"0\" src=\"https:\/\/ci4.googleusercontent.com\/proxy\/4Wz04QlqnhmPi6oto6alujdzj1VZ31MWubV01p5ZE1dAPo0L3cdjKvPj5Ljk5O2qGCBcNt3pkrBTXC0IWWILlp4bDEQUj_9zbMPZOofgAeOoufqON2YMB9fM7DuKL7dzqJo25D-jQX4NhgnjuMyr3HcuST7bZ2PVW1viSMrzI5Hkqx0SSOvl5n31vBTh38Izfgj2LCtwVUrPont0=s0-d-e1-ft#https:\/\/bucket.mlcdn.com\/a\/487\/487743\/images\/dfca973ad5c52194cf9939b7a83435484cd986f9.jpeg\/4c581249745c61090ad4173ac12a77d209571397.jpeg\" width=\"540\" border=\"0\" data-bit=\"iit\" \/><\/td>\n<\/tr>\n<\/tbody>\n<\/table>\n<p>&nbsp;<\/p>\n","protected":false},"excerpt":{"rendered":"<p>Entre los m\u00e1s vulnerables en el tr\u00e1nsito se encuentran los ni\u00f1os\u00a0y muchos de ellos mueren en el tr\u00e1nsito, en brazos de quienes m\u00e1s los quieren.<\/p>\n","protected":false},"author":3,"featured_media":0,"comment_status":"closed","ping_status":"closed","sticky":false,"template":"","format":"standard","meta":{"footnotes":""},"categories":[46,26],"tags":[],"class_list":["post-84591","post","type-post","status-publish","format-standard","hentry","category-ciencia-y-tecnologia","category-sociedad"],"yoast_head":"<!-- This site is optimized with the Yoast SEO plugin v25.9 - https:\/\/yoast.com\/wordpress\/plugins\/seo\/ -->\n<title>Ni\u00f1os seguros en el auto camino a la escuela. - Noticias Radio Reflejos<\/title>\n<meta name=\"robots\" content=\"index, follow, max-snippet:-1, max-image-preview:large, max-video-preview:-1\" \/>\n<link rel=\"canonical\" href=\"https:\/\/www.noticiasradioreflejos.com.ar\/2021\/ninos-seguros-en-el-auto-camino-a-la-escuela\/\" \/>\n<meta property=\"og:locale\" content=\"es_ES\" \/>\n<meta property=\"og:type\" content=\"article\" \/>\n<meta property=\"og:title\" content=\"Ni\u00f1os seguros en el auto camino a la escuela. - Noticias Radio Reflejos\" \/>\n<meta property=\"og:description\" content=\"Entre los m\u00e1s vulnerables en el tr\u00e1nsito se encuentran los ni\u00f1os\u00a0y muchos de ellos mueren en el tr\u00e1nsito, en brazos de quienes m\u00e1s los quieren.\" \/>\n<meta property=\"og:url\" content=\"https:\/\/www.noticiasradioreflejos.com.ar\/2021\/ninos-seguros-en-el-auto-camino-a-la-escuela\/\" \/>\n<meta property=\"og:site_name\" content=\"Noticias Radio Reflejos\" \/>\n<meta property=\"article:published_time\" content=\"2023-02-23T19:52:19+00:00\" \/>\n<meta property=\"article:modified_time\" content=\"2023-02-23T19:52:44+00:00\" \/>\n<meta property=\"og:image\" content=\"https:\/\/ci4.googleusercontent.com\/proxy\/4Wz04QlqnhmPi6oto6alujdzj1VZ31MWubV01p5ZE1dAPo0L3cdjKvPj5Ljk5O2qGCBcNt3pkrBTXC0IWWILlp4bDEQUj_9zbMPZOofgAeOoufqON2YMB9fM7DuKL7dzqJo25D-jQX4NhgnjuMyr3HcuST7bZ2PVW1viSMrzI5Hkqx0SSOvl5n31vBTh38Izfgj2LCtwVUrPont0=s0-d-e1-ft#https:\/\/bucket.mlcdn.com\/a\/487\/487743\/images\/dfca973ad5c52194cf9939b7a83435484cd986f9.jpeg\/4c581249745c61090ad4173ac12a77d209571397.jpeg\" \/>\n<meta name=\"author\" content=\"Arnaldo Botto\" \/>\n<meta name=\"twitter:card\" content=\"summary_large_image\" \/>\n<script type=\"application\/ld+json\" class=\"yoast-schema-graph\">{\"@context\":\"https:\/\/schema.org\",\"@graph\":[{\"@type\":\"WebPage\",\"@id\":\"https:\/\/www.noticiasradioreflejos.com.ar\/2021\/ninos-seguros-en-el-auto-camino-a-la-escuela\/\",\"url\":\"https:\/\/www.noticiasradioreflejos.com.ar\/2021\/ninos-seguros-en-el-auto-camino-a-la-escuela\/\",\"name\":\"Ni\u00f1os seguros en el auto camino a la escuela. - Noticias Radio Reflejos\",\"isPartOf\":{\"@id\":\"https:\/\/www.noticiasradioreflejos.com.ar\/2021\/#website\"},\"primaryImageOfPage\":{\"@id\":\"https:\/\/www.noticiasradioreflejos.com.ar\/2021\/ninos-seguros-en-el-auto-camino-a-la-escuela\/#primaryimage\"},\"image\":{\"@id\":\"https:\/\/www.noticiasradioreflejos.com.ar\/2021\/ninos-seguros-en-el-auto-camino-a-la-escuela\/#primaryimage\"},\"thumbnailUrl\":\"https:\/\/ci4.googleusercontent.com\/proxy\/4Wz04QlqnhmPi6oto6alujdzj1VZ31MWubV01p5ZE1dAPo0L3cdjKvPj5Ljk5O2qGCBcNt3pkrBTXC0IWWILlp4bDEQUj_9zbMPZOofgAeOoufqON2YMB9fM7DuKL7dzqJo25D-jQX4NhgnjuMyr3HcuST7bZ2PVW1viSMrzI5Hkqx0SSOvl5n31vBTh38Izfgj2LCtwVUrPont0=s0-d-e1-ft#https:\/\/bucket.mlcdn.com\/a\/487\/487743\/images\/dfca973ad5c52194cf9939b7a83435484cd986f9.jpeg\/4c581249745c61090ad4173ac12a77d209571397.jpeg\",\"datePublished\":\"2023-02-23T19:52:19+00:00\",\"dateModified\":\"2023-02-23T19:52:44+00:00\",\"author\":{\"@id\":\"https:\/\/www.noticiasradioreflejos.com.ar\/2021\/#\/schema\/person\/ad82545263dcc5ec0996818884fd5fb1\"},\"breadcrumb\":{\"@id\":\"https:\/\/www.noticiasradioreflejos.com.ar\/2021\/ninos-seguros-en-el-auto-camino-a-la-escuela\/#breadcrumb\"},\"inLanguage\":\"es\",\"potentialAction\":[{\"@type\":\"ReadAction\",\"target\":[\"https:\/\/www.noticiasradioreflejos.com.ar\/2021\/ninos-seguros-en-el-auto-camino-a-la-escuela\/\"]}]},{\"@type\":\"ImageObject\",\"inLanguage\":\"es\",\"@id\":\"https:\/\/www.noticiasradioreflejos.com.ar\/2021\/ninos-seguros-en-el-auto-camino-a-la-escuela\/#primaryimage\",\"url\":\"https:\/\/ci4.googleusercontent.com\/proxy\/4Wz04QlqnhmPi6oto6alujdzj1VZ31MWubV01p5ZE1dAPo0L3cdjKvPj5Ljk5O2qGCBcNt3pkrBTXC0IWWILlp4bDEQUj_9zbMPZOofgAeOoufqON2YMB9fM7DuKL7dzqJo25D-jQX4NhgnjuMyr3HcuST7bZ2PVW1viSMrzI5Hkqx0SSOvl5n31vBTh38Izfgj2LCtwVUrPont0=s0-d-e1-ft#https:\/\/bucket.mlcdn.com\/a\/487\/487743\/images\/dfca973ad5c52194cf9939b7a83435484cd986f9.jpeg\/4c581249745c61090ad4173ac12a77d209571397.jpeg\",\"contentUrl\":\"https:\/\/ci4.googleusercontent.com\/proxy\/4Wz04QlqnhmPi6oto6alujdzj1VZ31MWubV01p5ZE1dAPo0L3cdjKvPj5Ljk5O2qGCBcNt3pkrBTXC0IWWILlp4bDEQUj_9zbMPZOofgAeOoufqON2YMB9fM7DuKL7dzqJo25D-jQX4NhgnjuMyr3HcuST7bZ2PVW1viSMrzI5Hkqx0SSOvl5n31vBTh38Izfgj2LCtwVUrPont0=s0-d-e1-ft#https:\/\/bucket.mlcdn.com\/a\/487\/487743\/images\/dfca973ad5c52194cf9939b7a83435484cd986f9.jpeg\/4c581249745c61090ad4173ac12a77d209571397.jpeg\"},{\"@type\":\"BreadcrumbList\",\"@id\":\"https:\/\/www.noticiasradioreflejos.com.ar\/2021\/ninos-seguros-en-el-auto-camino-a-la-escuela\/#breadcrumb\",\"itemListElement\":[{\"@type\":\"ListItem\",\"position\":1,\"name\":\"Portada\",\"item\":\"https:\/\/www.noticiasradioreflejos.com.ar\/2021\/\"},{\"@type\":\"ListItem\",\"position\":2,\"name\":\"Ni\u00f1os seguros en el auto camino a la escuela.\"}]},{\"@type\":\"WebSite\",\"@id\":\"https:\/\/www.noticiasradioreflejos.com.ar\/2021\/#website\",\"url\":\"https:\/\/www.noticiasradioreflejos.com.ar\/2021\/\",\"name\":\"Noticias Radio Reflejos\",\"description\":\"Las noticias de mi comarca\",\"potentialAction\":[{\"@type\":\"SearchAction\",\"target\":{\"@type\":\"EntryPoint\",\"urlTemplate\":\"https:\/\/www.noticiasradioreflejos.com.ar\/2021\/?s={search_term_string}\"},\"query-input\":{\"@type\":\"PropertyValueSpecification\",\"valueRequired\":true,\"valueName\":\"search_term_string\"}}],\"inLanguage\":\"es\"},{\"@type\":\"Person\",\"@id\":\"https:\/\/www.noticiasradioreflejos.com.ar\/2021\/#\/schema\/person\/ad82545263dcc5ec0996818884fd5fb1\",\"name\":\"Arnaldo Botto\",\"image\":{\"@type\":\"ImageObject\",\"inLanguage\":\"es\",\"@id\":\"https:\/\/www.noticiasradioreflejos.com.ar\/2021\/#\/schema\/person\/image\/\",\"url\":\"https:\/\/secure.gravatar.com\/avatar\/55cb5e37c1efa326397366e6974cb338056df65cb50e7d64d1cf314e87504837?s=96&d=mm&r=g\",\"contentUrl\":\"https:\/\/secure.gravatar.com\/avatar\/55cb5e37c1efa326397366e6974cb338056df65cb50e7d64d1cf314e87504837?s=96&d=mm&r=g\",\"caption\":\"Arnaldo Botto\"},\"url\":\"https:\/\/www.noticiasradioreflejos.com.ar\/2021\/author\/arnaldo\/\"}]}<\/script>\n<!-- \/ Yoast SEO plugin. -->","yoast_head_json":{"title":"Ni\u00f1os seguros en el auto camino a la escuela. - Noticias Radio Reflejos","robots":{"index":"index","follow":"follow","max-snippet":"max-snippet:-1","max-image-preview":"max-image-preview:large","max-video-preview":"max-video-preview:-1"},"canonical":"https:\/\/www.noticiasradioreflejos.com.ar\/2021\/ninos-seguros-en-el-auto-camino-a-la-escuela\/","og_locale":"es_ES","og_type":"article","og_title":"Ni\u00f1os seguros en el auto camino a la escuela. - Noticias Radio Reflejos","og_description":"Entre los m\u00e1s vulnerables en el tr\u00e1nsito se encuentran los ni\u00f1os\u00a0y muchos de ellos mueren en el tr\u00e1nsito, en brazos de quienes m\u00e1s los quieren.","og_url":"https:\/\/www.noticiasradioreflejos.com.ar\/2021\/ninos-seguros-en-el-auto-camino-a-la-escuela\/","og_site_name":"Noticias Radio Reflejos","article_published_time":"2023-02-23T19:52:19+00:00","article_modified_time":"2023-02-23T19:52:44+00:00","og_image":[{"url":"https:\/\/ci4.googleusercontent.com\/proxy\/4Wz04QlqnhmPi6oto6alujdzj1VZ31MWubV01p5ZE1dAPo0L3cdjKvPj5Ljk5O2qGCBcNt3pkrBTXC0IWWILlp4bDEQUj_9zbMPZOofgAeOoufqON2YMB9fM7DuKL7dzqJo25D-jQX4NhgnjuMyr3HcuST7bZ2PVW1viSMrzI5Hkqx0SSOvl5n31vBTh38Izfgj2LCtwVUrPont0=s0-d-e1-ft#https:\/\/bucket.mlcdn.com\/a\/487\/487743\/images\/dfca973ad5c52194cf9939b7a83435484cd986f9.jpeg\/4c581249745c61090ad4173ac12a77d209571397.jpeg","type":"","width":"","height":""}],"author":"Arnaldo Botto","twitter_card":"summary_large_image","schema":{"@context":"https:\/\/schema.org","@graph":[{"@type":"WebPage","@id":"https:\/\/www.noticiasradioreflejos.com.ar\/2021\/ninos-seguros-en-el-auto-camino-a-la-escuela\/","url":"https:\/\/www.noticiasradioreflejos.com.ar\/2021\/ninos-seguros-en-el-auto-camino-a-la-escuela\/","name":"Ni\u00f1os seguros en el auto camino a la escuela. - Noticias Radio Reflejos","isPartOf":{"@id":"https:\/\/www.noticiasradioreflejos.com.ar\/2021\/#website"},"primaryImageOfPage":{"@id":"https:\/\/www.noticiasradioreflejos.com.ar\/2021\/ninos-seguros-en-el-auto-camino-a-la-escuela\/#primaryimage"},"image":{"@id":"https:\/\/www.noticiasradioreflejos.com.ar\/2021\/ninos-seguros-en-el-auto-camino-a-la-escuela\/#primaryimage"},"thumbnailUrl":"https:\/\/ci4.googleusercontent.com\/proxy\/4Wz04QlqnhmPi6oto6alujdzj1VZ31MWubV01p5ZE1dAPo0L3cdjKvPj5Ljk5O2qGCBcNt3pkrBTXC0IWWILlp4bDEQUj_9zbMPZOofgAeOoufqON2YMB9fM7DuKL7dzqJo25D-jQX4NhgnjuMyr3HcuST7bZ2PVW1viSMrzI5Hkqx0SSOvl5n31vBTh38Izfgj2LCtwVUrPont0=s0-d-e1-ft#https:\/\/bucket.mlcdn.com\/a\/487\/487743\/images\/dfca973ad5c52194cf9939b7a83435484cd986f9.jpeg\/4c581249745c61090ad4173ac12a77d209571397.jpeg","datePublished":"2023-02-23T19:52:19+00:00","dateModified":"2023-02-23T19:52:44+00:00","author":{"@id":"https:\/\/www.noticiasradioreflejos.com.ar\/2021\/#\/schema\/person\/ad82545263dcc5ec0996818884fd5fb1"},"breadcrumb":{"@id":"https:\/\/www.noticiasradioreflejos.com.ar\/2021\/ninos-seguros-en-el-auto-camino-a-la-escuela\/#breadcrumb"},"inLanguage":"es","potentialAction":[{"@type":"ReadAction","target":["https:\/\/www.noticiasradioreflejos.com.ar\/2021\/ninos-seguros-en-el-auto-camino-a-la-escuela\/"]}]},{"@type":"ImageObject","inLanguage":"es","@id":"https:\/\/www.noticiasradioreflejos.com.ar\/2021\/ninos-seguros-en-el-auto-camino-a-la-escuela\/#primaryimage","url":"https:\/\/ci4.googleusercontent.com\/proxy\/4Wz04QlqnhmPi6oto6alujdzj1VZ31MWubV01p5ZE1dAPo0L3cdjKvPj5Ljk5O2qGCBcNt3pkrBTXC0IWWILlp4bDEQUj_9zbMPZOofgAeOoufqON2YMB9fM7DuKL7dzqJo25D-jQX4NhgnjuMyr3HcuST7bZ2PVW1viSMrzI5Hkqx0SSOvl5n31vBTh38Izfgj2LCtwVUrPont0=s0-d-e1-ft#https:\/\/bucket.mlcdn.com\/a\/487\/487743\/images\/dfca973ad5c52194cf9939b7a83435484cd986f9.jpeg\/4c581249745c61090ad4173ac12a77d209571397.jpeg","contentUrl":"https:\/\/ci4.googleusercontent.com\/proxy\/4Wz04QlqnhmPi6oto6alujdzj1VZ31MWubV01p5ZE1dAPo0L3cdjKvPj5Ljk5O2qGCBcNt3pkrBTXC0IWWILlp4bDEQUj_9zbMPZOofgAeOoufqON2YMB9fM7DuKL7dzqJo25D-jQX4NhgnjuMyr3HcuST7bZ2PVW1viSMrzI5Hkqx0SSOvl5n31vBTh38Izfgj2LCtwVUrPont0=s0-d-e1-ft#https:\/\/bucket.mlcdn.com\/a\/487\/487743\/images\/dfca973ad5c52194cf9939b7a83435484cd986f9.jpeg\/4c581249745c61090ad4173ac12a77d209571397.jpeg"},{"@type":"BreadcrumbList","@id":"https:\/\/www.noticiasradioreflejos.com.ar\/2021\/ninos-seguros-en-el-auto-camino-a-la-escuela\/#breadcrumb","itemListElement":[{"@type":"ListItem","position":1,"name":"Portada","item":"https:\/\/www.noticiasradioreflejos.com.ar\/2021\/"},{"@type":"ListItem","position":2,"name":"Ni\u00f1os seguros en el auto camino a la escuela."}]},{"@type":"WebSite","@id":"https:\/\/www.noticiasradioreflejos.com.ar\/2021\/#website","url":"https:\/\/www.noticiasradioreflejos.com.ar\/2021\/","name":"Noticias Radio Reflejos","description":"Las noticias de mi comarca","potentialAction":[{"@type":"SearchAction","target":{"@type":"EntryPoint","urlTemplate":"https:\/\/www.noticiasradioreflejos.com.ar\/2021\/?s={search_term_string}"},"query-input":{"@type":"PropertyValueSpecification","valueRequired":true,"valueName":"search_term_string"}}],"inLanguage":"es"},{"@type":"Person","@id":"https:\/\/www.noticiasradioreflejos.com.ar\/2021\/#\/schema\/person\/ad82545263dcc5ec0996818884fd5fb1","name":"Arnaldo Botto","image":{"@type":"ImageObject","inLanguage":"es","@id":"https:\/\/www.noticiasradioreflejos.com.ar\/2021\/#\/schema\/person\/image\/","url":"https:\/\/secure.gravatar.com\/avatar\/55cb5e37c1efa326397366e6974cb338056df65cb50e7d64d1cf314e87504837?s=96&d=mm&r=g","contentUrl":"https:\/\/secure.gravatar.com\/avatar\/55cb5e37c1efa326397366e6974cb338056df65cb50e7d64d1cf314e87504837?s=96&d=mm&r=g","caption":"Arnaldo Botto"},"url":"https:\/\/www.noticiasradioreflejos.com.ar\/2021\/author\/arnaldo\/"}]}},"_links":{"self":[{"href":"https:\/\/www.noticiasradioreflejos.com.ar\/2021\/wp-json\/wp\/v2\/posts\/84591","targetHints":{"allow":["GET"]}}],"collection":[{"href":"https:\/\/www.noticiasradioreflejos.com.ar\/2021\/wp-json\/wp\/v2\/posts"}],"about":[{"href":"https:\/\/www.noticiasradioreflejos.com.ar\/2021\/wp-json\/wp\/v2\/types\/post"}],"author":[{"embeddable":true,"href":"https:\/\/www.noticiasradioreflejos.com.ar\/2021\/wp-json\/wp\/v2\/users\/3"}],"replies":[{"embeddable":true,"href":"https:\/\/www.noticiasradioreflejos.com.ar\/2021\/wp-json\/wp\/v2\/comments?post=84591"}],"version-history":[{"count":2,"href":"https:\/\/www.noticiasradioreflejos.com.ar\/2021\/wp-json\/wp\/v2\/posts\/84591\/revisions"}],"predecessor-version":[{"id":84594,"href":"https:\/\/www.noticiasradioreflejos.com.ar\/2021\/wp-json\/wp\/v2\/posts\/84591\/revisions\/84594"}],"wp:attachment":[{"href":"https:\/\/www.noticiasradioreflejos.com.ar\/2021\/wp-json\/wp\/v2\/media?parent=84591"}],"wp:term":[{"taxonomy":"category","embeddable":true,"href":"https:\/\/www.noticiasradioreflejos.com.ar\/2021\/wp-json\/wp\/v2\/categories?post=84591"},{"taxonomy":"post_tag","embeddable":true,"href":"https:\/\/www.noticiasradioreflejos.com.ar\/2021\/wp-json\/wp\/v2\/tags?post=84591"}],"curies":[{"name":"wp","href":"https:\/\/api.w.org\/{rel}","templated":true}]}}