{"id":84559,"date":"2023-02-23T15:01:22","date_gmt":"2023-02-23T15:01:22","guid":{"rendered":"https:\/\/www.noticiasradioreflejos.com.ar\/2021\/?p=84559"},"modified":"2023-02-23T15:02:16","modified_gmt":"2023-02-23T15:02:16","slug":"kicillof-en-sierra-hemos-superado-la-temporada-record-en-un-8","status":"publish","type":"post","link":"https:\/\/www.noticiasradioreflejos.com.ar\/2021\/kicillof-en-sierra-hemos-superado-la-temporada-record-en-un-8\/","title":{"rendered":"Kicillof en Sierra: \u201cHemos superado la temporada r\u00e9cord en un 8%\u201d"},"content":{"rendered":"<p>En su visita a la comarca el gobernador asegur\u00f3 que se volvieron a romper todos los n\u00fameros hist\u00f3ricos en cuanto a turismo. \u201cHemos tenido 15 millones de visitantes\u201d asegur\u00f3.<!--more--><\/p>\n<p>Previo a dejar Sierra de la Ventana el gobernador Axel Kicillof brind\u00f3 una conferencia de prensa en la cual mencion\u00f3 las acciones desarrolladas ese mismo d\u00eda, pero al mismo tiempo, dio una visi\u00f3n macro de lo acontecido en los \u00faltimos meses.<\/p>\n<p>Al respecto, comenz\u00f3 diciendo que \u201cdurante toda esta temporada continuamos con las conferencias semanales a lo largo del verano tur\u00edstico. En esta edici\u00f3n ten\u00edamos un desaf\u00edo muy exigente, que era igualar la afluencia de turistas de la temporada pasada\u201d.<\/p>\n<p>En esa l\u00ednea insisti\u00f3 en que \u201cla idea era poder sostener esto. Para algunos es disfrute, para otros vacaciones, pero para otros es otro derecho fundamental que es el de trabajo\u201d.<\/p>\n<p>Mientras que confirm\u00f3 que \u201chasta fin de la semana pasada, no solo hemos alcanzado el n\u00famero r\u00e9cord de la temporada pasada, sino que lo hemos superado en un 8%. En toda la provincia de Buenos Aires hemos tenido 15 millones de visitantes\u201d.<\/p>\n<p><a title=\"Axel Bordoni (4)\" href=\"https:\/\/www.flickr.com\/photos\/182279889@N02\/52706778715\/in\/dateposted-public\/\" data-flickr-embed=\"true\"><img loading=\"lazy\" decoding=\"async\" src=\"https:\/\/live.staticflickr.com\/65535\/52706778715_ef1fddf362_z.jpg\" alt=\"Axel Bordoni (4)\" width=\"640\" height=\"426\" \/><\/a><script async src=\"\/\/embedr.flickr.com\/assets\/client-code.js\" charset=\"utf-8\"><\/script><br \/>\nEn otro pasaje de la charla sostuvo que \u201cestas conferencias son para poner en valor todo lo que hemos hecho. Desde el operativo de Sol a Sol, toda la apuesta del Instituto Cultural, los cr\u00e9ditos de todo tipo que se han entregado y por supuesto la cuenta DNI, a trav\u00e9s del banco de todos los bonaerenses\u201d.<\/p>\n<p>Puntualizando en lo vivido en la comarca, cont\u00f3 que \u201ctuvimos una prolongada reuni\u00f3n con empresarios, donde hemos estado compartiendo, discutiendo, analizando, diferentes aspectos de la vida productiva de la provincia, de la regi\u00f3n, del partido y de la localidad\u201d.<\/p>\n<p>No dejando pasar la oportunidad para afirmar que \u201calgunos suelen resaltar los problemas que tenemos, pero tambi\u00e9n hay que ver c\u00f3mo venimos avanzando en determinados aspectos centrales de la provincia\u201d.<\/p>\n<p>Por \u00faltimo, entre sus reflexiones, mencion\u00f3 que \u201cuno observa con incomodidad como a veces la leche que a veces se produce el interior de nuestra provincia, tiene que transitar cientos de kil\u00f3metros para llegar a plantas muy concentradas que se encuentran en el conurbano, y luego la leche que se consume, tal vez se produjo en el lugar, pero tuvo que pagar tanto, que se termina pagando m\u00e1s en litros de nafta que en litros de leche\u201d.<\/p>\n<p>&nbsp;<\/p>\n<p><iframe loading=\"lazy\" src=\"https:\/\/w.soundcloud.com\/player\/?url=https%3A\/\/api.soundcloud.com\/tracks\/1453889770&amp;color=%23ff5500&amp;auto_play=false&amp;hide_related=false&amp;show_comments=true&amp;show_user=true&amp;show_reposts=false&amp;show_teaser=true\" width=\"100%\" height=\"166\" frameborder=\"no\" scrolling=\"no\"><\/iframe><\/p>\n<div style=\"font-size: 10px; color: #cccccc; line-break: anywhere; word-break: normal; overflow: hidden; white-space: nowrap; text-overflow: ellipsis; font-family: Interstate,Lucida Grande,Lucida Sans Unicode,Lucida Sans,Garuda,Verdana,Tahoma,sans-serif; font-weight: 100;\"><a style=\"color: #cccccc; text-decoration: none;\" title=\"fmreflejos 103.7\" href=\"https:\/\/soundcloud.com\/fmreflejos-103-7\" target=\"_blank\" rel=\"noopener\">fmreflejos 103.7<\/a> \u00b7 <a style=\"color: #cccccc; text-decoration: none;\" title=\"Conferencia Axel Kicillof\" href=\"https:\/\/soundcloud.com\/fmreflejos-103-7\/conferencia-axel-kicillof\" target=\"_blank\" rel=\"noopener\">Conferencia Axel Kicillof<\/a><\/div>\n","protected":false},"excerpt":{"rendered":"<p>En su visita a la comarca el gobernador asegur\u00f3 que se volvieron a romper todos los n\u00fameros hist\u00f3ricos en cuanto a turismo. \u201cHemos tenido 15 millones de visitantes\u201d asegur\u00f3.<\/p>\n","protected":false},"author":3,"featured_media":0,"comment_status":"closed","ping_status":"closed","sticky":false,"template":"","format":"standard","meta":{"footnotes":""},"categories":[24,33],"tags":[48],"class_list":["post-84559","post","type-post","status-publish","format-standard","hentry","category-politica","category-turismo","tag-destacada"],"yoast_head":"<!-- This site is optimized with the Yoast SEO plugin v25.9 - https:\/\/yoast.com\/wordpress\/plugins\/seo\/ -->\n<title>Kicillof en Sierra: \u201cHemos superado la temporada r\u00e9cord en un 8%\u201d - Noticias Radio Reflejos<\/title>\n<meta name=\"robots\" content=\"index, follow, max-snippet:-1, max-image-preview:large, max-video-preview:-1\" \/>\n<link rel=\"canonical\" href=\"https:\/\/www.noticiasradioreflejos.com.ar\/2021\/kicillof-en-sierra-hemos-superado-la-temporada-record-en-un-8\/\" \/>\n<meta property=\"og:locale\" content=\"es_ES\" \/>\n<meta property=\"og:type\" content=\"article\" \/>\n<meta property=\"og:title\" content=\"Kicillof en Sierra: \u201cHemos superado la temporada r\u00e9cord en un 8%\u201d - Noticias Radio Reflejos\" \/>\n<meta property=\"og:description\" content=\"En su visita a la comarca el gobernador asegur\u00f3 que se volvieron a romper todos los n\u00fameros hist\u00f3ricos en cuanto a turismo. \u201cHemos tenido 15 millones de visitantes\u201d asegur\u00f3.\" \/>\n<meta property=\"og:url\" content=\"https:\/\/www.noticiasradioreflejos.com.ar\/2021\/kicillof-en-sierra-hemos-superado-la-temporada-record-en-un-8\/\" \/>\n<meta property=\"og:site_name\" content=\"Noticias Radio Reflejos\" \/>\n<meta property=\"article:published_time\" content=\"2023-02-23T15:01:22+00:00\" \/>\n<meta property=\"article:modified_time\" content=\"2023-02-23T15:02:16+00:00\" \/>\n<meta property=\"og:image\" content=\"https:\/\/live.staticflickr.com\/65535\/52706778715_ef1fddf362_z.jpg\" \/>\n<meta name=\"author\" content=\"Arnaldo Botto\" \/>\n<meta name=\"twitter:card\" content=\"summary_large_image\" \/>\n<script type=\"application\/ld+json\" class=\"yoast-schema-graph\">{\"@context\":\"https:\/\/schema.org\",\"@graph\":[{\"@type\":\"WebPage\",\"@id\":\"https:\/\/www.noticiasradioreflejos.com.ar\/2021\/kicillof-en-sierra-hemos-superado-la-temporada-record-en-un-8\/\",\"url\":\"https:\/\/www.noticiasradioreflejos.com.ar\/2021\/kicillof-en-sierra-hemos-superado-la-temporada-record-en-un-8\/\",\"name\":\"Kicillof en Sierra: \u201cHemos superado la temporada r\u00e9cord en un 8%\u201d - Noticias Radio Reflejos\",\"isPartOf\":{\"@id\":\"https:\/\/www.noticiasradioreflejos.com.ar\/2021\/#website\"},\"primaryImageOfPage\":{\"@id\":\"https:\/\/www.noticiasradioreflejos.com.ar\/2021\/kicillof-en-sierra-hemos-superado-la-temporada-record-en-un-8\/#primaryimage\"},\"image\":{\"@id\":\"https:\/\/www.noticiasradioreflejos.com.ar\/2021\/kicillof-en-sierra-hemos-superado-la-temporada-record-en-un-8\/#primaryimage\"},\"thumbnailUrl\":\"https:\/\/live.staticflickr.com\/65535\/52706778715_ef1fddf362_z.jpg\",\"datePublished\":\"2023-02-23T15:01:22+00:00\",\"dateModified\":\"2023-02-23T15:02:16+00:00\",\"author\":{\"@id\":\"https:\/\/www.noticiasradioreflejos.com.ar\/2021\/#\/schema\/person\/ad82545263dcc5ec0996818884fd5fb1\"},\"breadcrumb\":{\"@id\":\"https:\/\/www.noticiasradioreflejos.com.ar\/2021\/kicillof-en-sierra-hemos-superado-la-temporada-record-en-un-8\/#breadcrumb\"},\"inLanguage\":\"es\",\"potentialAction\":[{\"@type\":\"ReadAction\",\"target\":[\"https:\/\/www.noticiasradioreflejos.com.ar\/2021\/kicillof-en-sierra-hemos-superado-la-temporada-record-en-un-8\/\"]}]},{\"@type\":\"ImageObject\",\"inLanguage\":\"es\",\"@id\":\"https:\/\/www.noticiasradioreflejos.com.ar\/2021\/kicillof-en-sierra-hemos-superado-la-temporada-record-en-un-8\/#primaryimage\",\"url\":\"https:\/\/live.staticflickr.com\/65535\/52706778715_ef1fddf362_z.jpg\",\"contentUrl\":\"https:\/\/live.staticflickr.com\/65535\/52706778715_ef1fddf362_z.jpg\"},{\"@type\":\"BreadcrumbList\",\"@id\":\"https:\/\/www.noticiasradioreflejos.com.ar\/2021\/kicillof-en-sierra-hemos-superado-la-temporada-record-en-un-8\/#breadcrumb\",\"itemListElement\":[{\"@type\":\"ListItem\",\"position\":1,\"name\":\"Portada\",\"item\":\"https:\/\/www.noticiasradioreflejos.com.ar\/2021\/\"},{\"@type\":\"ListItem\",\"position\":2,\"name\":\"Kicillof en Sierra: \u201cHemos superado la temporada r\u00e9cord en un 8%\u201d\"}]},{\"@type\":\"WebSite\",\"@id\":\"https:\/\/www.noticiasradioreflejos.com.ar\/2021\/#website\",\"url\":\"https:\/\/www.noticiasradioreflejos.com.ar\/2021\/\",\"name\":\"Noticias Radio Reflejos\",\"description\":\"Las noticias de mi comarca\",\"potentialAction\":[{\"@type\":\"SearchAction\",\"target\":{\"@type\":\"EntryPoint\",\"urlTemplate\":\"https:\/\/www.noticiasradioreflejos.com.ar\/2021\/?s={search_term_string}\"},\"query-input\":{\"@type\":\"PropertyValueSpecification\",\"valueRequired\":true,\"valueName\":\"search_term_string\"}}],\"inLanguage\":\"es\"},{\"@type\":\"Person\",\"@id\":\"https:\/\/www.noticiasradioreflejos.com.ar\/2021\/#\/schema\/person\/ad82545263dcc5ec0996818884fd5fb1\",\"name\":\"Arnaldo Botto\",\"image\":{\"@type\":\"ImageObject\",\"inLanguage\":\"es\",\"@id\":\"https:\/\/www.noticiasradioreflejos.com.ar\/2021\/#\/schema\/person\/image\/\",\"url\":\"https:\/\/secure.gravatar.com\/avatar\/55cb5e37c1efa326397366e6974cb338056df65cb50e7d64d1cf314e87504837?s=96&d=mm&r=g\",\"contentUrl\":\"https:\/\/secure.gravatar.com\/avatar\/55cb5e37c1efa326397366e6974cb338056df65cb50e7d64d1cf314e87504837?s=96&d=mm&r=g\",\"caption\":\"Arnaldo Botto\"},\"url\":\"https:\/\/www.noticiasradioreflejos.com.ar\/2021\/author\/arnaldo\/\"}]}<\/script>\n<!-- \/ Yoast SEO plugin. -->","yoast_head_json":{"title":"Kicillof en Sierra: \u201cHemos superado la temporada r\u00e9cord en un 8%\u201d - Noticias Radio Reflejos","robots":{"index":"index","follow":"follow","max-snippet":"max-snippet:-1","max-image-preview":"max-image-preview:large","max-video-preview":"max-video-preview:-1"},"canonical":"https:\/\/www.noticiasradioreflejos.com.ar\/2021\/kicillof-en-sierra-hemos-superado-la-temporada-record-en-un-8\/","og_locale":"es_ES","og_type":"article","og_title":"Kicillof en Sierra: \u201cHemos superado la temporada r\u00e9cord en un 8%\u201d - Noticias Radio Reflejos","og_description":"En su visita a la comarca el gobernador asegur\u00f3 que se volvieron a romper todos los n\u00fameros hist\u00f3ricos en cuanto a turismo. \u201cHemos tenido 15 millones de visitantes\u201d asegur\u00f3.","og_url":"https:\/\/www.noticiasradioreflejos.com.ar\/2021\/kicillof-en-sierra-hemos-superado-la-temporada-record-en-un-8\/","og_site_name":"Noticias Radio Reflejos","article_published_time":"2023-02-23T15:01:22+00:00","article_modified_time":"2023-02-23T15:02:16+00:00","og_image":[{"url":"https:\/\/live.staticflickr.com\/65535\/52706778715_ef1fddf362_z.jpg","type":"","width":"","height":""}],"author":"Arnaldo Botto","twitter_card":"summary_large_image","schema":{"@context":"https:\/\/schema.org","@graph":[{"@type":"WebPage","@id":"https:\/\/www.noticiasradioreflejos.com.ar\/2021\/kicillof-en-sierra-hemos-superado-la-temporada-record-en-un-8\/","url":"https:\/\/www.noticiasradioreflejos.com.ar\/2021\/kicillof-en-sierra-hemos-superado-la-temporada-record-en-un-8\/","name":"Kicillof en Sierra: \u201cHemos superado la temporada r\u00e9cord en un 8%\u201d - Noticias Radio Reflejos","isPartOf":{"@id":"https:\/\/www.noticiasradioreflejos.com.ar\/2021\/#website"},"primaryImageOfPage":{"@id":"https:\/\/www.noticiasradioreflejos.com.ar\/2021\/kicillof-en-sierra-hemos-superado-la-temporada-record-en-un-8\/#primaryimage"},"image":{"@id":"https:\/\/www.noticiasradioreflejos.com.ar\/2021\/kicillof-en-sierra-hemos-superado-la-temporada-record-en-un-8\/#primaryimage"},"thumbnailUrl":"https:\/\/live.staticflickr.com\/65535\/52706778715_ef1fddf362_z.jpg","datePublished":"2023-02-23T15:01:22+00:00","dateModified":"2023-02-23T15:02:16+00:00","author":{"@id":"https:\/\/www.noticiasradioreflejos.com.ar\/2021\/#\/schema\/person\/ad82545263dcc5ec0996818884fd5fb1"},"breadcrumb":{"@id":"https:\/\/www.noticiasradioreflejos.com.ar\/2021\/kicillof-en-sierra-hemos-superado-la-temporada-record-en-un-8\/#breadcrumb"},"inLanguage":"es","potentialAction":[{"@type":"ReadAction","target":["https:\/\/www.noticiasradioreflejos.com.ar\/2021\/kicillof-en-sierra-hemos-superado-la-temporada-record-en-un-8\/"]}]},{"@type":"ImageObject","inLanguage":"es","@id":"https:\/\/www.noticiasradioreflejos.com.ar\/2021\/kicillof-en-sierra-hemos-superado-la-temporada-record-en-un-8\/#primaryimage","url":"https:\/\/live.staticflickr.com\/65535\/52706778715_ef1fddf362_z.jpg","contentUrl":"https:\/\/live.staticflickr.com\/65535\/52706778715_ef1fddf362_z.jpg"},{"@type":"BreadcrumbList","@id":"https:\/\/www.noticiasradioreflejos.com.ar\/2021\/kicillof-en-sierra-hemos-superado-la-temporada-record-en-un-8\/#breadcrumb","itemListElement":[{"@type":"ListItem","position":1,"name":"Portada","item":"https:\/\/www.noticiasradioreflejos.com.ar\/2021\/"},{"@type":"ListItem","position":2,"name":"Kicillof en Sierra: \u201cHemos superado la temporada r\u00e9cord en un 8%\u201d"}]},{"@type":"WebSite","@id":"https:\/\/www.noticiasradioreflejos.com.ar\/2021\/#website","url":"https:\/\/www.noticiasradioreflejos.com.ar\/2021\/","name":"Noticias Radio Reflejos","description":"Las noticias de mi comarca","potentialAction":[{"@type":"SearchAction","target":{"@type":"EntryPoint","urlTemplate":"https:\/\/www.noticiasradioreflejos.com.ar\/2021\/?s={search_term_string}"},"query-input":{"@type":"PropertyValueSpecification","valueRequired":true,"valueName":"search_term_string"}}],"inLanguage":"es"},{"@type":"Person","@id":"https:\/\/www.noticiasradioreflejos.com.ar\/2021\/#\/schema\/person\/ad82545263dcc5ec0996818884fd5fb1","name":"Arnaldo Botto","image":{"@type":"ImageObject","inLanguage":"es","@id":"https:\/\/www.noticiasradioreflejos.com.ar\/2021\/#\/schema\/person\/image\/","url":"https:\/\/secure.gravatar.com\/avatar\/55cb5e37c1efa326397366e6974cb338056df65cb50e7d64d1cf314e87504837?s=96&d=mm&r=g","contentUrl":"https:\/\/secure.gravatar.com\/avatar\/55cb5e37c1efa326397366e6974cb338056df65cb50e7d64d1cf314e87504837?s=96&d=mm&r=g","caption":"Arnaldo Botto"},"url":"https:\/\/www.noticiasradioreflejos.com.ar\/2021\/author\/arnaldo\/"}]}},"_links":{"self":[{"href":"https:\/\/www.noticiasradioreflejos.com.ar\/2021\/wp-json\/wp\/v2\/posts\/84559","targetHints":{"allow":["GET"]}}],"collection":[{"href":"https:\/\/www.noticiasradioreflejos.com.ar\/2021\/wp-json\/wp\/v2\/posts"}],"about":[{"href":"https:\/\/www.noticiasradioreflejos.com.ar\/2021\/wp-json\/wp\/v2\/types\/post"}],"author":[{"embeddable":true,"href":"https:\/\/www.noticiasradioreflejos.com.ar\/2021\/wp-json\/wp\/v2\/users\/3"}],"replies":[{"embeddable":true,"href":"https:\/\/www.noticiasradioreflejos.com.ar\/2021\/wp-json\/wp\/v2\/comments?post=84559"}],"version-history":[{"count":3,"href":"https:\/\/www.noticiasradioreflejos.com.ar\/2021\/wp-json\/wp\/v2\/posts\/84559\/revisions"}],"predecessor-version":[{"id":84563,"href":"https:\/\/www.noticiasradioreflejos.com.ar\/2021\/wp-json\/wp\/v2\/posts\/84559\/revisions\/84563"}],"wp:attachment":[{"href":"https:\/\/www.noticiasradioreflejos.com.ar\/2021\/wp-json\/wp\/v2\/media?parent=84559"}],"wp:term":[{"taxonomy":"category","embeddable":true,"href":"https:\/\/www.noticiasradioreflejos.com.ar\/2021\/wp-json\/wp\/v2\/categories?post=84559"},{"taxonomy":"post_tag","embeddable":true,"href":"https:\/\/www.noticiasradioreflejos.com.ar\/2021\/wp-json\/wp\/v2\/tags?post=84559"}],"curies":[{"name":"wp","href":"https:\/\/api.w.org\/{rel}","templated":true}]}}