{"id":84555,"date":"2023-02-23T14:37:47","date_gmt":"2023-02-23T14:37:47","guid":{"rendered":"https:\/\/www.noticiasradioreflejos.com.ar\/2021\/?p=84555"},"modified":"2023-02-23T14:37:47","modified_gmt":"2023-02-23T14:37:47","slug":"un-vecino-de-sierra-denuncia-que-un-colectivo-de-larga-distancia-circula-en-pesimas-condiciones","status":"publish","type":"post","link":"https:\/\/www.noticiasradioreflejos.com.ar\/2021\/un-vecino-de-sierra-denuncia-que-un-colectivo-de-larga-distancia-circula-en-pesimas-condiciones\/","title":{"rendered":"Un vecino de Sierra denuncia que un colectivo de larga distancia circula en p\u00e9simas condiciones"},"content":{"rendered":"<p>Juan fue testigo privilegiado de esta situaci\u00f3n ayer por la noche. Al llegar a Saldungaray, el chofer de la unidad lo increp\u00f3. Har\u00e1 la denuncia en la CNRT.<!--more--><\/p>\n<p>&nbsp;<\/p>\n<p><a title=\"WhatsApp Image 2023-02-22 at 23.52.51\" href=\"https:\/\/www.flickr.com\/photos\/182279889@N02\/52705801522\/in\/dateposted-public\/\" data-flickr-embed=\"true\"><img loading=\"lazy\" decoding=\"async\" class=\"aligncenter\" src=\"https:\/\/live.staticflickr.com\/65535\/52705801522_f0ef5161d0_z.jpg\" alt=\"WhatsApp Image 2023-02-22 at 23.52.51\" width=\"640\" height=\"400\" \/><\/a><\/p>\n<p>Ayer por la noche un vecino de la comarca fue testigo directo de una irregularidad que de milagro no ocasion\u00f3 una tragedia.<\/p>\n<p>Seg\u00fan le cont\u00f3 a Reflejos, Juan viajaba en su auto entre Sierra y Saldungaray, cuando se encontr\u00f3 a mitad de camino con la<strong> unidad 892<\/strong> de la<strong> empresa El C\u00f3ndor<\/strong>, la cual viajaba muy ladeada hacia uno de sus laterales, tal cual lo muestran las fotos.<\/p>\n<p>Preocupado por esto, y con miedo a sobrepasarla y que ocurra un siniestro vial, este vecino se mantuvo detr\u00e1s a una distancia prudencial. Cuando el colectivo lleg\u00f3 a Saldungaray, Juan fren\u00f3 y se acerc\u00f3 a hablar con el chofer, sin imaginarse lo que le esperar\u00eda.<\/p>\n<p>Lejos de tomar a bien su inquietud, el trabajador del volante comenz\u00f3 a increparlo, incluso dici\u00e9ndole que lo riesgoso hab\u00eda sido que lo encandilara con las luces. Del transporte vencido hacia un lateral o el haber pisado la banquina en m\u00e1s de una ocasi\u00f3n, no acus\u00f3 recibo.<\/p>\n<p>Debido a esto, Juan viajar\u00e1 a Bah\u00eda Blanca para radicar la pertinente denuncia en la Comisi\u00f3n Nacional de Regulaci\u00f3n del Transporte (CNRT) debido al riesgo latente que presenta un \u00f3mnibus en estas condiciones.<\/p>\n<p><a title=\"WhatsApp Image 2023-02-22 at 23.52.51 (1)\" href=\"https:\/\/www.flickr.com\/photos\/182279889@N02\/52706578929\/in\/dateposted-public\/\" data-flickr-embed=\"true\"><img loading=\"lazy\" decoding=\"async\" class=\"aligncenter\" src=\"https:\/\/live.staticflickr.com\/65535\/52706578929_42d0a80726_z.jpg\" alt=\"WhatsApp Image 2023-02-22 at 23.52.51 (1)\" width=\"733\" height=\"487\" \/><\/a><script async src=\"\/\/embedr.flickr.com\/assets\/client-code.js\" charset=\"utf-8\"><\/script><\/p>\n","protected":false},"excerpt":{"rendered":"<p>Juan fue testigo privilegiado de esta situaci\u00f3n ayer por la noche. Al llegar a Saldungaray, el chofer de la unidad lo increp\u00f3. Har\u00e1 la denuncia en la CNRT.<\/p>\n","protected":false},"author":3,"featured_media":0,"comment_status":"closed","ping_status":"closed","sticky":false,"template":"","format":"standard","meta":{"footnotes":""},"categories":[26],"tags":[],"class_list":["post-84555","post","type-post","status-publish","format-standard","hentry","category-sociedad"],"yoast_head":"<!-- This site is optimized with the Yoast SEO plugin v25.9 - https:\/\/yoast.com\/wordpress\/plugins\/seo\/ -->\n<title>Un vecino de Sierra denuncia que un colectivo de larga distancia circula en p\u00e9simas condiciones - Noticias Radio Reflejos<\/title>\n<meta name=\"robots\" content=\"index, follow, max-snippet:-1, max-image-preview:large, max-video-preview:-1\" \/>\n<link rel=\"canonical\" href=\"https:\/\/www.noticiasradioreflejos.com.ar\/2021\/un-vecino-de-sierra-denuncia-que-un-colectivo-de-larga-distancia-circula-en-pesimas-condiciones\/\" \/>\n<meta property=\"og:locale\" content=\"es_ES\" \/>\n<meta property=\"og:type\" content=\"article\" \/>\n<meta property=\"og:title\" content=\"Un vecino de Sierra denuncia que un colectivo de larga distancia circula en p\u00e9simas condiciones - Noticias Radio Reflejos\" \/>\n<meta property=\"og:description\" content=\"Juan fue testigo privilegiado de esta situaci\u00f3n ayer por la noche. Al llegar a Saldungaray, el chofer de la unidad lo increp\u00f3. Har\u00e1 la denuncia en la CNRT.\" \/>\n<meta property=\"og:url\" content=\"https:\/\/www.noticiasradioreflejos.com.ar\/2021\/un-vecino-de-sierra-denuncia-que-un-colectivo-de-larga-distancia-circula-en-pesimas-condiciones\/\" \/>\n<meta property=\"og:site_name\" content=\"Noticias Radio Reflejos\" \/>\n<meta property=\"article:published_time\" content=\"2023-02-23T14:37:47+00:00\" \/>\n<meta property=\"og:image\" content=\"https:\/\/live.staticflickr.com\/65535\/52705801522_f0ef5161d0_z.jpg\" \/>\n<meta name=\"author\" content=\"Arnaldo Botto\" \/>\n<meta name=\"twitter:card\" content=\"summary_large_image\" \/>\n<script type=\"application\/ld+json\" class=\"yoast-schema-graph\">{\"@context\":\"https:\/\/schema.org\",\"@graph\":[{\"@type\":\"WebPage\",\"@id\":\"https:\/\/www.noticiasradioreflejos.com.ar\/2021\/un-vecino-de-sierra-denuncia-que-un-colectivo-de-larga-distancia-circula-en-pesimas-condiciones\/\",\"url\":\"https:\/\/www.noticiasradioreflejos.com.ar\/2021\/un-vecino-de-sierra-denuncia-que-un-colectivo-de-larga-distancia-circula-en-pesimas-condiciones\/\",\"name\":\"Un vecino de Sierra denuncia que un colectivo de larga distancia circula en p\u00e9simas condiciones - Noticias Radio Reflejos\",\"isPartOf\":{\"@id\":\"https:\/\/www.noticiasradioreflejos.com.ar\/2021\/#website\"},\"primaryImageOfPage\":{\"@id\":\"https:\/\/www.noticiasradioreflejos.com.ar\/2021\/un-vecino-de-sierra-denuncia-que-un-colectivo-de-larga-distancia-circula-en-pesimas-condiciones\/#primaryimage\"},\"image\":{\"@id\":\"https:\/\/www.noticiasradioreflejos.com.ar\/2021\/un-vecino-de-sierra-denuncia-que-un-colectivo-de-larga-distancia-circula-en-pesimas-condiciones\/#primaryimage\"},\"thumbnailUrl\":\"https:\/\/live.staticflickr.com\/65535\/52705801522_f0ef5161d0_z.jpg\",\"datePublished\":\"2023-02-23T14:37:47+00:00\",\"author\":{\"@id\":\"https:\/\/www.noticiasradioreflejos.com.ar\/2021\/#\/schema\/person\/ad82545263dcc5ec0996818884fd5fb1\"},\"breadcrumb\":{\"@id\":\"https:\/\/www.noticiasradioreflejos.com.ar\/2021\/un-vecino-de-sierra-denuncia-que-un-colectivo-de-larga-distancia-circula-en-pesimas-condiciones\/#breadcrumb\"},\"inLanguage\":\"es\",\"potentialAction\":[{\"@type\":\"ReadAction\",\"target\":[\"https:\/\/www.noticiasradioreflejos.com.ar\/2021\/un-vecino-de-sierra-denuncia-que-un-colectivo-de-larga-distancia-circula-en-pesimas-condiciones\/\"]}]},{\"@type\":\"ImageObject\",\"inLanguage\":\"es\",\"@id\":\"https:\/\/www.noticiasradioreflejos.com.ar\/2021\/un-vecino-de-sierra-denuncia-que-un-colectivo-de-larga-distancia-circula-en-pesimas-condiciones\/#primaryimage\",\"url\":\"https:\/\/live.staticflickr.com\/65535\/52705801522_f0ef5161d0_z.jpg\",\"contentUrl\":\"https:\/\/live.staticflickr.com\/65535\/52705801522_f0ef5161d0_z.jpg\"},{\"@type\":\"BreadcrumbList\",\"@id\":\"https:\/\/www.noticiasradioreflejos.com.ar\/2021\/un-vecino-de-sierra-denuncia-que-un-colectivo-de-larga-distancia-circula-en-pesimas-condiciones\/#breadcrumb\",\"itemListElement\":[{\"@type\":\"ListItem\",\"position\":1,\"name\":\"Portada\",\"item\":\"https:\/\/www.noticiasradioreflejos.com.ar\/2021\/\"},{\"@type\":\"ListItem\",\"position\":2,\"name\":\"Un vecino de Sierra denuncia que un colectivo de larga distancia circula en p\u00e9simas condiciones\"}]},{\"@type\":\"WebSite\",\"@id\":\"https:\/\/www.noticiasradioreflejos.com.ar\/2021\/#website\",\"url\":\"https:\/\/www.noticiasradioreflejos.com.ar\/2021\/\",\"name\":\"Noticias Radio Reflejos\",\"description\":\"Las noticias de mi comarca\",\"potentialAction\":[{\"@type\":\"SearchAction\",\"target\":{\"@type\":\"EntryPoint\",\"urlTemplate\":\"https:\/\/www.noticiasradioreflejos.com.ar\/2021\/?s={search_term_string}\"},\"query-input\":{\"@type\":\"PropertyValueSpecification\",\"valueRequired\":true,\"valueName\":\"search_term_string\"}}],\"inLanguage\":\"es\"},{\"@type\":\"Person\",\"@id\":\"https:\/\/www.noticiasradioreflejos.com.ar\/2021\/#\/schema\/person\/ad82545263dcc5ec0996818884fd5fb1\",\"name\":\"Arnaldo Botto\",\"image\":{\"@type\":\"ImageObject\",\"inLanguage\":\"es\",\"@id\":\"https:\/\/www.noticiasradioreflejos.com.ar\/2021\/#\/schema\/person\/image\/\",\"url\":\"https:\/\/secure.gravatar.com\/avatar\/55cb5e37c1efa326397366e6974cb338056df65cb50e7d64d1cf314e87504837?s=96&d=mm&r=g\",\"contentUrl\":\"https:\/\/secure.gravatar.com\/avatar\/55cb5e37c1efa326397366e6974cb338056df65cb50e7d64d1cf314e87504837?s=96&d=mm&r=g\",\"caption\":\"Arnaldo Botto\"},\"url\":\"https:\/\/www.noticiasradioreflejos.com.ar\/2021\/author\/arnaldo\/\"}]}<\/script>\n<!-- \/ Yoast SEO plugin. -->","yoast_head_json":{"title":"Un vecino de Sierra denuncia que un colectivo de larga distancia circula en p\u00e9simas condiciones - Noticias Radio Reflejos","robots":{"index":"index","follow":"follow","max-snippet":"max-snippet:-1","max-image-preview":"max-image-preview:large","max-video-preview":"max-video-preview:-1"},"canonical":"https:\/\/www.noticiasradioreflejos.com.ar\/2021\/un-vecino-de-sierra-denuncia-que-un-colectivo-de-larga-distancia-circula-en-pesimas-condiciones\/","og_locale":"es_ES","og_type":"article","og_title":"Un vecino de Sierra denuncia que un colectivo de larga distancia circula en p\u00e9simas condiciones - Noticias Radio Reflejos","og_description":"Juan fue testigo privilegiado de esta situaci\u00f3n ayer por la noche. Al llegar a Saldungaray, el chofer de la unidad lo increp\u00f3. Har\u00e1 la denuncia en la CNRT.","og_url":"https:\/\/www.noticiasradioreflejos.com.ar\/2021\/un-vecino-de-sierra-denuncia-que-un-colectivo-de-larga-distancia-circula-en-pesimas-condiciones\/","og_site_name":"Noticias Radio Reflejos","article_published_time":"2023-02-23T14:37:47+00:00","og_image":[{"url":"https:\/\/live.staticflickr.com\/65535\/52705801522_f0ef5161d0_z.jpg","type":"","width":"","height":""}],"author":"Arnaldo Botto","twitter_card":"summary_large_image","schema":{"@context":"https:\/\/schema.org","@graph":[{"@type":"WebPage","@id":"https:\/\/www.noticiasradioreflejos.com.ar\/2021\/un-vecino-de-sierra-denuncia-que-un-colectivo-de-larga-distancia-circula-en-pesimas-condiciones\/","url":"https:\/\/www.noticiasradioreflejos.com.ar\/2021\/un-vecino-de-sierra-denuncia-que-un-colectivo-de-larga-distancia-circula-en-pesimas-condiciones\/","name":"Un vecino de Sierra denuncia que un colectivo de larga distancia circula en p\u00e9simas condiciones - Noticias Radio Reflejos","isPartOf":{"@id":"https:\/\/www.noticiasradioreflejos.com.ar\/2021\/#website"},"primaryImageOfPage":{"@id":"https:\/\/www.noticiasradioreflejos.com.ar\/2021\/un-vecino-de-sierra-denuncia-que-un-colectivo-de-larga-distancia-circula-en-pesimas-condiciones\/#primaryimage"},"image":{"@id":"https:\/\/www.noticiasradioreflejos.com.ar\/2021\/un-vecino-de-sierra-denuncia-que-un-colectivo-de-larga-distancia-circula-en-pesimas-condiciones\/#primaryimage"},"thumbnailUrl":"https:\/\/live.staticflickr.com\/65535\/52705801522_f0ef5161d0_z.jpg","datePublished":"2023-02-23T14:37:47+00:00","author":{"@id":"https:\/\/www.noticiasradioreflejos.com.ar\/2021\/#\/schema\/person\/ad82545263dcc5ec0996818884fd5fb1"},"breadcrumb":{"@id":"https:\/\/www.noticiasradioreflejos.com.ar\/2021\/un-vecino-de-sierra-denuncia-que-un-colectivo-de-larga-distancia-circula-en-pesimas-condiciones\/#breadcrumb"},"inLanguage":"es","potentialAction":[{"@type":"ReadAction","target":["https:\/\/www.noticiasradioreflejos.com.ar\/2021\/un-vecino-de-sierra-denuncia-que-un-colectivo-de-larga-distancia-circula-en-pesimas-condiciones\/"]}]},{"@type":"ImageObject","inLanguage":"es","@id":"https:\/\/www.noticiasradioreflejos.com.ar\/2021\/un-vecino-de-sierra-denuncia-que-un-colectivo-de-larga-distancia-circula-en-pesimas-condiciones\/#primaryimage","url":"https:\/\/live.staticflickr.com\/65535\/52705801522_f0ef5161d0_z.jpg","contentUrl":"https:\/\/live.staticflickr.com\/65535\/52705801522_f0ef5161d0_z.jpg"},{"@type":"BreadcrumbList","@id":"https:\/\/www.noticiasradioreflejos.com.ar\/2021\/un-vecino-de-sierra-denuncia-que-un-colectivo-de-larga-distancia-circula-en-pesimas-condiciones\/#breadcrumb","itemListElement":[{"@type":"ListItem","position":1,"name":"Portada","item":"https:\/\/www.noticiasradioreflejos.com.ar\/2021\/"},{"@type":"ListItem","position":2,"name":"Un vecino de Sierra denuncia que un colectivo de larga distancia circula en p\u00e9simas condiciones"}]},{"@type":"WebSite","@id":"https:\/\/www.noticiasradioreflejos.com.ar\/2021\/#website","url":"https:\/\/www.noticiasradioreflejos.com.ar\/2021\/","name":"Noticias Radio Reflejos","description":"Las noticias de mi comarca","potentialAction":[{"@type":"SearchAction","target":{"@type":"EntryPoint","urlTemplate":"https:\/\/www.noticiasradioreflejos.com.ar\/2021\/?s={search_term_string}"},"query-input":{"@type":"PropertyValueSpecification","valueRequired":true,"valueName":"search_term_string"}}],"inLanguage":"es"},{"@type":"Person","@id":"https:\/\/www.noticiasradioreflejos.com.ar\/2021\/#\/schema\/person\/ad82545263dcc5ec0996818884fd5fb1","name":"Arnaldo Botto","image":{"@type":"ImageObject","inLanguage":"es","@id":"https:\/\/www.noticiasradioreflejos.com.ar\/2021\/#\/schema\/person\/image\/","url":"https:\/\/secure.gravatar.com\/avatar\/55cb5e37c1efa326397366e6974cb338056df65cb50e7d64d1cf314e87504837?s=96&d=mm&r=g","contentUrl":"https:\/\/secure.gravatar.com\/avatar\/55cb5e37c1efa326397366e6974cb338056df65cb50e7d64d1cf314e87504837?s=96&d=mm&r=g","caption":"Arnaldo Botto"},"url":"https:\/\/www.noticiasradioreflejos.com.ar\/2021\/author\/arnaldo\/"}]}},"_links":{"self":[{"href":"https:\/\/www.noticiasradioreflejos.com.ar\/2021\/wp-json\/wp\/v2\/posts\/84555","targetHints":{"allow":["GET"]}}],"collection":[{"href":"https:\/\/www.noticiasradioreflejos.com.ar\/2021\/wp-json\/wp\/v2\/posts"}],"about":[{"href":"https:\/\/www.noticiasradioreflejos.com.ar\/2021\/wp-json\/wp\/v2\/types\/post"}],"author":[{"embeddable":true,"href":"https:\/\/www.noticiasradioreflejos.com.ar\/2021\/wp-json\/wp\/v2\/users\/3"}],"replies":[{"embeddable":true,"href":"https:\/\/www.noticiasradioreflejos.com.ar\/2021\/wp-json\/wp\/v2\/comments?post=84555"}],"version-history":[{"count":2,"href":"https:\/\/www.noticiasradioreflejos.com.ar\/2021\/wp-json\/wp\/v2\/posts\/84555\/revisions"}],"predecessor-version":[{"id":84558,"href":"https:\/\/www.noticiasradioreflejos.com.ar\/2021\/wp-json\/wp\/v2\/posts\/84555\/revisions\/84558"}],"wp:attachment":[{"href":"https:\/\/www.noticiasradioreflejos.com.ar\/2021\/wp-json\/wp\/v2\/media?parent=84555"}],"wp:term":[{"taxonomy":"category","embeddable":true,"href":"https:\/\/www.noticiasradioreflejos.com.ar\/2021\/wp-json\/wp\/v2\/categories?post=84555"},{"taxonomy":"post_tag","embeddable":true,"href":"https:\/\/www.noticiasradioreflejos.com.ar\/2021\/wp-json\/wp\/v2\/tags?post=84555"}],"curies":[{"name":"wp","href":"https:\/\/api.w.org\/{rel}","templated":true}]}}