{"id":84552,"date":"2023-02-23T14:05:56","date_gmt":"2023-02-23T14:05:56","guid":{"rendered":"https:\/\/www.noticiasradioreflejos.com.ar\/2021\/?p=84552"},"modified":"2023-02-23T14:05:56","modified_gmt":"2023-02-23T14:05:56","slug":"comenzaron-las-obras-para-dos-nuevos-parques-solares-en-la-provincia-de-buenos-aires","status":"publish","type":"post","link":"https:\/\/www.noticiasradioreflejos.com.ar\/2021\/comenzaron-las-obras-para-dos-nuevos-parques-solares-en-la-provincia-de-buenos-aires\/","title":{"rendered":"Comenzaron las obras para dos nuevos parques solares en la provincia de Buenos Aires"},"content":{"rendered":"<p>Las obras de instalaci\u00f3n de dos nuevos parques solares en las localidades de Del Carril y Polvaredas, del municipio bonaerense de Saladillo comenzaron hoy, seg\u00fan se inform\u00f3 en un comunicado de la Subsecretar\u00eda de Energ\u00eda de la provincia de Buenos Aires.<!--more--><\/p>\n<p>Desde el Gobierno bonaerense se indic\u00f3 que se trata de un proyecto \u00fanico en su tipo en el territorio ya que \u00absi bien la provincia ya cuenta con 26 parques solares operativos, estos dos nuevos tienen la particularidad de poder sumar almacenamiento de energ\u00eda solar en bancos de bater\u00edas de litio, lo que optimiza el aprovechamiento de la energ\u00eda generada y mejora la potencia firme aumentando la confiabilidad del sistema\u00bb.<\/p>\n<p>En el caso del parque solar en Del Carril, la inversi\u00f3n total es de U$S 1.875.000,00, y en el ubicado en Polvaredas es de U$S 956.777,81.<\/p>\n<p>En el primero se instalar\u00e1n 910 paneles solares de 550Wp cada uno, y un banco de bater\u00edas de litio de 1290 kWh.<\/p>\n<p>En el caso de Polvaredas, se construir\u00e1 un parque solar con un total de 455 paneles de 550Wp y un banco de bater\u00edas de 774 kWh.<\/p>\n<p>A partir de la puesta en marcha de estos dos nuevos parques, se estima que m\u00e1s del 60 % de la demanda el\u00e9ctrica va a ser atendida con energ\u00eda limpia.<\/p>\n<p>\u00abEstas obras que cambiar\u00e1n la matriz energ\u00e9tica del Partido de Saladillo, aportar\u00e1n adem\u00e1s soluciones a la regi\u00f3n: mejorando la calidad del servicio a los vecinos de las localidades del interior, pero tambi\u00e9n dotando de energ\u00eda a la zona, creando las condiciones para la instalaci\u00f3n de nuevos emprendimientos productivos\u00bb, se recalc\u00f3 desde el Gobierno.<\/p>\n<p>La proyecci\u00f3n y ejecuci\u00f3n del plan se realiza en conjunto entre la Subsecretar\u00eda de Energ\u00eda de Buenos Aires, el Foro Regional El\u00e9ctrico (Freba) y el Programa de Incentivos a la Generaci\u00f3n El\u00e9ctrica Distribuida (Proinged) de la provincia de Buenos Aires.<\/p>\n<p>La Cooperativa El\u00e9ctrica de Saladillo tambi\u00e9n particip\u00f3 del proyecto, y es la responsable del mantenimiento y de la operaci\u00f3n de los parques.<\/p>\n","protected":false},"excerpt":{"rendered":"<p>Las obras de instalaci\u00f3n de dos nuevos parques solares en las localidades de Del Carril y Polvaredas, del municipio bonaerense de Saladillo comenzaron hoy, seg\u00fan se inform\u00f3 en un comunicado de la Subsecretar\u00eda de Energ\u00eda de la provincia de Buenos Aires.<\/p>\n","protected":false},"author":3,"featured_media":0,"comment_status":"closed","ping_status":"closed","sticky":false,"template":"","format":"standard","meta":{"footnotes":""},"categories":[46,58],"tags":[],"class_list":["post-84552","post","type-post","status-publish","format-standard","hentry","category-ciencia-y-tecnologia","category-gobierno"],"yoast_head":"<!-- This site is optimized with the Yoast SEO plugin v25.9 - https:\/\/yoast.com\/wordpress\/plugins\/seo\/ -->\n<title>Comenzaron las obras para dos nuevos parques solares en la provincia de Buenos Aires - Noticias Radio Reflejos<\/title>\n<meta name=\"robots\" content=\"index, follow, max-snippet:-1, max-image-preview:large, max-video-preview:-1\" \/>\n<link rel=\"canonical\" href=\"https:\/\/www.noticiasradioreflejos.com.ar\/2021\/comenzaron-las-obras-para-dos-nuevos-parques-solares-en-la-provincia-de-buenos-aires\/\" \/>\n<meta property=\"og:locale\" content=\"es_ES\" \/>\n<meta property=\"og:type\" content=\"article\" \/>\n<meta property=\"og:title\" content=\"Comenzaron las obras para dos nuevos parques solares en la provincia de Buenos Aires - Noticias Radio Reflejos\" \/>\n<meta property=\"og:description\" content=\"Las obras de instalaci\u00f3n de dos nuevos parques solares en las localidades de Del Carril y Polvaredas, del municipio bonaerense de Saladillo comenzaron hoy, seg\u00fan se inform\u00f3 en un comunicado de la Subsecretar\u00eda de Energ\u00eda de la provincia de Buenos Aires.\" \/>\n<meta property=\"og:url\" content=\"https:\/\/www.noticiasradioreflejos.com.ar\/2021\/comenzaron-las-obras-para-dos-nuevos-parques-solares-en-la-provincia-de-buenos-aires\/\" \/>\n<meta property=\"og:site_name\" content=\"Noticias Radio Reflejos\" \/>\n<meta property=\"article:published_time\" content=\"2023-02-23T14:05:56+00:00\" \/>\n<meta property=\"og:image\" content=\"https:\/\/www.noticiasradioreflejos.com.ar\/2021\/wp-content\/uploads\/2021\/07\/logosol300x200.png\" \/>\n\t<meta property=\"og:image:width\" content=\"300\" \/>\n\t<meta property=\"og:image:height\" content=\"200\" \/>\n\t<meta property=\"og:image:type\" content=\"image\/png\" \/>\n<meta name=\"author\" content=\"Arnaldo Botto\" \/>\n<meta name=\"twitter:card\" content=\"summary_large_image\" \/>\n<script type=\"application\/ld+json\" class=\"yoast-schema-graph\">{\"@context\":\"https:\/\/schema.org\",\"@graph\":[{\"@type\":\"WebPage\",\"@id\":\"https:\/\/www.noticiasradioreflejos.com.ar\/2021\/comenzaron-las-obras-para-dos-nuevos-parques-solares-en-la-provincia-de-buenos-aires\/\",\"url\":\"https:\/\/www.noticiasradioreflejos.com.ar\/2021\/comenzaron-las-obras-para-dos-nuevos-parques-solares-en-la-provincia-de-buenos-aires\/\",\"name\":\"Comenzaron las obras para dos nuevos parques solares en la provincia de Buenos Aires - Noticias Radio Reflejos\",\"isPartOf\":{\"@id\":\"https:\/\/www.noticiasradioreflejos.com.ar\/2021\/#website\"},\"datePublished\":\"2023-02-23T14:05:56+00:00\",\"author\":{\"@id\":\"https:\/\/www.noticiasradioreflejos.com.ar\/2021\/#\/schema\/person\/ad82545263dcc5ec0996818884fd5fb1\"},\"breadcrumb\":{\"@id\":\"https:\/\/www.noticiasradioreflejos.com.ar\/2021\/comenzaron-las-obras-para-dos-nuevos-parques-solares-en-la-provincia-de-buenos-aires\/#breadcrumb\"},\"inLanguage\":\"es\",\"potentialAction\":[{\"@type\":\"ReadAction\",\"target\":[\"https:\/\/www.noticiasradioreflejos.com.ar\/2021\/comenzaron-las-obras-para-dos-nuevos-parques-solares-en-la-provincia-de-buenos-aires\/\"]}]},{\"@type\":\"BreadcrumbList\",\"@id\":\"https:\/\/www.noticiasradioreflejos.com.ar\/2021\/comenzaron-las-obras-para-dos-nuevos-parques-solares-en-la-provincia-de-buenos-aires\/#breadcrumb\",\"itemListElement\":[{\"@type\":\"ListItem\",\"position\":1,\"name\":\"Portada\",\"item\":\"https:\/\/www.noticiasradioreflejos.com.ar\/2021\/\"},{\"@type\":\"ListItem\",\"position\":2,\"name\":\"Comenzaron las obras para dos nuevos parques solares en la provincia de Buenos Aires\"}]},{\"@type\":\"WebSite\",\"@id\":\"https:\/\/www.noticiasradioreflejos.com.ar\/2021\/#website\",\"url\":\"https:\/\/www.noticiasradioreflejos.com.ar\/2021\/\",\"name\":\"Noticias Radio Reflejos\",\"description\":\"Las noticias de mi comarca\",\"potentialAction\":[{\"@type\":\"SearchAction\",\"target\":{\"@type\":\"EntryPoint\",\"urlTemplate\":\"https:\/\/www.noticiasradioreflejos.com.ar\/2021\/?s={search_term_string}\"},\"query-input\":{\"@type\":\"PropertyValueSpecification\",\"valueRequired\":true,\"valueName\":\"search_term_string\"}}],\"inLanguage\":\"es\"},{\"@type\":\"Person\",\"@id\":\"https:\/\/www.noticiasradioreflejos.com.ar\/2021\/#\/schema\/person\/ad82545263dcc5ec0996818884fd5fb1\",\"name\":\"Arnaldo Botto\",\"image\":{\"@type\":\"ImageObject\",\"inLanguage\":\"es\",\"@id\":\"https:\/\/www.noticiasradioreflejos.com.ar\/2021\/#\/schema\/person\/image\/\",\"url\":\"https:\/\/secure.gravatar.com\/avatar\/55cb5e37c1efa326397366e6974cb338056df65cb50e7d64d1cf314e87504837?s=96&d=mm&r=g\",\"contentUrl\":\"https:\/\/secure.gravatar.com\/avatar\/55cb5e37c1efa326397366e6974cb338056df65cb50e7d64d1cf314e87504837?s=96&d=mm&r=g\",\"caption\":\"Arnaldo Botto\"},\"url\":\"https:\/\/www.noticiasradioreflejos.com.ar\/2021\/author\/arnaldo\/\"}]}<\/script>\n<!-- \/ Yoast SEO plugin. -->","yoast_head_json":{"title":"Comenzaron las obras para dos nuevos parques solares en la provincia de Buenos Aires - Noticias Radio Reflejos","robots":{"index":"index","follow":"follow","max-snippet":"max-snippet:-1","max-image-preview":"max-image-preview:large","max-video-preview":"max-video-preview:-1"},"canonical":"https:\/\/www.noticiasradioreflejos.com.ar\/2021\/comenzaron-las-obras-para-dos-nuevos-parques-solares-en-la-provincia-de-buenos-aires\/","og_locale":"es_ES","og_type":"article","og_title":"Comenzaron las obras para dos nuevos parques solares en la provincia de Buenos Aires - Noticias Radio Reflejos","og_description":"Las obras de instalaci\u00f3n de dos nuevos parques solares en las localidades de Del Carril y Polvaredas, del municipio bonaerense de Saladillo comenzaron hoy, seg\u00fan se inform\u00f3 en un comunicado de la Subsecretar\u00eda de Energ\u00eda de la provincia de Buenos Aires.","og_url":"https:\/\/www.noticiasradioreflejos.com.ar\/2021\/comenzaron-las-obras-para-dos-nuevos-parques-solares-en-la-provincia-de-buenos-aires\/","og_site_name":"Noticias Radio Reflejos","article_published_time":"2023-02-23T14:05:56+00:00","og_image":[{"width":300,"height":200,"url":"https:\/\/www.noticiasradioreflejos.com.ar\/2021\/wp-content\/uploads\/2021\/07\/logosol300x200.png","type":"image\/png"}],"author":"Arnaldo Botto","twitter_card":"summary_large_image","schema":{"@context":"https:\/\/schema.org","@graph":[{"@type":"WebPage","@id":"https:\/\/www.noticiasradioreflejos.com.ar\/2021\/comenzaron-las-obras-para-dos-nuevos-parques-solares-en-la-provincia-de-buenos-aires\/","url":"https:\/\/www.noticiasradioreflejos.com.ar\/2021\/comenzaron-las-obras-para-dos-nuevos-parques-solares-en-la-provincia-de-buenos-aires\/","name":"Comenzaron las obras para dos nuevos parques solares en la provincia de Buenos Aires - Noticias Radio Reflejos","isPartOf":{"@id":"https:\/\/www.noticiasradioreflejos.com.ar\/2021\/#website"},"datePublished":"2023-02-23T14:05:56+00:00","author":{"@id":"https:\/\/www.noticiasradioreflejos.com.ar\/2021\/#\/schema\/person\/ad82545263dcc5ec0996818884fd5fb1"},"breadcrumb":{"@id":"https:\/\/www.noticiasradioreflejos.com.ar\/2021\/comenzaron-las-obras-para-dos-nuevos-parques-solares-en-la-provincia-de-buenos-aires\/#breadcrumb"},"inLanguage":"es","potentialAction":[{"@type":"ReadAction","target":["https:\/\/www.noticiasradioreflejos.com.ar\/2021\/comenzaron-las-obras-para-dos-nuevos-parques-solares-en-la-provincia-de-buenos-aires\/"]}]},{"@type":"BreadcrumbList","@id":"https:\/\/www.noticiasradioreflejos.com.ar\/2021\/comenzaron-las-obras-para-dos-nuevos-parques-solares-en-la-provincia-de-buenos-aires\/#breadcrumb","itemListElement":[{"@type":"ListItem","position":1,"name":"Portada","item":"https:\/\/www.noticiasradioreflejos.com.ar\/2021\/"},{"@type":"ListItem","position":2,"name":"Comenzaron las obras para dos nuevos parques solares en la provincia de Buenos Aires"}]},{"@type":"WebSite","@id":"https:\/\/www.noticiasradioreflejos.com.ar\/2021\/#website","url":"https:\/\/www.noticiasradioreflejos.com.ar\/2021\/","name":"Noticias Radio Reflejos","description":"Las noticias de mi comarca","potentialAction":[{"@type":"SearchAction","target":{"@type":"EntryPoint","urlTemplate":"https:\/\/www.noticiasradioreflejos.com.ar\/2021\/?s={search_term_string}"},"query-input":{"@type":"PropertyValueSpecification","valueRequired":true,"valueName":"search_term_string"}}],"inLanguage":"es"},{"@type":"Person","@id":"https:\/\/www.noticiasradioreflejos.com.ar\/2021\/#\/schema\/person\/ad82545263dcc5ec0996818884fd5fb1","name":"Arnaldo Botto","image":{"@type":"ImageObject","inLanguage":"es","@id":"https:\/\/www.noticiasradioreflejos.com.ar\/2021\/#\/schema\/person\/image\/","url":"https:\/\/secure.gravatar.com\/avatar\/55cb5e37c1efa326397366e6974cb338056df65cb50e7d64d1cf314e87504837?s=96&d=mm&r=g","contentUrl":"https:\/\/secure.gravatar.com\/avatar\/55cb5e37c1efa326397366e6974cb338056df65cb50e7d64d1cf314e87504837?s=96&d=mm&r=g","caption":"Arnaldo Botto"},"url":"https:\/\/www.noticiasradioreflejos.com.ar\/2021\/author\/arnaldo\/"}]}},"_links":{"self":[{"href":"https:\/\/www.noticiasradioreflejos.com.ar\/2021\/wp-json\/wp\/v2\/posts\/84552","targetHints":{"allow":["GET"]}}],"collection":[{"href":"https:\/\/www.noticiasradioreflejos.com.ar\/2021\/wp-json\/wp\/v2\/posts"}],"about":[{"href":"https:\/\/www.noticiasradioreflejos.com.ar\/2021\/wp-json\/wp\/v2\/types\/post"}],"author":[{"embeddable":true,"href":"https:\/\/www.noticiasradioreflejos.com.ar\/2021\/wp-json\/wp\/v2\/users\/3"}],"replies":[{"embeddable":true,"href":"https:\/\/www.noticiasradioreflejos.com.ar\/2021\/wp-json\/wp\/v2\/comments?post=84552"}],"version-history":[{"count":1,"href":"https:\/\/www.noticiasradioreflejos.com.ar\/2021\/wp-json\/wp\/v2\/posts\/84552\/revisions"}],"predecessor-version":[{"id":84554,"href":"https:\/\/www.noticiasradioreflejos.com.ar\/2021\/wp-json\/wp\/v2\/posts\/84552\/revisions\/84554"}],"wp:attachment":[{"href":"https:\/\/www.noticiasradioreflejos.com.ar\/2021\/wp-json\/wp\/v2\/media?parent=84552"}],"wp:term":[{"taxonomy":"category","embeddable":true,"href":"https:\/\/www.noticiasradioreflejos.com.ar\/2021\/wp-json\/wp\/v2\/categories?post=84552"},{"taxonomy":"post_tag","embeddable":true,"href":"https:\/\/www.noticiasradioreflejos.com.ar\/2021\/wp-json\/wp\/v2\/tags?post=84552"}],"curies":[{"name":"wp","href":"https:\/\/api.w.org\/{rel}","templated":true}]}}