{"id":84543,"date":"2023-02-23T12:41:24","date_gmt":"2023-02-23T12:41:24","guid":{"rendered":"https:\/\/www.noticiasradioreflejos.com.ar\/2021\/?p=84543"},"modified":"2023-02-23T12:41:59","modified_gmt":"2023-02-23T12:41:59","slug":"piden-la-reactivacion-del-tren-de-pasajeros-que-une-bahia-blanca-con-punta-alta","status":"publish","type":"post","link":"https:\/\/www.noticiasradioreflejos.com.ar\/2021\/piden-la-reactivacion-del-tren-de-pasajeros-que-une-bahia-blanca-con-punta-alta\/","title":{"rendered":"Piden la reactivaci\u00f3n del tren de pasajeros que une Bah\u00eda Blanca con Punta Alta"},"content":{"rendered":"<p style=\"font-weight: 400;\">La solicitud la hizo el diputado de Juntos Emiliano Balb\u00edn, a trav\u00e9s de un proyecto legislativo, donde adem\u00e1s le pidi\u00f3 al Gobierno Nacional que incluya este tramo dentro del programa de trenes regionales de cercan\u00eda. \u201cLa puesta en marcha de servicios ferroviarios de cercan\u00eda eficientes tiene beneficios directos en cuanto a costos y accesibilidad del transporte por parte de los usuarios, pero tambi\u00e9n tiene beneficios indirectos como una disminuci\u00f3n del tr\u00e1fico vehicular en carreteras y calles principales o menor demanda de estacionamiento en la v\u00eda p\u00fablica, y consecuentemente menos contaminaci\u00f3n ambiental en los centros urbanos\u201d, argument\u00f3 el legislador.<!--more--><\/p>\n<p style=\"font-weight: 400;\">Ver el proyecto completo:\u00a0<a href=\"https:\/\/bit.ly\/3IpNZiD\" data-saferedirecturl=\"https:\/\/www.google.com\/url?q=https:\/\/bit.ly\/3IpNZiD&amp;source=gmail&amp;ust=1677242217288000&amp;usg=AOvVaw2r67IQi9j9A4a9dCqCNxZl\">https:\/\/bit.ly\/3IpNZiD<\/a><\/p>\n<p style=\"font-weight: 400;\">A trav\u00e9s de una declaraci\u00f3n parlamentaria, el diputado provincial Emiliano Balb\u00edn le pidi\u00f3 al Gobernador que intermedie con las autoridades nacionales para que se lleve adelante la reconstrucci\u00f3n del ramal ferroviario y la reactivaci\u00f3n del servicio de pasajeros entre las ciudades de Bah\u00eda Blanca y Punta Alta, solicitando a Ferrocarriles Argentinos Sociedad del Estado (FASE) dependiente del Ministerio de Transporte de la Naci\u00f3n que incluya dicho tramo dentro del programa de trenes regionales de cercan\u00eda.<\/p>\n<p style=\"font-weight: 400;\">\u201cEl estado actual del ramal ameritar\u00eda tambi\u00e9n evaluar alg\u00fan tipo de acci\u00f3n administrativa o judicial respecto al concesionario por haber desmantelado y abandonado la infraestructura existente\u201d, se\u00f1al\u00f3 el legislador radical, y agreg\u00f3: \u201cpero est\u00e1 situaci\u00f3n no deber\u00eda ser un obst\u00e1culo para comenzar a planificar y llevar adelante la reconstrucci\u00f3n del ramal, incluso podr\u00eda ser una oportunidad para evaluar alternativas superadoras\u201d.<\/p>\n<p style=\"font-weight: 400;\">Vale recordar que mediante el Decreto N\u00b0 1.144 del 4 de junio de 1991 se otorg\u00f3 en concesi\u00f3n el ramal a la firma Ferroexpreso Pampeano Sociedad An\u00f3nima Concesionaria de Servicios Ferroviarios, y la finalizaci\u00f3n de la concesi\u00f3n original del tramo en cuesti\u00f3n se dio el d\u00eda 31 de octubre de 2021, en coincidencia con la decisi\u00f3n del Poder Ejecutivo de finalizar este tipo de concesiones luego de un balance negativo por lo obrado en todas las concesiones a lo largo de 30 a\u00f1os.<\/p>\n<p style=\"font-weight: 400;\">En el mismo sentido, Balb\u00edn indic\u00f3 que \u201cdurante la concesi\u00f3n de Ferroexpreso Pampeano se desmantel\u00f3 gran parte del ramal de forma directa por la empresa o indirecta mediante saqueo, por falta de control, para su posterior venta en chatarrer\u00edas o mercados clandestinos\u201d.<\/p>\n<p style=\"font-weight: 400;\">\u201cLa recuperaci\u00f3n del ferrocarril entre Punta Alta y Bah\u00eda Blanca comenz\u00f3 a gestarse en el a\u00f1o 2011, acci\u00f3n que desde ese momento fue impulsada por la ONG Ferrocopa, cooperativa integrada por vecinos y ex ferroviarios de Punta Alta y Bah\u00eda Blanca\u201d, agreg\u00f3.<\/p>\n<p style=\"font-weight: 400;\">\u201cSi bien mediante este proyecto hacemos hincapi\u00e9 en el servicio de transporte de personas,\u00a0 vale recordar que la reconstrucci\u00f3n de las v\u00edas f\u00e9rreas solicitada en el presente proyecto no solo permitir\u00eda unir a las ciudades mencionadas, tambi\u00e9n permitir\u00eda unir el complejo portuario de Ingeniero White con Puerto Rosales, potenciar la log\u00edstica de la Zona Franca Bah\u00eda Blanca-Coronel Rosales, mejorar el acceso ferroviario a la base militar de Puerto Belgrano y complementar la accesibilidad de componentes al Centro Espacial Manuel Belgrano que la Comisi\u00f3n Nacional de Actividades Espaciales est\u00e1 desarrollando en terrenos de la Armada como base de los cohetes espaciales serie \u201cTronador\u201d.<\/p>\n<p style=\"font-weight: 400;\"><u>Historia del servicio<\/u><\/p>\n<p style=\"font-weight: 400;\">El tr\u00e1nsito de personas entre las ciudades de Bah\u00eda Blanca (335.190 habitantes) y Punta Alta (70.400 habitantes) es constante por motivos laborales, acad\u00e9micos, de salud, deportivos, esparcimiento o por visita de familiares y amigos entre dos urbes con identidad propia, pero con una hist\u00f3rica vida en com\u00fan.<\/p>\n<p style=\"font-weight: 400;\">Un detalle no menor es el funcionamiento de Puerto Belgrano, principal base de la Armada Argentina, cuyo acceso habitual se encuentra lindero al and\u00e9n de la Estaci\u00f3n Punta Alta, situaci\u00f3n que provoca un tr\u00e1nsito de personas por encima de la media entre esta ciudad y Bah\u00eda Blanca dado que un porcentaje importante de los militares o civiles que prestan servicio en la base tienen sus familias en otras ciudades, utilizando el tramo en cuesti\u00f3n de forma parcial o total para llegar a destino.<\/p>\n<p style=\"font-weight: 400;\">El tramo ferroviario Punta Alta (Estaci\u00f3n Almirante Solier) &#8211; Bah\u00eda Blanca contaba con un trayecto de 27 kil\u00f3metros y se encontraba en la jurisdicci\u00f3n ferroviaria del Ramal \u201cfranc\u00e9s\u201d de Rosario-Puerto Belgrano (ex Mitre), dado que fue una prolongaci\u00f3n del mencionado ramal, comenz\u00f3 a funcionar el 2 de marzo de 1922, cuando la vida en com\u00fan que mencionamos anteriormente ubicaba a las dos ciudades en un mismo Partido. En la d\u00e9cada\u00a0 del \u00b460 alcanz\u00f3 su m\u00e1ximo potencial con 40 frecuencias semanales.<\/p>\n<p style=\"font-weight: 400;\">Con la sanci\u00f3n de la Ley N\u00b0 23.696 de Emergencia Administrativa y los posteriores decretos 666\/89 (Intervenci\u00f3n de Ferrocarriles Argentinos) y 44\/90 (Supresi\u00f3n de servicios de trenes de pasajeros interurbanos), refrendados por el entonces presidente Carlos Sa\u00fal Menem, los trenes Bah\u00eda Blanca-Almirante Solier dejaron de circular en el a\u00f1o 1990.<\/p>\n<p style=\"font-weight: 400;\">Mediante el Decreto N\u00b0 1.144 del 4 de junio de 1991 se otorg\u00f3 en concesi\u00f3n el ramal a la firma Ferroexpreso Pampeano Sociedad Anonima Concesionaria de Servicios Ferroviarios, compuesta inicialmente por\u00a0 Techint Compa\u00f1\u00eda T\u00e9cnica Internacional S.A.C.e I., BACA Empresa Argentina de Cemento Armado S.A. de Construcciones, Gesiemes S.A.C.I. y A. G., Chase Manhattan Investments Argentina S.A., Riobank International, Sociedad Comercial del Plata S.A., Iowa Interstate Railroad y COINFER S.A.I.<\/p>\n<p style=\"font-weight: 400;\">La finalizaci\u00f3n de la concesi\u00f3n original del tramo en cuesti\u00f3n oper\u00f3 el d\u00eda 31 de octubre de 2021, en coincidencia con la decisi\u00f3n del Poder Ejecutivo de finalizar este tipo de concesiones luego de un balance negativo por lo obrado en todas las concesiones a lo largo de 30 a\u00f1os.<\/p>\n<p style=\"font-weight: 400;\">Mediante Decreto del PEN N\u00b0 211\/21 se rechaz\u00f3 la pr\u00f3rroga por 10 a\u00f1os solicitada por la concesionaria, extendiendo la concesi\u00f3n hasta el 30 de junio de 2022, encontr\u00e1ndose en la actualidad vigente la Resoluci\u00f3n N\u00b0 353\/2022 que extiende de forma precaria la concesi\u00f3n hasta junio de 2023, momento que el Estado Nacional considera podr\u00e1 hacerse cargo de los ramales y servicios.<\/p>\n<p style=\"font-weight: 400;\">\n","protected":false},"excerpt":{"rendered":"<p>La solicitud la hizo el diputado de Juntos Emiliano Balb\u00edn, a trav\u00e9s de un proyecto legislativo, donde adem\u00e1s le pidi\u00f3 al Gobierno Nacional que incluya este tramo dentro del programa de trenes regionales de cercan\u00eda. \u201cLa puesta en marcha de servicios ferroviarios de cercan\u00eda eficientes tiene beneficios directos en cuanto a costos y accesibilidad del [&hellip;]<\/p>\n","protected":false},"author":3,"featured_media":71546,"comment_status":"closed","ping_status":"closed","sticky":false,"template":"","format":"standard","meta":{"footnotes":""},"categories":[24],"tags":[],"class_list":["post-84543","post","type-post","status-publish","format-standard","has-post-thumbnail","hentry","category-politica"],"yoast_head":"<!-- This site is optimized with the Yoast SEO plugin v25.9 - https:\/\/yoast.com\/wordpress\/plugins\/seo\/ -->\n<title>Piden la reactivaci\u00f3n del tren de pasajeros que une Bah\u00eda Blanca con Punta Alta - Noticias Radio Reflejos<\/title>\n<meta name=\"robots\" content=\"index, follow, max-snippet:-1, max-image-preview:large, max-video-preview:-1\" \/>\n<link rel=\"canonical\" href=\"https:\/\/www.noticiasradioreflejos.com.ar\/2021\/piden-la-reactivacion-del-tren-de-pasajeros-que-une-bahia-blanca-con-punta-alta\/\" \/>\n<meta property=\"og:locale\" content=\"es_ES\" \/>\n<meta property=\"og:type\" content=\"article\" \/>\n<meta property=\"og:title\" content=\"Piden la reactivaci\u00f3n del tren de pasajeros que une Bah\u00eda Blanca con Punta Alta - Noticias Radio Reflejos\" \/>\n<meta property=\"og:description\" content=\"La solicitud la hizo el diputado de Juntos Emiliano Balb\u00edn, a trav\u00e9s de un proyecto legislativo, donde adem\u00e1s le pidi\u00f3 al Gobierno Nacional que incluya este tramo dentro del programa de trenes regionales de cercan\u00eda. \u201cLa puesta en marcha de servicios ferroviarios de cercan\u00eda eficientes tiene beneficios directos en cuanto a costos y accesibilidad del [&hellip;]\" \/>\n<meta property=\"og:url\" content=\"https:\/\/www.noticiasradioreflejos.com.ar\/2021\/piden-la-reactivacion-del-tren-de-pasajeros-que-une-bahia-blanca-con-punta-alta\/\" \/>\n<meta property=\"og:site_name\" content=\"Noticias Radio Reflejos\" \/>\n<meta property=\"article:published_time\" content=\"2023-02-23T12:41:24+00:00\" \/>\n<meta property=\"article:modified_time\" content=\"2023-02-23T12:41:59+00:00\" \/>\n<meta property=\"og:image\" content=\"https:\/\/www.noticiasradioreflejos.com.ar\/2021\/wp-content\/uploads\/2022\/05\/tren.jpg_1599.jpg.webp\" \/>\n\t<meta property=\"og:image:width\" content=\"1200\" \/>\n\t<meta property=\"og:image:height\" content=\"801\" \/>\n\t<meta property=\"og:image:type\" content=\"image\/webp\" \/>\n<meta name=\"author\" content=\"Arnaldo Botto\" \/>\n<meta name=\"twitter:card\" content=\"summary_large_image\" \/>\n<script type=\"application\/ld+json\" class=\"yoast-schema-graph\">{\"@context\":\"https:\/\/schema.org\",\"@graph\":[{\"@type\":\"WebPage\",\"@id\":\"https:\/\/www.noticiasradioreflejos.com.ar\/2021\/piden-la-reactivacion-del-tren-de-pasajeros-que-une-bahia-blanca-con-punta-alta\/\",\"url\":\"https:\/\/www.noticiasradioreflejos.com.ar\/2021\/piden-la-reactivacion-del-tren-de-pasajeros-que-une-bahia-blanca-con-punta-alta\/\",\"name\":\"Piden la reactivaci\u00f3n del tren de pasajeros que une Bah\u00eda Blanca con Punta Alta - Noticias Radio Reflejos\",\"isPartOf\":{\"@id\":\"https:\/\/www.noticiasradioreflejos.com.ar\/2021\/#website\"},\"primaryImageOfPage\":{\"@id\":\"https:\/\/www.noticiasradioreflejos.com.ar\/2021\/piden-la-reactivacion-del-tren-de-pasajeros-que-une-bahia-blanca-con-punta-alta\/#primaryimage\"},\"image\":{\"@id\":\"https:\/\/www.noticiasradioreflejos.com.ar\/2021\/piden-la-reactivacion-del-tren-de-pasajeros-que-une-bahia-blanca-con-punta-alta\/#primaryimage\"},\"thumbnailUrl\":\"https:\/\/www.noticiasradioreflejos.com.ar\/2021\/wp-content\/uploads\/2022\/05\/tren.jpg_1599.jpg.webp\",\"datePublished\":\"2023-02-23T12:41:24+00:00\",\"dateModified\":\"2023-02-23T12:41:59+00:00\",\"author\":{\"@id\":\"https:\/\/www.noticiasradioreflejos.com.ar\/2021\/#\/schema\/person\/ad82545263dcc5ec0996818884fd5fb1\"},\"breadcrumb\":{\"@id\":\"https:\/\/www.noticiasradioreflejos.com.ar\/2021\/piden-la-reactivacion-del-tren-de-pasajeros-que-une-bahia-blanca-con-punta-alta\/#breadcrumb\"},\"inLanguage\":\"es\",\"potentialAction\":[{\"@type\":\"ReadAction\",\"target\":[\"https:\/\/www.noticiasradioreflejos.com.ar\/2021\/piden-la-reactivacion-del-tren-de-pasajeros-que-une-bahia-blanca-con-punta-alta\/\"]}]},{\"@type\":\"ImageObject\",\"inLanguage\":\"es\",\"@id\":\"https:\/\/www.noticiasradioreflejos.com.ar\/2021\/piden-la-reactivacion-del-tren-de-pasajeros-que-une-bahia-blanca-con-punta-alta\/#primaryimage\",\"url\":\"https:\/\/www.noticiasradioreflejos.com.ar\/2021\/wp-content\/uploads\/2022\/05\/tren.jpg_1599.jpg.webp\",\"contentUrl\":\"https:\/\/www.noticiasradioreflejos.com.ar\/2021\/wp-content\/uploads\/2022\/05\/tren.jpg_1599.jpg.webp\",\"width\":1200,\"height\":801},{\"@type\":\"BreadcrumbList\",\"@id\":\"https:\/\/www.noticiasradioreflejos.com.ar\/2021\/piden-la-reactivacion-del-tren-de-pasajeros-que-une-bahia-blanca-con-punta-alta\/#breadcrumb\",\"itemListElement\":[{\"@type\":\"ListItem\",\"position\":1,\"name\":\"Portada\",\"item\":\"https:\/\/www.noticiasradioreflejos.com.ar\/2021\/\"},{\"@type\":\"ListItem\",\"position\":2,\"name\":\"Piden la reactivaci\u00f3n del tren de pasajeros que une Bah\u00eda Blanca con Punta Alta\"}]},{\"@type\":\"WebSite\",\"@id\":\"https:\/\/www.noticiasradioreflejos.com.ar\/2021\/#website\",\"url\":\"https:\/\/www.noticiasradioreflejos.com.ar\/2021\/\",\"name\":\"Noticias Radio Reflejos\",\"description\":\"Las noticias de mi comarca\",\"potentialAction\":[{\"@type\":\"SearchAction\",\"target\":{\"@type\":\"EntryPoint\",\"urlTemplate\":\"https:\/\/www.noticiasradioreflejos.com.ar\/2021\/?s={search_term_string}\"},\"query-input\":{\"@type\":\"PropertyValueSpecification\",\"valueRequired\":true,\"valueName\":\"search_term_string\"}}],\"inLanguage\":\"es\"},{\"@type\":\"Person\",\"@id\":\"https:\/\/www.noticiasradioreflejos.com.ar\/2021\/#\/schema\/person\/ad82545263dcc5ec0996818884fd5fb1\",\"name\":\"Arnaldo Botto\",\"image\":{\"@type\":\"ImageObject\",\"inLanguage\":\"es\",\"@id\":\"https:\/\/www.noticiasradioreflejos.com.ar\/2021\/#\/schema\/person\/image\/\",\"url\":\"https:\/\/secure.gravatar.com\/avatar\/55cb5e37c1efa326397366e6974cb338056df65cb50e7d64d1cf314e87504837?s=96&d=mm&r=g\",\"contentUrl\":\"https:\/\/secure.gravatar.com\/avatar\/55cb5e37c1efa326397366e6974cb338056df65cb50e7d64d1cf314e87504837?s=96&d=mm&r=g\",\"caption\":\"Arnaldo Botto\"},\"url\":\"https:\/\/www.noticiasradioreflejos.com.ar\/2021\/author\/arnaldo\/\"}]}<\/script>\n<!-- \/ Yoast SEO plugin. -->","yoast_head_json":{"title":"Piden la reactivaci\u00f3n del tren de pasajeros que une Bah\u00eda Blanca con Punta Alta - Noticias Radio Reflejos","robots":{"index":"index","follow":"follow","max-snippet":"max-snippet:-1","max-image-preview":"max-image-preview:large","max-video-preview":"max-video-preview:-1"},"canonical":"https:\/\/www.noticiasradioreflejos.com.ar\/2021\/piden-la-reactivacion-del-tren-de-pasajeros-que-une-bahia-blanca-con-punta-alta\/","og_locale":"es_ES","og_type":"article","og_title":"Piden la reactivaci\u00f3n del tren de pasajeros que une Bah\u00eda Blanca con Punta Alta - Noticias Radio Reflejos","og_description":"La solicitud la hizo el diputado de Juntos Emiliano Balb\u00edn, a trav\u00e9s de un proyecto legislativo, donde adem\u00e1s le pidi\u00f3 al Gobierno Nacional que incluya este tramo dentro del programa de trenes regionales de cercan\u00eda. \u201cLa puesta en marcha de servicios ferroviarios de cercan\u00eda eficientes tiene beneficios directos en cuanto a costos y accesibilidad del [&hellip;]","og_url":"https:\/\/www.noticiasradioreflejos.com.ar\/2021\/piden-la-reactivacion-del-tren-de-pasajeros-que-une-bahia-blanca-con-punta-alta\/","og_site_name":"Noticias Radio Reflejos","article_published_time":"2023-02-23T12:41:24+00:00","article_modified_time":"2023-02-23T12:41:59+00:00","og_image":[{"width":1200,"height":801,"url":"https:\/\/www.noticiasradioreflejos.com.ar\/2021\/wp-content\/uploads\/2022\/05\/tren.jpg_1599.jpg.webp","type":"image\/webp"}],"author":"Arnaldo Botto","twitter_card":"summary_large_image","schema":{"@context":"https:\/\/schema.org","@graph":[{"@type":"WebPage","@id":"https:\/\/www.noticiasradioreflejos.com.ar\/2021\/piden-la-reactivacion-del-tren-de-pasajeros-que-une-bahia-blanca-con-punta-alta\/","url":"https:\/\/www.noticiasradioreflejos.com.ar\/2021\/piden-la-reactivacion-del-tren-de-pasajeros-que-une-bahia-blanca-con-punta-alta\/","name":"Piden la reactivaci\u00f3n del tren de pasajeros que une Bah\u00eda Blanca con Punta Alta - Noticias Radio Reflejos","isPartOf":{"@id":"https:\/\/www.noticiasradioreflejos.com.ar\/2021\/#website"},"primaryImageOfPage":{"@id":"https:\/\/www.noticiasradioreflejos.com.ar\/2021\/piden-la-reactivacion-del-tren-de-pasajeros-que-une-bahia-blanca-con-punta-alta\/#primaryimage"},"image":{"@id":"https:\/\/www.noticiasradioreflejos.com.ar\/2021\/piden-la-reactivacion-del-tren-de-pasajeros-que-une-bahia-blanca-con-punta-alta\/#primaryimage"},"thumbnailUrl":"https:\/\/www.noticiasradioreflejos.com.ar\/2021\/wp-content\/uploads\/2022\/05\/tren.jpg_1599.jpg.webp","datePublished":"2023-02-23T12:41:24+00:00","dateModified":"2023-02-23T12:41:59+00:00","author":{"@id":"https:\/\/www.noticiasradioreflejos.com.ar\/2021\/#\/schema\/person\/ad82545263dcc5ec0996818884fd5fb1"},"breadcrumb":{"@id":"https:\/\/www.noticiasradioreflejos.com.ar\/2021\/piden-la-reactivacion-del-tren-de-pasajeros-que-une-bahia-blanca-con-punta-alta\/#breadcrumb"},"inLanguage":"es","potentialAction":[{"@type":"ReadAction","target":["https:\/\/www.noticiasradioreflejos.com.ar\/2021\/piden-la-reactivacion-del-tren-de-pasajeros-que-une-bahia-blanca-con-punta-alta\/"]}]},{"@type":"ImageObject","inLanguage":"es","@id":"https:\/\/www.noticiasradioreflejos.com.ar\/2021\/piden-la-reactivacion-del-tren-de-pasajeros-que-une-bahia-blanca-con-punta-alta\/#primaryimage","url":"https:\/\/www.noticiasradioreflejos.com.ar\/2021\/wp-content\/uploads\/2022\/05\/tren.jpg_1599.jpg.webp","contentUrl":"https:\/\/www.noticiasradioreflejos.com.ar\/2021\/wp-content\/uploads\/2022\/05\/tren.jpg_1599.jpg.webp","width":1200,"height":801},{"@type":"BreadcrumbList","@id":"https:\/\/www.noticiasradioreflejos.com.ar\/2021\/piden-la-reactivacion-del-tren-de-pasajeros-que-une-bahia-blanca-con-punta-alta\/#breadcrumb","itemListElement":[{"@type":"ListItem","position":1,"name":"Portada","item":"https:\/\/www.noticiasradioreflejos.com.ar\/2021\/"},{"@type":"ListItem","position":2,"name":"Piden la reactivaci\u00f3n del tren de pasajeros que une Bah\u00eda Blanca con Punta Alta"}]},{"@type":"WebSite","@id":"https:\/\/www.noticiasradioreflejos.com.ar\/2021\/#website","url":"https:\/\/www.noticiasradioreflejos.com.ar\/2021\/","name":"Noticias Radio Reflejos","description":"Las noticias de mi comarca","potentialAction":[{"@type":"SearchAction","target":{"@type":"EntryPoint","urlTemplate":"https:\/\/www.noticiasradioreflejos.com.ar\/2021\/?s={search_term_string}"},"query-input":{"@type":"PropertyValueSpecification","valueRequired":true,"valueName":"search_term_string"}}],"inLanguage":"es"},{"@type":"Person","@id":"https:\/\/www.noticiasradioreflejos.com.ar\/2021\/#\/schema\/person\/ad82545263dcc5ec0996818884fd5fb1","name":"Arnaldo Botto","image":{"@type":"ImageObject","inLanguage":"es","@id":"https:\/\/www.noticiasradioreflejos.com.ar\/2021\/#\/schema\/person\/image\/","url":"https:\/\/secure.gravatar.com\/avatar\/55cb5e37c1efa326397366e6974cb338056df65cb50e7d64d1cf314e87504837?s=96&d=mm&r=g","contentUrl":"https:\/\/secure.gravatar.com\/avatar\/55cb5e37c1efa326397366e6974cb338056df65cb50e7d64d1cf314e87504837?s=96&d=mm&r=g","caption":"Arnaldo Botto"},"url":"https:\/\/www.noticiasradioreflejos.com.ar\/2021\/author\/arnaldo\/"}]}},"_links":{"self":[{"href":"https:\/\/www.noticiasradioreflejos.com.ar\/2021\/wp-json\/wp\/v2\/posts\/84543","targetHints":{"allow":["GET"]}}],"collection":[{"href":"https:\/\/www.noticiasradioreflejos.com.ar\/2021\/wp-json\/wp\/v2\/posts"}],"about":[{"href":"https:\/\/www.noticiasradioreflejos.com.ar\/2021\/wp-json\/wp\/v2\/types\/post"}],"author":[{"embeddable":true,"href":"https:\/\/www.noticiasradioreflejos.com.ar\/2021\/wp-json\/wp\/v2\/users\/3"}],"replies":[{"embeddable":true,"href":"https:\/\/www.noticiasradioreflejos.com.ar\/2021\/wp-json\/wp\/v2\/comments?post=84543"}],"version-history":[{"count":2,"href":"https:\/\/www.noticiasradioreflejos.com.ar\/2021\/wp-json\/wp\/v2\/posts\/84543\/revisions"}],"predecessor-version":[{"id":84545,"href":"https:\/\/www.noticiasradioreflejos.com.ar\/2021\/wp-json\/wp\/v2\/posts\/84543\/revisions\/84545"}],"wp:featuredmedia":[{"embeddable":true,"href":"https:\/\/www.noticiasradioreflejos.com.ar\/2021\/wp-json\/wp\/v2\/media\/71546"}],"wp:attachment":[{"href":"https:\/\/www.noticiasradioreflejos.com.ar\/2021\/wp-json\/wp\/v2\/media?parent=84543"}],"wp:term":[{"taxonomy":"category","embeddable":true,"href":"https:\/\/www.noticiasradioreflejos.com.ar\/2021\/wp-json\/wp\/v2\/categories?post=84543"},{"taxonomy":"post_tag","embeddable":true,"href":"https:\/\/www.noticiasradioreflejos.com.ar\/2021\/wp-json\/wp\/v2\/tags?post=84543"}],"curies":[{"name":"wp","href":"https:\/\/api.w.org\/{rel}","templated":true}]}}