{"id":84538,"date":"2023-02-23T11:46:52","date_gmt":"2023-02-23T11:46:52","guid":{"rendered":"https:\/\/www.noticiasradioreflejos.com.ar\/2021\/?p=84538"},"modified":"2023-02-23T11:46:52","modified_gmt":"2023-02-23T11:46:52","slug":"gripe-aviar-confirman-el-primer-caso-en-puan","status":"publish","type":"post","link":"https:\/\/www.noticiasradioreflejos.com.ar\/2021\/gripe-aviar-confirman-el-primer-caso-en-puan\/","title":{"rendered":"Gripe Aviar: Confirman el primer caso en Puan."},"content":{"rendered":"<div class=\"field field-name-field-volanta-noticia field-type-text field-label-hidden\">\n<div class=\"field-items\"><\/div>\n<\/div>\n<div class=\"field field-name-title field-type-ds field-label-hidden\">\n<div class=\"field-items\">\n<div class=\"field-item even\">\n<p><span style=\"color: #333333; font-size: 15px;\">Ante la detecci\u00f3n en aves silvestres y de traspatio en el municipio de P\u00faan, el Gobierno bonaerense difunde medidas para controlar el avance de la enfermedad en aves y evitar el riesgo de transmisi\u00f3n a las personas.<\/span><\/p>\n<\/div>\n<\/div>\n<\/div>\n<p><!--more--><\/p>\n<div class=\"field field-name-body field-type-text-with-summary field-label-hidden\">\n<div class=\"field-items\">\n<div class=\"field-item even\">\n<p>Los ministerios de Salud, Ambiente y Desarrollo Agrario de la Provincia informan una serie de medidas preventivas para evitar la propagaci\u00f3n del virus en la poblaci\u00f3n, tras la confirmaci\u00f3n del Servicio Nacional de Sanidad y Calidad Agroalimentaria (Senasa) de nuevos casos de gripe en aves silvestres de la provincia de Buenos Aires.<\/p>\n<p>En principio, las carteras del Gobierno provincial competentes en el tema, destacaron que la influenza aviar es una enfermedad viral que afecta tanto a las aves silvestres como a las aves de corral, y el subtipo que circula actualmente afecta particularmente a aves acu\u00e1ticas. Las aves adquieren la enfermedad por contacto directo con otras aves enfermas, sus heces, plumas o con elementos contaminados (cama de galp\u00f3n, ropa o calzado de personas en contacto, veh\u00edculo de traslado, etc).<\/p>\n<p>Ocasionalmente, las personas en contacto con aves enfermas, tambi\u00e9n pueden infectarse. La v\u00eda principal de la infecci\u00f3n humana es por contacto directo con aves infectadas, o con superficies y objetos contaminados por sus heces. Actualmente, no hay evidencia de que el consumo de carne aviar o de huevos pueda ser una fuente de infecci\u00f3n.<\/p>\n<p><strong>Los primeros casos en la provincia de Buenos Aires los confirm\u00f3 SENASA y se trata de gallinas, pavos y patos silvestres y de traspatio que se encontraron muertos en el distrito bonaerense de Pu\u00e1n<\/strong>. Es por esto, que el Ministerio de Salud ya se encuentra realizando la investigaci\u00f3n epidemiol\u00f3gica para dar con personas que hayan podido estar en contacto con estas aves y realizar las acciones correspondientes seg\u00fan los protocolos epidemiol\u00f3gicos vigentes.<\/p>\n<p>\u00bfC\u00f3mo actuar ante la observaci\u00f3n de aves muertas o con signos de enfermedad?<\/p>\n<p>Ante la detecci\u00f3n de aves con signos cl\u00ednicos respiratorios, digestivos, neurol\u00f3gicos; disminuci\u00f3n en la producci\u00f3n de huevos, en el consumo de agua o alimento; el hallazgo de aves dom\u00e9sticas o silvestres muertas o cualquier situaci\u00f3n sanitaria fuera de lo com\u00fan, no tocar a las aves y dar aviso inmediato a SENASA.<\/p>\n<p>Los medios de comunicaci\u00f3n con el Servicio Nacional de Sanidad y Calidad Agroalimentaria son: acerc\u00e1ndose a la oficina local, por whatsApp: 11-5700-5704, a trav\u00e9s de la App \u201cNotificaciones SENASA\u201d (disponible para Android), al correo notificaciones@senasa.gob.ar, por web \u201cAvis\u00e1 al Senasa\u201d https:\/\/www.argentina.gob.ar\/senasa.<\/p>\n<p>\u00bfQu\u00e9 cuidados debemos tener ante la circulaci\u00f3n de influenza aviar en esta temporada?<\/p>\n<p>\u2022\u00a0\u00a0\u00a0\u00a0\u00a0\u00a0\u00a0\u00a0\u00a0 Lavado frecuente de manos con agua y jab\u00f3n o utilizar desinfectantes a base de alcohol.<\/p>\n<p>\u2022\u00a0\u00a0\u00a0\u00a0\u00a0\u00a0\u00a0\u00a0\u00a0 Evitar el contacto directo con aves silvestres y, de ser posible, solo observarlas desde lejos.<\/p>\n<p>\u2022\u00a0\u00a0\u00a0\u00a0\u00a0\u00a0\u00a0\u00a0\u00a0 Evitar tener contacto con aves de corral que parecen estar enfermas o muertas.<\/p>\n<p>\u2022\u00a0\u00a0\u00a0\u00a0\u00a0\u00a0\u00a0\u00a0\u00a0 En caso de encontrarse alg\u00fan ave enferma o muerta, evitar el contacto y dar aviso a las autoridades sanitarias del Servicio Nacional de Sanidad y Calidad Agroalimentaria (SENASA).<\/p>\n<p>\u2022\u00a0\u00a0\u00a0\u00a0\u00a0\u00a0\u00a0\u00a0\u00a0 No tocar superficies que podr\u00edan estar contaminadas con saliva, mucosa o heces de aves silvestres o de corral.<\/p>\n<p>\u2022\u00a0\u00a0\u00a0\u00a0\u00a0\u00a0\u00a0\u00a0\u00a0 Mantener las granjas en buenas condiciones de higiene e implementar medidas de manejo y bioseguridad<\/p>\n<p>\u2022\u00a0\u00a0\u00a0\u00a0\u00a0\u00a0\u00a0\u00a0\u00a0 Evitar el ingreso a granjas de aves de origen desconocido<\/p>\n<p>\u2022\u00a0\u00a0\u00a0\u00a0\u00a0\u00a0\u00a0\u00a0\u00a0 Impedir el contacto de las aves dom\u00e9sticas con las aves silvestres.<\/p>\n<p>\u2022\u00a0\u00a0\u00a0\u00a0\u00a0\u00a0\u00a0\u00a0\u00a0 Utilizar vestimenta exclusiva para trabajar\u00a0con\u00a0las\u00a0aves<\/p>\n<\/div>\n<\/div>\n<\/div>\n","protected":false},"excerpt":{"rendered":"<p>Ante la detecci\u00f3n en aves silvestres y de traspatio en el municipio de P\u00faan, el Gobierno bonaerense difunde medidas para controlar el avance de la enfermedad en aves y evitar el riesgo de transmisi\u00f3n a las personas.<\/p>\n","protected":false},"author":3,"featured_media":0,"comment_status":"closed","ping_status":"closed","sticky":false,"template":"","format":"standard","meta":{"footnotes":""},"categories":[46,30],"tags":[48],"class_list":["post-84538","post","type-post","status-publish","format-standard","hentry","category-ciencia-y-tecnologia","category-salud","tag-destacada"],"yoast_head":"<!-- This site is optimized with the Yoast SEO plugin v25.9 - https:\/\/yoast.com\/wordpress\/plugins\/seo\/ -->\n<title>Gripe Aviar: Confirman el primer caso en Puan. - Noticias Radio Reflejos<\/title>\n<meta name=\"robots\" content=\"index, follow, max-snippet:-1, max-image-preview:large, max-video-preview:-1\" \/>\n<link rel=\"canonical\" href=\"https:\/\/www.noticiasradioreflejos.com.ar\/2021\/gripe-aviar-confirman-el-primer-caso-en-puan\/\" \/>\n<meta property=\"og:locale\" content=\"es_ES\" \/>\n<meta property=\"og:type\" content=\"article\" \/>\n<meta property=\"og:title\" content=\"Gripe Aviar: Confirman el primer caso en Puan. - Noticias Radio Reflejos\" \/>\n<meta property=\"og:description\" content=\"Ante la detecci\u00f3n en aves silvestres y de traspatio en el municipio de P\u00faan, el Gobierno bonaerense difunde medidas para controlar el avance de la enfermedad en aves y evitar el riesgo de transmisi\u00f3n a las personas.\" \/>\n<meta property=\"og:url\" content=\"https:\/\/www.noticiasradioreflejos.com.ar\/2021\/gripe-aviar-confirman-el-primer-caso-en-puan\/\" \/>\n<meta property=\"og:site_name\" content=\"Noticias Radio Reflejos\" \/>\n<meta property=\"article:published_time\" content=\"2023-02-23T11:46:52+00:00\" \/>\n<meta property=\"og:image\" content=\"https:\/\/www.noticiasradioreflejos.com.ar\/2021\/wp-content\/uploads\/2021\/07\/logosol300x200.png\" \/>\n\t<meta property=\"og:image:width\" content=\"300\" \/>\n\t<meta property=\"og:image:height\" content=\"200\" \/>\n\t<meta property=\"og:image:type\" content=\"image\/png\" \/>\n<meta name=\"author\" content=\"Arnaldo Botto\" \/>\n<meta name=\"twitter:card\" content=\"summary_large_image\" \/>\n<script type=\"application\/ld+json\" class=\"yoast-schema-graph\">{\"@context\":\"https:\/\/schema.org\",\"@graph\":[{\"@type\":\"WebPage\",\"@id\":\"https:\/\/www.noticiasradioreflejos.com.ar\/2021\/gripe-aviar-confirman-el-primer-caso-en-puan\/\",\"url\":\"https:\/\/www.noticiasradioreflejos.com.ar\/2021\/gripe-aviar-confirman-el-primer-caso-en-puan\/\",\"name\":\"Gripe Aviar: Confirman el primer caso en Puan. - Noticias Radio Reflejos\",\"isPartOf\":{\"@id\":\"https:\/\/www.noticiasradioreflejos.com.ar\/2021\/#website\"},\"datePublished\":\"2023-02-23T11:46:52+00:00\",\"author\":{\"@id\":\"https:\/\/www.noticiasradioreflejos.com.ar\/2021\/#\/schema\/person\/ad82545263dcc5ec0996818884fd5fb1\"},\"breadcrumb\":{\"@id\":\"https:\/\/www.noticiasradioreflejos.com.ar\/2021\/gripe-aviar-confirman-el-primer-caso-en-puan\/#breadcrumb\"},\"inLanguage\":\"es\",\"potentialAction\":[{\"@type\":\"ReadAction\",\"target\":[\"https:\/\/www.noticiasradioreflejos.com.ar\/2021\/gripe-aviar-confirman-el-primer-caso-en-puan\/\"]}]},{\"@type\":\"BreadcrumbList\",\"@id\":\"https:\/\/www.noticiasradioreflejos.com.ar\/2021\/gripe-aviar-confirman-el-primer-caso-en-puan\/#breadcrumb\",\"itemListElement\":[{\"@type\":\"ListItem\",\"position\":1,\"name\":\"Portada\",\"item\":\"https:\/\/www.noticiasradioreflejos.com.ar\/2021\/\"},{\"@type\":\"ListItem\",\"position\":2,\"name\":\"Gripe Aviar: Confirman el primer caso en Puan.\"}]},{\"@type\":\"WebSite\",\"@id\":\"https:\/\/www.noticiasradioreflejos.com.ar\/2021\/#website\",\"url\":\"https:\/\/www.noticiasradioreflejos.com.ar\/2021\/\",\"name\":\"Noticias Radio Reflejos\",\"description\":\"Las noticias de mi comarca\",\"potentialAction\":[{\"@type\":\"SearchAction\",\"target\":{\"@type\":\"EntryPoint\",\"urlTemplate\":\"https:\/\/www.noticiasradioreflejos.com.ar\/2021\/?s={search_term_string}\"},\"query-input\":{\"@type\":\"PropertyValueSpecification\",\"valueRequired\":true,\"valueName\":\"search_term_string\"}}],\"inLanguage\":\"es\"},{\"@type\":\"Person\",\"@id\":\"https:\/\/www.noticiasradioreflejos.com.ar\/2021\/#\/schema\/person\/ad82545263dcc5ec0996818884fd5fb1\",\"name\":\"Arnaldo Botto\",\"image\":{\"@type\":\"ImageObject\",\"inLanguage\":\"es\",\"@id\":\"https:\/\/www.noticiasradioreflejos.com.ar\/2021\/#\/schema\/person\/image\/\",\"url\":\"https:\/\/secure.gravatar.com\/avatar\/55cb5e37c1efa326397366e6974cb338056df65cb50e7d64d1cf314e87504837?s=96&d=mm&r=g\",\"contentUrl\":\"https:\/\/secure.gravatar.com\/avatar\/55cb5e37c1efa326397366e6974cb338056df65cb50e7d64d1cf314e87504837?s=96&d=mm&r=g\",\"caption\":\"Arnaldo Botto\"},\"url\":\"https:\/\/www.noticiasradioreflejos.com.ar\/2021\/author\/arnaldo\/\"}]}<\/script>\n<!-- \/ Yoast SEO plugin. -->","yoast_head_json":{"title":"Gripe Aviar: Confirman el primer caso en Puan. - Noticias Radio Reflejos","robots":{"index":"index","follow":"follow","max-snippet":"max-snippet:-1","max-image-preview":"max-image-preview:large","max-video-preview":"max-video-preview:-1"},"canonical":"https:\/\/www.noticiasradioreflejos.com.ar\/2021\/gripe-aviar-confirman-el-primer-caso-en-puan\/","og_locale":"es_ES","og_type":"article","og_title":"Gripe Aviar: Confirman el primer caso en Puan. - Noticias Radio Reflejos","og_description":"Ante la detecci\u00f3n en aves silvestres y de traspatio en el municipio de P\u00faan, el Gobierno bonaerense difunde medidas para controlar el avance de la enfermedad en aves y evitar el riesgo de transmisi\u00f3n a las personas.","og_url":"https:\/\/www.noticiasradioreflejos.com.ar\/2021\/gripe-aviar-confirman-el-primer-caso-en-puan\/","og_site_name":"Noticias Radio Reflejos","article_published_time":"2023-02-23T11:46:52+00:00","og_image":[{"width":300,"height":200,"url":"https:\/\/www.noticiasradioreflejos.com.ar\/2021\/wp-content\/uploads\/2021\/07\/logosol300x200.png","type":"image\/png"}],"author":"Arnaldo Botto","twitter_card":"summary_large_image","schema":{"@context":"https:\/\/schema.org","@graph":[{"@type":"WebPage","@id":"https:\/\/www.noticiasradioreflejos.com.ar\/2021\/gripe-aviar-confirman-el-primer-caso-en-puan\/","url":"https:\/\/www.noticiasradioreflejos.com.ar\/2021\/gripe-aviar-confirman-el-primer-caso-en-puan\/","name":"Gripe Aviar: Confirman el primer caso en Puan. - Noticias Radio Reflejos","isPartOf":{"@id":"https:\/\/www.noticiasradioreflejos.com.ar\/2021\/#website"},"datePublished":"2023-02-23T11:46:52+00:00","author":{"@id":"https:\/\/www.noticiasradioreflejos.com.ar\/2021\/#\/schema\/person\/ad82545263dcc5ec0996818884fd5fb1"},"breadcrumb":{"@id":"https:\/\/www.noticiasradioreflejos.com.ar\/2021\/gripe-aviar-confirman-el-primer-caso-en-puan\/#breadcrumb"},"inLanguage":"es","potentialAction":[{"@type":"ReadAction","target":["https:\/\/www.noticiasradioreflejos.com.ar\/2021\/gripe-aviar-confirman-el-primer-caso-en-puan\/"]}]},{"@type":"BreadcrumbList","@id":"https:\/\/www.noticiasradioreflejos.com.ar\/2021\/gripe-aviar-confirman-el-primer-caso-en-puan\/#breadcrumb","itemListElement":[{"@type":"ListItem","position":1,"name":"Portada","item":"https:\/\/www.noticiasradioreflejos.com.ar\/2021\/"},{"@type":"ListItem","position":2,"name":"Gripe Aviar: Confirman el primer caso en Puan."}]},{"@type":"WebSite","@id":"https:\/\/www.noticiasradioreflejos.com.ar\/2021\/#website","url":"https:\/\/www.noticiasradioreflejos.com.ar\/2021\/","name":"Noticias Radio Reflejos","description":"Las noticias de mi comarca","potentialAction":[{"@type":"SearchAction","target":{"@type":"EntryPoint","urlTemplate":"https:\/\/www.noticiasradioreflejos.com.ar\/2021\/?s={search_term_string}"},"query-input":{"@type":"PropertyValueSpecification","valueRequired":true,"valueName":"search_term_string"}}],"inLanguage":"es"},{"@type":"Person","@id":"https:\/\/www.noticiasradioreflejos.com.ar\/2021\/#\/schema\/person\/ad82545263dcc5ec0996818884fd5fb1","name":"Arnaldo Botto","image":{"@type":"ImageObject","inLanguage":"es","@id":"https:\/\/www.noticiasradioreflejos.com.ar\/2021\/#\/schema\/person\/image\/","url":"https:\/\/secure.gravatar.com\/avatar\/55cb5e37c1efa326397366e6974cb338056df65cb50e7d64d1cf314e87504837?s=96&d=mm&r=g","contentUrl":"https:\/\/secure.gravatar.com\/avatar\/55cb5e37c1efa326397366e6974cb338056df65cb50e7d64d1cf314e87504837?s=96&d=mm&r=g","caption":"Arnaldo Botto"},"url":"https:\/\/www.noticiasradioreflejos.com.ar\/2021\/author\/arnaldo\/"}]}},"_links":{"self":[{"href":"https:\/\/www.noticiasradioreflejos.com.ar\/2021\/wp-json\/wp\/v2\/posts\/84538","targetHints":{"allow":["GET"]}}],"collection":[{"href":"https:\/\/www.noticiasradioreflejos.com.ar\/2021\/wp-json\/wp\/v2\/posts"}],"about":[{"href":"https:\/\/www.noticiasradioreflejos.com.ar\/2021\/wp-json\/wp\/v2\/types\/post"}],"author":[{"embeddable":true,"href":"https:\/\/www.noticiasradioreflejos.com.ar\/2021\/wp-json\/wp\/v2\/users\/3"}],"replies":[{"embeddable":true,"href":"https:\/\/www.noticiasradioreflejos.com.ar\/2021\/wp-json\/wp\/v2\/comments?post=84538"}],"version-history":[{"count":1,"href":"https:\/\/www.noticiasradioreflejos.com.ar\/2021\/wp-json\/wp\/v2\/posts\/84538\/revisions"}],"predecessor-version":[{"id":84540,"href":"https:\/\/www.noticiasradioreflejos.com.ar\/2021\/wp-json\/wp\/v2\/posts\/84538\/revisions\/84540"}],"wp:attachment":[{"href":"https:\/\/www.noticiasradioreflejos.com.ar\/2021\/wp-json\/wp\/v2\/media?parent=84538"}],"wp:term":[{"taxonomy":"category","embeddable":true,"href":"https:\/\/www.noticiasradioreflejos.com.ar\/2021\/wp-json\/wp\/v2\/categories?post=84538"},{"taxonomy":"post_tag","embeddable":true,"href":"https:\/\/www.noticiasradioreflejos.com.ar\/2021\/wp-json\/wp\/v2\/tags?post=84538"}],"curies":[{"name":"wp","href":"https:\/\/api.w.org\/{rel}","templated":true}]}}