{"id":84535,"date":"2023-02-23T11:30:27","date_gmt":"2023-02-23T11:30:27","guid":{"rendered":"https:\/\/www.noticiasradioreflejos.com.ar\/2021\/?p=84535"},"modified":"2023-02-23T11:30:27","modified_gmt":"2023-02-23T11:30:27","slug":"energia-incorpora-a-clubes-de-barrio-al-regimen-tarifario-para-entidades-de-bien-publico","status":"publish","type":"post","link":"https:\/\/www.noticiasradioreflejos.com.ar\/2021\/energia-incorpora-a-clubes-de-barrio-al-regimen-tarifario-para-entidades-de-bien-publico\/","title":{"rendered":"Energ\u00eda incorpora a clubes de barrio al r\u00e9gimen tarifario para entidades de bien p\u00fablico"},"content":{"rendered":"<p>La Secretar\u00eda de Energ\u00eda incorpor\u00f3 a los clubes de barrio y de pueblo al R\u00e9gimen Tarifario Espec\u00edfico para Entidades de Bien P\u00fablico, a trav\u00e9s de la resoluci\u00f3n 95\/2023 publicada hoy en el Bolet\u00edn Oficial.<!--more--><\/p>\n<p>La misma otorga a los clubes de barrio y de pueblo un tratamiento tarifario equivalente al que obtienen las entidades de bien p\u00fablico para el pago de los servicios p\u00fablicos.<\/p>\n<p>La Ley 27.218 estableci\u00f3 un R\u00e9gimen Tarifario Espec\u00edfico para Entidades de Bien P\u00fablico, pero excluy\u00f3 del mismo a las entidades que encuadren en el R\u00e9gimen de Promoci\u00f3n de los Clubes de Barrio y de Pueblo.<\/p>\n<p>Estos gozaban hasta ahora de una bonificaci\u00f3n del 45% en los valores de los servicios.<\/p>\n<p>Sin embargo, la normativa actual los incorpora y adem\u00e1s crea el Registro de Beneficiarios- Clubes de Barrio.<\/p>\n<p>A partir de esto, clubes de barrio y de pueblo pagar\u00e1n tarifas m\u00e1ximas equivalentes a las correspondientes a la categor\u00eda residencial.<\/p>\n<p>La resoluci\u00f3n destac\u00f3 que estas organizaciones \u00abcumplen un rol fundamental en la sociedad en el desarrollo de actividades deportivas no profesionales en todas sus modalidades y que suelen facilitar sus instalaciones para la educaci\u00f3n no formal, el fomento cultural de todos sus asociados y la comunidad a la que pertenecen\u00bb.<\/p>\n<p>Por lo cual, consider\u00f3 que \u00abcorresponde que, en lo que respecta al beneficio tarifario se los equipare al que recibe el resto de las entidades de bien p\u00fablico\u00bb.<\/p>\n","protected":false},"excerpt":{"rendered":"<p>La Secretar\u00eda de Energ\u00eda incorpor\u00f3 a los clubes de barrio y de pueblo al R\u00e9gimen Tarifario Espec\u00edfico para Entidades de Bien P\u00fablico, a trav\u00e9s de la resoluci\u00f3n 95\/2023 publicada hoy en el Bolet\u00edn Oficial.<\/p>\n","protected":false},"author":3,"featured_media":0,"comment_status":"closed","ping_status":"closed","sticky":false,"template":"","format":"standard","meta":{"footnotes":""},"categories":[36,24,26],"tags":[],"class_list":["post-84535","post","type-post","status-publish","format-standard","hentry","category-economia","category-politica","category-sociedad"],"yoast_head":"<!-- This site is optimized with the Yoast SEO plugin v25.9 - https:\/\/yoast.com\/wordpress\/plugins\/seo\/ -->\n<title>Energ\u00eda incorpora a clubes de barrio al r\u00e9gimen tarifario para entidades de bien p\u00fablico - Noticias Radio Reflejos<\/title>\n<meta name=\"robots\" content=\"index, follow, max-snippet:-1, max-image-preview:large, max-video-preview:-1\" \/>\n<link rel=\"canonical\" href=\"https:\/\/www.noticiasradioreflejos.com.ar\/2021\/energia-incorpora-a-clubes-de-barrio-al-regimen-tarifario-para-entidades-de-bien-publico\/\" \/>\n<meta property=\"og:locale\" content=\"es_ES\" \/>\n<meta property=\"og:type\" content=\"article\" \/>\n<meta property=\"og:title\" content=\"Energ\u00eda incorpora a clubes de barrio al r\u00e9gimen tarifario para entidades de bien p\u00fablico - Noticias Radio Reflejos\" \/>\n<meta property=\"og:description\" content=\"La Secretar\u00eda de Energ\u00eda incorpor\u00f3 a los clubes de barrio y de pueblo al R\u00e9gimen Tarifario Espec\u00edfico para Entidades de Bien P\u00fablico, a trav\u00e9s de la resoluci\u00f3n 95\/2023 publicada hoy en el Bolet\u00edn Oficial.\" \/>\n<meta property=\"og:url\" content=\"https:\/\/www.noticiasradioreflejos.com.ar\/2021\/energia-incorpora-a-clubes-de-barrio-al-regimen-tarifario-para-entidades-de-bien-publico\/\" \/>\n<meta property=\"og:site_name\" content=\"Noticias Radio Reflejos\" \/>\n<meta property=\"article:published_time\" content=\"2023-02-23T11:30:27+00:00\" \/>\n<meta property=\"og:image\" content=\"https:\/\/www.noticiasradioreflejos.com.ar\/2021\/wp-content\/uploads\/2021\/07\/logosol300x200.png\" \/>\n\t<meta property=\"og:image:width\" content=\"300\" \/>\n\t<meta property=\"og:image:height\" content=\"200\" \/>\n\t<meta property=\"og:image:type\" content=\"image\/png\" \/>\n<meta name=\"author\" content=\"Arnaldo Botto\" \/>\n<meta name=\"twitter:card\" content=\"summary_large_image\" \/>\n<script type=\"application\/ld+json\" class=\"yoast-schema-graph\">{\"@context\":\"https:\/\/schema.org\",\"@graph\":[{\"@type\":\"WebPage\",\"@id\":\"https:\/\/www.noticiasradioreflejos.com.ar\/2021\/energia-incorpora-a-clubes-de-barrio-al-regimen-tarifario-para-entidades-de-bien-publico\/\",\"url\":\"https:\/\/www.noticiasradioreflejos.com.ar\/2021\/energia-incorpora-a-clubes-de-barrio-al-regimen-tarifario-para-entidades-de-bien-publico\/\",\"name\":\"Energ\u00eda incorpora a clubes de barrio al r\u00e9gimen tarifario para entidades de bien p\u00fablico - Noticias Radio Reflejos\",\"isPartOf\":{\"@id\":\"https:\/\/www.noticiasradioreflejos.com.ar\/2021\/#website\"},\"datePublished\":\"2023-02-23T11:30:27+00:00\",\"author\":{\"@id\":\"https:\/\/www.noticiasradioreflejos.com.ar\/2021\/#\/schema\/person\/ad82545263dcc5ec0996818884fd5fb1\"},\"breadcrumb\":{\"@id\":\"https:\/\/www.noticiasradioreflejos.com.ar\/2021\/energia-incorpora-a-clubes-de-barrio-al-regimen-tarifario-para-entidades-de-bien-publico\/#breadcrumb\"},\"inLanguage\":\"es\",\"potentialAction\":[{\"@type\":\"ReadAction\",\"target\":[\"https:\/\/www.noticiasradioreflejos.com.ar\/2021\/energia-incorpora-a-clubes-de-barrio-al-regimen-tarifario-para-entidades-de-bien-publico\/\"]}]},{\"@type\":\"BreadcrumbList\",\"@id\":\"https:\/\/www.noticiasradioreflejos.com.ar\/2021\/energia-incorpora-a-clubes-de-barrio-al-regimen-tarifario-para-entidades-de-bien-publico\/#breadcrumb\",\"itemListElement\":[{\"@type\":\"ListItem\",\"position\":1,\"name\":\"Portada\",\"item\":\"https:\/\/www.noticiasradioreflejos.com.ar\/2021\/\"},{\"@type\":\"ListItem\",\"position\":2,\"name\":\"Energ\u00eda incorpora a clubes de barrio al r\u00e9gimen tarifario para entidades de bien p\u00fablico\"}]},{\"@type\":\"WebSite\",\"@id\":\"https:\/\/www.noticiasradioreflejos.com.ar\/2021\/#website\",\"url\":\"https:\/\/www.noticiasradioreflejos.com.ar\/2021\/\",\"name\":\"Noticias Radio Reflejos\",\"description\":\"Las noticias de mi comarca\",\"potentialAction\":[{\"@type\":\"SearchAction\",\"target\":{\"@type\":\"EntryPoint\",\"urlTemplate\":\"https:\/\/www.noticiasradioreflejos.com.ar\/2021\/?s={search_term_string}\"},\"query-input\":{\"@type\":\"PropertyValueSpecification\",\"valueRequired\":true,\"valueName\":\"search_term_string\"}}],\"inLanguage\":\"es\"},{\"@type\":\"Person\",\"@id\":\"https:\/\/www.noticiasradioreflejos.com.ar\/2021\/#\/schema\/person\/ad82545263dcc5ec0996818884fd5fb1\",\"name\":\"Arnaldo Botto\",\"image\":{\"@type\":\"ImageObject\",\"inLanguage\":\"es\",\"@id\":\"https:\/\/www.noticiasradioreflejos.com.ar\/2021\/#\/schema\/person\/image\/\",\"url\":\"https:\/\/secure.gravatar.com\/avatar\/55cb5e37c1efa326397366e6974cb338056df65cb50e7d64d1cf314e87504837?s=96&d=mm&r=g\",\"contentUrl\":\"https:\/\/secure.gravatar.com\/avatar\/55cb5e37c1efa326397366e6974cb338056df65cb50e7d64d1cf314e87504837?s=96&d=mm&r=g\",\"caption\":\"Arnaldo Botto\"},\"url\":\"https:\/\/www.noticiasradioreflejos.com.ar\/2021\/author\/arnaldo\/\"}]}<\/script>\n<!-- \/ Yoast SEO plugin. -->","yoast_head_json":{"title":"Energ\u00eda incorpora a clubes de barrio al r\u00e9gimen tarifario para entidades de bien p\u00fablico - Noticias Radio Reflejos","robots":{"index":"index","follow":"follow","max-snippet":"max-snippet:-1","max-image-preview":"max-image-preview:large","max-video-preview":"max-video-preview:-1"},"canonical":"https:\/\/www.noticiasradioreflejos.com.ar\/2021\/energia-incorpora-a-clubes-de-barrio-al-regimen-tarifario-para-entidades-de-bien-publico\/","og_locale":"es_ES","og_type":"article","og_title":"Energ\u00eda incorpora a clubes de barrio al r\u00e9gimen tarifario para entidades de bien p\u00fablico - Noticias Radio Reflejos","og_description":"La Secretar\u00eda de Energ\u00eda incorpor\u00f3 a los clubes de barrio y de pueblo al R\u00e9gimen Tarifario Espec\u00edfico para Entidades de Bien P\u00fablico, a trav\u00e9s de la resoluci\u00f3n 95\/2023 publicada hoy en el Bolet\u00edn Oficial.","og_url":"https:\/\/www.noticiasradioreflejos.com.ar\/2021\/energia-incorpora-a-clubes-de-barrio-al-regimen-tarifario-para-entidades-de-bien-publico\/","og_site_name":"Noticias Radio Reflejos","article_published_time":"2023-02-23T11:30:27+00:00","og_image":[{"width":300,"height":200,"url":"https:\/\/www.noticiasradioreflejos.com.ar\/2021\/wp-content\/uploads\/2021\/07\/logosol300x200.png","type":"image\/png"}],"author":"Arnaldo Botto","twitter_card":"summary_large_image","schema":{"@context":"https:\/\/schema.org","@graph":[{"@type":"WebPage","@id":"https:\/\/www.noticiasradioreflejos.com.ar\/2021\/energia-incorpora-a-clubes-de-barrio-al-regimen-tarifario-para-entidades-de-bien-publico\/","url":"https:\/\/www.noticiasradioreflejos.com.ar\/2021\/energia-incorpora-a-clubes-de-barrio-al-regimen-tarifario-para-entidades-de-bien-publico\/","name":"Energ\u00eda incorpora a clubes de barrio al r\u00e9gimen tarifario para entidades de bien p\u00fablico - Noticias Radio Reflejos","isPartOf":{"@id":"https:\/\/www.noticiasradioreflejos.com.ar\/2021\/#website"},"datePublished":"2023-02-23T11:30:27+00:00","author":{"@id":"https:\/\/www.noticiasradioreflejos.com.ar\/2021\/#\/schema\/person\/ad82545263dcc5ec0996818884fd5fb1"},"breadcrumb":{"@id":"https:\/\/www.noticiasradioreflejos.com.ar\/2021\/energia-incorpora-a-clubes-de-barrio-al-regimen-tarifario-para-entidades-de-bien-publico\/#breadcrumb"},"inLanguage":"es","potentialAction":[{"@type":"ReadAction","target":["https:\/\/www.noticiasradioreflejos.com.ar\/2021\/energia-incorpora-a-clubes-de-barrio-al-regimen-tarifario-para-entidades-de-bien-publico\/"]}]},{"@type":"BreadcrumbList","@id":"https:\/\/www.noticiasradioreflejos.com.ar\/2021\/energia-incorpora-a-clubes-de-barrio-al-regimen-tarifario-para-entidades-de-bien-publico\/#breadcrumb","itemListElement":[{"@type":"ListItem","position":1,"name":"Portada","item":"https:\/\/www.noticiasradioreflejos.com.ar\/2021\/"},{"@type":"ListItem","position":2,"name":"Energ\u00eda incorpora a clubes de barrio al r\u00e9gimen tarifario para entidades de bien p\u00fablico"}]},{"@type":"WebSite","@id":"https:\/\/www.noticiasradioreflejos.com.ar\/2021\/#website","url":"https:\/\/www.noticiasradioreflejos.com.ar\/2021\/","name":"Noticias Radio Reflejos","description":"Las noticias de mi comarca","potentialAction":[{"@type":"SearchAction","target":{"@type":"EntryPoint","urlTemplate":"https:\/\/www.noticiasradioreflejos.com.ar\/2021\/?s={search_term_string}"},"query-input":{"@type":"PropertyValueSpecification","valueRequired":true,"valueName":"search_term_string"}}],"inLanguage":"es"},{"@type":"Person","@id":"https:\/\/www.noticiasradioreflejos.com.ar\/2021\/#\/schema\/person\/ad82545263dcc5ec0996818884fd5fb1","name":"Arnaldo Botto","image":{"@type":"ImageObject","inLanguage":"es","@id":"https:\/\/www.noticiasradioreflejos.com.ar\/2021\/#\/schema\/person\/image\/","url":"https:\/\/secure.gravatar.com\/avatar\/55cb5e37c1efa326397366e6974cb338056df65cb50e7d64d1cf314e87504837?s=96&d=mm&r=g","contentUrl":"https:\/\/secure.gravatar.com\/avatar\/55cb5e37c1efa326397366e6974cb338056df65cb50e7d64d1cf314e87504837?s=96&d=mm&r=g","caption":"Arnaldo Botto"},"url":"https:\/\/www.noticiasradioreflejos.com.ar\/2021\/author\/arnaldo\/"}]}},"_links":{"self":[{"href":"https:\/\/www.noticiasradioreflejos.com.ar\/2021\/wp-json\/wp\/v2\/posts\/84535","targetHints":{"allow":["GET"]}}],"collection":[{"href":"https:\/\/www.noticiasradioreflejos.com.ar\/2021\/wp-json\/wp\/v2\/posts"}],"about":[{"href":"https:\/\/www.noticiasradioreflejos.com.ar\/2021\/wp-json\/wp\/v2\/types\/post"}],"author":[{"embeddable":true,"href":"https:\/\/www.noticiasradioreflejos.com.ar\/2021\/wp-json\/wp\/v2\/users\/3"}],"replies":[{"embeddable":true,"href":"https:\/\/www.noticiasradioreflejos.com.ar\/2021\/wp-json\/wp\/v2\/comments?post=84535"}],"version-history":[{"count":1,"href":"https:\/\/www.noticiasradioreflejos.com.ar\/2021\/wp-json\/wp\/v2\/posts\/84535\/revisions"}],"predecessor-version":[{"id":84537,"href":"https:\/\/www.noticiasradioreflejos.com.ar\/2021\/wp-json\/wp\/v2\/posts\/84535\/revisions\/84537"}],"wp:attachment":[{"href":"https:\/\/www.noticiasradioreflejos.com.ar\/2021\/wp-json\/wp\/v2\/media?parent=84535"}],"wp:term":[{"taxonomy":"category","embeddable":true,"href":"https:\/\/www.noticiasradioreflejos.com.ar\/2021\/wp-json\/wp\/v2\/categories?post=84535"},{"taxonomy":"post_tag","embeddable":true,"href":"https:\/\/www.noticiasradioreflejos.com.ar\/2021\/wp-json\/wp\/v2\/tags?post=84535"}],"curies":[{"name":"wp","href":"https:\/\/api.w.org\/{rel}","templated":true}]}}