{"id":84528,"date":"2023-02-23T11:02:49","date_gmt":"2023-02-23T11:02:49","guid":{"rendered":"https:\/\/www.noticiasradioreflejos.com.ar\/2021\/?p=84528"},"modified":"2023-02-23T11:15:02","modified_gmt":"2023-02-23T11:15:02","slug":"bordoni-recibio-nuevamente-a-kicillof-en-sierra-de-la-ventana-en-un-dia-historico-para-el-distrito","status":"publish","type":"post","link":"https:\/\/www.noticiasradioreflejos.com.ar\/2021\/bordoni-recibio-nuevamente-a-kicillof-en-sierra-de-la-ventana-en-un-dia-historico-para-el-distrito\/","title":{"rendered":"Bordoni recibi\u00f3 nuevamente a Kicillof en Sierra de la Ventana en un d\u00eda hist\u00f3rico para el distrito"},"content":{"rendered":"<p>El gobernador de la Provincia de Buenos Aires, Axel Kicillof arrib\u00f3 a nuestro distrito, este mi\u00e9rcoles para mantener una reuni\u00f3n de trabajo junto a representantes de diferentes sectores productivos y realizar anuncios en una nueva edici\u00f3n de la conferencia de verano.<!--more--><br \/>\n<a title=\"Axel Bordoni (1)\" href=\"https:\/\/www.flickr.com\/photos\/182279889@N02\/52706450665\/in\/dateposted-public\/\" data-flickr-embed=\"true\"><img loading=\"lazy\" decoding=\"async\" src=\"https:\/\/live.staticflickr.com\/65535\/52706450665_42dd3b6d1b_c.jpg\" alt=\"Axel Bordoni (1)\" width=\"800\" height=\"532\" \/><\/a><\/p>\n<p>&nbsp;<\/p>\n<p><a title=\"Axel Bordoni (5)\" href=\"https:\/\/www.flickr.com\/photos\/182279889@N02\/52706450565\/in\/dateposted-public\/\" data-flickr-embed=\"true\"><img loading=\"lazy\" decoding=\"async\" src=\"https:\/\/live.staticflickr.com\/65535\/52706450565_7af93150cb_c.jpg\" alt=\"Axel Bordoni (5)\" width=\"800\" height=\"532\" \/><\/a><\/p>\n<p>El mandatario provincial, que fue recibido por el intendente municipal, Sergio Bordoni; en Hotel Provincial de Sierra de la Ventana, llego acompa\u00f1ado por los ministros de Producci\u00f3n, Ciencia e Innovaci\u00f3n Tecnol\u00f3gica, Augusto Costa; el ministro de Desarrollo Agrario, Javier Rodr\u00edguez; la ministra de Gobierno, Cristina \u00c1lvarez Rodr\u00edguez; el jefe de asesores, Carlos Bianco y la presidenta del Instituto Cultural, Florencia Saintout.<\/p>\n<p><a title=\"Axel Bordoni (2)\" href=\"https:\/\/www.flickr.com\/photos\/182279889@N02\/52706288879\/in\/dateposted-public\/\" data-flickr-embed=\"true\"><img loading=\"lazy\" decoding=\"async\" src=\"https:\/\/live.staticflickr.com\/65535\/52706288879_78ea1b5c24_c.jpg\" alt=\"Axel Bordoni (2)\" width=\"800\" height=\"532\" \/><\/a><br \/>\nDurante el encuentro, que mantuvo con intendentes de la sexta secci\u00f3n y representantes del sector tur\u00edstico, cultural, productivo e industrial del municipio de Tornquist, Axel Kicillof destac\u00f3: \u201c\u201cEl turismo es una verdadera pol\u00edtica de Estado en nuestra provincia. En esta temporada ten\u00edamos un desaf\u00edo muy exigente, que era al menos igualar la cantidad de turistas que hab\u00edamos recibido el a\u00f1o pasado y hab\u00eda sido un r\u00e9cord hist\u00f3rico\u201d. \u201cHemos alcanzado los 15 millones de visitantes y no solo hemos logrado ese objetivo, sino que pudimos superarlo, a esta altura del verano, recibimos a un 8% m\u00e1s de visitantes\u201d.<\/p>\n<p>&nbsp;<\/p>\n<p>\u201cEsto fue posible porque el turismo se ha convertido en una verdadera pol\u00edtica de Estado en nuestra provincia, promoviendo tanto el derecho al descanso de quienes se toman vacaciones como el derecho al trabajo y al empleo\u201d, explic\u00f3 el Gobernador.<br \/>\nEl jefe comunal, por su parte, afirm\u00f3: \u201clas instancias de di\u00e1logo con las autoridades provinciales son muy importantes para los ciudadanos de nuestro municipio\u201d. \u201cNos han tocado a\u00f1os dif\u00edciles y en todo momento nos hemos sentido acompa\u00f1ados por el Gobierno de la provincia\u201d.<br \/>\nDe esta forma, y habiendo escuchado las inquietudes de los distintos sectores, Kicillof repaso uno a uno los temas conversados y anunci\u00f3 la licitaci\u00f3n de la ruta provincial n\u00b076, desde la ruta nacional n\u00b033 hasta el ingreso a Sierra de la Ventana, para mediados de este a\u00f1o. Destacando que la misma ya se encuentra incluida en el presupuesto 2023. De esta forma, el gobierno de la provincia da respuesta a las solicitudes elevadas por el jefe comunal, y los pedidos de todos los sectores privados, tur\u00edsticos y productivos.<\/p>\n<p>&nbsp;<\/p>\n<p><a title=\"Axel Bordoni (8)\" href=\"https:\/\/www.flickr.com\/photos\/182279889@N02\/52706037486\/in\/dateposted-public\/\" data-flickr-embed=\"true\"><img loading=\"lazy\" decoding=\"async\" src=\"https:\/\/live.staticflickr.com\/65535\/52706037486_bdc417fde5_c.jpg\" alt=\"Axel Bordoni (8)\" width=\"800\" height=\"532\" \/><\/a><\/p>\n<p>A su turno, el Ministro de Producci\u00f3n, Augusto Costa se\u00f1al\u00f3 que \u201cestamos en la salida de un fin de semana de carnaval hist\u00f3rico, con un impacto econ\u00f3mico de alrededor de $30 mil millones que, con una ocupaci\u00f3n pr\u00e1cticamente plena, signific\u00f3 la posibilidad de generar ingresos y puestos de trabajo en toda la provincia\u201d. \u201cEstamos consolidando una temporada excepcional, que no s\u00f3lo logr\u00f3 sostener los valores de la anterior, sino que los super\u00f3 gracias al enorme trabajo que se hizo de forma articulada entre el Estado y el sector privado\u201d, explic\u00f3.<br \/>\n\u201cEn el caso de Tornquist, ya cont\u00f3 con m\u00e1s de 191 mil visitas, en tanto que durante los feriados de carnaval tuvo un nivel de ocupaci\u00f3n de reservas del 100\u201d, afirmo el funcionario bonaerense.<br \/>\nM\u00e1s tarde, tuvo lugar la novena y ante \u00faltima conferencia de verano de la temporada, esta tarde en el Hotel Provincial de la localidad serrana; donde el Gobernador anunci\u00f3 la tercera convocatoria del programa Arriba Parques, que destinar\u00e1 $1.380 millones para obras de infraestructura en agrupamientos industriales.<br \/>\nEl municipio de Tornquist fue uno de los beneficiados durante la segunda etapa del programa con una inversi\u00f3n provincial de m\u00e1s de $29 millones para obras de infraestructura en su Sector Industrial Planificado (SIP). El proyecto incluye el soterramiento de la l\u00ednea de media tensi\u00f3n, la distribuci\u00f3n de fibra \u00f3ptica y el asfaltado de calles internas.<br \/>\nPor \u00faltimo, Kicillof resalt\u00f3 que \u201cnecesitamos m\u00e1s turismo y m\u00e1s producci\u00f3n para que todos y todas las bonaerenses tengan la posibilidad de crecer y desarrollarse en el municipio en el que nacieron\u201d. \u201cSe trata de una cuesti\u00f3n de integraci\u00f3n territorial, de creaci\u00f3n de empleo de calidad, igualdad de oportunidades y justicia social\u201d, concluy\u00f3.<\/p>\n<p><a title=\"Axel Bordoni (9)\" href=\"https:\/\/www.flickr.com\/photos\/182279889@N02\/52705516322\/in\/dateposted-public\/\" data-flickr-embed=\"true\"><img loading=\"lazy\" decoding=\"async\" src=\"https:\/\/live.staticflickr.com\/65535\/52705516322_ac6a9298eb_c.jpg\" alt=\"Axel Bordoni (9)\" width=\"800\" height=\"546\" \/><\/a><\/p>\n","protected":false},"excerpt":{"rendered":"<p>El gobernador de la Provincia de Buenos Aires, Axel Kicillof arrib\u00f3 a nuestro distrito, este mi\u00e9rcoles para mantener una reuni\u00f3n de trabajo junto a representantes de diferentes sectores productivos y realizar anuncios en una nueva edici\u00f3n de la conferencia de verano.<\/p>\n","protected":false},"author":3,"featured_media":84529,"comment_status":"closed","ping_status":"closed","sticky":false,"template":"","format":"standard","meta":{"footnotes":""},"categories":[28,24],"tags":[48],"class_list":["post-84528","post","type-post","status-publish","format-standard","has-post-thumbnail","hentry","category-municipales","category-politica","tag-destacada"],"yoast_head":"<!-- This site is optimized with the Yoast SEO plugin v25.9 - https:\/\/yoast.com\/wordpress\/plugins\/seo\/ -->\n<title>Bordoni recibi\u00f3 nuevamente a Kicillof en Sierra de la Ventana en un d\u00eda hist\u00f3rico para el distrito - Noticias Radio Reflejos<\/title>\n<meta name=\"robots\" content=\"index, follow, max-snippet:-1, max-image-preview:large, max-video-preview:-1\" \/>\n<link rel=\"canonical\" href=\"https:\/\/www.noticiasradioreflejos.com.ar\/2021\/bordoni-recibio-nuevamente-a-kicillof-en-sierra-de-la-ventana-en-un-dia-historico-para-el-distrito\/\" \/>\n<meta property=\"og:locale\" content=\"es_ES\" \/>\n<meta property=\"og:type\" content=\"article\" \/>\n<meta property=\"og:title\" content=\"Bordoni recibi\u00f3 nuevamente a Kicillof en Sierra de la Ventana en un d\u00eda hist\u00f3rico para el distrito - Noticias Radio Reflejos\" \/>\n<meta property=\"og:description\" content=\"El gobernador de la Provincia de Buenos Aires, Axel Kicillof arrib\u00f3 a nuestro distrito, este mi\u00e9rcoles para mantener una reuni\u00f3n de trabajo junto a representantes de diferentes sectores productivos y realizar anuncios en una nueva edici\u00f3n de la conferencia de verano.\" \/>\n<meta property=\"og:url\" content=\"https:\/\/www.noticiasradioreflejos.com.ar\/2021\/bordoni-recibio-nuevamente-a-kicillof-en-sierra-de-la-ventana-en-un-dia-historico-para-el-distrito\/\" \/>\n<meta property=\"og:site_name\" content=\"Noticias Radio Reflejos\" \/>\n<meta property=\"article:published_time\" content=\"2023-02-23T11:02:49+00:00\" \/>\n<meta property=\"article:modified_time\" content=\"2023-02-23T11:15:02+00:00\" \/>\n<meta property=\"og:image\" content=\"https:\/\/www.noticiasradioreflejos.com.ar\/2021\/wp-content\/uploads\/2023\/02\/Axel-Bordoni-5.jpeg\" \/>\n\t<meta property=\"og:image:width\" content=\"1600\" \/>\n\t<meta property=\"og:image:height\" content=\"1064\" \/>\n\t<meta property=\"og:image:type\" content=\"image\/jpeg\" \/>\n<meta name=\"author\" content=\"Arnaldo Botto\" \/>\n<meta name=\"twitter:card\" content=\"summary_large_image\" \/>\n<script type=\"application\/ld+json\" class=\"yoast-schema-graph\">{\"@context\":\"https:\/\/schema.org\",\"@graph\":[{\"@type\":\"WebPage\",\"@id\":\"https:\/\/www.noticiasradioreflejos.com.ar\/2021\/bordoni-recibio-nuevamente-a-kicillof-en-sierra-de-la-ventana-en-un-dia-historico-para-el-distrito\/\",\"url\":\"https:\/\/www.noticiasradioreflejos.com.ar\/2021\/bordoni-recibio-nuevamente-a-kicillof-en-sierra-de-la-ventana-en-un-dia-historico-para-el-distrito\/\",\"name\":\"Bordoni recibi\u00f3 nuevamente a Kicillof en Sierra de la Ventana en un d\u00eda hist\u00f3rico para el distrito - Noticias Radio Reflejos\",\"isPartOf\":{\"@id\":\"https:\/\/www.noticiasradioreflejos.com.ar\/2021\/#website\"},\"primaryImageOfPage\":{\"@id\":\"https:\/\/www.noticiasradioreflejos.com.ar\/2021\/bordoni-recibio-nuevamente-a-kicillof-en-sierra-de-la-ventana-en-un-dia-historico-para-el-distrito\/#primaryimage\"},\"image\":{\"@id\":\"https:\/\/www.noticiasradioreflejos.com.ar\/2021\/bordoni-recibio-nuevamente-a-kicillof-en-sierra-de-la-ventana-en-un-dia-historico-para-el-distrito\/#primaryimage\"},\"thumbnailUrl\":\"https:\/\/www.noticiasradioreflejos.com.ar\/2021\/wp-content\/uploads\/2023\/02\/Axel-Bordoni-5.jpeg\",\"datePublished\":\"2023-02-23T11:02:49+00:00\",\"dateModified\":\"2023-02-23T11:15:02+00:00\",\"author\":{\"@id\":\"https:\/\/www.noticiasradioreflejos.com.ar\/2021\/#\/schema\/person\/ad82545263dcc5ec0996818884fd5fb1\"},\"breadcrumb\":{\"@id\":\"https:\/\/www.noticiasradioreflejos.com.ar\/2021\/bordoni-recibio-nuevamente-a-kicillof-en-sierra-de-la-ventana-en-un-dia-historico-para-el-distrito\/#breadcrumb\"},\"inLanguage\":\"es\",\"potentialAction\":[{\"@type\":\"ReadAction\",\"target\":[\"https:\/\/www.noticiasradioreflejos.com.ar\/2021\/bordoni-recibio-nuevamente-a-kicillof-en-sierra-de-la-ventana-en-un-dia-historico-para-el-distrito\/\"]}]},{\"@type\":\"ImageObject\",\"inLanguage\":\"es\",\"@id\":\"https:\/\/www.noticiasradioreflejos.com.ar\/2021\/bordoni-recibio-nuevamente-a-kicillof-en-sierra-de-la-ventana-en-un-dia-historico-para-el-distrito\/#primaryimage\",\"url\":\"https:\/\/www.noticiasradioreflejos.com.ar\/2021\/wp-content\/uploads\/2023\/02\/Axel-Bordoni-5.jpeg\",\"contentUrl\":\"https:\/\/www.noticiasradioreflejos.com.ar\/2021\/wp-content\/uploads\/2023\/02\/Axel-Bordoni-5.jpeg\",\"width\":1600,\"height\":1064},{\"@type\":\"BreadcrumbList\",\"@id\":\"https:\/\/www.noticiasradioreflejos.com.ar\/2021\/bordoni-recibio-nuevamente-a-kicillof-en-sierra-de-la-ventana-en-un-dia-historico-para-el-distrito\/#breadcrumb\",\"itemListElement\":[{\"@type\":\"ListItem\",\"position\":1,\"name\":\"Portada\",\"item\":\"https:\/\/www.noticiasradioreflejos.com.ar\/2021\/\"},{\"@type\":\"ListItem\",\"position\":2,\"name\":\"Bordoni recibi\u00f3 nuevamente a Kicillof en Sierra de la Ventana en un d\u00eda hist\u00f3rico para el distrito\"}]},{\"@type\":\"WebSite\",\"@id\":\"https:\/\/www.noticiasradioreflejos.com.ar\/2021\/#website\",\"url\":\"https:\/\/www.noticiasradioreflejos.com.ar\/2021\/\",\"name\":\"Noticias Radio Reflejos\",\"description\":\"Las noticias de mi comarca\",\"potentialAction\":[{\"@type\":\"SearchAction\",\"target\":{\"@type\":\"EntryPoint\",\"urlTemplate\":\"https:\/\/www.noticiasradioreflejos.com.ar\/2021\/?s={search_term_string}\"},\"query-input\":{\"@type\":\"PropertyValueSpecification\",\"valueRequired\":true,\"valueName\":\"search_term_string\"}}],\"inLanguage\":\"es\"},{\"@type\":\"Person\",\"@id\":\"https:\/\/www.noticiasradioreflejos.com.ar\/2021\/#\/schema\/person\/ad82545263dcc5ec0996818884fd5fb1\",\"name\":\"Arnaldo Botto\",\"image\":{\"@type\":\"ImageObject\",\"inLanguage\":\"es\",\"@id\":\"https:\/\/www.noticiasradioreflejos.com.ar\/2021\/#\/schema\/person\/image\/\",\"url\":\"https:\/\/secure.gravatar.com\/avatar\/55cb5e37c1efa326397366e6974cb338056df65cb50e7d64d1cf314e87504837?s=96&d=mm&r=g\",\"contentUrl\":\"https:\/\/secure.gravatar.com\/avatar\/55cb5e37c1efa326397366e6974cb338056df65cb50e7d64d1cf314e87504837?s=96&d=mm&r=g\",\"caption\":\"Arnaldo Botto\"},\"url\":\"https:\/\/www.noticiasradioreflejos.com.ar\/2021\/author\/arnaldo\/\"}]}<\/script>\n<!-- \/ Yoast SEO plugin. -->","yoast_head_json":{"title":"Bordoni recibi\u00f3 nuevamente a Kicillof en Sierra de la Ventana en un d\u00eda hist\u00f3rico para el distrito - Noticias Radio Reflejos","robots":{"index":"index","follow":"follow","max-snippet":"max-snippet:-1","max-image-preview":"max-image-preview:large","max-video-preview":"max-video-preview:-1"},"canonical":"https:\/\/www.noticiasradioreflejos.com.ar\/2021\/bordoni-recibio-nuevamente-a-kicillof-en-sierra-de-la-ventana-en-un-dia-historico-para-el-distrito\/","og_locale":"es_ES","og_type":"article","og_title":"Bordoni recibi\u00f3 nuevamente a Kicillof en Sierra de la Ventana en un d\u00eda hist\u00f3rico para el distrito - Noticias Radio Reflejos","og_description":"El gobernador de la Provincia de Buenos Aires, Axel Kicillof arrib\u00f3 a nuestro distrito, este mi\u00e9rcoles para mantener una reuni\u00f3n de trabajo junto a representantes de diferentes sectores productivos y realizar anuncios en una nueva edici\u00f3n de la conferencia de verano.","og_url":"https:\/\/www.noticiasradioreflejos.com.ar\/2021\/bordoni-recibio-nuevamente-a-kicillof-en-sierra-de-la-ventana-en-un-dia-historico-para-el-distrito\/","og_site_name":"Noticias Radio Reflejos","article_published_time":"2023-02-23T11:02:49+00:00","article_modified_time":"2023-02-23T11:15:02+00:00","og_image":[{"width":1600,"height":1064,"url":"https:\/\/www.noticiasradioreflejos.com.ar\/2021\/wp-content\/uploads\/2023\/02\/Axel-Bordoni-5.jpeg","type":"image\/jpeg"}],"author":"Arnaldo Botto","twitter_card":"summary_large_image","schema":{"@context":"https:\/\/schema.org","@graph":[{"@type":"WebPage","@id":"https:\/\/www.noticiasradioreflejos.com.ar\/2021\/bordoni-recibio-nuevamente-a-kicillof-en-sierra-de-la-ventana-en-un-dia-historico-para-el-distrito\/","url":"https:\/\/www.noticiasradioreflejos.com.ar\/2021\/bordoni-recibio-nuevamente-a-kicillof-en-sierra-de-la-ventana-en-un-dia-historico-para-el-distrito\/","name":"Bordoni recibi\u00f3 nuevamente a Kicillof en Sierra de la Ventana en un d\u00eda hist\u00f3rico para el distrito - Noticias Radio Reflejos","isPartOf":{"@id":"https:\/\/www.noticiasradioreflejos.com.ar\/2021\/#website"},"primaryImageOfPage":{"@id":"https:\/\/www.noticiasradioreflejos.com.ar\/2021\/bordoni-recibio-nuevamente-a-kicillof-en-sierra-de-la-ventana-en-un-dia-historico-para-el-distrito\/#primaryimage"},"image":{"@id":"https:\/\/www.noticiasradioreflejos.com.ar\/2021\/bordoni-recibio-nuevamente-a-kicillof-en-sierra-de-la-ventana-en-un-dia-historico-para-el-distrito\/#primaryimage"},"thumbnailUrl":"https:\/\/www.noticiasradioreflejos.com.ar\/2021\/wp-content\/uploads\/2023\/02\/Axel-Bordoni-5.jpeg","datePublished":"2023-02-23T11:02:49+00:00","dateModified":"2023-02-23T11:15:02+00:00","author":{"@id":"https:\/\/www.noticiasradioreflejos.com.ar\/2021\/#\/schema\/person\/ad82545263dcc5ec0996818884fd5fb1"},"breadcrumb":{"@id":"https:\/\/www.noticiasradioreflejos.com.ar\/2021\/bordoni-recibio-nuevamente-a-kicillof-en-sierra-de-la-ventana-en-un-dia-historico-para-el-distrito\/#breadcrumb"},"inLanguage":"es","potentialAction":[{"@type":"ReadAction","target":["https:\/\/www.noticiasradioreflejos.com.ar\/2021\/bordoni-recibio-nuevamente-a-kicillof-en-sierra-de-la-ventana-en-un-dia-historico-para-el-distrito\/"]}]},{"@type":"ImageObject","inLanguage":"es","@id":"https:\/\/www.noticiasradioreflejos.com.ar\/2021\/bordoni-recibio-nuevamente-a-kicillof-en-sierra-de-la-ventana-en-un-dia-historico-para-el-distrito\/#primaryimage","url":"https:\/\/www.noticiasradioreflejos.com.ar\/2021\/wp-content\/uploads\/2023\/02\/Axel-Bordoni-5.jpeg","contentUrl":"https:\/\/www.noticiasradioreflejos.com.ar\/2021\/wp-content\/uploads\/2023\/02\/Axel-Bordoni-5.jpeg","width":1600,"height":1064},{"@type":"BreadcrumbList","@id":"https:\/\/www.noticiasradioreflejos.com.ar\/2021\/bordoni-recibio-nuevamente-a-kicillof-en-sierra-de-la-ventana-en-un-dia-historico-para-el-distrito\/#breadcrumb","itemListElement":[{"@type":"ListItem","position":1,"name":"Portada","item":"https:\/\/www.noticiasradioreflejos.com.ar\/2021\/"},{"@type":"ListItem","position":2,"name":"Bordoni recibi\u00f3 nuevamente a Kicillof en Sierra de la Ventana en un d\u00eda hist\u00f3rico para el distrito"}]},{"@type":"WebSite","@id":"https:\/\/www.noticiasradioreflejos.com.ar\/2021\/#website","url":"https:\/\/www.noticiasradioreflejos.com.ar\/2021\/","name":"Noticias Radio Reflejos","description":"Las noticias de mi comarca","potentialAction":[{"@type":"SearchAction","target":{"@type":"EntryPoint","urlTemplate":"https:\/\/www.noticiasradioreflejos.com.ar\/2021\/?s={search_term_string}"},"query-input":{"@type":"PropertyValueSpecification","valueRequired":true,"valueName":"search_term_string"}}],"inLanguage":"es"},{"@type":"Person","@id":"https:\/\/www.noticiasradioreflejos.com.ar\/2021\/#\/schema\/person\/ad82545263dcc5ec0996818884fd5fb1","name":"Arnaldo Botto","image":{"@type":"ImageObject","inLanguage":"es","@id":"https:\/\/www.noticiasradioreflejos.com.ar\/2021\/#\/schema\/person\/image\/","url":"https:\/\/secure.gravatar.com\/avatar\/55cb5e37c1efa326397366e6974cb338056df65cb50e7d64d1cf314e87504837?s=96&d=mm&r=g","contentUrl":"https:\/\/secure.gravatar.com\/avatar\/55cb5e37c1efa326397366e6974cb338056df65cb50e7d64d1cf314e87504837?s=96&d=mm&r=g","caption":"Arnaldo Botto"},"url":"https:\/\/www.noticiasradioreflejos.com.ar\/2021\/author\/arnaldo\/"}]}},"_links":{"self":[{"href":"https:\/\/www.noticiasradioreflejos.com.ar\/2021\/wp-json\/wp\/v2\/posts\/84528","targetHints":{"allow":["GET"]}}],"collection":[{"href":"https:\/\/www.noticiasradioreflejos.com.ar\/2021\/wp-json\/wp\/v2\/posts"}],"about":[{"href":"https:\/\/www.noticiasradioreflejos.com.ar\/2021\/wp-json\/wp\/v2\/types\/post"}],"author":[{"embeddable":true,"href":"https:\/\/www.noticiasradioreflejos.com.ar\/2021\/wp-json\/wp\/v2\/users\/3"}],"replies":[{"embeddable":true,"href":"https:\/\/www.noticiasradioreflejos.com.ar\/2021\/wp-json\/wp\/v2\/comments?post=84528"}],"version-history":[{"count":1,"href":"https:\/\/www.noticiasradioreflejos.com.ar\/2021\/wp-json\/wp\/v2\/posts\/84528\/revisions"}],"predecessor-version":[{"id":84530,"href":"https:\/\/www.noticiasradioreflejos.com.ar\/2021\/wp-json\/wp\/v2\/posts\/84528\/revisions\/84530"}],"wp:featuredmedia":[{"embeddable":true,"href":"https:\/\/www.noticiasradioreflejos.com.ar\/2021\/wp-json\/wp\/v2\/media\/84529"}],"wp:attachment":[{"href":"https:\/\/www.noticiasradioreflejos.com.ar\/2021\/wp-json\/wp\/v2\/media?parent=84528"}],"wp:term":[{"taxonomy":"category","embeddable":true,"href":"https:\/\/www.noticiasradioreflejos.com.ar\/2021\/wp-json\/wp\/v2\/categories?post=84528"},{"taxonomy":"post_tag","embeddable":true,"href":"https:\/\/www.noticiasradioreflejos.com.ar\/2021\/wp-json\/wp\/v2\/tags?post=84528"}],"curies":[{"name":"wp","href":"https:\/\/api.w.org\/{rel}","templated":true}]}}