{"id":84510,"date":"2023-02-22T18:44:56","date_gmt":"2023-02-22T18:44:56","guid":{"rendered":"https:\/\/www.noticiasradioreflejos.com.ar\/2021\/?p=84510"},"modified":"2023-02-22T18:44:56","modified_gmt":"2023-02-22T18:44:56","slug":"comenzo-inscripcion-de-aspirantes-a-desempenarse-ante-tribunales-de-salta-jujuy-y-buenos-aires","status":"publish","type":"post","link":"https:\/\/www.noticiasradioreflejos.com.ar\/2021\/comenzo-inscripcion-de-aspirantes-a-desempenarse-ante-tribunales-de-salta-jujuy-y-buenos-aires\/","title":{"rendered":"Comenz\u00f3 inscripci\u00f3n de aspirantes a desempe\u00f1arse ante tribunales de Salta, Jujuy y Buenos Aires"},"content":{"rendered":"<p>La Defensor\u00eda General de la Naci\u00f3n (DGN) comenz\u00f3 hoy, y continuar\u00e1 hasta el 28 de febrero, la inscripci\u00f3n para los ex\u00e1menes de postulantes a desempe\u00f1arse en el \u00e1rea T\u00e9cnico Jur\u00eddica del Ministerio P\u00fablico de la Defensa (MPD) en las provincias de Salta, Jujuy y Buenos Aires.<!--more--><\/p>\n<p>Los destinos, \u00abcon actuaci\u00f3n en el \u00e1mbito penal y no penal\u00bb seg\u00fan se inform\u00f3, son las ciudades de Salta, San Salvador de Jujuy, San Ram\u00f3n de la Nueva Or\u00e1n, Libertador General San Mart\u00edn y Tartagal, en el norte del pa\u00eds, y Mar del Plata, Necochea y Azul, en territorio bonaerense.<\/p>\n<p>La convocatoria \u00abse realiza en el marco de la Ley 26.861, de Ingreso democr\u00e1tico e igualitario de personal al Poder Judicial de la Naci\u00f3n y al Ministerio P\u00fablico de la Naci\u00f3n, y se rige por el Reglamento de Ingreso al MPD conforme al texto ordenado dispuesto por la Resoluci\u00f3n DGN N\u00b01292\/2021\u00bb precis\u00f3 un comunicado de la Defensor\u00eda.<\/p>\n<p>Las inscripciones, sostuvo el reporte, \u00abdeber\u00e1n ser realizadas exclusivamente por v\u00eda electr\u00f3nica, debiendo el\/la aspirante ingresar al Portal Web de la Instituci\u00f3n (www.mpd.gov.ar)\u00bb e \u00abinscribirse conforme los instructivos publicados a tal fin\u00bb sin incluir \u00abning\u00fan tipo de archivo ni documentaci\u00f3n, ya sea en formato pdf, jpg o similar\u00bb.<\/p>\n<p>Asimismo, en caso de que \u00abel\/la postulante se encontrara comprendido\/a dentro de las pautas establecidas en el Art. 29 (persona con discapacidad que se postule para ingresar al MPD)\u00bb deber\u00e1 \u00abcomunicarlo a la Secretar\u00eda de Concursos mediante correo electr\u00f3nico (concursos@mpd.gov.ar), informando su situaci\u00f3n personal\u00bb y \u00abesta informaci\u00f3n tendr\u00e1 car\u00e1cter reservado\u00bb.<\/p>\n<p>El documento precis\u00f3 que \u00ablos\/as aspirantes a ingresar al MPD en el agrupamiento TJ deber\u00e1n contar con el t\u00edtulo de abogado\/a\u00bb y declarar la fecha de expedici\u00f3n del mismo, ya que \u00abno se aceptar\u00e1n inscripciones de postulantes con constancia de t\u00edtulo en tr\u00e1mite o situaci\u00f3n an\u00e1loga\u00bb.<\/p>\n<p>Los tribunales examinadores estar\u00e1n integrados por defensores p\u00fablicos oficiales y secretarios letrados de la DGN.<\/p>\n","protected":false},"excerpt":{"rendered":"<p>La Defensor\u00eda General de la Naci\u00f3n (DGN) comenz\u00f3 hoy, y continuar\u00e1 hasta el 28 de febrero, la inscripci\u00f3n para los ex\u00e1menes de postulantes a desempe\u00f1arse en el \u00e1rea T\u00e9cnico Jur\u00eddica del Ministerio P\u00fablico de la Defensa (MPD) en las provincias de Salta, Jujuy y Buenos Aires.<\/p>\n","protected":false},"author":3,"featured_media":0,"comment_status":"closed","ping_status":"closed","sticky":false,"template":"","format":"standard","meta":{"footnotes":""},"categories":[57,26],"tags":[],"class_list":["post-84510","post","type-post","status-publish","format-standard","hentry","category-judiciales","category-sociedad"],"yoast_head":"<!-- This site is optimized with the Yoast SEO plugin v25.9 - https:\/\/yoast.com\/wordpress\/plugins\/seo\/ -->\n<title>Comenz\u00f3 inscripci\u00f3n de aspirantes a desempe\u00f1arse ante tribunales de Salta, Jujuy y Buenos Aires - Noticias Radio Reflejos<\/title>\n<meta name=\"robots\" content=\"index, follow, max-snippet:-1, max-image-preview:large, max-video-preview:-1\" \/>\n<link rel=\"canonical\" href=\"https:\/\/www.noticiasradioreflejos.com.ar\/2021\/comenzo-inscripcion-de-aspirantes-a-desempenarse-ante-tribunales-de-salta-jujuy-y-buenos-aires\/\" \/>\n<meta property=\"og:locale\" content=\"es_ES\" \/>\n<meta property=\"og:type\" content=\"article\" \/>\n<meta property=\"og:title\" content=\"Comenz\u00f3 inscripci\u00f3n de aspirantes a desempe\u00f1arse ante tribunales de Salta, Jujuy y Buenos Aires - Noticias Radio Reflejos\" \/>\n<meta property=\"og:description\" content=\"La Defensor\u00eda General de la Naci\u00f3n (DGN) comenz\u00f3 hoy, y continuar\u00e1 hasta el 28 de febrero, la inscripci\u00f3n para los ex\u00e1menes de postulantes a desempe\u00f1arse en el \u00e1rea T\u00e9cnico Jur\u00eddica del Ministerio P\u00fablico de la Defensa (MPD) en las provincias de Salta, Jujuy y Buenos Aires.\" \/>\n<meta property=\"og:url\" content=\"https:\/\/www.noticiasradioreflejos.com.ar\/2021\/comenzo-inscripcion-de-aspirantes-a-desempenarse-ante-tribunales-de-salta-jujuy-y-buenos-aires\/\" \/>\n<meta property=\"og:site_name\" content=\"Noticias Radio Reflejos\" \/>\n<meta property=\"article:published_time\" content=\"2023-02-22T18:44:56+00:00\" \/>\n<meta property=\"og:image\" content=\"https:\/\/www.noticiasradioreflejos.com.ar\/2021\/wp-content\/uploads\/2021\/07\/logosol300x200.png\" \/>\n\t<meta property=\"og:image:width\" content=\"300\" \/>\n\t<meta property=\"og:image:height\" content=\"200\" \/>\n\t<meta property=\"og:image:type\" content=\"image\/png\" \/>\n<meta name=\"author\" content=\"Arnaldo Botto\" \/>\n<meta name=\"twitter:card\" content=\"summary_large_image\" \/>\n<script type=\"application\/ld+json\" class=\"yoast-schema-graph\">{\"@context\":\"https:\/\/schema.org\",\"@graph\":[{\"@type\":\"WebPage\",\"@id\":\"https:\/\/www.noticiasradioreflejos.com.ar\/2021\/comenzo-inscripcion-de-aspirantes-a-desempenarse-ante-tribunales-de-salta-jujuy-y-buenos-aires\/\",\"url\":\"https:\/\/www.noticiasradioreflejos.com.ar\/2021\/comenzo-inscripcion-de-aspirantes-a-desempenarse-ante-tribunales-de-salta-jujuy-y-buenos-aires\/\",\"name\":\"Comenz\u00f3 inscripci\u00f3n de aspirantes a desempe\u00f1arse ante tribunales de Salta, Jujuy y Buenos Aires - Noticias Radio Reflejos\",\"isPartOf\":{\"@id\":\"https:\/\/www.noticiasradioreflejos.com.ar\/2021\/#website\"},\"datePublished\":\"2023-02-22T18:44:56+00:00\",\"author\":{\"@id\":\"https:\/\/www.noticiasradioreflejos.com.ar\/2021\/#\/schema\/person\/ad82545263dcc5ec0996818884fd5fb1\"},\"breadcrumb\":{\"@id\":\"https:\/\/www.noticiasradioreflejos.com.ar\/2021\/comenzo-inscripcion-de-aspirantes-a-desempenarse-ante-tribunales-de-salta-jujuy-y-buenos-aires\/#breadcrumb\"},\"inLanguage\":\"es\",\"potentialAction\":[{\"@type\":\"ReadAction\",\"target\":[\"https:\/\/www.noticiasradioreflejos.com.ar\/2021\/comenzo-inscripcion-de-aspirantes-a-desempenarse-ante-tribunales-de-salta-jujuy-y-buenos-aires\/\"]}]},{\"@type\":\"BreadcrumbList\",\"@id\":\"https:\/\/www.noticiasradioreflejos.com.ar\/2021\/comenzo-inscripcion-de-aspirantes-a-desempenarse-ante-tribunales-de-salta-jujuy-y-buenos-aires\/#breadcrumb\",\"itemListElement\":[{\"@type\":\"ListItem\",\"position\":1,\"name\":\"Portada\",\"item\":\"https:\/\/www.noticiasradioreflejos.com.ar\/2021\/\"},{\"@type\":\"ListItem\",\"position\":2,\"name\":\"Comenz\u00f3 inscripci\u00f3n de aspirantes a desempe\u00f1arse ante tribunales de Salta, Jujuy y Buenos Aires\"}]},{\"@type\":\"WebSite\",\"@id\":\"https:\/\/www.noticiasradioreflejos.com.ar\/2021\/#website\",\"url\":\"https:\/\/www.noticiasradioreflejos.com.ar\/2021\/\",\"name\":\"Noticias Radio Reflejos\",\"description\":\"Las noticias de mi comarca\",\"potentialAction\":[{\"@type\":\"SearchAction\",\"target\":{\"@type\":\"EntryPoint\",\"urlTemplate\":\"https:\/\/www.noticiasradioreflejos.com.ar\/2021\/?s={search_term_string}\"},\"query-input\":{\"@type\":\"PropertyValueSpecification\",\"valueRequired\":true,\"valueName\":\"search_term_string\"}}],\"inLanguage\":\"es\"},{\"@type\":\"Person\",\"@id\":\"https:\/\/www.noticiasradioreflejos.com.ar\/2021\/#\/schema\/person\/ad82545263dcc5ec0996818884fd5fb1\",\"name\":\"Arnaldo Botto\",\"image\":{\"@type\":\"ImageObject\",\"inLanguage\":\"es\",\"@id\":\"https:\/\/www.noticiasradioreflejos.com.ar\/2021\/#\/schema\/person\/image\/\",\"url\":\"https:\/\/secure.gravatar.com\/avatar\/55cb5e37c1efa326397366e6974cb338056df65cb50e7d64d1cf314e87504837?s=96&d=mm&r=g\",\"contentUrl\":\"https:\/\/secure.gravatar.com\/avatar\/55cb5e37c1efa326397366e6974cb338056df65cb50e7d64d1cf314e87504837?s=96&d=mm&r=g\",\"caption\":\"Arnaldo Botto\"},\"url\":\"https:\/\/www.noticiasradioreflejos.com.ar\/2021\/author\/arnaldo\/\"}]}<\/script>\n<!-- \/ Yoast SEO plugin. -->","yoast_head_json":{"title":"Comenz\u00f3 inscripci\u00f3n de aspirantes a desempe\u00f1arse ante tribunales de Salta, Jujuy y Buenos Aires - Noticias Radio Reflejos","robots":{"index":"index","follow":"follow","max-snippet":"max-snippet:-1","max-image-preview":"max-image-preview:large","max-video-preview":"max-video-preview:-1"},"canonical":"https:\/\/www.noticiasradioreflejos.com.ar\/2021\/comenzo-inscripcion-de-aspirantes-a-desempenarse-ante-tribunales-de-salta-jujuy-y-buenos-aires\/","og_locale":"es_ES","og_type":"article","og_title":"Comenz\u00f3 inscripci\u00f3n de aspirantes a desempe\u00f1arse ante tribunales de Salta, Jujuy y Buenos Aires - Noticias Radio Reflejos","og_description":"La Defensor\u00eda General de la Naci\u00f3n (DGN) comenz\u00f3 hoy, y continuar\u00e1 hasta el 28 de febrero, la inscripci\u00f3n para los ex\u00e1menes de postulantes a desempe\u00f1arse en el \u00e1rea T\u00e9cnico Jur\u00eddica del Ministerio P\u00fablico de la Defensa (MPD) en las provincias de Salta, Jujuy y Buenos Aires.","og_url":"https:\/\/www.noticiasradioreflejos.com.ar\/2021\/comenzo-inscripcion-de-aspirantes-a-desempenarse-ante-tribunales-de-salta-jujuy-y-buenos-aires\/","og_site_name":"Noticias Radio Reflejos","article_published_time":"2023-02-22T18:44:56+00:00","og_image":[{"width":300,"height":200,"url":"https:\/\/www.noticiasradioreflejos.com.ar\/2021\/wp-content\/uploads\/2021\/07\/logosol300x200.png","type":"image\/png"}],"author":"Arnaldo Botto","twitter_card":"summary_large_image","schema":{"@context":"https:\/\/schema.org","@graph":[{"@type":"WebPage","@id":"https:\/\/www.noticiasradioreflejos.com.ar\/2021\/comenzo-inscripcion-de-aspirantes-a-desempenarse-ante-tribunales-de-salta-jujuy-y-buenos-aires\/","url":"https:\/\/www.noticiasradioreflejos.com.ar\/2021\/comenzo-inscripcion-de-aspirantes-a-desempenarse-ante-tribunales-de-salta-jujuy-y-buenos-aires\/","name":"Comenz\u00f3 inscripci\u00f3n de aspirantes a desempe\u00f1arse ante tribunales de Salta, Jujuy y Buenos Aires - Noticias Radio Reflejos","isPartOf":{"@id":"https:\/\/www.noticiasradioreflejos.com.ar\/2021\/#website"},"datePublished":"2023-02-22T18:44:56+00:00","author":{"@id":"https:\/\/www.noticiasradioreflejos.com.ar\/2021\/#\/schema\/person\/ad82545263dcc5ec0996818884fd5fb1"},"breadcrumb":{"@id":"https:\/\/www.noticiasradioreflejos.com.ar\/2021\/comenzo-inscripcion-de-aspirantes-a-desempenarse-ante-tribunales-de-salta-jujuy-y-buenos-aires\/#breadcrumb"},"inLanguage":"es","potentialAction":[{"@type":"ReadAction","target":["https:\/\/www.noticiasradioreflejos.com.ar\/2021\/comenzo-inscripcion-de-aspirantes-a-desempenarse-ante-tribunales-de-salta-jujuy-y-buenos-aires\/"]}]},{"@type":"BreadcrumbList","@id":"https:\/\/www.noticiasradioreflejos.com.ar\/2021\/comenzo-inscripcion-de-aspirantes-a-desempenarse-ante-tribunales-de-salta-jujuy-y-buenos-aires\/#breadcrumb","itemListElement":[{"@type":"ListItem","position":1,"name":"Portada","item":"https:\/\/www.noticiasradioreflejos.com.ar\/2021\/"},{"@type":"ListItem","position":2,"name":"Comenz\u00f3 inscripci\u00f3n de aspirantes a desempe\u00f1arse ante tribunales de Salta, Jujuy y Buenos Aires"}]},{"@type":"WebSite","@id":"https:\/\/www.noticiasradioreflejos.com.ar\/2021\/#website","url":"https:\/\/www.noticiasradioreflejos.com.ar\/2021\/","name":"Noticias Radio Reflejos","description":"Las noticias de mi comarca","potentialAction":[{"@type":"SearchAction","target":{"@type":"EntryPoint","urlTemplate":"https:\/\/www.noticiasradioreflejos.com.ar\/2021\/?s={search_term_string}"},"query-input":{"@type":"PropertyValueSpecification","valueRequired":true,"valueName":"search_term_string"}}],"inLanguage":"es"},{"@type":"Person","@id":"https:\/\/www.noticiasradioreflejos.com.ar\/2021\/#\/schema\/person\/ad82545263dcc5ec0996818884fd5fb1","name":"Arnaldo Botto","image":{"@type":"ImageObject","inLanguage":"es","@id":"https:\/\/www.noticiasradioreflejos.com.ar\/2021\/#\/schema\/person\/image\/","url":"https:\/\/secure.gravatar.com\/avatar\/55cb5e37c1efa326397366e6974cb338056df65cb50e7d64d1cf314e87504837?s=96&d=mm&r=g","contentUrl":"https:\/\/secure.gravatar.com\/avatar\/55cb5e37c1efa326397366e6974cb338056df65cb50e7d64d1cf314e87504837?s=96&d=mm&r=g","caption":"Arnaldo Botto"},"url":"https:\/\/www.noticiasradioreflejos.com.ar\/2021\/author\/arnaldo\/"}]}},"_links":{"self":[{"href":"https:\/\/www.noticiasradioreflejos.com.ar\/2021\/wp-json\/wp\/v2\/posts\/84510","targetHints":{"allow":["GET"]}}],"collection":[{"href":"https:\/\/www.noticiasradioreflejos.com.ar\/2021\/wp-json\/wp\/v2\/posts"}],"about":[{"href":"https:\/\/www.noticiasradioreflejos.com.ar\/2021\/wp-json\/wp\/v2\/types\/post"}],"author":[{"embeddable":true,"href":"https:\/\/www.noticiasradioreflejos.com.ar\/2021\/wp-json\/wp\/v2\/users\/3"}],"replies":[{"embeddable":true,"href":"https:\/\/www.noticiasradioreflejos.com.ar\/2021\/wp-json\/wp\/v2\/comments?post=84510"}],"version-history":[{"count":1,"href":"https:\/\/www.noticiasradioreflejos.com.ar\/2021\/wp-json\/wp\/v2\/posts\/84510\/revisions"}],"predecessor-version":[{"id":84511,"href":"https:\/\/www.noticiasradioreflejos.com.ar\/2021\/wp-json\/wp\/v2\/posts\/84510\/revisions\/84511"}],"wp:attachment":[{"href":"https:\/\/www.noticiasradioreflejos.com.ar\/2021\/wp-json\/wp\/v2\/media?parent=84510"}],"wp:term":[{"taxonomy":"category","embeddable":true,"href":"https:\/\/www.noticiasradioreflejos.com.ar\/2021\/wp-json\/wp\/v2\/categories?post=84510"},{"taxonomy":"post_tag","embeddable":true,"href":"https:\/\/www.noticiasradioreflejos.com.ar\/2021\/wp-json\/wp\/v2\/tags?post=84510"}],"curies":[{"name":"wp","href":"https:\/\/api.w.org\/{rel}","templated":true}]}}