{"id":84504,"date":"2023-02-22T15:55:51","date_gmt":"2023-02-22T15:55:51","guid":{"rendered":"https:\/\/www.noticiasradioreflejos.com.ar\/2021\/?p=84504"},"modified":"2023-02-22T15:55:51","modified_gmt":"2023-02-22T15:55:51","slug":"el-consumo-de-energia-electrica-de-enero-fue-el-mas-alto-de-la-historia-segun-informe-privado","status":"publish","type":"post","link":"https:\/\/www.noticiasradioreflejos.com.ar\/2021\/el-consumo-de-energia-electrica-de-enero-fue-el-mas-alto-de-la-historia-segun-informe-privado\/","title":{"rendered":"El consumo de energ\u00eda el\u00e9ctrica de enero fue el m\u00e1s alto de la historia, seg\u00fan informe privado"},"content":{"rendered":"<p>La demanda de energ\u00eda el\u00e9ctrica de enero alcanz\u00f3 a 13.592,5 Gigavatios\/hora (GWh), con un alza interanual del 4,1%, con lo que se convirti\u00f3 en \u00abel mes con mayor consumo de toda la historia\u00bb, seg\u00fan el informe dado a conocer hoy por la Fundaci\u00f3n para el Desarrollo El\u00e9ctrico (Fundelec).<!--more--><\/p>\n<p>La distribuci\u00f3n regional mostr\u00f3 una mayor suba en el \u00c1rea Metropolitana de Buenos Aires (AMBA), donde el crecimiento respecto de enero de 2022 fue del 6,8%, frente a un 2,3% del resto del pa\u00eds.<\/p>\n<p>Dentro del AMBA, el incremento en el \u00e1rea de cobertura de Edenor fue del 6,3% y en la de Edenor lleg\u00f3 al 7,5%.<\/p>\n<p>Fundelec advirti\u00f3 que en el aumento de la demanda tuvo incidencia la temperatura media del mes pasado, de 26.9 \u00b0C, superior a los 26.2\u00b0C de enero del a\u00f1o pasado y a los 24.6\u00b0C del promedio hist\u00f3rico para enero.<\/p>\n<p>La demanda residencial tuvo una suba del 5,1% y alcanz\u00f3 al 50% del total, en tanto la comercial creci\u00f3 0,9% y represent\u00f3 el 27%, mientras que la industrial (que concentr\u00f3 el 23% restante) registr\u00f3 un alza interanual del 4,7%.<\/p>\n<p>En doce provincias y\/o empresas hubo ca\u00eddas en el consumo: Corrientes (-7%), San Luis (-7%), Misiones (-6%), Formosa (-5%), EDES (-3%), La Rioja (-3%), Chaco (-3%), San Juan (-2%), Tucum\u00e1n (-1%), Salta (-1%), Catamarca (-1%) y Neuqu\u00e9n (-1%).<\/p>\n<p>Por su parte, en catorce casos hubo subas: Chubut (33%), EDEN (9%), Santa Cruz (8%), La Pampa (8%), Santiago del Estero (7%), Santa Fe (7%), Entre R\u00edos (7%), Edelap (5%), Jujuy (3%), R\u00edo Negro (3%), EDEA (3%), C\u00f3rdoba (2%) y las mencionadas Edenor y Edesur, mientras que en Mendoza se mantuvo sin cambios.<\/p>\n<p>La generaci\u00f3n hidr\u00e1ulica se ubic\u00f3 en el orden de los 2.635 GWh contra 1.980 GWh en el mismo per\u00edodo del a\u00f1o anterior, lo que representa una variaci\u00f3n positiva del 33%.<\/p>\n<p>\u00abSi bien se encuentran los caudales por debajo de sus valores hist\u00f3ricos para el periodo, se observa un aumento en las principales cuencas comparado con el mismo mes del a\u00f1o anterior\u00bb, destac\u00f3 la Fundaci\u00f3n.<\/p>\n<p>No obstante, la generaci\u00f3n t\u00e9rmica continu\u00f3 liderando ampliamente, con el 59,37% del total de los requerimientos, seguida por las centrales hidroel\u00e9ctricas (18,51%), las generadoras de fuentes alternativas (11,53%) y las nucleares (4,44%), en tanto la importaci\u00f3n represent\u00f3 el 6,14% de la demanda.<\/p>\n<p>\u00abEn el conjunto de los combustibles alternativos se produjo una baja, mientras que en el gas natural tambi\u00e9n tuvo un consumo menor\u00bb, complet\u00f3 la entidad.<\/p><\/div>\n<p><!--more--><\/p>\n","protected":false},"excerpt":{"rendered":"<p>La demanda de energ\u00eda el\u00e9ctrica de enero alcanz\u00f3 a 13.592,5 Gigavatios\/hora (GWh), con un alza interanual del 4,1%, con lo que se convirti\u00f3 en \u00abel mes con mayor consumo de toda la historia\u00bb, seg\u00fan el informe dado a conocer hoy por la Fundaci\u00f3n para el Desarrollo El\u00e9ctrico (Fundelec).<\/p>\n","protected":false},"author":3,"featured_media":71806,"comment_status":"closed","ping_status":"closed","sticky":false,"template":"","format":"standard","meta":{"footnotes":""},"categories":[36,26],"tags":[],"class_list":["post-84504","post","type-post","status-publish","format-standard","has-post-thumbnail","hentry","category-economia","category-sociedad"],"yoast_head":"<!-- This site is optimized with the Yoast SEO plugin v25.9 - https:\/\/yoast.com\/wordpress\/plugins\/seo\/ -->\n<title>El consumo de energ\u00eda el\u00e9ctrica de enero fue el m\u00e1s alto de la historia, seg\u00fan informe privado - Noticias Radio Reflejos<\/title>\n<meta name=\"robots\" content=\"index, follow, max-snippet:-1, max-image-preview:large, max-video-preview:-1\" \/>\n<link rel=\"canonical\" href=\"https:\/\/www.noticiasradioreflejos.com.ar\/2021\/el-consumo-de-energia-electrica-de-enero-fue-el-mas-alto-de-la-historia-segun-informe-privado\/\" \/>\n<meta property=\"og:locale\" content=\"es_ES\" \/>\n<meta property=\"og:type\" content=\"article\" \/>\n<meta property=\"og:title\" content=\"El consumo de energ\u00eda el\u00e9ctrica de enero fue el m\u00e1s alto de la historia, seg\u00fan informe privado - Noticias Radio Reflejos\" \/>\n<meta property=\"og:description\" content=\"La demanda de energ\u00eda el\u00e9ctrica de enero alcanz\u00f3 a 13.592,5 Gigavatios\/hora (GWh), con un alza interanual del 4,1%, con lo que se convirti\u00f3 en \u00abel mes con mayor consumo de toda la historia\u00bb, seg\u00fan el informe dado a conocer hoy por la Fundaci\u00f3n para el Desarrollo El\u00e9ctrico (Fundelec).\" \/>\n<meta property=\"og:url\" content=\"https:\/\/www.noticiasradioreflejos.com.ar\/2021\/el-consumo-de-energia-electrica-de-enero-fue-el-mas-alto-de-la-historia-segun-informe-privado\/\" \/>\n<meta property=\"og:site_name\" content=\"Noticias Radio Reflejos\" \/>\n<meta property=\"article:published_time\" content=\"2023-02-22T15:55:51+00:00\" \/>\n<meta property=\"og:image\" content=\"https:\/\/www.noticiasradioreflejos.com.ar\/2021\/wp-content\/uploads\/2022\/05\/redes-de-energia.jpg\" \/>\n\t<meta property=\"og:image:width\" content=\"900\" \/>\n\t<meta property=\"og:image:height\" content=\"506\" \/>\n\t<meta property=\"og:image:type\" content=\"image\/jpeg\" \/>\n<meta name=\"author\" content=\"Arnaldo Botto\" \/>\n<meta name=\"twitter:card\" content=\"summary_large_image\" \/>\n<script type=\"application\/ld+json\" class=\"yoast-schema-graph\">{\"@context\":\"https:\/\/schema.org\",\"@graph\":[{\"@type\":\"WebPage\",\"@id\":\"https:\/\/www.noticiasradioreflejos.com.ar\/2021\/el-consumo-de-energia-electrica-de-enero-fue-el-mas-alto-de-la-historia-segun-informe-privado\/\",\"url\":\"https:\/\/www.noticiasradioreflejos.com.ar\/2021\/el-consumo-de-energia-electrica-de-enero-fue-el-mas-alto-de-la-historia-segun-informe-privado\/\",\"name\":\"El consumo de energ\u00eda el\u00e9ctrica de enero fue el m\u00e1s alto de la historia, seg\u00fan informe privado - Noticias Radio Reflejos\",\"isPartOf\":{\"@id\":\"https:\/\/www.noticiasradioreflejos.com.ar\/2021\/#website\"},\"primaryImageOfPage\":{\"@id\":\"https:\/\/www.noticiasradioreflejos.com.ar\/2021\/el-consumo-de-energia-electrica-de-enero-fue-el-mas-alto-de-la-historia-segun-informe-privado\/#primaryimage\"},\"image\":{\"@id\":\"https:\/\/www.noticiasradioreflejos.com.ar\/2021\/el-consumo-de-energia-electrica-de-enero-fue-el-mas-alto-de-la-historia-segun-informe-privado\/#primaryimage\"},\"thumbnailUrl\":\"https:\/\/www.noticiasradioreflejos.com.ar\/2021\/wp-content\/uploads\/2022\/05\/redes-de-energia.jpg\",\"datePublished\":\"2023-02-22T15:55:51+00:00\",\"author\":{\"@id\":\"https:\/\/www.noticiasradioreflejos.com.ar\/2021\/#\/schema\/person\/ad82545263dcc5ec0996818884fd5fb1\"},\"breadcrumb\":{\"@id\":\"https:\/\/www.noticiasradioreflejos.com.ar\/2021\/el-consumo-de-energia-electrica-de-enero-fue-el-mas-alto-de-la-historia-segun-informe-privado\/#breadcrumb\"},\"inLanguage\":\"es\",\"potentialAction\":[{\"@type\":\"ReadAction\",\"target\":[\"https:\/\/www.noticiasradioreflejos.com.ar\/2021\/el-consumo-de-energia-electrica-de-enero-fue-el-mas-alto-de-la-historia-segun-informe-privado\/\"]}]},{\"@type\":\"ImageObject\",\"inLanguage\":\"es\",\"@id\":\"https:\/\/www.noticiasradioreflejos.com.ar\/2021\/el-consumo-de-energia-electrica-de-enero-fue-el-mas-alto-de-la-historia-segun-informe-privado\/#primaryimage\",\"url\":\"https:\/\/www.noticiasradioreflejos.com.ar\/2021\/wp-content\/uploads\/2022\/05\/redes-de-energia.jpg\",\"contentUrl\":\"https:\/\/www.noticiasradioreflejos.com.ar\/2021\/wp-content\/uploads\/2022\/05\/redes-de-energia.jpg\",\"width\":900,\"height\":506},{\"@type\":\"BreadcrumbList\",\"@id\":\"https:\/\/www.noticiasradioreflejos.com.ar\/2021\/el-consumo-de-energia-electrica-de-enero-fue-el-mas-alto-de-la-historia-segun-informe-privado\/#breadcrumb\",\"itemListElement\":[{\"@type\":\"ListItem\",\"position\":1,\"name\":\"Portada\",\"item\":\"https:\/\/www.noticiasradioreflejos.com.ar\/2021\/\"},{\"@type\":\"ListItem\",\"position\":2,\"name\":\"El consumo de energ\u00eda el\u00e9ctrica de enero fue el m\u00e1s alto de la historia, seg\u00fan informe privado\"}]},{\"@type\":\"WebSite\",\"@id\":\"https:\/\/www.noticiasradioreflejos.com.ar\/2021\/#website\",\"url\":\"https:\/\/www.noticiasradioreflejos.com.ar\/2021\/\",\"name\":\"Noticias Radio Reflejos\",\"description\":\"Las noticias de mi comarca\",\"potentialAction\":[{\"@type\":\"SearchAction\",\"target\":{\"@type\":\"EntryPoint\",\"urlTemplate\":\"https:\/\/www.noticiasradioreflejos.com.ar\/2021\/?s={search_term_string}\"},\"query-input\":{\"@type\":\"PropertyValueSpecification\",\"valueRequired\":true,\"valueName\":\"search_term_string\"}}],\"inLanguage\":\"es\"},{\"@type\":\"Person\",\"@id\":\"https:\/\/www.noticiasradioreflejos.com.ar\/2021\/#\/schema\/person\/ad82545263dcc5ec0996818884fd5fb1\",\"name\":\"Arnaldo Botto\",\"image\":{\"@type\":\"ImageObject\",\"inLanguage\":\"es\",\"@id\":\"https:\/\/www.noticiasradioreflejos.com.ar\/2021\/#\/schema\/person\/image\/\",\"url\":\"https:\/\/secure.gravatar.com\/avatar\/55cb5e37c1efa326397366e6974cb338056df65cb50e7d64d1cf314e87504837?s=96&d=mm&r=g\",\"contentUrl\":\"https:\/\/secure.gravatar.com\/avatar\/55cb5e37c1efa326397366e6974cb338056df65cb50e7d64d1cf314e87504837?s=96&d=mm&r=g\",\"caption\":\"Arnaldo Botto\"},\"url\":\"https:\/\/www.noticiasradioreflejos.com.ar\/2021\/author\/arnaldo\/\"}]}<\/script>\n<!-- \/ Yoast SEO plugin. -->","yoast_head_json":{"title":"El consumo de energ\u00eda el\u00e9ctrica de enero fue el m\u00e1s alto de la historia, seg\u00fan informe privado - Noticias Radio Reflejos","robots":{"index":"index","follow":"follow","max-snippet":"max-snippet:-1","max-image-preview":"max-image-preview:large","max-video-preview":"max-video-preview:-1"},"canonical":"https:\/\/www.noticiasradioreflejos.com.ar\/2021\/el-consumo-de-energia-electrica-de-enero-fue-el-mas-alto-de-la-historia-segun-informe-privado\/","og_locale":"es_ES","og_type":"article","og_title":"El consumo de energ\u00eda el\u00e9ctrica de enero fue el m\u00e1s alto de la historia, seg\u00fan informe privado - Noticias Radio Reflejos","og_description":"La demanda de energ\u00eda el\u00e9ctrica de enero alcanz\u00f3 a 13.592,5 Gigavatios\/hora (GWh), con un alza interanual del 4,1%, con lo que se convirti\u00f3 en \u00abel mes con mayor consumo de toda la historia\u00bb, seg\u00fan el informe dado a conocer hoy por la Fundaci\u00f3n para el Desarrollo El\u00e9ctrico (Fundelec).","og_url":"https:\/\/www.noticiasradioreflejos.com.ar\/2021\/el-consumo-de-energia-electrica-de-enero-fue-el-mas-alto-de-la-historia-segun-informe-privado\/","og_site_name":"Noticias Radio Reflejos","article_published_time":"2023-02-22T15:55:51+00:00","og_image":[{"width":900,"height":506,"url":"https:\/\/www.noticiasradioreflejos.com.ar\/2021\/wp-content\/uploads\/2022\/05\/redes-de-energia.jpg","type":"image\/jpeg"}],"author":"Arnaldo Botto","twitter_card":"summary_large_image","schema":{"@context":"https:\/\/schema.org","@graph":[{"@type":"WebPage","@id":"https:\/\/www.noticiasradioreflejos.com.ar\/2021\/el-consumo-de-energia-electrica-de-enero-fue-el-mas-alto-de-la-historia-segun-informe-privado\/","url":"https:\/\/www.noticiasradioreflejos.com.ar\/2021\/el-consumo-de-energia-electrica-de-enero-fue-el-mas-alto-de-la-historia-segun-informe-privado\/","name":"El consumo de energ\u00eda el\u00e9ctrica de enero fue el m\u00e1s alto de la historia, seg\u00fan informe privado - Noticias Radio Reflejos","isPartOf":{"@id":"https:\/\/www.noticiasradioreflejos.com.ar\/2021\/#website"},"primaryImageOfPage":{"@id":"https:\/\/www.noticiasradioreflejos.com.ar\/2021\/el-consumo-de-energia-electrica-de-enero-fue-el-mas-alto-de-la-historia-segun-informe-privado\/#primaryimage"},"image":{"@id":"https:\/\/www.noticiasradioreflejos.com.ar\/2021\/el-consumo-de-energia-electrica-de-enero-fue-el-mas-alto-de-la-historia-segun-informe-privado\/#primaryimage"},"thumbnailUrl":"https:\/\/www.noticiasradioreflejos.com.ar\/2021\/wp-content\/uploads\/2022\/05\/redes-de-energia.jpg","datePublished":"2023-02-22T15:55:51+00:00","author":{"@id":"https:\/\/www.noticiasradioreflejos.com.ar\/2021\/#\/schema\/person\/ad82545263dcc5ec0996818884fd5fb1"},"breadcrumb":{"@id":"https:\/\/www.noticiasradioreflejos.com.ar\/2021\/el-consumo-de-energia-electrica-de-enero-fue-el-mas-alto-de-la-historia-segun-informe-privado\/#breadcrumb"},"inLanguage":"es","potentialAction":[{"@type":"ReadAction","target":["https:\/\/www.noticiasradioreflejos.com.ar\/2021\/el-consumo-de-energia-electrica-de-enero-fue-el-mas-alto-de-la-historia-segun-informe-privado\/"]}]},{"@type":"ImageObject","inLanguage":"es","@id":"https:\/\/www.noticiasradioreflejos.com.ar\/2021\/el-consumo-de-energia-electrica-de-enero-fue-el-mas-alto-de-la-historia-segun-informe-privado\/#primaryimage","url":"https:\/\/www.noticiasradioreflejos.com.ar\/2021\/wp-content\/uploads\/2022\/05\/redes-de-energia.jpg","contentUrl":"https:\/\/www.noticiasradioreflejos.com.ar\/2021\/wp-content\/uploads\/2022\/05\/redes-de-energia.jpg","width":900,"height":506},{"@type":"BreadcrumbList","@id":"https:\/\/www.noticiasradioreflejos.com.ar\/2021\/el-consumo-de-energia-electrica-de-enero-fue-el-mas-alto-de-la-historia-segun-informe-privado\/#breadcrumb","itemListElement":[{"@type":"ListItem","position":1,"name":"Portada","item":"https:\/\/www.noticiasradioreflejos.com.ar\/2021\/"},{"@type":"ListItem","position":2,"name":"El consumo de energ\u00eda el\u00e9ctrica de enero fue el m\u00e1s alto de la historia, seg\u00fan informe privado"}]},{"@type":"WebSite","@id":"https:\/\/www.noticiasradioreflejos.com.ar\/2021\/#website","url":"https:\/\/www.noticiasradioreflejos.com.ar\/2021\/","name":"Noticias Radio Reflejos","description":"Las noticias de mi comarca","potentialAction":[{"@type":"SearchAction","target":{"@type":"EntryPoint","urlTemplate":"https:\/\/www.noticiasradioreflejos.com.ar\/2021\/?s={search_term_string}"},"query-input":{"@type":"PropertyValueSpecification","valueRequired":true,"valueName":"search_term_string"}}],"inLanguage":"es"},{"@type":"Person","@id":"https:\/\/www.noticiasradioreflejos.com.ar\/2021\/#\/schema\/person\/ad82545263dcc5ec0996818884fd5fb1","name":"Arnaldo Botto","image":{"@type":"ImageObject","inLanguage":"es","@id":"https:\/\/www.noticiasradioreflejos.com.ar\/2021\/#\/schema\/person\/image\/","url":"https:\/\/secure.gravatar.com\/avatar\/55cb5e37c1efa326397366e6974cb338056df65cb50e7d64d1cf314e87504837?s=96&d=mm&r=g","contentUrl":"https:\/\/secure.gravatar.com\/avatar\/55cb5e37c1efa326397366e6974cb338056df65cb50e7d64d1cf314e87504837?s=96&d=mm&r=g","caption":"Arnaldo Botto"},"url":"https:\/\/www.noticiasradioreflejos.com.ar\/2021\/author\/arnaldo\/"}]}},"_links":{"self":[{"href":"https:\/\/www.noticiasradioreflejos.com.ar\/2021\/wp-json\/wp\/v2\/posts\/84504","targetHints":{"allow":["GET"]}}],"collection":[{"href":"https:\/\/www.noticiasradioreflejos.com.ar\/2021\/wp-json\/wp\/v2\/posts"}],"about":[{"href":"https:\/\/www.noticiasradioreflejos.com.ar\/2021\/wp-json\/wp\/v2\/types\/post"}],"author":[{"embeddable":true,"href":"https:\/\/www.noticiasradioreflejos.com.ar\/2021\/wp-json\/wp\/v2\/users\/3"}],"replies":[{"embeddable":true,"href":"https:\/\/www.noticiasradioreflejos.com.ar\/2021\/wp-json\/wp\/v2\/comments?post=84504"}],"version-history":[{"count":1,"href":"https:\/\/www.noticiasradioreflejos.com.ar\/2021\/wp-json\/wp\/v2\/posts\/84504\/revisions"}],"predecessor-version":[{"id":84505,"href":"https:\/\/www.noticiasradioreflejos.com.ar\/2021\/wp-json\/wp\/v2\/posts\/84504\/revisions\/84505"}],"wp:featuredmedia":[{"embeddable":true,"href":"https:\/\/www.noticiasradioreflejos.com.ar\/2021\/wp-json\/wp\/v2\/media\/71806"}],"wp:attachment":[{"href":"https:\/\/www.noticiasradioreflejos.com.ar\/2021\/wp-json\/wp\/v2\/media?parent=84504"}],"wp:term":[{"taxonomy":"category","embeddable":true,"href":"https:\/\/www.noticiasradioreflejos.com.ar\/2021\/wp-json\/wp\/v2\/categories?post=84504"},{"taxonomy":"post_tag","embeddable":true,"href":"https:\/\/www.noticiasradioreflejos.com.ar\/2021\/wp-json\/wp\/v2\/tags?post=84504"}],"curies":[{"name":"wp","href":"https:\/\/api.w.org\/{rel}","templated":true}]}}