{"id":84490,"date":"2023-02-22T15:59:26","date_gmt":"2023-02-22T15:59:26","guid":{"rendered":"https:\/\/www.noticiasradioreflejos.com.ar\/2021\/?p=84490"},"modified":"2023-02-22T15:59:26","modified_gmt":"2023-02-22T15:59:26","slug":"pedro-saborido-muchas-cosas-para-el-programa-de-capusotto-se-me-han-ocurrido-yendo-a-sierra","status":"publish","type":"post","link":"https:\/\/www.noticiasradioreflejos.com.ar\/2021\/pedro-saborido-muchas-cosas-para-el-programa-de-capusotto-se-me-han-ocurrido-yendo-a-sierra\/","title":{"rendered":"Pedro Saborido: \u201cMuchas cosas para el programa de Capusotto se me han ocurrido yendo a Sierra\u201d"},"content":{"rendered":"<p>El guionista y productor se presentar\u00e1 esta tarde, desde las 20, en el Centro Cultural con entrada libre y gratuita. \u201cSer\u00e1 una charla distendida\u201d asegur\u00f3.<!--more--><\/p>\n<p>Uno de los guionistas m\u00e1s disruptivos de nuestro pa\u00eds se presentar\u00e1 esta tarde en el Centro Cultura del Sierra de la Ventana. En el marco de \u201cCaf\u00e9 Cultura\u201d, el ciclo de charlas libres y gratuitas sobre nuestra identidad cultural, Pedro Saborido regresar\u00e1 a la comarca.<\/p>\n<p>Al respecto, explic\u00f3 que \u201che ido muchas veces a Sierra. Muchas cosas de Peter Capusotto se me han ocurrido yendo a Sierra. Por ah\u00ed me quedaba poco, pero conozco bastante Sierra. Siempre de vacaciones, nunca a trabajar\u201d.<\/p>\n<p>Sobre el encuentro de esta tarde, Saborido asegur\u00f3 que \u201ces una charla donde pasar\u00e9 por los libros que hice, por Capusotto, vamos a hablar de la identidad bonaerense. Es un tema de c\u00f3mo somos, c\u00f3mo nos comportamos, la referencia con Capital Federal. Ser\u00e1 una charla distendida, siempre en clave de humor, de pasarla bien\u201d.<\/p>\n<p>Seg\u00fan mencion\u00f3, \u201cesto lo presentamos en varios lugares. Fuimos a Claromec\u00f3, a Gesell, a Mar del Plata. Estuvimos en Chascomus, en Valeria del Mar, en Tandil\u2026 venimos dando vuelta bastante\u2026 en Olavarr\u00eda tambi\u00e9n\u201d.<\/p>\n<p>En otro pasaje de la charla, y entre tantos recuerdos de sus d\u00edas por Sierra, cont\u00f3 que \u201cquiero pasar por Tornquist, porque fui tantas veces a Sierra y nunca estuve ah\u00ed. Tambi\u00e9n para ver las obras de Salamone. Quiero ver c\u00f3mo es el bonaerense serrano. La provincia tiene una gran variedad de culturas, y ah\u00ed aparece esta\u2026 porque uno a Buenos Aires la asocia con la llanura, pero tambi\u00e9n tiene sierras\u201d.<\/p>\n<p>Por \u00faltimo, y haciendo un primer an\u00e1lisis, se anim\u00f3 a deslizar que \u201cSierra de la Ventana estoy seguro que por el turismo, mucha gente la elige para retirarse de la gran urbe y vivir una vida m\u00e1s tranquila. Son identidades m\u00e1s din\u00e1micas. La mayor\u00eda no es nacido y criado. Est\u00e1n los que llegaron hace 30, hace 20, otros reci\u00e9n llegaron. Y eso genera tensiones y va marcando identidades\u201d.<\/p>\n<p>&nbsp;<\/p>\n<p>&nbsp;<\/p>\n<p><iframe loading=\"lazy\" src=\"https:\/\/w.soundcloud.com\/player\/?url=https%3A\/\/api.soundcloud.com\/tracks\/1453135732&amp;color=%23ff5500&amp;auto_play=false&amp;hide_related=false&amp;show_comments=true&amp;show_user=true&amp;show_reposts=false&amp;show_teaser=true\" width=\"100%\" height=\"166\" frameborder=\"no\" scrolling=\"no\"><\/iframe><\/p>\n<div style=\"font-size: 10px; color: #cccccc; line-break: anywhere; word-break: normal; overflow: hidden; white-space: nowrap; text-overflow: ellipsis; font-family: Interstate,Lucida Grande,Lucida Sans Unicode,Lucida Sans,Garuda,Verdana,Tahoma,sans-serif; font-weight: 100;\"><a style=\"color: #cccccc; text-decoration: none;\" title=\"fmreflejos 103.7\" href=\"https:\/\/soundcloud.com\/fmreflejos-103-7\" target=\"_blank\" rel=\"noopener\">fmreflejos 103.7<\/a> \u00b7 <a style=\"color: #cccccc; text-decoration: none;\" title=\"Pedro Saborido\" href=\"https:\/\/soundcloud.com\/fmreflejos-103-7\/pedro-saborido\" target=\"_blank\" rel=\"noopener\">Pedro Saborido<\/a><\/div>\n","protected":false},"excerpt":{"rendered":"<p>El guionista y productor se presentar\u00e1 esta tarde, desde las 20, en el Centro Cultural con entrada libre y gratuita. \u201cSer\u00e1 una charla distendida\u201d asegur\u00f3.<\/p>\n","protected":false},"author":3,"featured_media":0,"comment_status":"closed","ping_status":"closed","sticky":false,"template":"","format":"standard","meta":{"footnotes":""},"categories":[35],"tags":[48],"class_list":["post-84490","post","type-post","status-publish","format-standard","hentry","category-cultura","tag-destacada"],"yoast_head":"<!-- This site is optimized with the Yoast SEO plugin v25.9 - https:\/\/yoast.com\/wordpress\/plugins\/seo\/ -->\n<title>Pedro Saborido: \u201cMuchas cosas para el programa de Capusotto se me han ocurrido yendo a Sierra\u201d - Noticias Radio Reflejos<\/title>\n<meta name=\"robots\" content=\"index, follow, max-snippet:-1, max-image-preview:large, max-video-preview:-1\" \/>\n<link rel=\"canonical\" href=\"https:\/\/www.noticiasradioreflejos.com.ar\/2021\/pedro-saborido-muchas-cosas-para-el-programa-de-capusotto-se-me-han-ocurrido-yendo-a-sierra\/\" \/>\n<meta property=\"og:locale\" content=\"es_ES\" \/>\n<meta property=\"og:type\" content=\"article\" \/>\n<meta property=\"og:title\" content=\"Pedro Saborido: \u201cMuchas cosas para el programa de Capusotto se me han ocurrido yendo a Sierra\u201d - Noticias Radio Reflejos\" \/>\n<meta property=\"og:description\" content=\"El guionista y productor se presentar\u00e1 esta tarde, desde las 20, en el Centro Cultural con entrada libre y gratuita. \u201cSer\u00e1 una charla distendida\u201d asegur\u00f3.\" \/>\n<meta property=\"og:url\" content=\"https:\/\/www.noticiasradioreflejos.com.ar\/2021\/pedro-saborido-muchas-cosas-para-el-programa-de-capusotto-se-me-han-ocurrido-yendo-a-sierra\/\" \/>\n<meta property=\"og:site_name\" content=\"Noticias Radio Reflejos\" \/>\n<meta property=\"article:published_time\" content=\"2023-02-22T15:59:26+00:00\" \/>\n<meta property=\"og:image\" content=\"https:\/\/www.noticiasradioreflejos.com.ar\/2021\/wp-content\/uploads\/2021\/07\/logosol300x200.png\" \/>\n\t<meta property=\"og:image:width\" content=\"300\" \/>\n\t<meta property=\"og:image:height\" content=\"200\" \/>\n\t<meta property=\"og:image:type\" content=\"image\/png\" \/>\n<meta name=\"author\" content=\"Arnaldo Botto\" \/>\n<meta name=\"twitter:card\" content=\"summary_large_image\" \/>\n<script type=\"application\/ld+json\" class=\"yoast-schema-graph\">{\"@context\":\"https:\/\/schema.org\",\"@graph\":[{\"@type\":\"WebPage\",\"@id\":\"https:\/\/www.noticiasradioreflejos.com.ar\/2021\/pedro-saborido-muchas-cosas-para-el-programa-de-capusotto-se-me-han-ocurrido-yendo-a-sierra\/\",\"url\":\"https:\/\/www.noticiasradioreflejos.com.ar\/2021\/pedro-saborido-muchas-cosas-para-el-programa-de-capusotto-se-me-han-ocurrido-yendo-a-sierra\/\",\"name\":\"Pedro Saborido: \u201cMuchas cosas para el programa de Capusotto se me han ocurrido yendo a Sierra\u201d - Noticias Radio Reflejos\",\"isPartOf\":{\"@id\":\"https:\/\/www.noticiasradioreflejos.com.ar\/2021\/#website\"},\"datePublished\":\"2023-02-22T15:59:26+00:00\",\"author\":{\"@id\":\"https:\/\/www.noticiasradioreflejos.com.ar\/2021\/#\/schema\/person\/ad82545263dcc5ec0996818884fd5fb1\"},\"breadcrumb\":{\"@id\":\"https:\/\/www.noticiasradioreflejos.com.ar\/2021\/pedro-saborido-muchas-cosas-para-el-programa-de-capusotto-se-me-han-ocurrido-yendo-a-sierra\/#breadcrumb\"},\"inLanguage\":\"es\",\"potentialAction\":[{\"@type\":\"ReadAction\",\"target\":[\"https:\/\/www.noticiasradioreflejos.com.ar\/2021\/pedro-saborido-muchas-cosas-para-el-programa-de-capusotto-se-me-han-ocurrido-yendo-a-sierra\/\"]}]},{\"@type\":\"BreadcrumbList\",\"@id\":\"https:\/\/www.noticiasradioreflejos.com.ar\/2021\/pedro-saborido-muchas-cosas-para-el-programa-de-capusotto-se-me-han-ocurrido-yendo-a-sierra\/#breadcrumb\",\"itemListElement\":[{\"@type\":\"ListItem\",\"position\":1,\"name\":\"Portada\",\"item\":\"https:\/\/www.noticiasradioreflejos.com.ar\/2021\/\"},{\"@type\":\"ListItem\",\"position\":2,\"name\":\"Pedro Saborido: \u201cMuchas cosas para el programa de Capusotto se me han ocurrido yendo a Sierra\u201d\"}]},{\"@type\":\"WebSite\",\"@id\":\"https:\/\/www.noticiasradioreflejos.com.ar\/2021\/#website\",\"url\":\"https:\/\/www.noticiasradioreflejos.com.ar\/2021\/\",\"name\":\"Noticias Radio Reflejos\",\"description\":\"Las noticias de mi comarca\",\"potentialAction\":[{\"@type\":\"SearchAction\",\"target\":{\"@type\":\"EntryPoint\",\"urlTemplate\":\"https:\/\/www.noticiasradioreflejos.com.ar\/2021\/?s={search_term_string}\"},\"query-input\":{\"@type\":\"PropertyValueSpecification\",\"valueRequired\":true,\"valueName\":\"search_term_string\"}}],\"inLanguage\":\"es\"},{\"@type\":\"Person\",\"@id\":\"https:\/\/www.noticiasradioreflejos.com.ar\/2021\/#\/schema\/person\/ad82545263dcc5ec0996818884fd5fb1\",\"name\":\"Arnaldo Botto\",\"image\":{\"@type\":\"ImageObject\",\"inLanguage\":\"es\",\"@id\":\"https:\/\/www.noticiasradioreflejos.com.ar\/2021\/#\/schema\/person\/image\/\",\"url\":\"https:\/\/secure.gravatar.com\/avatar\/55cb5e37c1efa326397366e6974cb338056df65cb50e7d64d1cf314e87504837?s=96&d=mm&r=g\",\"contentUrl\":\"https:\/\/secure.gravatar.com\/avatar\/55cb5e37c1efa326397366e6974cb338056df65cb50e7d64d1cf314e87504837?s=96&d=mm&r=g\",\"caption\":\"Arnaldo Botto\"},\"url\":\"https:\/\/www.noticiasradioreflejos.com.ar\/2021\/author\/arnaldo\/\"}]}<\/script>\n<!-- \/ Yoast SEO plugin. -->","yoast_head_json":{"title":"Pedro Saborido: \u201cMuchas cosas para el programa de Capusotto se me han ocurrido yendo a Sierra\u201d - Noticias Radio Reflejos","robots":{"index":"index","follow":"follow","max-snippet":"max-snippet:-1","max-image-preview":"max-image-preview:large","max-video-preview":"max-video-preview:-1"},"canonical":"https:\/\/www.noticiasradioreflejos.com.ar\/2021\/pedro-saborido-muchas-cosas-para-el-programa-de-capusotto-se-me-han-ocurrido-yendo-a-sierra\/","og_locale":"es_ES","og_type":"article","og_title":"Pedro Saborido: \u201cMuchas cosas para el programa de Capusotto se me han ocurrido yendo a Sierra\u201d - Noticias Radio Reflejos","og_description":"El guionista y productor se presentar\u00e1 esta tarde, desde las 20, en el Centro Cultural con entrada libre y gratuita. \u201cSer\u00e1 una charla distendida\u201d asegur\u00f3.","og_url":"https:\/\/www.noticiasradioreflejos.com.ar\/2021\/pedro-saborido-muchas-cosas-para-el-programa-de-capusotto-se-me-han-ocurrido-yendo-a-sierra\/","og_site_name":"Noticias Radio Reflejos","article_published_time":"2023-02-22T15:59:26+00:00","og_image":[{"width":300,"height":200,"url":"https:\/\/www.noticiasradioreflejos.com.ar\/2021\/wp-content\/uploads\/2021\/07\/logosol300x200.png","type":"image\/png"}],"author":"Arnaldo Botto","twitter_card":"summary_large_image","schema":{"@context":"https:\/\/schema.org","@graph":[{"@type":"WebPage","@id":"https:\/\/www.noticiasradioreflejos.com.ar\/2021\/pedro-saborido-muchas-cosas-para-el-programa-de-capusotto-se-me-han-ocurrido-yendo-a-sierra\/","url":"https:\/\/www.noticiasradioreflejos.com.ar\/2021\/pedro-saborido-muchas-cosas-para-el-programa-de-capusotto-se-me-han-ocurrido-yendo-a-sierra\/","name":"Pedro Saborido: \u201cMuchas cosas para el programa de Capusotto se me han ocurrido yendo a Sierra\u201d - Noticias Radio Reflejos","isPartOf":{"@id":"https:\/\/www.noticiasradioreflejos.com.ar\/2021\/#website"},"datePublished":"2023-02-22T15:59:26+00:00","author":{"@id":"https:\/\/www.noticiasradioreflejos.com.ar\/2021\/#\/schema\/person\/ad82545263dcc5ec0996818884fd5fb1"},"breadcrumb":{"@id":"https:\/\/www.noticiasradioreflejos.com.ar\/2021\/pedro-saborido-muchas-cosas-para-el-programa-de-capusotto-se-me-han-ocurrido-yendo-a-sierra\/#breadcrumb"},"inLanguage":"es","potentialAction":[{"@type":"ReadAction","target":["https:\/\/www.noticiasradioreflejos.com.ar\/2021\/pedro-saborido-muchas-cosas-para-el-programa-de-capusotto-se-me-han-ocurrido-yendo-a-sierra\/"]}]},{"@type":"BreadcrumbList","@id":"https:\/\/www.noticiasradioreflejos.com.ar\/2021\/pedro-saborido-muchas-cosas-para-el-programa-de-capusotto-se-me-han-ocurrido-yendo-a-sierra\/#breadcrumb","itemListElement":[{"@type":"ListItem","position":1,"name":"Portada","item":"https:\/\/www.noticiasradioreflejos.com.ar\/2021\/"},{"@type":"ListItem","position":2,"name":"Pedro Saborido: \u201cMuchas cosas para el programa de Capusotto se me han ocurrido yendo a Sierra\u201d"}]},{"@type":"WebSite","@id":"https:\/\/www.noticiasradioreflejos.com.ar\/2021\/#website","url":"https:\/\/www.noticiasradioreflejos.com.ar\/2021\/","name":"Noticias Radio Reflejos","description":"Las noticias de mi comarca","potentialAction":[{"@type":"SearchAction","target":{"@type":"EntryPoint","urlTemplate":"https:\/\/www.noticiasradioreflejos.com.ar\/2021\/?s={search_term_string}"},"query-input":{"@type":"PropertyValueSpecification","valueRequired":true,"valueName":"search_term_string"}}],"inLanguage":"es"},{"@type":"Person","@id":"https:\/\/www.noticiasradioreflejos.com.ar\/2021\/#\/schema\/person\/ad82545263dcc5ec0996818884fd5fb1","name":"Arnaldo Botto","image":{"@type":"ImageObject","inLanguage":"es","@id":"https:\/\/www.noticiasradioreflejos.com.ar\/2021\/#\/schema\/person\/image\/","url":"https:\/\/secure.gravatar.com\/avatar\/55cb5e37c1efa326397366e6974cb338056df65cb50e7d64d1cf314e87504837?s=96&d=mm&r=g","contentUrl":"https:\/\/secure.gravatar.com\/avatar\/55cb5e37c1efa326397366e6974cb338056df65cb50e7d64d1cf314e87504837?s=96&d=mm&r=g","caption":"Arnaldo Botto"},"url":"https:\/\/www.noticiasradioreflejos.com.ar\/2021\/author\/arnaldo\/"}]}},"_links":{"self":[{"href":"https:\/\/www.noticiasradioreflejos.com.ar\/2021\/wp-json\/wp\/v2\/posts\/84490","targetHints":{"allow":["GET"]}}],"collection":[{"href":"https:\/\/www.noticiasradioreflejos.com.ar\/2021\/wp-json\/wp\/v2\/posts"}],"about":[{"href":"https:\/\/www.noticiasradioreflejos.com.ar\/2021\/wp-json\/wp\/v2\/types\/post"}],"author":[{"embeddable":true,"href":"https:\/\/www.noticiasradioreflejos.com.ar\/2021\/wp-json\/wp\/v2\/users\/3"}],"replies":[{"embeddable":true,"href":"https:\/\/www.noticiasradioreflejos.com.ar\/2021\/wp-json\/wp\/v2\/comments?post=84490"}],"version-history":[{"count":2,"href":"https:\/\/www.noticiasradioreflejos.com.ar\/2021\/wp-json\/wp\/v2\/posts\/84490\/revisions"}],"predecessor-version":[{"id":84507,"href":"https:\/\/www.noticiasradioreflejos.com.ar\/2021\/wp-json\/wp\/v2\/posts\/84490\/revisions\/84507"}],"wp:attachment":[{"href":"https:\/\/www.noticiasradioreflejos.com.ar\/2021\/wp-json\/wp\/v2\/media?parent=84490"}],"wp:term":[{"taxonomy":"category","embeddable":true,"href":"https:\/\/www.noticiasradioreflejos.com.ar\/2021\/wp-json\/wp\/v2\/categories?post=84490"},{"taxonomy":"post_tag","embeddable":true,"href":"https:\/\/www.noticiasradioreflejos.com.ar\/2021\/wp-json\/wp\/v2\/tags?post=84490"}],"curies":[{"name":"wp","href":"https:\/\/api.w.org\/{rel}","templated":true}]}}