{"id":84482,"date":"2023-02-22T13:06:11","date_gmt":"2023-02-22T13:06:11","guid":{"rendered":"https:\/\/www.noticiasradioreflejos.com.ar\/2021\/?p=84482"},"modified":"2023-02-22T13:06:11","modified_gmt":"2023-02-22T13:06:11","slug":"la-asociacion-bancaria-realizara-manana-paro-nacional-de-24-horas-en-reclamo-de-aumento-de-salarios","status":"publish","type":"post","link":"https:\/\/www.noticiasradioreflejos.com.ar\/2021\/la-asociacion-bancaria-realizara-manana-paro-nacional-de-24-horas-en-reclamo-de-aumento-de-salarios\/","title":{"rendered":"La Asociaci\u00f3n Bancaria realizar\u00e1 ma\u00f1ana paro nacional de 24 horas en reclamo de aumento de salarios."},"content":{"rendered":"<p>Los trabajadores nucleados en la Asociaci\u00f3n Bancaria (AB) realizar\u00e1n ma\u00f1ana un paro de actividades por 24 horas a nivel nacional, en reclamo de aumento de salarios y para que \u00abel sector empresario se haga cargo de parte del Impuesto a las Ganancias que hoy pagan los trabajadores\u00bb del sector, informaron voceros gremiales.<!--more--><\/p>\n<p>Esta ma\u00f1ana, a trav\u00e9s de sus redes sociales, la AB ratific\u00f3 la medida de fuerza, y explic\u00f3 los motivos de la huelga y la modalidad de la misma en todas las provincias del pa\u00eds.<\/p>\n<p>\u00abPor una recomposici\u00f3n salarial digna, por una soluci\u00f3n al absurdo impuesto a las ganancias, por nuestros derechos, este jueves las trabajadoras y trabajadores bancarios paramos!!!\u00bb, remarcaron desde la organizaci\u00f3n gremial bancaria.<\/p>\n<p>En ese marco, explicaron adem\u00e1s que el paro de ma\u00f1ana se desarrollar\u00e1 \u00aben todas sus modalidades, presencial y teletrabajadores, con desconexi\u00f3n y sin operar, m\u00e1s unidos que nunca para hacer sentir nuestro justo reclamo\u00bb.<\/p>\n<p>Aclararon por \u00faltimo que cada secci\u00f3n de la AB \u00abadoptar\u00e1 la particularidad que considere conveniente, con o sin movilizaci\u00f3n\u00bb para la jornada de ma\u00f1ana.<\/p>\n<p>El pasado jueves, fue el propio Sergio Palazzo -secretario general de la Asociaci\u00f3n Bancaria- quien anunci\u00f3 el paro previsto para ma\u00f1ana, luego de que fracasara la reuni\u00f3n paritaria con las entidades bancarias en dependencias del Ministerio de Trabajo.<\/p>\n<p>\u00abNo se logr\u00f3 un acuerdo. Hemos planteado, m\u00e1s all\u00e1 de los porcentajes y revisar las paritarias del 2022, que el sector empresario se haga cargo de parte del impuesto a las Ganancias que hoy pagan los trabajadores. La respuesta ha sido negativa\u00bb, afirm\u00f3 Palazzo desde la puerta de las dependencias del Ministerio de Trabajo, ubicadas en Callao 114 de la Ciudad de Buenos Aires, donde brind\u00f3 declaraciones a la prensa.<\/p>\n<p>En ese marco, Palazzo advirti\u00f3 que si el sector empresario \u00abno hace caso al reclamo de los trabajadores, el gremio se reunir\u00e1 para intensificar las medidas\u00bb de fuerza.<\/p>\n<p>\u00abEstamos reclamando una compensaci\u00f3n. Mientras no haya, no habr\u00e1 paritaria posible que podamos acordar\u00bb, remarc\u00f3 Palazzo.<\/p>\n<p>La semana pasada tambi\u00e9n, las principales c\u00e1maras patronales dieron detalles de la oferta presentada durante la frustrada reuni\u00f3n paritaria.<\/p>\n<p>\u00abCalculado sobre diciembre 2022: 11,5% desde enero 2023, 9 % desde marzo 2023, 9 % desde mayo 2023, revisi\u00f3n a fines de mayo 2023. Esto llevar\u00eda el b\u00e1sico inicial a $258.184 en enero de 2023\u00bb, indicaron las entidades a trav\u00e9s de un comunicado.<\/p>\n<p>Entre las firmantes del texto se encuentra la Asociaci\u00f3n de Bancos de la Argentina (ABA), la Asociaci\u00f3n de Bancos P\u00fablicos y Privados de la Argentina (ABAPPRA), la Asociaci\u00f3n de la Banca Especializada (ABE), y la Asociaci\u00f3n de Bancos Argentinos (ADEBA).<\/p>\n<p>A su vez, estas c\u00e1maras informaron que fue ofrecido un \u00ab0,7% para los sueldos de diciembre 2021, de manera que la evoluci\u00f3n de los salarios iguale a la evoluci\u00f3n de precios del a\u00f1o 2022\u00bb.<\/p>\n<p>\u00abCabe mencionar que estos aumentos tambi\u00e9n impactar\u00e1n el bono del \u00abD\u00eda del Bancario\u00bb que se paga en noviembre y que en 2022 fue de 185.000 para categor\u00edas iniciales, llegando a $260.000 para las categor\u00edas m\u00e1s altas\u00bb, detallaron los empresarios del sector.<\/p>\n","protected":false},"excerpt":{"rendered":"<p>Los trabajadores nucleados en la Asociaci\u00f3n Bancaria (AB) realizar\u00e1n ma\u00f1ana un paro de actividades por 24 horas a nivel nacional, en reclamo de aumento de salarios y para que \u00abel sector empresario se haga cargo de parte del Impuesto a las Ganancias que hoy pagan los trabajadores\u00bb del sector, informaron voceros gremiales.<\/p>\n","protected":false},"author":3,"featured_media":0,"comment_status":"closed","ping_status":"closed","sticky":false,"template":"","format":"standard","meta":{"footnotes":""},"categories":[24],"tags":[],"class_list":["post-84482","post","type-post","status-publish","format-standard","hentry","category-politica"],"yoast_head":"<!-- This site is optimized with the Yoast SEO plugin v25.9 - https:\/\/yoast.com\/wordpress\/plugins\/seo\/ -->\n<title>La Asociaci\u00f3n Bancaria realizar\u00e1 ma\u00f1ana paro nacional de 24 horas en reclamo de aumento de salarios. - Noticias Radio Reflejos<\/title>\n<meta name=\"robots\" content=\"index, follow, max-snippet:-1, max-image-preview:large, max-video-preview:-1\" \/>\n<link rel=\"canonical\" href=\"https:\/\/www.noticiasradioreflejos.com.ar\/2021\/la-asociacion-bancaria-realizara-manana-paro-nacional-de-24-horas-en-reclamo-de-aumento-de-salarios\/\" \/>\n<meta property=\"og:locale\" content=\"es_ES\" \/>\n<meta property=\"og:type\" content=\"article\" \/>\n<meta property=\"og:title\" content=\"La Asociaci\u00f3n Bancaria realizar\u00e1 ma\u00f1ana paro nacional de 24 horas en reclamo de aumento de salarios. - Noticias Radio Reflejos\" \/>\n<meta property=\"og:description\" content=\"Los trabajadores nucleados en la Asociaci\u00f3n Bancaria (AB) realizar\u00e1n ma\u00f1ana un paro de actividades por 24 horas a nivel nacional, en reclamo de aumento de salarios y para que \u00abel sector empresario se haga cargo de parte del Impuesto a las Ganancias que hoy pagan los trabajadores\u00bb del sector, informaron voceros gremiales.\" \/>\n<meta property=\"og:url\" content=\"https:\/\/www.noticiasradioreflejos.com.ar\/2021\/la-asociacion-bancaria-realizara-manana-paro-nacional-de-24-horas-en-reclamo-de-aumento-de-salarios\/\" \/>\n<meta property=\"og:site_name\" content=\"Noticias Radio Reflejos\" \/>\n<meta property=\"article:published_time\" content=\"2023-02-22T13:06:11+00:00\" \/>\n<meta property=\"og:image\" content=\"https:\/\/www.noticiasradioreflejos.com.ar\/2021\/wp-content\/uploads\/2023\/02\/Paro-bancario.jpg\" \/>\n\t<meta property=\"og:image:width\" content=\"1140\" \/>\n\t<meta property=\"og:image:height\" content=\"758\" \/>\n\t<meta property=\"og:image:type\" content=\"image\/jpeg\" \/>\n<meta name=\"author\" content=\"Arnaldo Botto\" \/>\n<meta name=\"twitter:card\" content=\"summary_large_image\" \/>\n<script type=\"application\/ld+json\" class=\"yoast-schema-graph\">{\"@context\":\"https:\/\/schema.org\",\"@graph\":[{\"@type\":\"WebPage\",\"@id\":\"https:\/\/www.noticiasradioreflejos.com.ar\/2021\/la-asociacion-bancaria-realizara-manana-paro-nacional-de-24-horas-en-reclamo-de-aumento-de-salarios\/\",\"url\":\"https:\/\/www.noticiasradioreflejos.com.ar\/2021\/la-asociacion-bancaria-realizara-manana-paro-nacional-de-24-horas-en-reclamo-de-aumento-de-salarios\/\",\"name\":\"La Asociaci\u00f3n Bancaria realizar\u00e1 ma\u00f1ana paro nacional de 24 horas en reclamo de aumento de salarios. - Noticias Radio Reflejos\",\"isPartOf\":{\"@id\":\"https:\/\/www.noticiasradioreflejos.com.ar\/2021\/#website\"},\"datePublished\":\"2023-02-22T13:06:11+00:00\",\"author\":{\"@id\":\"https:\/\/www.noticiasradioreflejos.com.ar\/2021\/#\/schema\/person\/ad82545263dcc5ec0996818884fd5fb1\"},\"breadcrumb\":{\"@id\":\"https:\/\/www.noticiasradioreflejos.com.ar\/2021\/la-asociacion-bancaria-realizara-manana-paro-nacional-de-24-horas-en-reclamo-de-aumento-de-salarios\/#breadcrumb\"},\"inLanguage\":\"es\",\"potentialAction\":[{\"@type\":\"ReadAction\",\"target\":[\"https:\/\/www.noticiasradioreflejos.com.ar\/2021\/la-asociacion-bancaria-realizara-manana-paro-nacional-de-24-horas-en-reclamo-de-aumento-de-salarios\/\"]}]},{\"@type\":\"BreadcrumbList\",\"@id\":\"https:\/\/www.noticiasradioreflejos.com.ar\/2021\/la-asociacion-bancaria-realizara-manana-paro-nacional-de-24-horas-en-reclamo-de-aumento-de-salarios\/#breadcrumb\",\"itemListElement\":[{\"@type\":\"ListItem\",\"position\":1,\"name\":\"Portada\",\"item\":\"https:\/\/www.noticiasradioreflejos.com.ar\/2021\/\"},{\"@type\":\"ListItem\",\"position\":2,\"name\":\"La Asociaci\u00f3n Bancaria realizar\u00e1 ma\u00f1ana paro nacional de 24 horas en reclamo de aumento de salarios.\"}]},{\"@type\":\"WebSite\",\"@id\":\"https:\/\/www.noticiasradioreflejos.com.ar\/2021\/#website\",\"url\":\"https:\/\/www.noticiasradioreflejos.com.ar\/2021\/\",\"name\":\"Noticias Radio Reflejos\",\"description\":\"Las noticias de mi comarca\",\"potentialAction\":[{\"@type\":\"SearchAction\",\"target\":{\"@type\":\"EntryPoint\",\"urlTemplate\":\"https:\/\/www.noticiasradioreflejos.com.ar\/2021\/?s={search_term_string}\"},\"query-input\":{\"@type\":\"PropertyValueSpecification\",\"valueRequired\":true,\"valueName\":\"search_term_string\"}}],\"inLanguage\":\"es\"},{\"@type\":\"Person\",\"@id\":\"https:\/\/www.noticiasradioreflejos.com.ar\/2021\/#\/schema\/person\/ad82545263dcc5ec0996818884fd5fb1\",\"name\":\"Arnaldo Botto\",\"image\":{\"@type\":\"ImageObject\",\"inLanguage\":\"es\",\"@id\":\"https:\/\/www.noticiasradioreflejos.com.ar\/2021\/#\/schema\/person\/image\/\",\"url\":\"https:\/\/secure.gravatar.com\/avatar\/55cb5e37c1efa326397366e6974cb338056df65cb50e7d64d1cf314e87504837?s=96&d=mm&r=g\",\"contentUrl\":\"https:\/\/secure.gravatar.com\/avatar\/55cb5e37c1efa326397366e6974cb338056df65cb50e7d64d1cf314e87504837?s=96&d=mm&r=g\",\"caption\":\"Arnaldo Botto\"},\"url\":\"https:\/\/www.noticiasradioreflejos.com.ar\/2021\/author\/arnaldo\/\"}]}<\/script>\n<!-- \/ Yoast SEO plugin. -->","yoast_head_json":{"title":"La Asociaci\u00f3n Bancaria realizar\u00e1 ma\u00f1ana paro nacional de 24 horas en reclamo de aumento de salarios. - Noticias Radio Reflejos","robots":{"index":"index","follow":"follow","max-snippet":"max-snippet:-1","max-image-preview":"max-image-preview:large","max-video-preview":"max-video-preview:-1"},"canonical":"https:\/\/www.noticiasradioreflejos.com.ar\/2021\/la-asociacion-bancaria-realizara-manana-paro-nacional-de-24-horas-en-reclamo-de-aumento-de-salarios\/","og_locale":"es_ES","og_type":"article","og_title":"La Asociaci\u00f3n Bancaria realizar\u00e1 ma\u00f1ana paro nacional de 24 horas en reclamo de aumento de salarios. - Noticias Radio Reflejos","og_description":"Los trabajadores nucleados en la Asociaci\u00f3n Bancaria (AB) realizar\u00e1n ma\u00f1ana un paro de actividades por 24 horas a nivel nacional, en reclamo de aumento de salarios y para que \u00abel sector empresario se haga cargo de parte del Impuesto a las Ganancias que hoy pagan los trabajadores\u00bb del sector, informaron voceros gremiales.","og_url":"https:\/\/www.noticiasradioreflejos.com.ar\/2021\/la-asociacion-bancaria-realizara-manana-paro-nacional-de-24-horas-en-reclamo-de-aumento-de-salarios\/","og_site_name":"Noticias Radio Reflejos","article_published_time":"2023-02-22T13:06:11+00:00","og_image":[{"width":1140,"height":758,"url":"https:\/\/www.noticiasradioreflejos.com.ar\/2021\/wp-content\/uploads\/2023\/02\/Paro-bancario.jpg","type":"image\/jpeg"}],"author":"Arnaldo Botto","twitter_card":"summary_large_image","schema":{"@context":"https:\/\/schema.org","@graph":[{"@type":"WebPage","@id":"https:\/\/www.noticiasradioreflejos.com.ar\/2021\/la-asociacion-bancaria-realizara-manana-paro-nacional-de-24-horas-en-reclamo-de-aumento-de-salarios\/","url":"https:\/\/www.noticiasradioreflejos.com.ar\/2021\/la-asociacion-bancaria-realizara-manana-paro-nacional-de-24-horas-en-reclamo-de-aumento-de-salarios\/","name":"La Asociaci\u00f3n Bancaria realizar\u00e1 ma\u00f1ana paro nacional de 24 horas en reclamo de aumento de salarios. - Noticias Radio Reflejos","isPartOf":{"@id":"https:\/\/www.noticiasradioreflejos.com.ar\/2021\/#website"},"datePublished":"2023-02-22T13:06:11+00:00","author":{"@id":"https:\/\/www.noticiasradioreflejos.com.ar\/2021\/#\/schema\/person\/ad82545263dcc5ec0996818884fd5fb1"},"breadcrumb":{"@id":"https:\/\/www.noticiasradioreflejos.com.ar\/2021\/la-asociacion-bancaria-realizara-manana-paro-nacional-de-24-horas-en-reclamo-de-aumento-de-salarios\/#breadcrumb"},"inLanguage":"es","potentialAction":[{"@type":"ReadAction","target":["https:\/\/www.noticiasradioreflejos.com.ar\/2021\/la-asociacion-bancaria-realizara-manana-paro-nacional-de-24-horas-en-reclamo-de-aumento-de-salarios\/"]}]},{"@type":"BreadcrumbList","@id":"https:\/\/www.noticiasradioreflejos.com.ar\/2021\/la-asociacion-bancaria-realizara-manana-paro-nacional-de-24-horas-en-reclamo-de-aumento-de-salarios\/#breadcrumb","itemListElement":[{"@type":"ListItem","position":1,"name":"Portada","item":"https:\/\/www.noticiasradioreflejos.com.ar\/2021\/"},{"@type":"ListItem","position":2,"name":"La Asociaci\u00f3n Bancaria realizar\u00e1 ma\u00f1ana paro nacional de 24 horas en reclamo de aumento de salarios."}]},{"@type":"WebSite","@id":"https:\/\/www.noticiasradioreflejos.com.ar\/2021\/#website","url":"https:\/\/www.noticiasradioreflejos.com.ar\/2021\/","name":"Noticias Radio Reflejos","description":"Las noticias de mi comarca","potentialAction":[{"@type":"SearchAction","target":{"@type":"EntryPoint","urlTemplate":"https:\/\/www.noticiasradioreflejos.com.ar\/2021\/?s={search_term_string}"},"query-input":{"@type":"PropertyValueSpecification","valueRequired":true,"valueName":"search_term_string"}}],"inLanguage":"es"},{"@type":"Person","@id":"https:\/\/www.noticiasradioreflejos.com.ar\/2021\/#\/schema\/person\/ad82545263dcc5ec0996818884fd5fb1","name":"Arnaldo Botto","image":{"@type":"ImageObject","inLanguage":"es","@id":"https:\/\/www.noticiasradioreflejos.com.ar\/2021\/#\/schema\/person\/image\/","url":"https:\/\/secure.gravatar.com\/avatar\/55cb5e37c1efa326397366e6974cb338056df65cb50e7d64d1cf314e87504837?s=96&d=mm&r=g","contentUrl":"https:\/\/secure.gravatar.com\/avatar\/55cb5e37c1efa326397366e6974cb338056df65cb50e7d64d1cf314e87504837?s=96&d=mm&r=g","caption":"Arnaldo Botto"},"url":"https:\/\/www.noticiasradioreflejos.com.ar\/2021\/author\/arnaldo\/"}]}},"_links":{"self":[{"href":"https:\/\/www.noticiasradioreflejos.com.ar\/2021\/wp-json\/wp\/v2\/posts\/84482","targetHints":{"allow":["GET"]}}],"collection":[{"href":"https:\/\/www.noticiasradioreflejos.com.ar\/2021\/wp-json\/wp\/v2\/posts"}],"about":[{"href":"https:\/\/www.noticiasradioreflejos.com.ar\/2021\/wp-json\/wp\/v2\/types\/post"}],"author":[{"embeddable":true,"href":"https:\/\/www.noticiasradioreflejos.com.ar\/2021\/wp-json\/wp\/v2\/users\/3"}],"replies":[{"embeddable":true,"href":"https:\/\/www.noticiasradioreflejos.com.ar\/2021\/wp-json\/wp\/v2\/comments?post=84482"}],"version-history":[{"count":1,"href":"https:\/\/www.noticiasradioreflejos.com.ar\/2021\/wp-json\/wp\/v2\/posts\/84482\/revisions"}],"predecessor-version":[{"id":84483,"href":"https:\/\/www.noticiasradioreflejos.com.ar\/2021\/wp-json\/wp\/v2\/posts\/84482\/revisions\/84483"}],"wp:attachment":[{"href":"https:\/\/www.noticiasradioreflejos.com.ar\/2021\/wp-json\/wp\/v2\/media?parent=84482"}],"wp:term":[{"taxonomy":"category","embeddable":true,"href":"https:\/\/www.noticiasradioreflejos.com.ar\/2021\/wp-json\/wp\/v2\/categories?post=84482"},{"taxonomy":"post_tag","embeddable":true,"href":"https:\/\/www.noticiasradioreflejos.com.ar\/2021\/wp-json\/wp\/v2\/tags?post=84482"}],"curies":[{"name":"wp","href":"https:\/\/api.w.org\/{rel}","templated":true}]}}